{"id":11564,"date":"2023-04-14T19:38:56","date_gmt":"2023-04-14T17:38:56","guid":{"rendered":"https:\/\/www.ladiagonale.net\/?p=11564"},"modified":"2023-04-16T14:41:59","modified_gmt":"2023-04-16T12:41:59","slug":"olmeta-ne-devrait-pas-signer-son-contrat-pro-avec-monaco","status":"publish","type":"post","link":"https:\/\/www.ladiagonale.net\/index.php\/2023\/04\/14\/olmeta-ne-devrait-pas-signer-son-contrat-pro-avec-monaco\/","title":{"rendered":"Olmeta ne devrait pas signer son contrat pro avec Monaco"},"content":{"rendered":"\n\n\n<p>Consid\u00e9r\u00e9 comme un des gardiens talentueux pour l&rsquo;avenir, le champion d\u2019Europe U17, Lisandru Olmeta, ne devrait finalement pas signer son premier contrat professionnel avec l&rsquo;AS Monaco. Selon <em>Nice-Matin<\/em>, le fils de Pascal Olmeta, qui arrive en fin de contrat aspirant au mois de juin, aurait rejet\u00e9 la proposition formul\u00e9e par le club de la Principaut\u00e9. Le jeune portier de 17 ans avait notamment <a href=\"https:\/\/www.ladiagonale.net\/index.php\/2023\/01\/12\/olmeta-courtise-hesite-a-signer-son-contrat-pro\/\">\u00e9mis des doutes sur les contours du projet sportif as\u00e9miste qu&rsquo;il jugeait flou.<\/a><\/p>\n\n\n\n<p>Face \u00e0 l&rsquo;int\u00e9r\u00eat de plusieurs clubs comme Manchester City, Rennes et Lille, le club avait d\u00fb revoir son offre \u00e0 la hausse avec une proposition financi\u00e8re qualifi\u00e9e d&rsquo;avantageuse par le quotidien azur\u00e9en et avec des promesses pour son \u00e9volution. Mais cela n&rsquo;a semble-t-il pas suffi pour convaincre le gardien corse.<\/p>\n\n\n\n<figure class=\"wp-block-embed is-type-rich is-provider-twitter wp-block-embed-twitter\"><div class=\"wp-block-embed__wrapper\">\n<blockquote class=\"twitter-tweet\" data-width=\"550\" data-dnt=\"true\"><p lang=\"fr\" dir=\"ltr\">Info <a href=\"https:\/\/twitter.com\/Nice_Matin?ref_src=twsrc%5Etfw\">@Nice_Matin<\/a>. Lisandru Olmeta va quitter l\u2019AS Monaco. Il a pris la d\u00e9cision de ne pas signer son premier contrat professionnel sur le Rocher. <a href=\"https:\/\/twitter.com\/hashtag\/ASMonaco?src=hash&amp;ref_src=twsrc%5Etfw\">#ASMonaco<\/a><\/p>&mdash; Leandra Iacono (@LeandraIacono) <a href=\"https:\/\/twitter.com\/LeandraIacono\/status\/1646898489668845571?ref_src=twsrc%5Etfw\">April 14, 2023<\/a><\/blockquote><script async src=\"https:\/\/platform.twitter.com\/widgets.js\" charset=\"utf-8\"><\/script>\n<\/div><\/figure>\n\n\n\n<p>Arriv\u00e9 en Principaut\u00e9 \u00e0 l&rsquo;\u00e9t\u00e9 2020, Olmeta \u00e9voluait avec les U17 et les U19 la saison pass\u00e9e et est mont\u00e9 d&rsquo;une cat\u00e9gorie cette ann\u00e9e en \u00e9tant r\u00e9guli\u00e8rement sollicit\u00e9 par Damien Perrinelle au sein du Groupe \u00c9lite. Il a \u00e9galement \u00e9t\u00e9 appel\u00e9 \u00e0 plusieurs reprises par Philippe Clement pour s&rsquo;entra\u00eener avec le groupe professionnel durant la saison. Depuis le mois de f\u00e9vrier, il \u00e9tait sur le flanc en raison d&rsquo;une fracture du scapho\u00efde gauche.  <\/p>\n","protected":false},"excerpt":{"rendered":"<p>Consid\u00e9r\u00e9 comme un des gardiens talentueux pour l&rsquo;avenir, le champion d\u2019Europe U17, Lisandru Olmeta, ne devrait finalement pas signer son premier contrat professionnel avec l&rsquo;AS Monaco. Selon Nice-Matin, le fils de Pascal Olmeta, qui arrive en fin de contrat aspirant au mois de juin, aurait rejet\u00e9 la proposition formul\u00e9e par le club de la Principaut\u00e9. [&#8230;]\n","protected":false},"author":2,"featured_media":0,"comment_status":"open","ping_status":"open","sticky":false,"template":"","format":"standard","meta":[],"categories":[4,6],"tags":[76,86,264],"yoast_head":"<!-- This site is optimized with the Yoast SEO plugin v19.8 - https:\/\/yoast.com\/wordpress\/plugins\/seo\/ -->\n<title>Olmeta ne devrait pas signer son contrat pro avec Monaco - La Diagonale<\/title>\n<meta name=\"robots\" content=\"index, follow, max-snippet:-1, max-image-preview:large, max-video-preview:-1\" \/>\n<link rel=\"canonical\" href=\"https:\/\/www.ladiagonale.net\/index.php\/2023\/04\/14\/olmeta-ne-devrait-pas-signer-son-contrat-pro-avec-monaco\/\" \/>\n<meta property=\"og:locale\" content=\"fr_FR\" \/>\n<meta property=\"og:type\" content=\"article\" \/>\n<meta property=\"og:title\" content=\"Olmeta ne devrait pas signer son contrat pro avec Monaco - La Diagonale\" \/>\n<meta property=\"og:description\" content=\"Consid\u00e9r\u00e9 comme un des gardiens talentueux pour l&rsquo;avenir, le champion d\u2019Europe U17, Lisandru Olmeta, ne devrait finalement pas signer son premier contrat professionnel avec l&rsquo;AS Monaco. Selon Nice-Matin, le fils de Pascal Olmeta, qui arrive en fin de contrat aspirant au mois de juin, aurait rejet\u00e9 la proposition formul\u00e9e par le club de la Principaut\u00e9. [...]\" \/>\n<meta property=\"og:url\" content=\"https:\/\/www.ladiagonale.net\/index.php\/2023\/04\/14\/olmeta-ne-devrait-pas-signer-son-contrat-pro-avec-monaco\/\" \/>\n<meta property=\"og:site_name\" content=\"La Diagonale\" \/>\n<meta property=\"article:published_time\" content=\"2023-04-14T17:38:56+00:00\" \/>\n<meta property=\"article:modified_time\" content=\"2023-04-16T12:41:59+00:00\" \/>\n<meta property=\"og:image\" content=\"https:\/\/www.ladiagonale.net\/wp-content\/uploads\/2023\/01\/olmeta2.png\" \/>\n\t<meta property=\"og:image:width\" content=\"1160\" \/>\n\t<meta property=\"og:image:height\" content=\"650\" \/>\n\t<meta property=\"og:image:type\" content=\"image\/png\" \/>\n<meta name=\"author\" content=\"Damien Dellerba\" \/>\n<meta name=\"twitter:card\" content=\"summary_large_image\" \/>\n<meta name=\"twitter:image\" content=\"https:\/\/www.ladiagonale.net\/wp-content\/uploads\/2023\/01\/olmeta2.png\" \/>\n<meta name=\"twitter:label1\" content=\"\u00c9crit par\" \/>\n\t<meta name=\"twitter:data1\" content=\"Damien Dellerba\" \/>\n\t<meta name=\"twitter:label2\" content=\"Dur\u00e9e de lecture estim\u00e9e\" \/>\n\t<meta name=\"twitter:data2\" content=\"2 minutes\" \/>\n<script type=\"application\/ld+json\" class=\"yoast-schema-graph\">{\"@context\":\"https:\/\/schema.org\",\"@graph\":[{\"@type\":\"WebPage\",\"@id\":\"https:\/\/www.ladiagonale.net\/index.php\/2023\/04\/14\/olmeta-ne-devrait-pas-signer-son-contrat-pro-avec-monaco\/\",\"url\":\"https:\/\/www.ladiagonale.net\/index.php\/2023\/04\/14\/olmeta-ne-devrait-pas-signer-son-contrat-pro-avec-monaco\/\",\"name\":\"Olmeta ne devrait pas signer son contrat pro avec Monaco - La Diagonale\",\"isPartOf\":{\"@id\":\"https:\/\/www.ladiagonale.net\/#website\"},\"datePublished\":\"2023-04-14T17:38:56+00:00\",\"dateModified\":\"2023-04-16T12:41:59+00:00\",\"author\":{\"@id\":\"https:\/\/www.ladiagonale.net\/#\/schema\/person\/79ff1e7b0853ed01b2aa26e64ad300bf\"},\"breadcrumb\":{\"@id\":\"https:\/\/www.ladiagonale.net\/index.php\/2023\/04\/14\/olmeta-ne-devrait-pas-signer-son-contrat-pro-avec-monaco\/#breadcrumb\"},\"inLanguage\":\"fr-FR\",\"potentialAction\":[{\"@type\":\"ReadAction\",\"target\":[\"https:\/\/www.ladiagonale.net\/index.php\/2023\/04\/14\/olmeta-ne-devrait-pas-signer-son-contrat-pro-avec-monaco\/\"]}]},{\"@type\":\"BreadcrumbList\",\"@id\":\"https:\/\/www.ladiagonale.net\/index.php\/2023\/04\/14\/olmeta-ne-devrait-pas-signer-son-contrat-pro-avec-monaco\/#breadcrumb\",\"itemListElement\":[{\"@type\":\"ListItem\",\"position\":1,\"name\":\"Accueil\",\"item\":\"https:\/\/www.ladiagonale.net\/\"},{\"@type\":\"ListItem\",\"position\":2,\"name\":\"Olmeta ne devrait pas signer son contrat pro avec Monaco\"}]},{\"@type\":\"WebSite\",\"@id\":\"https:\/\/www.ladiagonale.net\/#website\",\"url\":\"https:\/\/www.ladiagonale.net\/\",\"name\":\"La Diagonale\",\"description\":\"Le site des supporters de l&#039;AS Monaco FC\",\"potentialAction\":[{\"@type\":\"SearchAction\",\"target\":{\"@type\":\"EntryPoint\",\"urlTemplate\":\"https:\/\/www.ladiagonale.net\/?s={search_term_string}\"},\"query-input\":\"required name=search_term_string\"}],\"inLanguage\":\"fr-FR\"},{\"@type\":\"Person\",\"@id\":\"https:\/\/www.ladiagonale.net\/#\/schema\/person\/79ff1e7b0853ed01b2aa26e64ad300bf\",\"name\":\"Damien Dellerba\",\"image\":{\"@type\":\"ImageObject\",\"inLanguage\":\"fr-FR\",\"@id\":\"https:\/\/www.ladiagonale.net\/#\/schema\/person\/image\/\",\"url\":\"https:\/\/secure.gravatar.com\/avatar\/c7850e06d3ff63cdbaee88b7fc16e2f0?s=96&d=mm&r=g\",\"contentUrl\":\"https:\/\/secure.gravatar.com\/avatar\/c7850e06d3ff63cdbaee88b7fc16e2f0?s=96&d=mm&r=g\",\"caption\":\"Damien Dellerba\"},\"url\":\"https:\/\/www.ladiagonale.net\/index.php\/author\/damien\/\"}]}<\/script>\n<!-- \/ Yoast SEO plugin. -->","yoast_head_json":{"title":"Olmeta ne devrait pas signer son contrat pro avec Monaco - La Diagonale","robots":{"index":"index","follow":"follow","max-snippet":"max-snippet:-1","max-image-preview":"max-image-preview:large","max-video-preview":"max-video-preview:-1"},"canonical":"https:\/\/www.ladiagonale.net\/index.php\/2023\/04\/14\/olmeta-ne-devrait-pas-signer-son-contrat-pro-avec-monaco\/","og_locale":"fr_FR","og_type":"article","og_title":"Olmeta ne devrait pas signer son contrat pro avec Monaco - La Diagonale","og_description":"Consid\u00e9r\u00e9 comme un des gardiens talentueux pour l&rsquo;avenir, le champion d\u2019Europe U17, Lisandru Olmeta, ne devrait finalement pas signer son premier contrat professionnel avec l&rsquo;AS Monaco. Selon Nice-Matin, le fils de Pascal Olmeta, qui arrive en fin de contrat aspirant au mois de juin, aurait rejet\u00e9 la proposition formul\u00e9e par le club de la Principaut\u00e9. [...]","og_url":"https:\/\/www.ladiagonale.net\/index.php\/2023\/04\/14\/olmeta-ne-devrait-pas-signer-son-contrat-pro-avec-monaco\/","og_site_name":"La Diagonale","article_published_time":"2023-04-14T17:38:56+00:00","article_modified_time":"2023-04-16T12:41:59+00:00","og_image":[{"width":1160,"height":650,"url":"https:\/\/www.ladiagonale.net\/wp-content\/uploads\/2023\/01\/olmeta2.png","type":"image\/png"}],"author":"Damien Dellerba","twitter_card":"summary_large_image","twitter_image":"https:\/\/www.ladiagonale.net\/wp-content\/uploads\/2023\/01\/olmeta2.png","twitter_misc":{"\u00c9crit par":"Damien Dellerba","Dur\u00e9e de lecture estim\u00e9e":"2 minutes"},"schema":{"@context":"https:\/\/schema.org","@graph":[{"@type":"WebPage","@id":"https:\/\/www.ladiagonale.net\/index.php\/2023\/04\/14\/olmeta-ne-devrait-pas-signer-son-contrat-pro-avec-monaco\/","url":"https:\/\/www.ladiagonale.net\/index.php\/2023\/04\/14\/olmeta-ne-devrait-pas-signer-son-contrat-pro-avec-monaco\/","name":"Olmeta ne devrait pas signer son contrat pro avec Monaco - La Diagonale","isPartOf":{"@id":"https:\/\/www.ladiagonale.net\/#website"},"datePublished":"2023-04-14T17:38:56+00:00","dateModified":"2023-04-16T12:41:59+00:00","author":{"@id":"https:\/\/www.ladiagonale.net\/#\/schema\/person\/79ff1e7b0853ed01b2aa26e64ad300bf"},"breadcrumb":{"@id":"https:\/\/www.ladiagonale.net\/index.php\/2023\/04\/14\/olmeta-ne-devrait-pas-signer-son-contrat-pro-avec-monaco\/#breadcrumb"},"inLanguage":"fr-FR","potentialAction":[{"@type":"ReadAction","target":["https:\/\/www.ladiagonale.net\/index.php\/2023\/04\/14\/olmeta-ne-devrait-pas-signer-son-contrat-pro-avec-monaco\/"]}]},{"@type":"BreadcrumbList","@id":"https:\/\/www.ladiagonale.net\/index.php\/2023\/04\/14\/olmeta-ne-devrait-pas-signer-son-contrat-pro-avec-monaco\/#breadcrumb","itemListElement":[{"@type":"ListItem","position":1,"name":"Accueil","item":"https:\/\/www.ladiagonale.net\/"},{"@type":"ListItem","position":2,"name":"Olmeta ne devrait pas signer son contrat pro avec Monaco"}]},{"@type":"WebSite","@id":"https:\/\/www.ladiagonale.net\/#website","url":"https:\/\/www.ladiagonale.net\/","name":"La Diagonale","description":"Le site des supporters de l&#039;AS Monaco FC","potentialAction":[{"@type":"SearchAction","target":{"@type":"EntryPoint","urlTemplate":"https:\/\/www.ladiagonale.net\/?s={search_term_string}"},"query-input":"required name=search_term_string"}],"inLanguage":"fr-FR"},{"@type":"Person","@id":"https:\/\/www.ladiagonale.net\/#\/schema\/person\/79ff1e7b0853ed01b2aa26e64ad300bf","name":"Damien Dellerba","image":{"@type":"ImageObject","inLanguage":"fr-FR","@id":"https:\/\/www.ladiagonale.net\/#\/schema\/person\/image\/","url":"https:\/\/secure.gravatar.com\/avatar\/c7850e06d3ff63cdbaee88b7fc16e2f0?s=96&d=mm&r=g","contentUrl":"https:\/\/secure.gravatar.com\/avatar\/c7850e06d3ff63cdbaee88b7fc16e2f0?s=96&d=mm&r=g","caption":"Damien Dellerba"},"url":"https:\/\/www.ladiagonale.net\/index.php\/author\/damien\/"}]}},"_links":{"self":[{"href":"https:\/\/www.ladiagonale.net\/index.php\/wp-json\/wp\/v2\/posts\/11564"}],"collection":[{"href":"https:\/\/www.ladiagonale.net\/index.php\/wp-json\/wp\/v2\/posts"}],"about":[{"href":"https:\/\/www.ladiagonale.net\/index.php\/wp-json\/wp\/v2\/types\/post"}],"author":[{"embeddable":true,"href":"https:\/\/www.ladiagonale.net\/index.php\/wp-json\/wp\/v2\/users\/2"}],"replies":[{"embeddable":true,"href":"https:\/\/www.ladiagonale.net\/index.php\/wp-json\/wp\/v2\/comments?post=11564"}],"version-history":[{"count":5,"href":"https:\/\/www.ladiagonale.net\/index.php\/wp-json\/wp\/v2\/posts\/11564\/revisions"}],"predecessor-version":[{"id":11615,"href":"https:\/\/www.ladiagonale.net\/index.php\/wp-json\/wp\/v2\/posts\/11564\/revisions\/11615"}],"wp:attachment":[{"href":"https:\/\/www.ladiagonale.net\/index.php\/wp-json\/wp\/v2\/media?parent=11564"}],"wp:term":[{"taxonomy":"category","embeddable":true,"href":"https:\/\/www.ladiagonale.net\/index.php\/wp-json\/wp\/v2\/categories?post=11564"},{"taxonomy":"post_tag","embeddable":true,"href":"https:\/\/www.ladiagonale.net\/index.php\/wp-json\/wp\/v2\/tags?post=11564"}],"curies":[{"name":"wp","href":"https:\/\/api.w.org\/{rel}","templated":true}]}}