{"id":11679,"date":"2023-04-18T15:20:57","date_gmt":"2023-04-18T13:20:57","guid":{"rendered":"https:\/\/www.ladiagonale.net\/?p=11679"},"modified":"2023-04-18T16:56:54","modified_gmt":"2023-04-18T14:56:54","slug":"camara-nomme-pour-le-prix-marc-vivien-foe","status":"publish","type":"post","link":"https:\/\/www.ladiagonale.net\/index.php\/2023\/04\/18\/camara-nomme-pour-le-prix-marc-vivien-foe\/","title":{"rendered":"Camara nomm\u00e9 pour le Prix Marc-Vivien Fo\u00e9"},"content":{"rendered":"\n\n\n<p>Arriv\u00e9 cet \u00e9t\u00e9 en provenance du RB Salzbourg, Mohamed Camara r\u00e9alise une solide premi\u00e8re saison du c\u00f4t\u00e9 de l&rsquo;AS Monaco. Des performances qui lui valent d&rsquo;\u00eatre dans les onze finalistes en lice pour remporter le prix Marc-Vivien Fo\u00e9, qui r\u00e9compense le meilleur joueur africain de la Ligue 1. D\u00e8s son arriv\u00e9e, Mohamed Camara s&rsquo;est impos\u00e9 comme un titulaire dans le onze de Philippe Clement et a disput\u00e9 23 rencontres en championnat cette saison.<\/p>\n\n\n\n<p>Depuis sa cr\u00e9ation, en 2009, aucun joueur mon\u00e9gasque ne l&rsquo;a remport\u00e9. La deuxi\u00e8me place d&rsquo;Islam Slimani en 2020 constitue \u00e0 ce jour le meilleur r\u00e9sultat pour un Rouge et Blanc. En 2015, Aymen Abdennour avait fini troisi\u00e8me. Le r\u00e9sultat sera connu le 30 mai prochain. L&rsquo;an dernier, c&rsquo;est le Lensois Seko Fofana qui avait re\u00e7u le prix et il est candidat \u00e0 sa propre succession. L&rsquo;autre milieu de terrain lensois, Salis Abdul Samed, est aussi nomm\u00e9, lui qui manquera le choc face \u00e0 Monaco \u00e0 la suite de son expulsion contre le PSG.<\/p>\n\n\n\n<p><strong>Les onze finalistes<\/strong><\/p>\n\n\n\n<ul><li>Yunis Abdelhamid (Maroc\/Reims)<\/li><li>Mama Bald\u00e9 (Guin\u00e9e-Bissau\/Troyes)<\/li><li><strong>Mohamed Camara (Mali\/Monaco)<\/strong><\/li><li>Habib Diallo (S\u00e9n\u00e9gal\/Strasbourg)<\/li><li>Seko Fofana (C\u00f4te d&rsquo;Ivoire\/Lens)<\/li><li>Achraf Hakimi (Maroc\/Paris)<\/li><li>Chancel Mbemba (RDC\/Marseille)<\/li><li>Terem Moffi (Nigeria\/Nice)<\/li><li>Marshall Munetsi (Zimbabwe\/Reims)<\/li><li>Salis Abdul Samed (Ghana\/Lens)<\/li><li>Hamari Traor\u00e9 (Mali\/Rennes)<\/li><\/ul>\n","protected":false},"excerpt":{"rendered":"<p>Arriv\u00e9 cet \u00e9t\u00e9 en provenance du RB Salzbourg, Mohamed Camara r\u00e9alise une solide premi\u00e8re saison du c\u00f4t\u00e9 de l&rsquo;AS Monaco. Des performances qui lui valent d&rsquo;\u00eatre dans les onze finalistes en lice pour remporter le prix Marc-Vivien Fo\u00e9, qui r\u00e9compense le meilleur joueur africain de la Ligue 1. D\u00e8s son arriv\u00e9e, Mohamed Camara s&rsquo;est impos\u00e9 [&#8230;]\n","protected":false},"author":2,"featured_media":0,"comment_status":"open","ping_status":"open","sticky":false,"template":"","format":"standard","meta":[],"categories":[6],"tags":[86,94,143],"yoast_head":"<!-- This site is optimized with the Yoast SEO plugin v19.8 - https:\/\/yoast.com\/wordpress\/plugins\/seo\/ -->\n<title>Camara nomm\u00e9 pour le Prix Marc-Vivien Fo\u00e9 - La Diagonale<\/title>\n<meta name=\"robots\" content=\"index, follow, max-snippet:-1, max-image-preview:large, max-video-preview:-1\" \/>\n<link rel=\"canonical\" href=\"https:\/\/www.ladiagonale.net\/index.php\/2023\/04\/18\/camara-nomme-pour-le-prix-marc-vivien-foe\/\" \/>\n<meta property=\"og:locale\" content=\"fr_FR\" \/>\n<meta property=\"og:type\" content=\"article\" \/>\n<meta property=\"og:title\" content=\"Camara nomm\u00e9 pour le Prix Marc-Vivien Fo\u00e9 - La Diagonale\" \/>\n<meta property=\"og:description\" content=\"Arriv\u00e9 cet \u00e9t\u00e9 en provenance du RB Salzbourg, Mohamed Camara r\u00e9alise une solide premi\u00e8re saison du c\u00f4t\u00e9 de l&rsquo;AS Monaco. Des performances qui lui valent d&rsquo;\u00eatre dans les onze finalistes en lice pour remporter le prix Marc-Vivien Fo\u00e9, qui r\u00e9compense le meilleur joueur africain de la Ligue 1. D\u00e8s son arriv\u00e9e, Mohamed Camara s&rsquo;est impos\u00e9 [...]\" \/>\n<meta property=\"og:url\" content=\"https:\/\/www.ladiagonale.net\/index.php\/2023\/04\/18\/camara-nomme-pour-le-prix-marc-vivien-foe\/\" \/>\n<meta property=\"og:site_name\" content=\"La Diagonale\" \/>\n<meta property=\"article:published_time\" content=\"2023-04-18T13:20:57+00:00\" \/>\n<meta property=\"article:modified_time\" content=\"2023-04-18T14:56:54+00:00\" \/>\n<meta property=\"og:image\" content=\"https:\/\/www.ladiagonale.net\/wp-content\/uploads\/2022\/10\/camara-2.png\" \/>\n\t<meta property=\"og:image:width\" content=\"1160\" \/>\n\t<meta property=\"og:image:height\" content=\"650\" \/>\n\t<meta property=\"og:image:type\" content=\"image\/png\" \/>\n<meta name=\"author\" content=\"Damien Dellerba\" \/>\n<meta name=\"twitter:card\" content=\"summary_large_image\" \/>\n<meta name=\"twitter:image\" content=\"https:\/\/www.ladiagonale.net\/wp-content\/uploads\/2022\/10\/camara-2.png\" \/>\n<meta name=\"twitter:label1\" content=\"\u00c9crit par\" \/>\n\t<meta name=\"twitter:data1\" content=\"Damien Dellerba\" \/>\n\t<meta name=\"twitter:label2\" content=\"Dur\u00e9e de lecture estim\u00e9e\" \/>\n\t<meta name=\"twitter:data2\" content=\"2 minutes\" \/>\n<script type=\"application\/ld+json\" class=\"yoast-schema-graph\">{\"@context\":\"https:\/\/schema.org\",\"@graph\":[{\"@type\":\"WebPage\",\"@id\":\"https:\/\/www.ladiagonale.net\/index.php\/2023\/04\/18\/camara-nomme-pour-le-prix-marc-vivien-foe\/\",\"url\":\"https:\/\/www.ladiagonale.net\/index.php\/2023\/04\/18\/camara-nomme-pour-le-prix-marc-vivien-foe\/\",\"name\":\"Camara nomm\u00e9 pour le Prix Marc-Vivien Fo\u00e9 - La Diagonale\",\"isPartOf\":{\"@id\":\"https:\/\/www.ladiagonale.net\/#website\"},\"datePublished\":\"2023-04-18T13:20:57+00:00\",\"dateModified\":\"2023-04-18T14:56:54+00:00\",\"author\":{\"@id\":\"https:\/\/www.ladiagonale.net\/#\/schema\/person\/79ff1e7b0853ed01b2aa26e64ad300bf\"},\"breadcrumb\":{\"@id\":\"https:\/\/www.ladiagonale.net\/index.php\/2023\/04\/18\/camara-nomme-pour-le-prix-marc-vivien-foe\/#breadcrumb\"},\"inLanguage\":\"fr-FR\",\"potentialAction\":[{\"@type\":\"ReadAction\",\"target\":[\"https:\/\/www.ladiagonale.net\/index.php\/2023\/04\/18\/camara-nomme-pour-le-prix-marc-vivien-foe\/\"]}]},{\"@type\":\"BreadcrumbList\",\"@id\":\"https:\/\/www.ladiagonale.net\/index.php\/2023\/04\/18\/camara-nomme-pour-le-prix-marc-vivien-foe\/#breadcrumb\",\"itemListElement\":[{\"@type\":\"ListItem\",\"position\":1,\"name\":\"Accueil\",\"item\":\"https:\/\/www.ladiagonale.net\/\"},{\"@type\":\"ListItem\",\"position\":2,\"name\":\"Camara nomm\u00e9 pour le Prix Marc-Vivien Fo\u00e9\"}]},{\"@type\":\"WebSite\",\"@id\":\"https:\/\/www.ladiagonale.net\/#website\",\"url\":\"https:\/\/www.ladiagonale.net\/\",\"name\":\"La Diagonale\",\"description\":\"Le site des supporters de l&#039;AS Monaco FC\",\"potentialAction\":[{\"@type\":\"SearchAction\",\"target\":{\"@type\":\"EntryPoint\",\"urlTemplate\":\"https:\/\/www.ladiagonale.net\/?s={search_term_string}\"},\"query-input\":\"required name=search_term_string\"}],\"inLanguage\":\"fr-FR\"},{\"@type\":\"Person\",\"@id\":\"https:\/\/www.ladiagonale.net\/#\/schema\/person\/79ff1e7b0853ed01b2aa26e64ad300bf\",\"name\":\"Damien Dellerba\",\"image\":{\"@type\":\"ImageObject\",\"inLanguage\":\"fr-FR\",\"@id\":\"https:\/\/www.ladiagonale.net\/#\/schema\/person\/image\/\",\"url\":\"https:\/\/secure.gravatar.com\/avatar\/c7850e06d3ff63cdbaee88b7fc16e2f0?s=96&d=mm&r=g\",\"contentUrl\":\"https:\/\/secure.gravatar.com\/avatar\/c7850e06d3ff63cdbaee88b7fc16e2f0?s=96&d=mm&r=g\",\"caption\":\"Damien Dellerba\"},\"url\":\"https:\/\/www.ladiagonale.net\/index.php\/author\/damien\/\"}]}<\/script>\n<!-- \/ Yoast SEO plugin. -->","yoast_head_json":{"title":"Camara nomm\u00e9 pour le Prix Marc-Vivien Fo\u00e9 - La Diagonale","robots":{"index":"index","follow":"follow","max-snippet":"max-snippet:-1","max-image-preview":"max-image-preview:large","max-video-preview":"max-video-preview:-1"},"canonical":"https:\/\/www.ladiagonale.net\/index.php\/2023\/04\/18\/camara-nomme-pour-le-prix-marc-vivien-foe\/","og_locale":"fr_FR","og_type":"article","og_title":"Camara nomm\u00e9 pour le Prix Marc-Vivien Fo\u00e9 - La Diagonale","og_description":"Arriv\u00e9 cet \u00e9t\u00e9 en provenance du RB Salzbourg, Mohamed Camara r\u00e9alise une solide premi\u00e8re saison du c\u00f4t\u00e9 de l&rsquo;AS Monaco. Des performances qui lui valent d&rsquo;\u00eatre dans les onze finalistes en lice pour remporter le prix Marc-Vivien Fo\u00e9, qui r\u00e9compense le meilleur joueur africain de la Ligue 1. D\u00e8s son arriv\u00e9e, Mohamed Camara s&rsquo;est impos\u00e9 [...]","og_url":"https:\/\/www.ladiagonale.net\/index.php\/2023\/04\/18\/camara-nomme-pour-le-prix-marc-vivien-foe\/","og_site_name":"La Diagonale","article_published_time":"2023-04-18T13:20:57+00:00","article_modified_time":"2023-04-18T14:56:54+00:00","og_image":[{"width":1160,"height":650,"url":"https:\/\/www.ladiagonale.net\/wp-content\/uploads\/2022\/10\/camara-2.png","type":"image\/png"}],"author":"Damien Dellerba","twitter_card":"summary_large_image","twitter_image":"https:\/\/www.ladiagonale.net\/wp-content\/uploads\/2022\/10\/camara-2.png","twitter_misc":{"\u00c9crit par":"Damien Dellerba","Dur\u00e9e de lecture estim\u00e9e":"2 minutes"},"schema":{"@context":"https:\/\/schema.org","@graph":[{"@type":"WebPage","@id":"https:\/\/www.ladiagonale.net\/index.php\/2023\/04\/18\/camara-nomme-pour-le-prix-marc-vivien-foe\/","url":"https:\/\/www.ladiagonale.net\/index.php\/2023\/04\/18\/camara-nomme-pour-le-prix-marc-vivien-foe\/","name":"Camara nomm\u00e9 pour le Prix Marc-Vivien Fo\u00e9 - La Diagonale","isPartOf":{"@id":"https:\/\/www.ladiagonale.net\/#website"},"datePublished":"2023-04-18T13:20:57+00:00","dateModified":"2023-04-18T14:56:54+00:00","author":{"@id":"https:\/\/www.ladiagonale.net\/#\/schema\/person\/79ff1e7b0853ed01b2aa26e64ad300bf"},"breadcrumb":{"@id":"https:\/\/www.ladiagonale.net\/index.php\/2023\/04\/18\/camara-nomme-pour-le-prix-marc-vivien-foe\/#breadcrumb"},"inLanguage":"fr-FR","potentialAction":[{"@type":"ReadAction","target":["https:\/\/www.ladiagonale.net\/index.php\/2023\/04\/18\/camara-nomme-pour-le-prix-marc-vivien-foe\/"]}]},{"@type":"BreadcrumbList","@id":"https:\/\/www.ladiagonale.net\/index.php\/2023\/04\/18\/camara-nomme-pour-le-prix-marc-vivien-foe\/#breadcrumb","itemListElement":[{"@type":"ListItem","position":1,"name":"Accueil","item":"https:\/\/www.ladiagonale.net\/"},{"@type":"ListItem","position":2,"name":"Camara nomm\u00e9 pour le Prix Marc-Vivien Fo\u00e9"}]},{"@type":"WebSite","@id":"https:\/\/www.ladiagonale.net\/#website","url":"https:\/\/www.ladiagonale.net\/","name":"La Diagonale","description":"Le site des supporters de l&#039;AS Monaco FC","potentialAction":[{"@type":"SearchAction","target":{"@type":"EntryPoint","urlTemplate":"https:\/\/www.ladiagonale.net\/?s={search_term_string}"},"query-input":"required name=search_term_string"}],"inLanguage":"fr-FR"},{"@type":"Person","@id":"https:\/\/www.ladiagonale.net\/#\/schema\/person\/79ff1e7b0853ed01b2aa26e64ad300bf","name":"Damien Dellerba","image":{"@type":"ImageObject","inLanguage":"fr-FR","@id":"https:\/\/www.ladiagonale.net\/#\/schema\/person\/image\/","url":"https:\/\/secure.gravatar.com\/avatar\/c7850e06d3ff63cdbaee88b7fc16e2f0?s=96&d=mm&r=g","contentUrl":"https:\/\/secure.gravatar.com\/avatar\/c7850e06d3ff63cdbaee88b7fc16e2f0?s=96&d=mm&r=g","caption":"Damien Dellerba"},"url":"https:\/\/www.ladiagonale.net\/index.php\/author\/damien\/"}]}},"_links":{"self":[{"href":"https:\/\/www.ladiagonale.net\/index.php\/wp-json\/wp\/v2\/posts\/11679"}],"collection":[{"href":"https:\/\/www.ladiagonale.net\/index.php\/wp-json\/wp\/v2\/posts"}],"about":[{"href":"https:\/\/www.ladiagonale.net\/index.php\/wp-json\/wp\/v2\/types\/post"}],"author":[{"embeddable":true,"href":"https:\/\/www.ladiagonale.net\/index.php\/wp-json\/wp\/v2\/users\/2"}],"replies":[{"embeddable":true,"href":"https:\/\/www.ladiagonale.net\/index.php\/wp-json\/wp\/v2\/comments?post=11679"}],"version-history":[{"count":5,"href":"https:\/\/www.ladiagonale.net\/index.php\/wp-json\/wp\/v2\/posts\/11679\/revisions"}],"predecessor-version":[{"id":11684,"href":"https:\/\/www.ladiagonale.net\/index.php\/wp-json\/wp\/v2\/posts\/11679\/revisions\/11684"}],"wp:attachment":[{"href":"https:\/\/www.ladiagonale.net\/index.php\/wp-json\/wp\/v2\/media?parent=11679"}],"wp:term":[{"taxonomy":"category","embeddable":true,"href":"https:\/\/www.ladiagonale.net\/index.php\/wp-json\/wp\/v2\/categories?post=11679"},{"taxonomy":"post_tag","embeddable":true,"href":"https:\/\/www.ladiagonale.net\/index.php\/wp-json\/wp\/v2\/tags?post=11679"}],"curies":[{"name":"wp","href":"https:\/\/api.w.org\/{rel}","templated":true}]}}