{"id":11688,"date":"2023-04-18T17:59:09","date_gmt":"2023-04-18T15:59:09","guid":{"rendered":"https:\/\/www.ladiagonale.net\/?p=11688"},"modified":"2023-04-18T18:07:42","modified_gmt":"2023-04-18T16:07:42","slug":"un-interet-pour-openda","status":"publish","type":"post","link":"https:\/\/www.ladiagonale.net\/index.php\/2023\/04\/18\/un-interet-pour-openda\/","title":{"rendered":"Un int\u00e9r\u00eat pour Openda ?"},"content":{"rendered":"\n\n\n<p>Alors que l&rsquo;avenir de Wissam Ben Yedder \u00e0 Monaco <a href=\"https:\/\/www.ladiagonale.net\/index.php\/2023\/04\/15\/la-prolongation-de-ben-yedder-ne-serait-pas-a-lordre-du-jour\/\">n&rsquo;est pas encore assur\u00e9<\/a>, il pourrait y avoir du changement en attaque du c\u00f4t\u00e9 de la Principaut\u00e9. Lo\u00efs Openda plairait \u00e0 l&rsquo;AS Monaco, d&rsquo;apr\u00e8s les informations de <em>Foot Mercato<\/em>, mais pas seulement. L&rsquo;Inter Milan, Marseille, Leeds ou encore l\u2019Eintracht Francfort compteraient \u00e9galement parmi les nombreux clubs int\u00e9ress\u00e9s par le Lensois de 23 ans, dont le contrat expire en juin 2027.<\/p>\n\n\n\n<p>Philippe Clement conna\u00eet bien Openda, puisqu&rsquo;il l&rsquo;avait d\u00e9j\u00e0 eu sous ses ordres lorsqu&rsquo;il entra\u00eenait le Club Bruges, lors de la saison 2019-2020. Une exp\u00e9rience qui ne reste pas un grand souvenir pour Openda, qui avait d\u00fb \u00eatre pr\u00eat\u00e9 au Vitesse Arnhem en raison d&rsquo;un manque de temps de jeu. Son agent, Stijn Francis, avait d&rsquo;ailleurs d\u00e9clar\u00e9 dans <em>So Foot<\/em> en ao\u00fbt dernier que \u00ab\u00a0<em>Clement ne lui donnait pas autant de confiance. Des promesses de temps de jeu n\u2019ont pas \u00e9t\u00e9 tenues. Il n\u2019y a pas eu l\u2019\u00e9volution voulue.<\/em>\u00a0\u00bb<\/p>\n\n\n\n<p>Depuis Openda s&rsquo;est r\u00e9v\u00e9l\u00e9 sous le maillot <em>sang et or<\/em>, m\u00eame s&rsquo;il n&rsquo;a pas toujours \u00e9t\u00e9 un titulaire indiscutable dans l&rsquo;esprit de Franck Haise. L&rsquo;international belge avait notamment ouvert son compteur en Ligue 1 contre Monaco cette saison, lors de la 3<sup>e<\/sup> journ\u00e9e (1-4) et est devenu le meilleur buteur de la formation lensoise cette saison (<em>15 buts<\/em>). Il s&rsquo;est notamment distingu\u00e9 en inscrivant deux tripl\u00e9s et notamment le plus rapide de l&rsquo;histoire de la Ligue 1, en quatre minutes et 30 secondes. <\/p>\n","protected":false},"excerpt":{"rendered":"<p>Alors que l&rsquo;avenir de Wissam Ben Yedder \u00e0 Monaco n&rsquo;est pas encore assur\u00e9, il pourrait y avoir du changement en attaque du c\u00f4t\u00e9 de la Principaut\u00e9. Lo\u00efs Openda plairait \u00e0 l&rsquo;AS Monaco, d&rsquo;apr\u00e8s les informations de Foot Mercato, mais pas seulement. L&rsquo;Inter Milan, Marseille, Leeds ou encore l\u2019Eintracht Francfort compteraient \u00e9galement parmi les nombreux clubs [&#8230;]\n","protected":false},"author":2,"featured_media":0,"comment_status":"open","ping_status":"open","sticky":false,"template":"","format":"standard","meta":[],"categories":[6],"tags":[86,504,111,191,110],"yoast_head":"<!-- This site is optimized with the Yoast SEO plugin v19.8 - https:\/\/yoast.com\/wordpress\/plugins\/seo\/ -->\n<title>Un int\u00e9r\u00eat pour Openda ? - La Diagonale<\/title>\n<meta name=\"robots\" content=\"index, follow, max-snippet:-1, max-image-preview:large, max-video-preview:-1\" \/>\n<link rel=\"canonical\" href=\"https:\/\/www.ladiagonale.net\/index.php\/2023\/04\/18\/un-interet-pour-openda\/\" \/>\n<meta property=\"og:locale\" content=\"fr_FR\" \/>\n<meta property=\"og:type\" content=\"article\" \/>\n<meta property=\"og:title\" content=\"Un int\u00e9r\u00eat pour Openda ? - La Diagonale\" \/>\n<meta property=\"og:description\" content=\"Alors que l&rsquo;avenir de Wissam Ben Yedder \u00e0 Monaco n&rsquo;est pas encore assur\u00e9, il pourrait y avoir du changement en attaque du c\u00f4t\u00e9 de la Principaut\u00e9. Lo\u00efs Openda plairait \u00e0 l&rsquo;AS Monaco, d&rsquo;apr\u00e8s les informations de Foot Mercato, mais pas seulement. L&rsquo;Inter Milan, Marseille, Leeds ou encore l\u2019Eintracht Francfort compteraient \u00e9galement parmi les nombreux clubs [...]\" \/>\n<meta property=\"og:url\" content=\"https:\/\/www.ladiagonale.net\/index.php\/2023\/04\/18\/un-interet-pour-openda\/\" \/>\n<meta property=\"og:site_name\" content=\"La Diagonale\" \/>\n<meta property=\"article:published_time\" content=\"2023-04-18T15:59:09+00:00\" \/>\n<meta property=\"article:modified_time\" content=\"2023-04-18T16:07:42+00:00\" \/>\n<meta property=\"og:image\" content=\"https:\/\/www.ladiagonale.net\/wp-content\/uploads\/2023\/04\/clement-openda.png\" \/>\n\t<meta property=\"og:image:width\" content=\"1160\" \/>\n\t<meta property=\"og:image:height\" content=\"650\" \/>\n\t<meta property=\"og:image:type\" content=\"image\/png\" \/>\n<meta name=\"author\" content=\"Damien Dellerba\" \/>\n<meta name=\"twitter:card\" content=\"summary_large_image\" \/>\n<meta name=\"twitter:image\" content=\"https:\/\/www.ladiagonale.net\/wp-content\/uploads\/2023\/04\/clement-openda.png\" \/>\n<meta name=\"twitter:label1\" content=\"\u00c9crit par\" \/>\n\t<meta name=\"twitter:data1\" content=\"Damien Dellerba\" \/>\n\t<meta name=\"twitter:label2\" content=\"Dur\u00e9e de lecture estim\u00e9e\" \/>\n\t<meta name=\"twitter:data2\" content=\"2 minutes\" \/>\n<script type=\"application\/ld+json\" class=\"yoast-schema-graph\">{\"@context\":\"https:\/\/schema.org\",\"@graph\":[{\"@type\":\"WebPage\",\"@id\":\"https:\/\/www.ladiagonale.net\/index.php\/2023\/04\/18\/un-interet-pour-openda\/\",\"url\":\"https:\/\/www.ladiagonale.net\/index.php\/2023\/04\/18\/un-interet-pour-openda\/\",\"name\":\"Un int\u00e9r\u00eat pour Openda ? - La Diagonale\",\"isPartOf\":{\"@id\":\"https:\/\/www.ladiagonale.net\/#website\"},\"datePublished\":\"2023-04-18T15:59:09+00:00\",\"dateModified\":\"2023-04-18T16:07:42+00:00\",\"author\":{\"@id\":\"https:\/\/www.ladiagonale.net\/#\/schema\/person\/79ff1e7b0853ed01b2aa26e64ad300bf\"},\"breadcrumb\":{\"@id\":\"https:\/\/www.ladiagonale.net\/index.php\/2023\/04\/18\/un-interet-pour-openda\/#breadcrumb\"},\"inLanguage\":\"fr-FR\",\"potentialAction\":[{\"@type\":\"ReadAction\",\"target\":[\"https:\/\/www.ladiagonale.net\/index.php\/2023\/04\/18\/un-interet-pour-openda\/\"]}]},{\"@type\":\"BreadcrumbList\",\"@id\":\"https:\/\/www.ladiagonale.net\/index.php\/2023\/04\/18\/un-interet-pour-openda\/#breadcrumb\",\"itemListElement\":[{\"@type\":\"ListItem\",\"position\":1,\"name\":\"Accueil\",\"item\":\"https:\/\/www.ladiagonale.net\/\"},{\"@type\":\"ListItem\",\"position\":2,\"name\":\"Un int\u00e9r\u00eat pour Openda ?\"}]},{\"@type\":\"WebSite\",\"@id\":\"https:\/\/www.ladiagonale.net\/#website\",\"url\":\"https:\/\/www.ladiagonale.net\/\",\"name\":\"La Diagonale\",\"description\":\"Le site des supporters de l&#039;AS Monaco FC\",\"potentialAction\":[{\"@type\":\"SearchAction\",\"target\":{\"@type\":\"EntryPoint\",\"urlTemplate\":\"https:\/\/www.ladiagonale.net\/?s={search_term_string}\"},\"query-input\":\"required name=search_term_string\"}],\"inLanguage\":\"fr-FR\"},{\"@type\":\"Person\",\"@id\":\"https:\/\/www.ladiagonale.net\/#\/schema\/person\/79ff1e7b0853ed01b2aa26e64ad300bf\",\"name\":\"Damien Dellerba\",\"image\":{\"@type\":\"ImageObject\",\"inLanguage\":\"fr-FR\",\"@id\":\"https:\/\/www.ladiagonale.net\/#\/schema\/person\/image\/\",\"url\":\"https:\/\/secure.gravatar.com\/avatar\/c7850e06d3ff63cdbaee88b7fc16e2f0?s=96&d=mm&r=g\",\"contentUrl\":\"https:\/\/secure.gravatar.com\/avatar\/c7850e06d3ff63cdbaee88b7fc16e2f0?s=96&d=mm&r=g\",\"caption\":\"Damien Dellerba\"},\"url\":\"https:\/\/www.ladiagonale.net\/index.php\/author\/damien\/\"}]}<\/script>\n<!-- \/ Yoast SEO plugin. -->","yoast_head_json":{"title":"Un int\u00e9r\u00eat pour Openda ? - La Diagonale","robots":{"index":"index","follow":"follow","max-snippet":"max-snippet:-1","max-image-preview":"max-image-preview:large","max-video-preview":"max-video-preview:-1"},"canonical":"https:\/\/www.ladiagonale.net\/index.php\/2023\/04\/18\/un-interet-pour-openda\/","og_locale":"fr_FR","og_type":"article","og_title":"Un int\u00e9r\u00eat pour Openda ? - La Diagonale","og_description":"Alors que l&rsquo;avenir de Wissam Ben Yedder \u00e0 Monaco n&rsquo;est pas encore assur\u00e9, il pourrait y avoir du changement en attaque du c\u00f4t\u00e9 de la Principaut\u00e9. Lo\u00efs Openda plairait \u00e0 l&rsquo;AS Monaco, d&rsquo;apr\u00e8s les informations de Foot Mercato, mais pas seulement. L&rsquo;Inter Milan, Marseille, Leeds ou encore l\u2019Eintracht Francfort compteraient \u00e9galement parmi les nombreux clubs [...]","og_url":"https:\/\/www.ladiagonale.net\/index.php\/2023\/04\/18\/un-interet-pour-openda\/","og_site_name":"La Diagonale","article_published_time":"2023-04-18T15:59:09+00:00","article_modified_time":"2023-04-18T16:07:42+00:00","og_image":[{"width":1160,"height":650,"url":"https:\/\/www.ladiagonale.net\/wp-content\/uploads\/2023\/04\/clement-openda.png","type":"image\/png"}],"author":"Damien Dellerba","twitter_card":"summary_large_image","twitter_image":"https:\/\/www.ladiagonale.net\/wp-content\/uploads\/2023\/04\/clement-openda.png","twitter_misc":{"\u00c9crit par":"Damien Dellerba","Dur\u00e9e de lecture estim\u00e9e":"2 minutes"},"schema":{"@context":"https:\/\/schema.org","@graph":[{"@type":"WebPage","@id":"https:\/\/www.ladiagonale.net\/index.php\/2023\/04\/18\/un-interet-pour-openda\/","url":"https:\/\/www.ladiagonale.net\/index.php\/2023\/04\/18\/un-interet-pour-openda\/","name":"Un int\u00e9r\u00eat pour Openda ? - La Diagonale","isPartOf":{"@id":"https:\/\/www.ladiagonale.net\/#website"},"datePublished":"2023-04-18T15:59:09+00:00","dateModified":"2023-04-18T16:07:42+00:00","author":{"@id":"https:\/\/www.ladiagonale.net\/#\/schema\/person\/79ff1e7b0853ed01b2aa26e64ad300bf"},"breadcrumb":{"@id":"https:\/\/www.ladiagonale.net\/index.php\/2023\/04\/18\/un-interet-pour-openda\/#breadcrumb"},"inLanguage":"fr-FR","potentialAction":[{"@type":"ReadAction","target":["https:\/\/www.ladiagonale.net\/index.php\/2023\/04\/18\/un-interet-pour-openda\/"]}]},{"@type":"BreadcrumbList","@id":"https:\/\/www.ladiagonale.net\/index.php\/2023\/04\/18\/un-interet-pour-openda\/#breadcrumb","itemListElement":[{"@type":"ListItem","position":1,"name":"Accueil","item":"https:\/\/www.ladiagonale.net\/"},{"@type":"ListItem","position":2,"name":"Un int\u00e9r\u00eat pour Openda ?"}]},{"@type":"WebSite","@id":"https:\/\/www.ladiagonale.net\/#website","url":"https:\/\/www.ladiagonale.net\/","name":"La Diagonale","description":"Le site des supporters de l&#039;AS Monaco FC","potentialAction":[{"@type":"SearchAction","target":{"@type":"EntryPoint","urlTemplate":"https:\/\/www.ladiagonale.net\/?s={search_term_string}"},"query-input":"required name=search_term_string"}],"inLanguage":"fr-FR"},{"@type":"Person","@id":"https:\/\/www.ladiagonale.net\/#\/schema\/person\/79ff1e7b0853ed01b2aa26e64ad300bf","name":"Damien Dellerba","image":{"@type":"ImageObject","inLanguage":"fr-FR","@id":"https:\/\/www.ladiagonale.net\/#\/schema\/person\/image\/","url":"https:\/\/secure.gravatar.com\/avatar\/c7850e06d3ff63cdbaee88b7fc16e2f0?s=96&d=mm&r=g","contentUrl":"https:\/\/secure.gravatar.com\/avatar\/c7850e06d3ff63cdbaee88b7fc16e2f0?s=96&d=mm&r=g","caption":"Damien Dellerba"},"url":"https:\/\/www.ladiagonale.net\/index.php\/author\/damien\/"}]}},"_links":{"self":[{"href":"https:\/\/www.ladiagonale.net\/index.php\/wp-json\/wp\/v2\/posts\/11688"}],"collection":[{"href":"https:\/\/www.ladiagonale.net\/index.php\/wp-json\/wp\/v2\/posts"}],"about":[{"href":"https:\/\/www.ladiagonale.net\/index.php\/wp-json\/wp\/v2\/types\/post"}],"author":[{"embeddable":true,"href":"https:\/\/www.ladiagonale.net\/index.php\/wp-json\/wp\/v2\/users\/2"}],"replies":[{"embeddable":true,"href":"https:\/\/www.ladiagonale.net\/index.php\/wp-json\/wp\/v2\/comments?post=11688"}],"version-history":[{"count":3,"href":"https:\/\/www.ladiagonale.net\/index.php\/wp-json\/wp\/v2\/posts\/11688\/revisions"}],"predecessor-version":[{"id":11692,"href":"https:\/\/www.ladiagonale.net\/index.php\/wp-json\/wp\/v2\/posts\/11688\/revisions\/11692"}],"wp:attachment":[{"href":"https:\/\/www.ladiagonale.net\/index.php\/wp-json\/wp\/v2\/media?parent=11688"}],"wp:term":[{"taxonomy":"category","embeddable":true,"href":"https:\/\/www.ladiagonale.net\/index.php\/wp-json\/wp\/v2\/categories?post=11688"},{"taxonomy":"post_tag","embeddable":true,"href":"https:\/\/www.ladiagonale.net\/index.php\/wp-json\/wp\/v2\/tags?post=11688"}],"curies":[{"name":"wp","href":"https:\/\/api.w.org\/{rel}","templated":true}]}}