{"id":11701,"date":"2023-04-19T12:23:38","date_gmt":"2023-04-19T10:23:38","guid":{"rendered":"https:\/\/www.ladiagonale.net\/?p=11701"},"modified":"2023-04-19T12:23:41","modified_gmt":"2023-04-19T10:23:41","slug":"feminines-monaco-dit-quasiment-adieu-a-la-montee","status":"publish","type":"post","link":"https:\/\/www.ladiagonale.net\/index.php\/2023\/04\/19\/feminines-monaco-dit-quasiment-adieu-a-la-montee\/","title":{"rendered":"F\u00e9minines : Monaco dit quasiment adieu \u00e0 la mont\u00e9e"},"content":{"rendered":"\n\n\n<p>La ligne d&rsquo;arriv\u00e9e du championnat de R\u00e9gional 1 f\u00e9minin est proche d&rsquo;\u00eatre franchie et l&rsquo;ASM FF a craqu\u00e9 dans les derniers m\u00e8tres, en conc\u00e9dant un match nul contre le FCF Monteux Vaucluse (1-1) dimanche. Au coude \u00e0 coude avec l&rsquo;AS Cannes toute la saison et dans le sprint final, m\u00eame si les Cannoises comptaient un match \u00e0 rattraper, Monaco accuse d\u00e9sormais deux longueurs de retard sur leur rival et voit ses espoirs de promotion quasiment r\u00e9duits \u00e0 n\u00e9ant.<\/p>\n\n\n\n<p>Il reste deux rencontres dans le calendrier pour les As\u00e9mistes, mais une seule \u00e0 jouer, puisque la manche retour contre le Toulon Elite Futsal, pr\u00e9vue en derni\u00e8re journ\u00e9e, a d&rsquo;ores et d\u00e9j\u00e0 \u00e9t\u00e9 accord\u00e9e sur tapis vert en raison du forfait du club varois. <\/p>\n\n\n\n<p><strong>Composition :<\/strong> Templier &#8211; Noizat, Da Cruz, M&rsquo;bassidje &#8211; C\u00e9lestra, Morse, Ribeiro Ferreira, Besseige, Fornaguera &#8211; Florencio Paulos, Julian. <\/p>\n","protected":false},"excerpt":{"rendered":"<p>La ligne d&rsquo;arriv\u00e9e du championnat de R\u00e9gional 1 f\u00e9minin est proche d&rsquo;\u00eatre franchie et l&rsquo;ASM FF a craqu\u00e9 dans les derniers m\u00e8tres, en conc\u00e9dant un match nul contre le FCF Monteux Vaucluse (1-1) dimanche. Au coude \u00e0 coude avec l&rsquo;AS Cannes toute la saison et dans le sprint final, m\u00eame si les Cannoises comptaient un [&#8230;]\n","protected":false},"author":2,"featured_media":0,"comment_status":"open","ping_status":"open","sticky":false,"template":"","format":"standard","meta":[],"categories":[6],"tags":[86,231,135,134],"yoast_head":"<!-- This site is optimized with the Yoast SEO plugin v19.8 - https:\/\/yoast.com\/wordpress\/plugins\/seo\/ -->\n<title>F\u00e9minines : Monaco dit quasiment adieu \u00e0 la mont\u00e9e - La Diagonale<\/title>\n<meta name=\"robots\" content=\"index, follow, max-snippet:-1, max-image-preview:large, max-video-preview:-1\" \/>\n<link rel=\"canonical\" href=\"https:\/\/www.ladiagonale.net\/index.php\/2023\/04\/19\/feminines-monaco-dit-quasiment-adieu-a-la-montee\/\" \/>\n<meta property=\"og:locale\" content=\"fr_FR\" \/>\n<meta property=\"og:type\" content=\"article\" \/>\n<meta property=\"og:title\" content=\"F\u00e9minines : Monaco dit quasiment adieu \u00e0 la mont\u00e9e - La Diagonale\" \/>\n<meta property=\"og:description\" content=\"La ligne d&rsquo;arriv\u00e9e du championnat de R\u00e9gional 1 f\u00e9minin est proche d&rsquo;\u00eatre franchie et l&rsquo;ASM FF a craqu\u00e9 dans les derniers m\u00e8tres, en conc\u00e9dant un match nul contre le FCF Monteux Vaucluse (1-1) dimanche. Au coude \u00e0 coude avec l&rsquo;AS Cannes toute la saison et dans le sprint final, m\u00eame si les Cannoises comptaient un [...]\" \/>\n<meta property=\"og:url\" content=\"https:\/\/www.ladiagonale.net\/index.php\/2023\/04\/19\/feminines-monaco-dit-quasiment-adieu-a-la-montee\/\" \/>\n<meta property=\"og:site_name\" content=\"La Diagonale\" \/>\n<meta property=\"article:published_time\" content=\"2023-04-19T10:23:38+00:00\" \/>\n<meta property=\"article:modified_time\" content=\"2023-04-19T10:23:41+00:00\" \/>\n<meta property=\"og:image\" content=\"https:\/\/www.ladiagonale.net\/wp-content\/uploads\/2022\/11\/feminines.png\" \/>\n\t<meta property=\"og:image:width\" content=\"1160\" \/>\n\t<meta property=\"og:image:height\" content=\"650\" \/>\n\t<meta property=\"og:image:type\" content=\"image\/png\" \/>\n<meta name=\"author\" content=\"Damien Dellerba\" \/>\n<meta name=\"twitter:card\" content=\"summary_large_image\" \/>\n<meta name=\"twitter:image\" content=\"https:\/\/www.ladiagonale.net\/wp-content\/uploads\/2022\/11\/feminines.png\" \/>\n<meta name=\"twitter:label1\" content=\"\u00c9crit par\" \/>\n\t<meta name=\"twitter:data1\" content=\"Damien Dellerba\" \/>\n\t<meta name=\"twitter:label2\" content=\"Dur\u00e9e de lecture estim\u00e9e\" \/>\n\t<meta name=\"twitter:data2\" content=\"1 minute\" \/>\n<script type=\"application\/ld+json\" class=\"yoast-schema-graph\">{\"@context\":\"https:\/\/schema.org\",\"@graph\":[{\"@type\":\"WebPage\",\"@id\":\"https:\/\/www.ladiagonale.net\/index.php\/2023\/04\/19\/feminines-monaco-dit-quasiment-adieu-a-la-montee\/\",\"url\":\"https:\/\/www.ladiagonale.net\/index.php\/2023\/04\/19\/feminines-monaco-dit-quasiment-adieu-a-la-montee\/\",\"name\":\"F\u00e9minines : Monaco dit quasiment adieu \u00e0 la mont\u00e9e - La Diagonale\",\"isPartOf\":{\"@id\":\"https:\/\/www.ladiagonale.net\/#website\"},\"datePublished\":\"2023-04-19T10:23:38+00:00\",\"dateModified\":\"2023-04-19T10:23:41+00:00\",\"author\":{\"@id\":\"https:\/\/www.ladiagonale.net\/#\/schema\/person\/79ff1e7b0853ed01b2aa26e64ad300bf\"},\"breadcrumb\":{\"@id\":\"https:\/\/www.ladiagonale.net\/index.php\/2023\/04\/19\/feminines-monaco-dit-quasiment-adieu-a-la-montee\/#breadcrumb\"},\"inLanguage\":\"fr-FR\",\"potentialAction\":[{\"@type\":\"ReadAction\",\"target\":[\"https:\/\/www.ladiagonale.net\/index.php\/2023\/04\/19\/feminines-monaco-dit-quasiment-adieu-a-la-montee\/\"]}]},{\"@type\":\"BreadcrumbList\",\"@id\":\"https:\/\/www.ladiagonale.net\/index.php\/2023\/04\/19\/feminines-monaco-dit-quasiment-adieu-a-la-montee\/#breadcrumb\",\"itemListElement\":[{\"@type\":\"ListItem\",\"position\":1,\"name\":\"Accueil\",\"item\":\"https:\/\/www.ladiagonale.net\/\"},{\"@type\":\"ListItem\",\"position\":2,\"name\":\"F\u00e9minines : Monaco dit quasiment adieu \u00e0 la mont\u00e9e\"}]},{\"@type\":\"WebSite\",\"@id\":\"https:\/\/www.ladiagonale.net\/#website\",\"url\":\"https:\/\/www.ladiagonale.net\/\",\"name\":\"La Diagonale\",\"description\":\"Le site des supporters de l&#039;AS Monaco FC\",\"potentialAction\":[{\"@type\":\"SearchAction\",\"target\":{\"@type\":\"EntryPoint\",\"urlTemplate\":\"https:\/\/www.ladiagonale.net\/?s={search_term_string}\"},\"query-input\":\"required name=search_term_string\"}],\"inLanguage\":\"fr-FR\"},{\"@type\":\"Person\",\"@id\":\"https:\/\/www.ladiagonale.net\/#\/schema\/person\/79ff1e7b0853ed01b2aa26e64ad300bf\",\"name\":\"Damien Dellerba\",\"image\":{\"@type\":\"ImageObject\",\"inLanguage\":\"fr-FR\",\"@id\":\"https:\/\/www.ladiagonale.net\/#\/schema\/person\/image\/\",\"url\":\"https:\/\/secure.gravatar.com\/avatar\/c7850e06d3ff63cdbaee88b7fc16e2f0?s=96&d=mm&r=g\",\"contentUrl\":\"https:\/\/secure.gravatar.com\/avatar\/c7850e06d3ff63cdbaee88b7fc16e2f0?s=96&d=mm&r=g\",\"caption\":\"Damien Dellerba\"},\"url\":\"https:\/\/www.ladiagonale.net\/index.php\/author\/damien\/\"}]}<\/script>\n<!-- \/ Yoast SEO plugin. -->","yoast_head_json":{"title":"F\u00e9minines : Monaco dit quasiment adieu \u00e0 la mont\u00e9e - La Diagonale","robots":{"index":"index","follow":"follow","max-snippet":"max-snippet:-1","max-image-preview":"max-image-preview:large","max-video-preview":"max-video-preview:-1"},"canonical":"https:\/\/www.ladiagonale.net\/index.php\/2023\/04\/19\/feminines-monaco-dit-quasiment-adieu-a-la-montee\/","og_locale":"fr_FR","og_type":"article","og_title":"F\u00e9minines : Monaco dit quasiment adieu \u00e0 la mont\u00e9e - La Diagonale","og_description":"La ligne d&rsquo;arriv\u00e9e du championnat de R\u00e9gional 1 f\u00e9minin est proche d&rsquo;\u00eatre franchie et l&rsquo;ASM FF a craqu\u00e9 dans les derniers m\u00e8tres, en conc\u00e9dant un match nul contre le FCF Monteux Vaucluse (1-1) dimanche. Au coude \u00e0 coude avec l&rsquo;AS Cannes toute la saison et dans le sprint final, m\u00eame si les Cannoises comptaient un [...]","og_url":"https:\/\/www.ladiagonale.net\/index.php\/2023\/04\/19\/feminines-monaco-dit-quasiment-adieu-a-la-montee\/","og_site_name":"La Diagonale","article_published_time":"2023-04-19T10:23:38+00:00","article_modified_time":"2023-04-19T10:23:41+00:00","og_image":[{"width":1160,"height":650,"url":"https:\/\/www.ladiagonale.net\/wp-content\/uploads\/2022\/11\/feminines.png","type":"image\/png"}],"author":"Damien Dellerba","twitter_card":"summary_large_image","twitter_image":"https:\/\/www.ladiagonale.net\/wp-content\/uploads\/2022\/11\/feminines.png","twitter_misc":{"\u00c9crit par":"Damien Dellerba","Dur\u00e9e de lecture estim\u00e9e":"1 minute"},"schema":{"@context":"https:\/\/schema.org","@graph":[{"@type":"WebPage","@id":"https:\/\/www.ladiagonale.net\/index.php\/2023\/04\/19\/feminines-monaco-dit-quasiment-adieu-a-la-montee\/","url":"https:\/\/www.ladiagonale.net\/index.php\/2023\/04\/19\/feminines-monaco-dit-quasiment-adieu-a-la-montee\/","name":"F\u00e9minines : Monaco dit quasiment adieu \u00e0 la mont\u00e9e - La Diagonale","isPartOf":{"@id":"https:\/\/www.ladiagonale.net\/#website"},"datePublished":"2023-04-19T10:23:38+00:00","dateModified":"2023-04-19T10:23:41+00:00","author":{"@id":"https:\/\/www.ladiagonale.net\/#\/schema\/person\/79ff1e7b0853ed01b2aa26e64ad300bf"},"breadcrumb":{"@id":"https:\/\/www.ladiagonale.net\/index.php\/2023\/04\/19\/feminines-monaco-dit-quasiment-adieu-a-la-montee\/#breadcrumb"},"inLanguage":"fr-FR","potentialAction":[{"@type":"ReadAction","target":["https:\/\/www.ladiagonale.net\/index.php\/2023\/04\/19\/feminines-monaco-dit-quasiment-adieu-a-la-montee\/"]}]},{"@type":"BreadcrumbList","@id":"https:\/\/www.ladiagonale.net\/index.php\/2023\/04\/19\/feminines-monaco-dit-quasiment-adieu-a-la-montee\/#breadcrumb","itemListElement":[{"@type":"ListItem","position":1,"name":"Accueil","item":"https:\/\/www.ladiagonale.net\/"},{"@type":"ListItem","position":2,"name":"F\u00e9minines : Monaco dit quasiment adieu \u00e0 la mont\u00e9e"}]},{"@type":"WebSite","@id":"https:\/\/www.ladiagonale.net\/#website","url":"https:\/\/www.ladiagonale.net\/","name":"La Diagonale","description":"Le site des supporters de l&#039;AS Monaco FC","potentialAction":[{"@type":"SearchAction","target":{"@type":"EntryPoint","urlTemplate":"https:\/\/www.ladiagonale.net\/?s={search_term_string}"},"query-input":"required name=search_term_string"}],"inLanguage":"fr-FR"},{"@type":"Person","@id":"https:\/\/www.ladiagonale.net\/#\/schema\/person\/79ff1e7b0853ed01b2aa26e64ad300bf","name":"Damien Dellerba","image":{"@type":"ImageObject","inLanguage":"fr-FR","@id":"https:\/\/www.ladiagonale.net\/#\/schema\/person\/image\/","url":"https:\/\/secure.gravatar.com\/avatar\/c7850e06d3ff63cdbaee88b7fc16e2f0?s=96&d=mm&r=g","contentUrl":"https:\/\/secure.gravatar.com\/avatar\/c7850e06d3ff63cdbaee88b7fc16e2f0?s=96&d=mm&r=g","caption":"Damien Dellerba"},"url":"https:\/\/www.ladiagonale.net\/index.php\/author\/damien\/"}]}},"_links":{"self":[{"href":"https:\/\/www.ladiagonale.net\/index.php\/wp-json\/wp\/v2\/posts\/11701"}],"collection":[{"href":"https:\/\/www.ladiagonale.net\/index.php\/wp-json\/wp\/v2\/posts"}],"about":[{"href":"https:\/\/www.ladiagonale.net\/index.php\/wp-json\/wp\/v2\/types\/post"}],"author":[{"embeddable":true,"href":"https:\/\/www.ladiagonale.net\/index.php\/wp-json\/wp\/v2\/users\/2"}],"replies":[{"embeddable":true,"href":"https:\/\/www.ladiagonale.net\/index.php\/wp-json\/wp\/v2\/comments?post=11701"}],"version-history":[{"count":1,"href":"https:\/\/www.ladiagonale.net\/index.php\/wp-json\/wp\/v2\/posts\/11701\/revisions"}],"predecessor-version":[{"id":11702,"href":"https:\/\/www.ladiagonale.net\/index.php\/wp-json\/wp\/v2\/posts\/11701\/revisions\/11702"}],"wp:attachment":[{"href":"https:\/\/www.ladiagonale.net\/index.php\/wp-json\/wp\/v2\/media?parent=11701"}],"wp:term":[{"taxonomy":"category","embeddable":true,"href":"https:\/\/www.ladiagonale.net\/index.php\/wp-json\/wp\/v2\/categories?post=11701"},{"taxonomy":"post_tag","embeddable":true,"href":"https:\/\/www.ladiagonale.net\/index.php\/wp-json\/wp\/v2\/tags?post=11701"}],"curies":[{"name":"wp","href":"https:\/\/api.w.org\/{rel}","templated":true}]}}