{"id":11745,"date":"2023-04-21T11:12:10","date_gmt":"2023-04-21T09:12:10","guid":{"rendered":"https:\/\/www.ladiagonale.net\/?p=11745"},"modified":"2023-05-18T12:59:33","modified_gmt":"2023-05-18T10:59:33","slug":"fofana-je-suis-la-derniere-personne-a-penser-a-mon-avenir","status":"publish","type":"post","link":"https:\/\/www.ladiagonale.net\/index.php\/2023\/04\/21\/fofana-je-suis-la-derniere-personne-a-penser-a-mon-avenir\/","title":{"rendered":"Fofana : \u00ab\u00a0Je suis la derni\u00e8re personne \u00e0 penser \u00e0 mon avenir\u00a0\u00bb"},"content":{"rendered":"\n\n\n<p>Youssouf Fofana s\u2019est confi\u00e9 dans <a href=\"https:\/\/www.nicematin.com\/football\/jaime-le-football-de-cruyff-linternational-francais-et-cadre-de-las-monaco-youssouf-fofana-se-livre-avant-le-choc-contre-lens-842597\">un long entretien \u00e0 <em>Nice-Matin<\/em><\/a>. Le milieu de terrain mon\u00e9gasque a notamment \u00e9voqu\u00e9 sa marge de progression, son avenir mais aussi des aspects plus intimes de sa vie, comme son mariage, et de son parcours, <a href=\"https:\/\/www.ladiagonale.net\/index.php\/2022\/09\/24\/fofana-je-suis-revenu-a-clairefontaine-par-la-grande-porte\/\">qu\u2019il avait d\u00e9j\u00e0 \u00e9voqu\u00e9s \u00e0 d\u2019autres occasions<\/a>. Fofana a notamment expliqu\u00e9 son choix de signer \u00e0 Monaco apr\u00e8s Strasbourg : \u00ab&nbsp;<em>C\u2019\u00e9tait la suite logique. Sans manquer de respect \u00e0 Strasbourg, Monaco, c\u2019est une autre dimension dans le football fran\u00e7ais et europ\u00e9en. Je ne voulais pas faire un trop grand pas \u00e0 une p\u00e9riode o\u00f9 beaucoup de joueurs sautaient selon moi des \u00e9tapes. Je voulais rester dans une progression lin\u00e9aire. J\u2019ai avanc\u00e9 \u00e0 ma vitesse, \u00e0 mon rythme. \u00c7a m\u2019a permis de m\u00fbrir. Je veux continuer sur cette pente-l\u00e0 jusqu\u2019\u00e0 ce que mon corps dise stop. Je ne veux pas d\u2019une carri\u00e8re en dent de scie.<\/em>&nbsp;\u00bb<\/p>\n\n\n\n<p>L\u2019international fran\u00e7ais a pris une autre dimension \u00e0 l\u2019ASM et apr\u00e8s trois saisons sur le Rocher, il se dit que son d\u00e9part serait pr\u00e9vu pour cet \u00e9t\u00e9. Mais Fofana n\u2019envisagerait pas n\u00e9cessairement de partir : \u00ab\u00a0<em>J\u2019entends beaucoup \u00e7a \u00e0 mon propos. Mais pourquoi ne pas rester \u00e0 Monaco ? En 2017, l\u2019ASM \u00e9tait la grosse \u00e9quipe du championnat. Pourquoi \u00e7a ne serait pas le cas la saison prochaine ? Et pourquoi pas avec moi ? Tout le monde me dit que c\u2019est le moment de partir ou assure que je vais partir. Mais il y a des joueurs qui sont \u00e0 leur prime et jouent \u00e0 Lyon ou Marseille. Je ne m\u2019interdis rien. Honn\u00eatement, je suis la derni\u00e8re personne \u00e0 penser \u00e0 mon avenir.<\/em>\u00a0\u00bb<\/p>\n\n\n\n<blockquote class=\"wp-block-quote has-vivid-red-color has-text-color\"><p>\u00ab&nbsp;Ici, o<em>n me dit que je suis devenu fain\u00e9ant<\/em>&nbsp;\u00bb<\/p><cite>Youssouf Fofana<\/cite><\/blockquote>\n\n\n\n<p>L&rsquo;ancien Strasbourgeois estime \u00eatre \u00e0 \u00ab&nbsp;<em>75%<\/em>&nbsp;\u00bb de son potentiel et \u00e9voque des paliers \u00e0 franchir mentalement : \u00ab&nbsp;<em>Je peux avoir tendance \u00e0 jouer un peu trop facile ou \u00e0 l\u2019inverse \u00e0 trop cogiter. En fait cette marge se situe avant tout dans ma t\u00eate. Quand j\u2019aurais progress\u00e9 l\u00e0-haut, je me d\u00e9barrasserai de beaucoup de choses.<\/em>&nbsp;\u00bb Pour Fofana, gagner en spontan\u00e9it\u00e9 r\u00e9duirait les fautes techniques : \u00ab&nbsp;<em>J\u2019estime que quand tu es joueur professionnel, tu es forc\u00e9ment technique. Donc si tu fais une faute technique, ce n\u2019est pas parce que tu n\u2019as pas de pied mais parce que tu as trop pens\u00e9. \u00c0 chaque erreur que je fais, je sais que c\u2019est avant tout parce que \u00e7a a trop tourn\u00e9 dans ma t\u00eate. Si j\u2019arrive \u00e0 r\u00e9gler \u00e7a, tout va suivre. Je serai plus juste dans mon jeu, plus serein tactiquement. Quand je ne r\u00e9fl\u00e9chis pas, je gagne plus de ballons dans les duels.<\/em>&nbsp;\u00bb<\/p>\n\n\n\n<p>Et lorsqu\u2019on lui demande s\u2019il pense avoir progress\u00e9 sur le plan tactique, l\u2019int\u00e9ress\u00e9 r\u00e9pond avec une touche d\u2019humour : \u00ab&nbsp;<em>Ici, on me dit que je suis devenu fain\u00e9ant, que je ne cours pas beaucoup (rire). Moi je pense que c\u2019est surtout parce que je suis souvent mieux plac\u00e9, dans les bonnes zones, et j\u2019ai moins d\u2019erreurs \u00e0 rattraper. Je prends \u00e7a comme un compliment !<\/em>&nbsp;\u00bb Le vice-champion du monde prend aussi plus de responsabilit\u00e9s sur le plan offensif et cela il le doit \u00e0 certains de ses mod\u00e8les : \u00ab&nbsp;<em>On me disait que j\u2019avais le coffre pour casser des lignes avec le ballon et Ndomb\u00e9l\u00e9 le faisait naturellement. J\u2019aimais regarder comment il le faisait, \u00e0 quel moment du match. J\u2019observais aussi beaucoup Yaya Tour\u00e9 \u00e0 City. C\u2019\u00e9tait un faux lent. On avait l\u2019impression qu\u2019il \u00e9tait deux de tension alors qu\u2019il \u00e9tait hyper puissant.<\/em>&nbsp;\u00bb<\/p>\n\n\n\n<p>Enfin, Fofana a r\u00e9v\u00e9l\u00e9 \u00eatre un grand amateur du football de Cruyff et de son h\u00e9ritage \u00e0 l\u2019Ajax Amsterdam, et qu\u2019il aimerait avoir l\u2019opportunit\u00e9 de le pratiquer : \u00ab&nbsp;<em>J\u2019aime bien le football de Cruyff. Il y a quelques ann\u00e9es, comment l\u2019Ajax jouait, c\u2019\u00e9tait impeccable. Du jeu de face, deux touches de balle max. Toute l\u2019\u00e9quipe est touch\u00e9e, \u00e7a part vite au sol. Il n\u2019y a presque pas de un-contre-un, on est toujours dans une recherche du joueur libre avec des courses coordonn\u00e9es. Ca, c\u2019est mon football (sourire). Je pars du principe que le ballon va toujours plus vite qu\u2019un joueur. J\u2019aime dynamiser le jeu. Si je peux faire la passe en une touche, pourquoi en utiliser trois? Pour un spectateur, il n\u2019y a rien de plus beau.<\/em>&nbsp;\u00bb<\/p>\n","protected":false},"excerpt":{"rendered":"<p>Youssouf Fofana s\u2019est confi\u00e9 dans un long entretien \u00e0 Nice-Matin. Le milieu de terrain mon\u00e9gasque a notamment \u00e9voqu\u00e9 sa marge de progression, son avenir mais aussi des aspects plus intimes de sa vie, comme son mariage, et de son parcours, qu\u2019il avait d\u00e9j\u00e0 \u00e9voqu\u00e9s \u00e0 d\u2019autres occasions. Fofana a notamment expliqu\u00e9 son choix de signer [&#8230;]\n","protected":false},"author":2,"featured_media":0,"comment_status":"open","ping_status":"open","sticky":false,"template":"","format":"standard","meta":[],"categories":[6],"tags":[86,185,176],"yoast_head":"<!-- This site is optimized with the Yoast SEO plugin v19.8 - https:\/\/yoast.com\/wordpress\/plugins\/seo\/ -->\n<title>Fofana : \u00ab\u00a0Je suis la derni\u00e8re personne \u00e0 penser \u00e0 mon avenir\u00a0\u00bb - La Diagonale<\/title>\n<meta name=\"robots\" content=\"index, follow, max-snippet:-1, max-image-preview:large, max-video-preview:-1\" \/>\n<link rel=\"canonical\" href=\"https:\/\/www.ladiagonale.net\/index.php\/2023\/04\/21\/fofana-je-suis-la-derniere-personne-a-penser-a-mon-avenir\/\" \/>\n<meta property=\"og:locale\" content=\"fr_FR\" \/>\n<meta property=\"og:type\" content=\"article\" \/>\n<meta property=\"og:title\" content=\"Fofana : \u00ab\u00a0Je suis la derni\u00e8re personne \u00e0 penser \u00e0 mon avenir\u00a0\u00bb - La Diagonale\" \/>\n<meta property=\"og:description\" content=\"Youssouf Fofana s\u2019est confi\u00e9 dans un long entretien \u00e0 Nice-Matin. Le milieu de terrain mon\u00e9gasque a notamment \u00e9voqu\u00e9 sa marge de progression, son avenir mais aussi des aspects plus intimes de sa vie, comme son mariage, et de son parcours, qu\u2019il avait d\u00e9j\u00e0 \u00e9voqu\u00e9s \u00e0 d\u2019autres occasions. Fofana a notamment expliqu\u00e9 son choix de signer [...]\" \/>\n<meta property=\"og:url\" content=\"https:\/\/www.ladiagonale.net\/index.php\/2023\/04\/21\/fofana-je-suis-la-derniere-personne-a-penser-a-mon-avenir\/\" \/>\n<meta property=\"og:site_name\" content=\"La Diagonale\" \/>\n<meta property=\"article:published_time\" content=\"2023-04-21T09:12:10+00:00\" \/>\n<meta property=\"article:modified_time\" content=\"2023-05-18T10:59:33+00:00\" \/>\n<meta property=\"og:image\" content=\"https:\/\/www.ladiagonale.net\/wp-content\/uploads\/2022\/11\/fofana.png\" \/>\n\t<meta property=\"og:image:width\" content=\"1160\" \/>\n\t<meta property=\"og:image:height\" content=\"650\" \/>\n\t<meta property=\"og:image:type\" content=\"image\/png\" \/>\n<meta name=\"author\" content=\"Damien Dellerba\" \/>\n<meta name=\"twitter:card\" content=\"summary_large_image\" \/>\n<meta name=\"twitter:image\" content=\"https:\/\/www.ladiagonale.net\/wp-content\/uploads\/2022\/11\/fofana.png\" \/>\n<meta name=\"twitter:label1\" content=\"\u00c9crit par\" \/>\n\t<meta name=\"twitter:data1\" content=\"Damien Dellerba\" \/>\n\t<meta name=\"twitter:label2\" content=\"Dur\u00e9e de lecture estim\u00e9e\" \/>\n\t<meta name=\"twitter:data2\" content=\"4 minutes\" \/>\n<script type=\"application\/ld+json\" class=\"yoast-schema-graph\">{\"@context\":\"https:\/\/schema.org\",\"@graph\":[{\"@type\":\"WebPage\",\"@id\":\"https:\/\/www.ladiagonale.net\/index.php\/2023\/04\/21\/fofana-je-suis-la-derniere-personne-a-penser-a-mon-avenir\/\",\"url\":\"https:\/\/www.ladiagonale.net\/index.php\/2023\/04\/21\/fofana-je-suis-la-derniere-personne-a-penser-a-mon-avenir\/\",\"name\":\"Fofana : \u00ab\u00a0Je suis la derni\u00e8re personne \u00e0 penser \u00e0 mon avenir\u00a0\u00bb - La Diagonale\",\"isPartOf\":{\"@id\":\"https:\/\/www.ladiagonale.net\/#website\"},\"datePublished\":\"2023-04-21T09:12:10+00:00\",\"dateModified\":\"2023-05-18T10:59:33+00:00\",\"author\":{\"@id\":\"https:\/\/www.ladiagonale.net\/#\/schema\/person\/79ff1e7b0853ed01b2aa26e64ad300bf\"},\"breadcrumb\":{\"@id\":\"https:\/\/www.ladiagonale.net\/index.php\/2023\/04\/21\/fofana-je-suis-la-derniere-personne-a-penser-a-mon-avenir\/#breadcrumb\"},\"inLanguage\":\"fr-FR\",\"potentialAction\":[{\"@type\":\"ReadAction\",\"target\":[\"https:\/\/www.ladiagonale.net\/index.php\/2023\/04\/21\/fofana-je-suis-la-derniere-personne-a-penser-a-mon-avenir\/\"]}]},{\"@type\":\"BreadcrumbList\",\"@id\":\"https:\/\/www.ladiagonale.net\/index.php\/2023\/04\/21\/fofana-je-suis-la-derniere-personne-a-penser-a-mon-avenir\/#breadcrumb\",\"itemListElement\":[{\"@type\":\"ListItem\",\"position\":1,\"name\":\"Accueil\",\"item\":\"https:\/\/www.ladiagonale.net\/\"},{\"@type\":\"ListItem\",\"position\":2,\"name\":\"Fofana : \u00ab\u00a0Je suis la derni\u00e8re personne \u00e0 penser \u00e0 mon avenir\u00a0\u00bb\"}]},{\"@type\":\"WebSite\",\"@id\":\"https:\/\/www.ladiagonale.net\/#website\",\"url\":\"https:\/\/www.ladiagonale.net\/\",\"name\":\"La Diagonale\",\"description\":\"Le site des supporters de l&#039;AS Monaco FC\",\"potentialAction\":[{\"@type\":\"SearchAction\",\"target\":{\"@type\":\"EntryPoint\",\"urlTemplate\":\"https:\/\/www.ladiagonale.net\/?s={search_term_string}\"},\"query-input\":\"required name=search_term_string\"}],\"inLanguage\":\"fr-FR\"},{\"@type\":\"Person\",\"@id\":\"https:\/\/www.ladiagonale.net\/#\/schema\/person\/79ff1e7b0853ed01b2aa26e64ad300bf\",\"name\":\"Damien Dellerba\",\"image\":{\"@type\":\"ImageObject\",\"inLanguage\":\"fr-FR\",\"@id\":\"https:\/\/www.ladiagonale.net\/#\/schema\/person\/image\/\",\"url\":\"https:\/\/secure.gravatar.com\/avatar\/c7850e06d3ff63cdbaee88b7fc16e2f0?s=96&d=mm&r=g\",\"contentUrl\":\"https:\/\/secure.gravatar.com\/avatar\/c7850e06d3ff63cdbaee88b7fc16e2f0?s=96&d=mm&r=g\",\"caption\":\"Damien Dellerba\"},\"url\":\"https:\/\/www.ladiagonale.net\/index.php\/author\/damien\/\"}]}<\/script>\n<!-- \/ Yoast SEO plugin. -->","yoast_head_json":{"title":"Fofana : \u00ab\u00a0Je suis la derni\u00e8re personne \u00e0 penser \u00e0 mon avenir\u00a0\u00bb - La Diagonale","robots":{"index":"index","follow":"follow","max-snippet":"max-snippet:-1","max-image-preview":"max-image-preview:large","max-video-preview":"max-video-preview:-1"},"canonical":"https:\/\/www.ladiagonale.net\/index.php\/2023\/04\/21\/fofana-je-suis-la-derniere-personne-a-penser-a-mon-avenir\/","og_locale":"fr_FR","og_type":"article","og_title":"Fofana : \u00ab\u00a0Je suis la derni\u00e8re personne \u00e0 penser \u00e0 mon avenir\u00a0\u00bb - La Diagonale","og_description":"Youssouf Fofana s\u2019est confi\u00e9 dans un long entretien \u00e0 Nice-Matin. Le milieu de terrain mon\u00e9gasque a notamment \u00e9voqu\u00e9 sa marge de progression, son avenir mais aussi des aspects plus intimes de sa vie, comme son mariage, et de son parcours, qu\u2019il avait d\u00e9j\u00e0 \u00e9voqu\u00e9s \u00e0 d\u2019autres occasions. Fofana a notamment expliqu\u00e9 son choix de signer [...]","og_url":"https:\/\/www.ladiagonale.net\/index.php\/2023\/04\/21\/fofana-je-suis-la-derniere-personne-a-penser-a-mon-avenir\/","og_site_name":"La Diagonale","article_published_time":"2023-04-21T09:12:10+00:00","article_modified_time":"2023-05-18T10:59:33+00:00","og_image":[{"width":1160,"height":650,"url":"https:\/\/www.ladiagonale.net\/wp-content\/uploads\/2022\/11\/fofana.png","type":"image\/png"}],"author":"Damien Dellerba","twitter_card":"summary_large_image","twitter_image":"https:\/\/www.ladiagonale.net\/wp-content\/uploads\/2022\/11\/fofana.png","twitter_misc":{"\u00c9crit par":"Damien Dellerba","Dur\u00e9e de lecture estim\u00e9e":"4 minutes"},"schema":{"@context":"https:\/\/schema.org","@graph":[{"@type":"WebPage","@id":"https:\/\/www.ladiagonale.net\/index.php\/2023\/04\/21\/fofana-je-suis-la-derniere-personne-a-penser-a-mon-avenir\/","url":"https:\/\/www.ladiagonale.net\/index.php\/2023\/04\/21\/fofana-je-suis-la-derniere-personne-a-penser-a-mon-avenir\/","name":"Fofana : \u00ab\u00a0Je suis la derni\u00e8re personne \u00e0 penser \u00e0 mon avenir\u00a0\u00bb - La Diagonale","isPartOf":{"@id":"https:\/\/www.ladiagonale.net\/#website"},"datePublished":"2023-04-21T09:12:10+00:00","dateModified":"2023-05-18T10:59:33+00:00","author":{"@id":"https:\/\/www.ladiagonale.net\/#\/schema\/person\/79ff1e7b0853ed01b2aa26e64ad300bf"},"breadcrumb":{"@id":"https:\/\/www.ladiagonale.net\/index.php\/2023\/04\/21\/fofana-je-suis-la-derniere-personne-a-penser-a-mon-avenir\/#breadcrumb"},"inLanguage":"fr-FR","potentialAction":[{"@type":"ReadAction","target":["https:\/\/www.ladiagonale.net\/index.php\/2023\/04\/21\/fofana-je-suis-la-derniere-personne-a-penser-a-mon-avenir\/"]}]},{"@type":"BreadcrumbList","@id":"https:\/\/www.ladiagonale.net\/index.php\/2023\/04\/21\/fofana-je-suis-la-derniere-personne-a-penser-a-mon-avenir\/#breadcrumb","itemListElement":[{"@type":"ListItem","position":1,"name":"Accueil","item":"https:\/\/www.ladiagonale.net\/"},{"@type":"ListItem","position":2,"name":"Fofana : \u00ab\u00a0Je suis la derni\u00e8re personne \u00e0 penser \u00e0 mon avenir\u00a0\u00bb"}]},{"@type":"WebSite","@id":"https:\/\/www.ladiagonale.net\/#website","url":"https:\/\/www.ladiagonale.net\/","name":"La Diagonale","description":"Le site des supporters de l&#039;AS Monaco FC","potentialAction":[{"@type":"SearchAction","target":{"@type":"EntryPoint","urlTemplate":"https:\/\/www.ladiagonale.net\/?s={search_term_string}"},"query-input":"required name=search_term_string"}],"inLanguage":"fr-FR"},{"@type":"Person","@id":"https:\/\/www.ladiagonale.net\/#\/schema\/person\/79ff1e7b0853ed01b2aa26e64ad300bf","name":"Damien Dellerba","image":{"@type":"ImageObject","inLanguage":"fr-FR","@id":"https:\/\/www.ladiagonale.net\/#\/schema\/person\/image\/","url":"https:\/\/secure.gravatar.com\/avatar\/c7850e06d3ff63cdbaee88b7fc16e2f0?s=96&d=mm&r=g","contentUrl":"https:\/\/secure.gravatar.com\/avatar\/c7850e06d3ff63cdbaee88b7fc16e2f0?s=96&d=mm&r=g","caption":"Damien Dellerba"},"url":"https:\/\/www.ladiagonale.net\/index.php\/author\/damien\/"}]}},"_links":{"self":[{"href":"https:\/\/www.ladiagonale.net\/index.php\/wp-json\/wp\/v2\/posts\/11745"}],"collection":[{"href":"https:\/\/www.ladiagonale.net\/index.php\/wp-json\/wp\/v2\/posts"}],"about":[{"href":"https:\/\/www.ladiagonale.net\/index.php\/wp-json\/wp\/v2\/types\/post"}],"author":[{"embeddable":true,"href":"https:\/\/www.ladiagonale.net\/index.php\/wp-json\/wp\/v2\/users\/2"}],"replies":[{"embeddable":true,"href":"https:\/\/www.ladiagonale.net\/index.php\/wp-json\/wp\/v2\/comments?post=11745"}],"version-history":[{"count":2,"href":"https:\/\/www.ladiagonale.net\/index.php\/wp-json\/wp\/v2\/posts\/11745\/revisions"}],"predecessor-version":[{"id":12527,"href":"https:\/\/www.ladiagonale.net\/index.php\/wp-json\/wp\/v2\/posts\/11745\/revisions\/12527"}],"wp:attachment":[{"href":"https:\/\/www.ladiagonale.net\/index.php\/wp-json\/wp\/v2\/media?parent=11745"}],"wp:term":[{"taxonomy":"category","embeddable":true,"href":"https:\/\/www.ladiagonale.net\/index.php\/wp-json\/wp\/v2\/categories?post=11745"},{"taxonomy":"post_tag","embeddable":true,"href":"https:\/\/www.ladiagonale.net\/index.php\/wp-json\/wp\/v2\/tags?post=11745"}],"curies":[{"name":"wp","href":"https:\/\/api.w.org\/{rel}","templated":true}]}}