{"id":11755,"date":"2023-04-21T13:25:03","date_gmt":"2023-04-21T11:25:03","guid":{"rendered":"https:\/\/www.ladiagonale.net\/?p=11755"},"modified":"2023-04-21T13:25:06","modified_gmt":"2023-04-21T11:25:06","slug":"fofana-une-grande-partie-nous-attend","status":"publish","type":"post","link":"https:\/\/www.ladiagonale.net\/index.php\/2023\/04\/21\/fofana-une-grande-partie-nous-attend\/","title":{"rendered":"Fofana : \u00ab Une grande partie nous attend\u00a0\u00bb"},"content":{"rendered":"\n\n\n<p>Dans <a href=\"https:\/\/www.ladiagonale.net\/index.php\/2023\/04\/21\/fofana-je-suis-la-derniere-personne-a-penser-a-mon-avenir\/\">l\u2019entretien qu\u2019il a accord\u00e9 \u00e0 <em>Nice-Matin<\/em><\/a>, Youssouf Fofana a \u00e9galement \u00e9voqu\u00e9 la rencontre de samedi face \u00e0 Lens (21h). Le milieu de terrain juge positivement son prochain adversaire \u00ab\u00a0<em>C\u2019est une bonne formation. Depuis qu\u2019ils sont remont\u00e9s en L1, ils font tr\u00e8s, tr\u00e8s mal. \u00c7a fait deux ans cons\u00e9cutifs qu\u2019ils jouent un grand r\u00f4le dans ce championnat. Leur stade et leurs supporters leur donnent aussi un \u00e9lan de plus. Quand \u00e7a ne se passe pas bien, ils trouvent ce deuxi\u00e8me, voire ce troisi\u00e8me souffle qui leur permet de retourner la situation.<\/em> \u00bb<\/p>\n\n\n\n<p>Fofana sait que l\u2019ASM a souvent du mal face \u00e0 cette \u00e9quipe depuis sa remont\u00e9e en Ligue 1, que ce soit \u00e0 domicile ou dans son antre, et esp\u00e8re inverser la tendance \u00e0 l\u2019occasion de cette 32<sup>e<\/sup> journ\u00e9e de championnat : \u00ab\u00a0<em>De notre c\u00f4t\u00e9, il faudra mettre le pass\u00e9 de c\u00f4t\u00e9, oublier ces cinq matchs sans succ\u00e8s contre eux en championnat. Une grande partie nous attend. On veut mettre toutes les chances de notre c\u00f4t\u00e9 pour le podium.<\/em>\u00a0\u00bb<\/p>\n\n\n\n<p>Si personne \u00e0 Monaco ne veut se risquer \u00e0 \u00e9voquer une rencontre potentiellement d\u00e9cisive dans ce sprint final, le vice-champion du monde sait que les Rouge et Blanc jouent gros. Le match de Lorient a pu rassurer avant d\u2019aborder ce choc : \u00ab\u00a0<em>On devait r\u00e9agir apr\u00e8s nos derni\u00e8res prestations. Je pense au match contre Nantes mais aussi \u00e0 celui contre Ajaccio avant la tr\u00eave, parce que m\u00eame si le r\u00e9sultat \u00e9tait l\u00e0, dans le contenu, ce n\u2019\u00e9tait pas top. On sent tous qu\u2019on est sur la fin du championnat, qu\u2019on n\u2019est pas mal class\u00e9s et qu\u2019il y a moyen de faire quelque chose.<\/em>\u00a0\u00bb<\/p>\n","protected":false},"excerpt":{"rendered":"<p>Dans l\u2019entretien qu\u2019il a accord\u00e9 \u00e0 Nice-Matin, Youssouf Fofana a \u00e9galement \u00e9voqu\u00e9 la rencontre de samedi face \u00e0 Lens (21h). Le milieu de terrain juge positivement son prochain adversaire \u00ab\u00a0C\u2019est une bonne formation. Depuis qu\u2019ils sont remont\u00e9s en L1, ils font tr\u00e8s, tr\u00e8s mal. \u00c7a fait deux ans cons\u00e9cutifs qu\u2019ils jouent un grand r\u00f4le dans [&#8230;]\n","protected":false},"author":2,"featured_media":0,"comment_status":"open","ping_status":"open","sticky":false,"template":"","format":"standard","meta":[],"categories":[6],"tags":[86,499,94,176],"yoast_head":"<!-- This site is optimized with the Yoast SEO plugin v19.8 - https:\/\/yoast.com\/wordpress\/plugins\/seo\/ -->\n<title>Fofana : \u00ab Une grande partie nous attend\u00a0\u00bb - La Diagonale<\/title>\n<meta name=\"robots\" content=\"index, follow, max-snippet:-1, max-image-preview:large, max-video-preview:-1\" \/>\n<link rel=\"canonical\" href=\"https:\/\/www.ladiagonale.net\/index.php\/2023\/04\/21\/fofana-une-grande-partie-nous-attend\/\" \/>\n<meta property=\"og:locale\" content=\"fr_FR\" \/>\n<meta property=\"og:type\" content=\"article\" \/>\n<meta property=\"og:title\" content=\"Fofana : \u00ab Une grande partie nous attend\u00a0\u00bb - La Diagonale\" \/>\n<meta property=\"og:description\" content=\"Dans l\u2019entretien qu\u2019il a accord\u00e9 \u00e0 Nice-Matin, Youssouf Fofana a \u00e9galement \u00e9voqu\u00e9 la rencontre de samedi face \u00e0 Lens (21h). Le milieu de terrain juge positivement son prochain adversaire \u00ab\u00a0C\u2019est une bonne formation. Depuis qu\u2019ils sont remont\u00e9s en L1, ils font tr\u00e8s, tr\u00e8s mal. \u00c7a fait deux ans cons\u00e9cutifs qu\u2019ils jouent un grand r\u00f4le dans [...]\" \/>\n<meta property=\"og:url\" content=\"https:\/\/www.ladiagonale.net\/index.php\/2023\/04\/21\/fofana-une-grande-partie-nous-attend\/\" \/>\n<meta property=\"og:site_name\" content=\"La Diagonale\" \/>\n<meta property=\"article:published_time\" content=\"2023-04-21T11:25:03+00:00\" \/>\n<meta property=\"article:modified_time\" content=\"2023-04-21T11:25:06+00:00\" \/>\n<meta property=\"og:image\" content=\"https:\/\/www.ladiagonale.net\/wp-content\/uploads\/2022\/11\/fofana.png\" \/>\n\t<meta property=\"og:image:width\" content=\"1160\" \/>\n\t<meta property=\"og:image:height\" content=\"650\" \/>\n\t<meta property=\"og:image:type\" content=\"image\/png\" \/>\n<meta name=\"author\" content=\"Damien Dellerba\" \/>\n<meta name=\"twitter:card\" content=\"summary_large_image\" \/>\n<meta name=\"twitter:image\" content=\"https:\/\/www.ladiagonale.net\/wp-content\/uploads\/2022\/11\/fofana.png\" \/>\n<meta name=\"twitter:label1\" content=\"\u00c9crit par\" \/>\n\t<meta name=\"twitter:data1\" content=\"Damien Dellerba\" \/>\n\t<meta name=\"twitter:label2\" content=\"Dur\u00e9e de lecture estim\u00e9e\" \/>\n\t<meta name=\"twitter:data2\" content=\"2 minutes\" \/>\n<script type=\"application\/ld+json\" class=\"yoast-schema-graph\">{\"@context\":\"https:\/\/schema.org\",\"@graph\":[{\"@type\":\"WebPage\",\"@id\":\"https:\/\/www.ladiagonale.net\/index.php\/2023\/04\/21\/fofana-une-grande-partie-nous-attend\/\",\"url\":\"https:\/\/www.ladiagonale.net\/index.php\/2023\/04\/21\/fofana-une-grande-partie-nous-attend\/\",\"name\":\"Fofana : \u00ab Une grande partie nous attend\u00a0\u00bb - La Diagonale\",\"isPartOf\":{\"@id\":\"https:\/\/www.ladiagonale.net\/#website\"},\"datePublished\":\"2023-04-21T11:25:03+00:00\",\"dateModified\":\"2023-04-21T11:25:06+00:00\",\"author\":{\"@id\":\"https:\/\/www.ladiagonale.net\/#\/schema\/person\/79ff1e7b0853ed01b2aa26e64ad300bf\"},\"breadcrumb\":{\"@id\":\"https:\/\/www.ladiagonale.net\/index.php\/2023\/04\/21\/fofana-une-grande-partie-nous-attend\/#breadcrumb\"},\"inLanguage\":\"fr-FR\",\"potentialAction\":[{\"@type\":\"ReadAction\",\"target\":[\"https:\/\/www.ladiagonale.net\/index.php\/2023\/04\/21\/fofana-une-grande-partie-nous-attend\/\"]}]},{\"@type\":\"BreadcrumbList\",\"@id\":\"https:\/\/www.ladiagonale.net\/index.php\/2023\/04\/21\/fofana-une-grande-partie-nous-attend\/#breadcrumb\",\"itemListElement\":[{\"@type\":\"ListItem\",\"position\":1,\"name\":\"Accueil\",\"item\":\"https:\/\/www.ladiagonale.net\/\"},{\"@type\":\"ListItem\",\"position\":2,\"name\":\"Fofana : \u00ab Une grande partie nous attend\u00a0\u00bb\"}]},{\"@type\":\"WebSite\",\"@id\":\"https:\/\/www.ladiagonale.net\/#website\",\"url\":\"https:\/\/www.ladiagonale.net\/\",\"name\":\"La Diagonale\",\"description\":\"Le site des supporters de l&#039;AS Monaco FC\",\"potentialAction\":[{\"@type\":\"SearchAction\",\"target\":{\"@type\":\"EntryPoint\",\"urlTemplate\":\"https:\/\/www.ladiagonale.net\/?s={search_term_string}\"},\"query-input\":\"required name=search_term_string\"}],\"inLanguage\":\"fr-FR\"},{\"@type\":\"Person\",\"@id\":\"https:\/\/www.ladiagonale.net\/#\/schema\/person\/79ff1e7b0853ed01b2aa26e64ad300bf\",\"name\":\"Damien Dellerba\",\"image\":{\"@type\":\"ImageObject\",\"inLanguage\":\"fr-FR\",\"@id\":\"https:\/\/www.ladiagonale.net\/#\/schema\/person\/image\/\",\"url\":\"https:\/\/secure.gravatar.com\/avatar\/c7850e06d3ff63cdbaee88b7fc16e2f0?s=96&d=mm&r=g\",\"contentUrl\":\"https:\/\/secure.gravatar.com\/avatar\/c7850e06d3ff63cdbaee88b7fc16e2f0?s=96&d=mm&r=g\",\"caption\":\"Damien Dellerba\"},\"url\":\"https:\/\/www.ladiagonale.net\/index.php\/author\/damien\/\"}]}<\/script>\n<!-- \/ Yoast SEO plugin. -->","yoast_head_json":{"title":"Fofana : \u00ab Une grande partie nous attend\u00a0\u00bb - La Diagonale","robots":{"index":"index","follow":"follow","max-snippet":"max-snippet:-1","max-image-preview":"max-image-preview:large","max-video-preview":"max-video-preview:-1"},"canonical":"https:\/\/www.ladiagonale.net\/index.php\/2023\/04\/21\/fofana-une-grande-partie-nous-attend\/","og_locale":"fr_FR","og_type":"article","og_title":"Fofana : \u00ab Une grande partie nous attend\u00a0\u00bb - La Diagonale","og_description":"Dans l\u2019entretien qu\u2019il a accord\u00e9 \u00e0 Nice-Matin, Youssouf Fofana a \u00e9galement \u00e9voqu\u00e9 la rencontre de samedi face \u00e0 Lens (21h). Le milieu de terrain juge positivement son prochain adversaire \u00ab\u00a0C\u2019est une bonne formation. Depuis qu\u2019ils sont remont\u00e9s en L1, ils font tr\u00e8s, tr\u00e8s mal. \u00c7a fait deux ans cons\u00e9cutifs qu\u2019ils jouent un grand r\u00f4le dans [...]","og_url":"https:\/\/www.ladiagonale.net\/index.php\/2023\/04\/21\/fofana-une-grande-partie-nous-attend\/","og_site_name":"La Diagonale","article_published_time":"2023-04-21T11:25:03+00:00","article_modified_time":"2023-04-21T11:25:06+00:00","og_image":[{"width":1160,"height":650,"url":"https:\/\/www.ladiagonale.net\/wp-content\/uploads\/2022\/11\/fofana.png","type":"image\/png"}],"author":"Damien Dellerba","twitter_card":"summary_large_image","twitter_image":"https:\/\/www.ladiagonale.net\/wp-content\/uploads\/2022\/11\/fofana.png","twitter_misc":{"\u00c9crit par":"Damien Dellerba","Dur\u00e9e de lecture estim\u00e9e":"2 minutes"},"schema":{"@context":"https:\/\/schema.org","@graph":[{"@type":"WebPage","@id":"https:\/\/www.ladiagonale.net\/index.php\/2023\/04\/21\/fofana-une-grande-partie-nous-attend\/","url":"https:\/\/www.ladiagonale.net\/index.php\/2023\/04\/21\/fofana-une-grande-partie-nous-attend\/","name":"Fofana : \u00ab Une grande partie nous attend\u00a0\u00bb - La Diagonale","isPartOf":{"@id":"https:\/\/www.ladiagonale.net\/#website"},"datePublished":"2023-04-21T11:25:03+00:00","dateModified":"2023-04-21T11:25:06+00:00","author":{"@id":"https:\/\/www.ladiagonale.net\/#\/schema\/person\/79ff1e7b0853ed01b2aa26e64ad300bf"},"breadcrumb":{"@id":"https:\/\/www.ladiagonale.net\/index.php\/2023\/04\/21\/fofana-une-grande-partie-nous-attend\/#breadcrumb"},"inLanguage":"fr-FR","potentialAction":[{"@type":"ReadAction","target":["https:\/\/www.ladiagonale.net\/index.php\/2023\/04\/21\/fofana-une-grande-partie-nous-attend\/"]}]},{"@type":"BreadcrumbList","@id":"https:\/\/www.ladiagonale.net\/index.php\/2023\/04\/21\/fofana-une-grande-partie-nous-attend\/#breadcrumb","itemListElement":[{"@type":"ListItem","position":1,"name":"Accueil","item":"https:\/\/www.ladiagonale.net\/"},{"@type":"ListItem","position":2,"name":"Fofana : \u00ab Une grande partie nous attend\u00a0\u00bb"}]},{"@type":"WebSite","@id":"https:\/\/www.ladiagonale.net\/#website","url":"https:\/\/www.ladiagonale.net\/","name":"La Diagonale","description":"Le site des supporters de l&#039;AS Monaco FC","potentialAction":[{"@type":"SearchAction","target":{"@type":"EntryPoint","urlTemplate":"https:\/\/www.ladiagonale.net\/?s={search_term_string}"},"query-input":"required name=search_term_string"}],"inLanguage":"fr-FR"},{"@type":"Person","@id":"https:\/\/www.ladiagonale.net\/#\/schema\/person\/79ff1e7b0853ed01b2aa26e64ad300bf","name":"Damien Dellerba","image":{"@type":"ImageObject","inLanguage":"fr-FR","@id":"https:\/\/www.ladiagonale.net\/#\/schema\/person\/image\/","url":"https:\/\/secure.gravatar.com\/avatar\/c7850e06d3ff63cdbaee88b7fc16e2f0?s=96&d=mm&r=g","contentUrl":"https:\/\/secure.gravatar.com\/avatar\/c7850e06d3ff63cdbaee88b7fc16e2f0?s=96&d=mm&r=g","caption":"Damien Dellerba"},"url":"https:\/\/www.ladiagonale.net\/index.php\/author\/damien\/"}]}},"_links":{"self":[{"href":"https:\/\/www.ladiagonale.net\/index.php\/wp-json\/wp\/v2\/posts\/11755"}],"collection":[{"href":"https:\/\/www.ladiagonale.net\/index.php\/wp-json\/wp\/v2\/posts"}],"about":[{"href":"https:\/\/www.ladiagonale.net\/index.php\/wp-json\/wp\/v2\/types\/post"}],"author":[{"embeddable":true,"href":"https:\/\/www.ladiagonale.net\/index.php\/wp-json\/wp\/v2\/users\/2"}],"replies":[{"embeddable":true,"href":"https:\/\/www.ladiagonale.net\/index.php\/wp-json\/wp\/v2\/comments?post=11755"}],"version-history":[{"count":1,"href":"https:\/\/www.ladiagonale.net\/index.php\/wp-json\/wp\/v2\/posts\/11755\/revisions"}],"predecessor-version":[{"id":11756,"href":"https:\/\/www.ladiagonale.net\/index.php\/wp-json\/wp\/v2\/posts\/11755\/revisions\/11756"}],"wp:attachment":[{"href":"https:\/\/www.ladiagonale.net\/index.php\/wp-json\/wp\/v2\/media?parent=11755"}],"wp:term":[{"taxonomy":"category","embeddable":true,"href":"https:\/\/www.ladiagonale.net\/index.php\/wp-json\/wp\/v2\/categories?post=11755"},{"taxonomy":"post_tag","embeddable":true,"href":"https:\/\/www.ladiagonale.net\/index.php\/wp-json\/wp\/v2\/tags?post=11755"}],"curies":[{"name":"wp","href":"https:\/\/api.w.org\/{rel}","templated":true}]}}