{"id":11757,"date":"2023-04-21T15:36:04","date_gmt":"2023-04-21T13:36:04","guid":{"rendered":"https:\/\/www.ladiagonale.net\/?p=11757"},"modified":"2023-04-21T17:46:45","modified_gmt":"2023-04-21T15:46:45","slug":"la-date-du-choc-contre-lille-devoilee","status":"publish","type":"post","link":"https:\/\/www.ladiagonale.net\/index.php\/2023\/04\/21\/la-date-du-choc-contre-lille-devoilee\/","title":{"rendered":"La date du choc contre Lille d\u00e9voil\u00e9e"},"content":{"rendered":"\n\n\n<p>La fin de saison de l&rsquo;AS Monaco ne sera pas une sin\u00e9cure. Lors de trois des quatre derni\u00e8res journ\u00e9es, le club de la Principaut\u00e9 affrontera trois \u00e9quipes qui lutteront pour la derni\u00e8re place europ\u00e9enne. Et Monaco d\u00e9butera cette p\u00e9rilleuse s\u00e9rie en 35<sup>e<\/sup> journ\u00e9e avec la r\u00e9ception de Lille, le dimanche 14 mai \u00e0 17h05. La rencontre sera retransmise par <em>Canal+ Foot<\/em>.<\/p>\n\n\n\n<h4 class=\"has-vivid-red-color has-text-color\" style=\"font-style:normal;font-weight:400;text-transform:uppercase\">La programmation compl\u00e8te de la 35e journ\u00e9e de Ligue 1<\/h4>\n\n\n\n<p>Vendredi 12 mai 2023 \u00e0 21h00 sur Prime Video<br>RC Lens \u2013 Stade de Reims<\/p>\n\n\n\n<p>Samedi 13 mai 2023 \u00e0 17h00 sur Prime Video<br>RC Strasbourg Alsace \u2013 OGC Nice<\/p>\n\n\n\n<p>Samedi 13 mai 2023 \u00e0 21h00 sur Canal+ Sport 360 et Canal+ Foot<br>Paris Saint-Germain \u2013 AC Ajaccio<\/p>\n\n\n\n<p>Dimanche 14 mai 2023 \u00e0 13h00 sur Prime Video<br>Clermont Foot 63 \u2013 Olympique Lyonnais<\/p>\n\n\n\n<p>Dimanche 14 mai 2023 \u00e0 15h00 sur Prime Video<br>Stade Brestois 29 \u2013 AJ Auxerre<br>Montpellier H\u00e9rault SC \u2013 FC Lorient<br>Toulouse FC \u2013 FC Nantes<br>Stade Rennais FC \u2013 ESTAC Troyes<\/p>\n\n\n\n<p><strong>Dimanche 14 mai 2023 \u00e0 17h05 sur Canal+ Foot<br>AS Monaco \u2013 LOSC Lille<\/strong><\/p>\n\n\n\n<p>Dimanche 14 mai 2023 \u00e0 20h45 sur Prime Video<br>Olympique de Marseille \u2013 Angers SCO<\/p>\n\n\n\n<h4 class=\"has-vivid-red-color has-text-color\" style=\"font-style:normal;font-weight:400;text-transform:uppercase\">Les autres rencontres<\/h4>\n\n\n\n<ul><li>33<sup>e<\/sup> journ\u00e9e : <a href=\"https:\/\/www.ladiagonale.net\/index.php\/2023\/04\/07\/monaco-montpellier-programme-le-30-avril\/\">Monaco-Montpellier<\/a><\/li><\/ul>\n\n\n\n<ul><li>34<sup>e<\/sup> journ\u00e9e : <a href=\"https:\/\/www.ladiagonale.net\/index.php\/2023\/04\/06\/angers-monaco-programme-le-7-mai\/\">Angers-Monaco<\/a><\/li><\/ul>\n","protected":false},"excerpt":{"rendered":"<p>La fin de saison de l&rsquo;AS Monaco ne sera pas une sin\u00e9cure. Lors de trois des quatre derni\u00e8res journ\u00e9es, le club de la Principaut\u00e9 affrontera trois \u00e9quipes qui lutteront pour la derni\u00e8re place europ\u00e9enne. Et Monaco d\u00e9butera cette p\u00e9rilleuse s\u00e9rie en 35e journ\u00e9e avec la r\u00e9ception de Lille, le dimanche 14 mai \u00e0 17h05. La [&#8230;]\n","protected":false},"author":2,"featured_media":0,"comment_status":"open","ping_status":"open","sticky":false,"template":"","format":"standard","meta":[],"categories":[4,6],"tags":[86,510,94,511],"yoast_head":"<!-- This site is optimized with the Yoast SEO plugin v19.8 - https:\/\/yoast.com\/wordpress\/plugins\/seo\/ -->\n<title>La date du choc contre Lille d\u00e9voil\u00e9e - La Diagonale<\/title>\n<meta name=\"robots\" content=\"index, follow, max-snippet:-1, max-image-preview:large, max-video-preview:-1\" \/>\n<link rel=\"canonical\" href=\"https:\/\/www.ladiagonale.net\/index.php\/2023\/04\/21\/la-date-du-choc-contre-lille-devoilee\/\" \/>\n<meta property=\"og:locale\" content=\"fr_FR\" \/>\n<meta property=\"og:type\" content=\"article\" \/>\n<meta property=\"og:title\" content=\"La date du choc contre Lille d\u00e9voil\u00e9e - La Diagonale\" \/>\n<meta property=\"og:description\" content=\"La fin de saison de l&rsquo;AS Monaco ne sera pas une sin\u00e9cure. Lors de trois des quatre derni\u00e8res journ\u00e9es, le club de la Principaut\u00e9 affrontera trois \u00e9quipes qui lutteront pour la derni\u00e8re place europ\u00e9enne. Et Monaco d\u00e9butera cette p\u00e9rilleuse s\u00e9rie en 35e journ\u00e9e avec la r\u00e9ception de Lille, le dimanche 14 mai \u00e0 17h05. La [...]\" \/>\n<meta property=\"og:url\" content=\"https:\/\/www.ladiagonale.net\/index.php\/2023\/04\/21\/la-date-du-choc-contre-lille-devoilee\/\" \/>\n<meta property=\"og:site_name\" content=\"La Diagonale\" \/>\n<meta property=\"article:published_time\" content=\"2023-04-21T13:36:04+00:00\" \/>\n<meta property=\"article:modified_time\" content=\"2023-04-21T15:46:45+00:00\" \/>\n<meta property=\"og:image\" content=\"https:\/\/www.ladiagonale.net\/wp-content\/uploads\/2022\/09\/ligue1.png\" \/>\n\t<meta property=\"og:image:width\" content=\"1160\" \/>\n\t<meta property=\"og:image:height\" content=\"650\" \/>\n\t<meta property=\"og:image:type\" content=\"image\/png\" \/>\n<meta name=\"author\" content=\"Damien Dellerba\" \/>\n<meta name=\"twitter:card\" content=\"summary_large_image\" \/>\n<meta name=\"twitter:image\" content=\"https:\/\/www.ladiagonale.net\/wp-content\/uploads\/2022\/09\/ligue1.png\" \/>\n<meta name=\"twitter:label1\" content=\"\u00c9crit par\" \/>\n\t<meta name=\"twitter:data1\" content=\"Damien Dellerba\" \/>\n\t<meta name=\"twitter:label2\" content=\"Dur\u00e9e de lecture estim\u00e9e\" \/>\n\t<meta name=\"twitter:data2\" content=\"2 minutes\" \/>\n<script type=\"application\/ld+json\" class=\"yoast-schema-graph\">{\"@context\":\"https:\/\/schema.org\",\"@graph\":[{\"@type\":\"WebPage\",\"@id\":\"https:\/\/www.ladiagonale.net\/index.php\/2023\/04\/21\/la-date-du-choc-contre-lille-devoilee\/\",\"url\":\"https:\/\/www.ladiagonale.net\/index.php\/2023\/04\/21\/la-date-du-choc-contre-lille-devoilee\/\",\"name\":\"La date du choc contre Lille d\u00e9voil\u00e9e - La Diagonale\",\"isPartOf\":{\"@id\":\"https:\/\/www.ladiagonale.net\/#website\"},\"datePublished\":\"2023-04-21T13:36:04+00:00\",\"dateModified\":\"2023-04-21T15:46:45+00:00\",\"author\":{\"@id\":\"https:\/\/www.ladiagonale.net\/#\/schema\/person\/79ff1e7b0853ed01b2aa26e64ad300bf\"},\"breadcrumb\":{\"@id\":\"https:\/\/www.ladiagonale.net\/index.php\/2023\/04\/21\/la-date-du-choc-contre-lille-devoilee\/#breadcrumb\"},\"inLanguage\":\"fr-FR\",\"potentialAction\":[{\"@type\":\"ReadAction\",\"target\":[\"https:\/\/www.ladiagonale.net\/index.php\/2023\/04\/21\/la-date-du-choc-contre-lille-devoilee\/\"]}]},{\"@type\":\"BreadcrumbList\",\"@id\":\"https:\/\/www.ladiagonale.net\/index.php\/2023\/04\/21\/la-date-du-choc-contre-lille-devoilee\/#breadcrumb\",\"itemListElement\":[{\"@type\":\"ListItem\",\"position\":1,\"name\":\"Accueil\",\"item\":\"https:\/\/www.ladiagonale.net\/\"},{\"@type\":\"ListItem\",\"position\":2,\"name\":\"La date du choc contre Lille d\u00e9voil\u00e9e\"}]},{\"@type\":\"WebSite\",\"@id\":\"https:\/\/www.ladiagonale.net\/#website\",\"url\":\"https:\/\/www.ladiagonale.net\/\",\"name\":\"La Diagonale\",\"description\":\"Le site des supporters de l&#039;AS Monaco FC\",\"potentialAction\":[{\"@type\":\"SearchAction\",\"target\":{\"@type\":\"EntryPoint\",\"urlTemplate\":\"https:\/\/www.ladiagonale.net\/?s={search_term_string}\"},\"query-input\":\"required name=search_term_string\"}],\"inLanguage\":\"fr-FR\"},{\"@type\":\"Person\",\"@id\":\"https:\/\/www.ladiagonale.net\/#\/schema\/person\/79ff1e7b0853ed01b2aa26e64ad300bf\",\"name\":\"Damien Dellerba\",\"image\":{\"@type\":\"ImageObject\",\"inLanguage\":\"fr-FR\",\"@id\":\"https:\/\/www.ladiagonale.net\/#\/schema\/person\/image\/\",\"url\":\"https:\/\/secure.gravatar.com\/avatar\/c7850e06d3ff63cdbaee88b7fc16e2f0?s=96&d=mm&r=g\",\"contentUrl\":\"https:\/\/secure.gravatar.com\/avatar\/c7850e06d3ff63cdbaee88b7fc16e2f0?s=96&d=mm&r=g\",\"caption\":\"Damien Dellerba\"},\"url\":\"https:\/\/www.ladiagonale.net\/index.php\/author\/damien\/\"}]}<\/script>\n<!-- \/ Yoast SEO plugin. -->","yoast_head_json":{"title":"La date du choc contre Lille d\u00e9voil\u00e9e - La Diagonale","robots":{"index":"index","follow":"follow","max-snippet":"max-snippet:-1","max-image-preview":"max-image-preview:large","max-video-preview":"max-video-preview:-1"},"canonical":"https:\/\/www.ladiagonale.net\/index.php\/2023\/04\/21\/la-date-du-choc-contre-lille-devoilee\/","og_locale":"fr_FR","og_type":"article","og_title":"La date du choc contre Lille d\u00e9voil\u00e9e - La Diagonale","og_description":"La fin de saison de l&rsquo;AS Monaco ne sera pas une sin\u00e9cure. Lors de trois des quatre derni\u00e8res journ\u00e9es, le club de la Principaut\u00e9 affrontera trois \u00e9quipes qui lutteront pour la derni\u00e8re place europ\u00e9enne. Et Monaco d\u00e9butera cette p\u00e9rilleuse s\u00e9rie en 35e journ\u00e9e avec la r\u00e9ception de Lille, le dimanche 14 mai \u00e0 17h05. La [...]","og_url":"https:\/\/www.ladiagonale.net\/index.php\/2023\/04\/21\/la-date-du-choc-contre-lille-devoilee\/","og_site_name":"La Diagonale","article_published_time":"2023-04-21T13:36:04+00:00","article_modified_time":"2023-04-21T15:46:45+00:00","og_image":[{"width":1160,"height":650,"url":"https:\/\/www.ladiagonale.net\/wp-content\/uploads\/2022\/09\/ligue1.png","type":"image\/png"}],"author":"Damien Dellerba","twitter_card":"summary_large_image","twitter_image":"https:\/\/www.ladiagonale.net\/wp-content\/uploads\/2022\/09\/ligue1.png","twitter_misc":{"\u00c9crit par":"Damien Dellerba","Dur\u00e9e de lecture estim\u00e9e":"2 minutes"},"schema":{"@context":"https:\/\/schema.org","@graph":[{"@type":"WebPage","@id":"https:\/\/www.ladiagonale.net\/index.php\/2023\/04\/21\/la-date-du-choc-contre-lille-devoilee\/","url":"https:\/\/www.ladiagonale.net\/index.php\/2023\/04\/21\/la-date-du-choc-contre-lille-devoilee\/","name":"La date du choc contre Lille d\u00e9voil\u00e9e - La Diagonale","isPartOf":{"@id":"https:\/\/www.ladiagonale.net\/#website"},"datePublished":"2023-04-21T13:36:04+00:00","dateModified":"2023-04-21T15:46:45+00:00","author":{"@id":"https:\/\/www.ladiagonale.net\/#\/schema\/person\/79ff1e7b0853ed01b2aa26e64ad300bf"},"breadcrumb":{"@id":"https:\/\/www.ladiagonale.net\/index.php\/2023\/04\/21\/la-date-du-choc-contre-lille-devoilee\/#breadcrumb"},"inLanguage":"fr-FR","potentialAction":[{"@type":"ReadAction","target":["https:\/\/www.ladiagonale.net\/index.php\/2023\/04\/21\/la-date-du-choc-contre-lille-devoilee\/"]}]},{"@type":"BreadcrumbList","@id":"https:\/\/www.ladiagonale.net\/index.php\/2023\/04\/21\/la-date-du-choc-contre-lille-devoilee\/#breadcrumb","itemListElement":[{"@type":"ListItem","position":1,"name":"Accueil","item":"https:\/\/www.ladiagonale.net\/"},{"@type":"ListItem","position":2,"name":"La date du choc contre Lille d\u00e9voil\u00e9e"}]},{"@type":"WebSite","@id":"https:\/\/www.ladiagonale.net\/#website","url":"https:\/\/www.ladiagonale.net\/","name":"La Diagonale","description":"Le site des supporters de l&#039;AS Monaco FC","potentialAction":[{"@type":"SearchAction","target":{"@type":"EntryPoint","urlTemplate":"https:\/\/www.ladiagonale.net\/?s={search_term_string}"},"query-input":"required name=search_term_string"}],"inLanguage":"fr-FR"},{"@type":"Person","@id":"https:\/\/www.ladiagonale.net\/#\/schema\/person\/79ff1e7b0853ed01b2aa26e64ad300bf","name":"Damien Dellerba","image":{"@type":"ImageObject","inLanguage":"fr-FR","@id":"https:\/\/www.ladiagonale.net\/#\/schema\/person\/image\/","url":"https:\/\/secure.gravatar.com\/avatar\/c7850e06d3ff63cdbaee88b7fc16e2f0?s=96&d=mm&r=g","contentUrl":"https:\/\/secure.gravatar.com\/avatar\/c7850e06d3ff63cdbaee88b7fc16e2f0?s=96&d=mm&r=g","caption":"Damien Dellerba"},"url":"https:\/\/www.ladiagonale.net\/index.php\/author\/damien\/"}]}},"_links":{"self":[{"href":"https:\/\/www.ladiagonale.net\/index.php\/wp-json\/wp\/v2\/posts\/11757"}],"collection":[{"href":"https:\/\/www.ladiagonale.net\/index.php\/wp-json\/wp\/v2\/posts"}],"about":[{"href":"https:\/\/www.ladiagonale.net\/index.php\/wp-json\/wp\/v2\/types\/post"}],"author":[{"embeddable":true,"href":"https:\/\/www.ladiagonale.net\/index.php\/wp-json\/wp\/v2\/users\/2"}],"replies":[{"embeddable":true,"href":"https:\/\/www.ladiagonale.net\/index.php\/wp-json\/wp\/v2\/comments?post=11757"}],"version-history":[{"count":2,"href":"https:\/\/www.ladiagonale.net\/index.php\/wp-json\/wp\/v2\/posts\/11757\/revisions"}],"predecessor-version":[{"id":11760,"href":"https:\/\/www.ladiagonale.net\/index.php\/wp-json\/wp\/v2\/posts\/11757\/revisions\/11760"}],"wp:attachment":[{"href":"https:\/\/www.ladiagonale.net\/index.php\/wp-json\/wp\/v2\/media?parent=11757"}],"wp:term":[{"taxonomy":"category","embeddable":true,"href":"https:\/\/www.ladiagonale.net\/index.php\/wp-json\/wp\/v2\/categories?post=11757"},{"taxonomy":"post_tag","embeddable":true,"href":"https:\/\/www.ladiagonale.net\/index.php\/wp-json\/wp\/v2\/tags?post=11757"}],"curies":[{"name":"wp","href":"https:\/\/api.w.org\/{rel}","templated":true}]}}