{"id":11761,"date":"2023-04-22T07:53:00","date_gmt":"2023-04-22T05:53:00","guid":{"rendered":"https:\/\/www.ladiagonale.net\/?p=11761"},"modified":"2023-04-22T03:31:36","modified_gmt":"2023-04-22T01:31:36","slug":"vaincre-le-signe-indien","status":"publish","type":"post","link":"https:\/\/www.ladiagonale.net\/index.php\/2023\/04\/22\/vaincre-le-signe-indien\/","title":{"rendered":"Vaincre le signe indien"},"content":{"rendered":"\n\n\n<p><strong>Pour cette 32<sup>e<\/sup> journ\u00e9e de Ligue 1, Monaco va retrouver Lens au stade Bollaert, o\u00f9 son dernier passage, en mai 2022, a \u00e9t\u00e9 douloureux et lui a co\u00fbt\u00e9 la qualification directe pour la Ligue des champions.<\/strong><\/p>\n\n\n\n<h4 class=\"has-vivid-red-color has-text-color\" style=\"font-style:normal;font-weight:400;text-transform:uppercase\">Forme et enjeux<\/h4>\n\n\n\n<p>Tirer des le\u00e7ons des erreurs pour ne pas les r\u00e9p\u00e9ter. Cela, Philippe Clement a d\u00fb le marteler souvent en conf\u00e9rence de presse ces derniers mois, face \u00e0 des sc\u00e9narios qui se r\u00e9p\u00e9taient trop fr\u00e9quemment, mais qui, en r\u00e9alit\u00e9, n&rsquo;\u00e9taient en rien nouveaux. Il y en avait d\u00e9j\u00e0 eu quelques pr\u00e9mices la saison derni\u00e8re et le d\u00e9nouement, au soir de la 38<sup>e<\/sup> journ\u00e9e du pr\u00e9c\u00e9dent exercice avec le but de Ganago \u00e0 la 96<sup>e<\/sup> minute, an\u00e9antissant les espoirs mon\u00e9gasques de retrouver la phase de poules de la Ligue des champions, a amplifi\u00e9 le ph\u00e9nom\u00e8ne. Depuis, se faire peur lorsqu&rsquo;il s&rsquo;agit de tenir un r\u00e9sultat semble \u00eatre devenu la marque de fabrique de l&rsquo;ASM. Contre une \u00e9quipe de Lens qui ne nourrit aucun complexe devant Monaco, et apr\u00e8s cette exp\u00e9rience cuisante, il faudra trouver des ressources mentales pour \u00eatre \u00e0 la hauteur de ce choc.<\/p>\n\n\n\n<p>Les Mon\u00e9gasques pourront se servir de la rencontre contre Lorient qu&rsquo;ils ont jou\u00e9 avec beaucoup de calme et sans \u00eatre quasiment jamais inqui\u00e9t\u00e9s. Philippe Clement s&rsquo;est d&rsquo;ailleurs enorgueilli d&rsquo;avoir rendu cette \u00e9quipe de Lorient, certes diminu\u00e9e, totalement impuissante : \u00ab\u00a0<em>Il faudrait regarder le nombre de matchs o\u00f9 Lorient a obtenu aussi peu d\u2019occasions cette saison. Je suis curieux d\u2019avoir cette statistique. Car honn\u00eatement je ne sais pas.<\/em>\u00a0\u00bb. La formation de la Principaut\u00e9 ne peut que regretter un p\u00e9nalty b\u00eatement conc\u00e9d\u00e9 en fin de match par Guillermo Maripan, un \u00ab\u00a0<em>p\u00e9nalty de m****<\/em>\u00a0\u00bb selon son entra\u00eeneur, qui ne l&rsquo;a toujours pas dig\u00e9r\u00e9. Mais d&rsquo;une certaine mani\u00e8re, l&rsquo;ASM s&rsquo;est peut-\u00eatre un peu rassur\u00e9e.<\/p>\n\n\n\n<p>Il n&rsquo;y a qu&rsquo;\u00e0 voir la r\u00e9action du vice-capitaine Axel Disasi, apr\u00e8s que le coup de sifflet final contre Lorient a retenti, qui traduisait une certaine fragilit\u00e9 et la d\u00e9livrance d&rsquo;enfin gagner sans frayeur : \u00ab\u00a0<em>Ce troisi\u00e8me but nous a soulag\u00e9s, parce que s\u2019il y a 2-1 avec le p\u00e9nalty, ce n\u2019est plus la m\u00eame fin de match<\/em>\u00a0\u00bb. Mais Monaco ne pourra pas toujours compter trois buts d&rsquo;avance sur son adversaire pour vivre une fin de rencontre tranquille et il serait tr\u00e8s \u00e9tonnant que cela soit dans le sc\u00e9nario face \u00e0 la formation lensoise qui a retrouv\u00e9 un v\u00e9ritable allant offensif ces derni\u00e8res semaines. Il sera n\u00e9cessaire de puiser une force de caract\u00e8re nouvelle pour bousculer toutes les certitudes de ce championnat de France. Les hommes de Philippe Clement n&rsquo;ont que peu r\u00e9ussi \u00e0 bousculer le trio de t\u00eate cette saison mais il n&rsquo;est jamais trop tard pour mettre un grand coup de pied dans la fourmili\u00e8re pour r\u00e9veiller tout ce petit monde.<\/p>\n\n\n\n<figure class=\"wp-block-image size-full\"><img loading=\"lazy\" width=\"1160\" height=\"650\" src=\"https:\/\/www.ladiagonale.net\/wp-content\/uploads\/2022\/10\/vanderson.png\" alt=\"\" class=\"wp-image-6193\"\/><figcaption><strong><sup>Vanderson fait la moue lors du match aller. Lens corrigera Monaco (1-4) et le Br\u00e9silien sera m\u00eame expuls\u00e9 \u00e0 la 72e minute<\/sup><\/strong><\/figcaption><\/figure>\n\n\n\n<h4 class=\"has-vivid-red-color has-text-color\" style=\"font-style:normal;font-weight:400;text-transform:uppercase\">L&rsquo;adversaire<\/h4>\n\n\n\n<p>Les Lensois r\u00e9alisent une excellente saison. Troisi\u00e8mes avec 63 points, c&rsquo;est l&rsquo;\u00e9quipe qui a perdu le moins de fois cette saison en Ligue 1 (<em>4 d\u00e9faites<\/em>). Apr\u00e8s deux bonnes saisons achev\u00e9es \u00e0 la 7<sup>e<\/sup> place, la m\u00e9thode Franck Haise a fait prendre une nouvelle dimension aux Sang et Or cette ann\u00e9e, au point m\u00eame de r\u00eaver du titre au d\u00e9but de l&rsquo;ann\u00e9e 2023, apr\u00e8s avoir \u00ab&nbsp;<em>chicot\u00e9<\/em>&nbsp;\u00bb le PSG \u00e0 Bollaert (<em>3-1, le 1er janvier<\/em>). Tout cela leur permet de regarder les plus grosses \u00e9quipes de Ligue 1 dans le blanc des yeux, et face \u00e0 ces concurrents directs, Lens a toujours r\u00e9pondu pr\u00e9sent avec une claque inflig\u00e9e \u00e0 Monaco en d\u00e9but de saison (<em>1-4, le 20 ao\u00fbt<\/em>) et une courte victoire contre Marseille (<em>0-1, le 22 octobre<\/em>).<\/p>\n\n\n\n<p>Apr\u00e8s avoir connu un creux entre janvier et f\u00e9vrier, avec quatre matchs sans victoire, le Racing s&rsquo;est repris et a enclench\u00e9 cinq victoires en sept matchs, ce qui leur a permis de menacer \u00e0 nouveau le PSG, avant leur affrontement de la phase retour la semaine derni\u00e8re. Cette fois, les Lensois ont \u00e9t\u00e9 d\u00e9faits par Paris en inf\u00e9riorit\u00e9 num\u00e9rique (3-1), mais ils n&rsquo;ont jamais abdiqu\u00e9 et fait douter le leader du championnat jusqu&rsquo;au bout, en s&rsquo;appuyant sur \u00ab <em>une philosophie de jeu claire<\/em> \u00bb, comme l&rsquo;a rappel\u00e9 Philippe Clement en conf\u00e9rence de presse d&rsquo;avant-match. Mais les Lensois seront priv\u00e9s de Salis Abdul Samed au milieu, suspendu. Moins visible qu&rsquo;un Seko Fofana, l&rsquo;international ghan\u00e9en n&rsquo;en reste pas moins un patron dans l&rsquo;entrejeu lensois et son absence pour les trois prochains matchs, y compris pour le match retour contre Marseille, risque de faire beaucoup de mal \u00e0 Lens.<\/p>\n\n\n\n<h4 class=\"has-vivid-red-color has-text-color\" style=\"font-style:normal;font-weight:400;text-transform:uppercase\">Le joueur \u00e0 surveiller<\/h4>\n\n\n\n<div class=\"wp-block-media-text alignwide is-stacked-on-mobile\" style=\"grid-template-columns:35% auto\"><figure class=\"wp-block-media-text__media\"><img loading=\"lazy\" width=\"700\" height=\"700\" src=\"https:\/\/www.ladiagonale.net\/wp-content\/uploads\/2023\/04\/98729.jpg\" alt=\"\" class=\"wp-image-11748 size-full\"\/><\/figure><div class=\"wp-block-media-text__content\">\n<p style=\"font-size:16px\"><strong>Lo\u00efs Openda &#8211; 23 ans &#8211; Attaquant<\/strong><\/p>\n\n\n\n<p style=\"font-size:15px\">Pour sa premi\u00e8re saison de Ligue 1, Lo\u00efs Openda s\u00e9duit apr\u00e8s des d\u00e9buts timides. Le <em>Diable Rouge<\/em> a inscrit deux tripl\u00e9s cette saison, et notamment le plus rapide de l&rsquo;histoire du championnat de France. L&rsquo;attaquant belge culmine d\u00e9sormais \u00e0 15 buts en championnat et il avait notamment marqu\u00e9 contre Monaco \u00e0 l&rsquo;aller. Philippe Clement, qui l&rsquo;a eu sous ses ordres \u00e0 Bruges, <a href=\"https:\/\/www.ladiagonale.net\/index.php\/2023\/04\/18\/un-interet-pour-openda\/\">m\u00eame si l&rsquo;exp\u00e9rience n&rsquo;a pas \u00e9t\u00e9 positive<\/a>, n&rsquo;en dit que du bien : \u00ab&nbsp;<em>Tout le monde voyait ses qualit\u00e9s. Il est super rapide mais il a aussi une science du but et une rage pour \u00eatre d\u00e9cisif. C\u2019est quelqu\u2019un qui combat toujours dans les moments difficiles et c\u2019est une qualit\u00e9 importante. Il a un tr\u00e8s grand futur.<\/em>&nbsp;\u00bb Monaco serait d&rsquo;ailleurs <a href=\"https:\/\/www.ladiagonale.net\/index.php\/2023\/04\/18\/un-interet-pour-openda\/\">int\u00e9ress\u00e9 par son profil<\/a>.<\/p>\n<\/div><\/div>\n\n\n\n<h4 class=\"has-vivid-red-color has-text-color\" style=\"font-style:normal;font-weight:400;text-transform:uppercase\">L&rsquo;historique<\/h4>\n\n\n\n<p>Samedi (21h), il s&rsquo;agira de la 52<sup>e<\/sup> confrontation entre l&rsquo;AS Monaco et Lens dans le Pas-de-Calais. Les Lensois ont l&rsquo;avantage sur les Mon\u00e9gasques, avec 20 succ\u00e8s contre 11 pour les joueurs de la Principaut\u00e9. Les deux \u00e9quipes se sont \u00e9galement s\u00e9par\u00e9es sur un score nul \u00e0 vingt reprises et c&rsquo;est notamment le cas de trois des cinq derni\u00e8res confrontations. Le match nul semble de rigueur si on remonte plus loin encore, avec sept partages des points sur les dix derni\u00e8res oppositions. Les succ\u00e8s des Rouge et Blanc se font rares puisqu&rsquo;il faut remonter \u00e0 la saison 2014-2015 (0-3), et encore avant \u00e0 la saison 1996-1997 (1-3), lors d&rsquo;une saison qui avait vu le club mon\u00e9gasque remporter son sixi\u00e8me titre de champion de France.<\/p>\n\n\n\n<p>Les deux derni\u00e8res rencontres pourront laisser un souvenir amer aux Rouge et Blanc, puisqu&rsquo;en 38<sup>e<\/sup> journ\u00e9e, les deux r\u00e9sultats nuls ont constitu\u00e9 un frein dans la qu\u00eate de la seconde place et de la Ligue des champions. La plus cruelle d\u00e9sillusion restera celle du mois de mai dernier, avec l&rsquo;\u00e9galisation d&rsquo;Ignatius Ganago dans les toutes derni\u00e8res secondes du match. Ce r\u00e9sultat avait mis fin \u00e0 une superbe s\u00e9rie de neuf victoires cons\u00e9cutives sous Philippe Clement et condamn\u00e9 Monaco \u00e0 un nouveau tour pr\u00e9liminaire en ao\u00fbt, alors que le club de la Principaut\u00e9 avait abord\u00e9 cette derni\u00e8re journ\u00e9e \u00e0 la deuxi\u00e8me place.<\/p>\n\n\n\n<p><strong>Les cinq derni\u00e8res confrontations en Ligue 1 au stade Bollaert<\/strong><\/p>\n\n\n\n<figure class=\"wp-block-table is-style-stripes\"><table><tbody><tr><td class=\"has-text-align-center\" data-align=\"center\">Saison 2021-2022<\/td><td class=\"has-text-align-center\" data-align=\"center\">38<sup>e<\/sup> journ\u00e9e<\/td><td class=\"has-text-align-right\" data-align=\"right\">Lens<\/td><td class=\"has-text-align-center\" data-align=\"center\">2-2<\/td><td class=\"has-text-align-left\" data-align=\"left\">Monaco<\/td><td class=\"has-text-align-center\" data-align=\"center\">\ud83d\udfe1<\/td><\/tr><tr><td class=\"has-text-align-center\" data-align=\"center\">Saison 2020-2021<\/td><td class=\"has-text-align-center\" data-align=\"center\">38<sup>e<\/sup> journ\u00e9e<\/td><td class=\"has-text-align-right\" data-align=\"right\">Lens<\/td><td class=\"has-text-align-center\" data-align=\"center\">0-0<\/td><td class=\"has-text-align-left\" data-align=\"left\">Monaco<\/td><td class=\"has-text-align-center\" data-align=\"center\">\ud83d\udfe1<\/td><\/tr><tr><td class=\"has-text-align-center\" data-align=\"center\">Saison 2014-2015<\/td><td class=\"has-text-align-center\" data-align=\"center\">34<sup>e<\/sup> journ\u00e9e<\/td><td class=\"has-text-align-right\" data-align=\"right\">Lens<\/td><td class=\"has-text-align-center\" data-align=\"center\">0-3<\/td><td class=\"has-text-align-left\" data-align=\"left\">Monaco<\/td><td class=\"has-text-align-center\" data-align=\"center\">\ud83d\udfe2<\/td><\/tr><tr><td class=\"has-text-align-center\" data-align=\"center\">Saison 2010-2011<\/td><td class=\"has-text-align-center\" data-align=\"center\">3<sup>e<\/sup> journ\u00e9e<\/td><td class=\"has-text-align-right\" data-align=\"right\">Lens<\/td><td class=\"has-text-align-center\" data-align=\"center\">2-2<\/td><td class=\"has-text-align-left\" data-align=\"left\">Monaco<\/td><td class=\"has-text-align-center\" data-align=\"center\">\ud83d\udfe1<\/td><\/tr><tr><td class=\"has-text-align-center\" data-align=\"center\">Saison 2009-2010<\/td><td class=\"has-text-align-center\" data-align=\"center\">25<sup>e<\/sup> journ\u00e9e<\/td><td class=\"has-text-align-right\" data-align=\"right\">Lens<\/td><td class=\"has-text-align-center\" data-align=\"center\">3-0<\/td><td class=\"has-text-align-left\" data-align=\"left\">Monaco<\/td><td class=\"has-text-align-center\" data-align=\"center\">\ud83d\udd34<\/td><\/tr><\/tbody><\/table><\/figure>\n\n\n\n<h4 class=\"has-vivid-red-color has-text-color\" style=\"font-style:normal;font-weight:400;text-transform:uppercase\">Les groupes<\/h4>\n\n\n\n<p><strong>Le groupe lensois<\/strong><\/p>\n\n\n\n<p><strong>Gardiens :<\/strong> Leca, Samba.<br><strong>D\u00e9fenseurs :<\/strong> Boura, Danso, Frankowski, Gradit, Ha\u00efdara, Le Cardinal, Machado, Medina.<br><strong>Milieux :<\/strong> Claude-Maurice, Fofana, Fulgini, Onana, Pereira da Costa, Poreba, Thomasson.<br><strong>Attaquants :<\/strong> Buksa, Openda, Sotoca.<\/p>\n\n\n\n<p><em>Absents :<\/em> Abdul Samed (suspendu), Sa\u00efd, Cabot, Farinez (bless\u00e9), Labeau-Lascary (reprise).<\/p>\n\n\n\n<p><strong>Le groupe mon\u00e9gasque<\/strong><\/p>\n\n\n\n<ul><li><strong>Gardiens :<\/strong>&nbsp;Didillon, Lienard, N\u00fcbel.<\/li><li><strong>D\u00e9fenseurs :<\/strong> Aguilar, C. Henrique, Disasi, Jakobs, Maripan, Matsima, Vanderson.<\/li><li><strong>Milieux :<\/strong> Akliouche, Ben Seghir, Camara, Diatta, Diop, Fofana, Golovin, Magassa, Matazo, Minamino.<\/li><li><strong>Attaquants :<\/strong> Ben Yedder, Boadu, Volland.<\/li><\/ul>\n\n\n\n<p><em>Absents :<\/em> Embolo, Sarr (bless\u00e9), G. Martins, J. Lucas, Okou (choix de l\u2019entra\u00eeneur).<\/p>\n\n\n\n<h4 class=\"has-vivid-red-color has-text-color\" style=\"font-style:normal;font-weight:400;text-transform:uppercase\">la d\u00e9claration<\/h4>\n\n\n\n<blockquote class=\"wp-block-quote\"><p>\u00ab&nbsp;<em>Ce n\u2019est pas encore un match d\u00e9cisif. Il y aura encore plusieurs points \u00e0 prendre apr\u00e8s pour les deux \u00e9quipes. Mais c\u2019est un match qui vaut six points, comme \u00e0 chaque fois contre les concurrents directs. C\u2019est \u00e0 la fin de la saison qu\u2019on saura si le r\u00e9sultat a vraiment une incidence. Rien ne dit qu\u2019un match nul ne sera pas int\u00e9ressant \u00e0 la fin. Une chose est claire, nous jouerons pour gagner.<\/em>&nbsp;\u00bb<\/p><cite>Philippe Clement<\/cite><\/blockquote>\n\n\n\n<p>Photos : <em>AS Monaco<\/em><\/p>\n","protected":false},"excerpt":{"rendered":"<p>Pour cette 32e journ\u00e9e de Ligue 1, Monaco va retrouver Lens au stade Bollaert, o\u00f9 son dernier passage, en mai 2022, a \u00e9t\u00e9 douloureux et lui a co\u00fbt\u00e9 la qualification directe pour la Ligue des champions. Forme et enjeux Tirer des le\u00e7ons des erreurs pour ne pas les r\u00e9p\u00e9ter. Cela, Philippe Clement a d\u00fb le [&#8230;]\n","protected":false},"author":2,"featured_media":11768,"comment_status":"open","ping_status":"open","sticky":false,"template":"","format":"standard","meta":[],"categories":[5,6],"tags":[86,206,499,94],"yoast_head":"<!-- This site is optimized with the Yoast SEO plugin v19.8 - https:\/\/yoast.com\/wordpress\/plugins\/seo\/ -->\n<title>Vaincre le signe indien - La Diagonale<\/title>\n<meta name=\"robots\" content=\"index, follow, max-snippet:-1, max-image-preview:large, max-video-preview:-1\" \/>\n<link rel=\"canonical\" href=\"https:\/\/www.ladiagonale.net\/index.php\/2023\/04\/22\/vaincre-le-signe-indien\/\" \/>\n<meta property=\"og:locale\" content=\"fr_FR\" \/>\n<meta property=\"og:type\" content=\"article\" \/>\n<meta property=\"og:title\" content=\"Vaincre le signe indien - La Diagonale\" \/>\n<meta property=\"og:description\" content=\"Pour cette 32e journ\u00e9e de Ligue 1, Monaco va retrouver Lens au stade Bollaert, o\u00f9 son dernier passage, en mai 2022, a \u00e9t\u00e9 douloureux et lui a co\u00fbt\u00e9 la qualification directe pour la Ligue des champions. Forme et enjeux Tirer des le\u00e7ons des erreurs pour ne pas les r\u00e9p\u00e9ter. Cela, Philippe Clement a d\u00fb le [...]\" \/>\n<meta property=\"og:url\" content=\"https:\/\/www.ladiagonale.net\/index.php\/2023\/04\/22\/vaincre-le-signe-indien\/\" \/>\n<meta property=\"og:site_name\" content=\"La Diagonale\" \/>\n<meta property=\"article:published_time\" content=\"2023-04-22T05:53:00+00:00\" \/>\n<meta property=\"article:modified_time\" content=\"2023-04-22T01:31:36+00:00\" \/>\n<meta property=\"og:image\" content=\"https:\/\/www.ladiagonale.net\/wp-content\/uploads\/2023\/04\/asmrcl.png\" \/>\n\t<meta property=\"og:image:width\" content=\"1160\" \/>\n\t<meta property=\"og:image:height\" content=\"650\" \/>\n\t<meta property=\"og:image:type\" content=\"image\/png\" \/>\n<meta name=\"author\" content=\"Damien Dellerba\" \/>\n<meta name=\"twitter:card\" content=\"summary_large_image\" \/>\n<meta name=\"twitter:image\" content=\"https:\/\/www.ladiagonale.net\/wp-content\/uploads\/2023\/04\/asmrcl.png\" \/>\n<meta name=\"twitter:label1\" content=\"\u00c9crit par\" \/>\n\t<meta name=\"twitter:data1\" content=\"Damien Dellerba\" \/>\n\t<meta name=\"twitter:label2\" content=\"Dur\u00e9e de lecture estim\u00e9e\" \/>\n\t<meta name=\"twitter:data2\" content=\"8 minutes\" \/>\n<script type=\"application\/ld+json\" class=\"yoast-schema-graph\">{\"@context\":\"https:\/\/schema.org\",\"@graph\":[{\"@type\":\"WebPage\",\"@id\":\"https:\/\/www.ladiagonale.net\/index.php\/2023\/04\/22\/vaincre-le-signe-indien\/\",\"url\":\"https:\/\/www.ladiagonale.net\/index.php\/2023\/04\/22\/vaincre-le-signe-indien\/\",\"name\":\"Vaincre le signe indien - La Diagonale\",\"isPartOf\":{\"@id\":\"https:\/\/www.ladiagonale.net\/#website\"},\"datePublished\":\"2023-04-22T05:53:00+00:00\",\"dateModified\":\"2023-04-22T01:31:36+00:00\",\"author\":{\"@id\":\"https:\/\/www.ladiagonale.net\/#\/schema\/person\/79ff1e7b0853ed01b2aa26e64ad300bf\"},\"breadcrumb\":{\"@id\":\"https:\/\/www.ladiagonale.net\/index.php\/2023\/04\/22\/vaincre-le-signe-indien\/#breadcrumb\"},\"inLanguage\":\"fr-FR\",\"potentialAction\":[{\"@type\":\"ReadAction\",\"target\":[\"https:\/\/www.ladiagonale.net\/index.php\/2023\/04\/22\/vaincre-le-signe-indien\/\"]}]},{\"@type\":\"BreadcrumbList\",\"@id\":\"https:\/\/www.ladiagonale.net\/index.php\/2023\/04\/22\/vaincre-le-signe-indien\/#breadcrumb\",\"itemListElement\":[{\"@type\":\"ListItem\",\"position\":1,\"name\":\"Accueil\",\"item\":\"https:\/\/www.ladiagonale.net\/\"},{\"@type\":\"ListItem\",\"position\":2,\"name\":\"Vaincre le signe indien\"}]},{\"@type\":\"WebSite\",\"@id\":\"https:\/\/www.ladiagonale.net\/#website\",\"url\":\"https:\/\/www.ladiagonale.net\/\",\"name\":\"La Diagonale\",\"description\":\"Le site des supporters de l&#039;AS Monaco FC\",\"potentialAction\":[{\"@type\":\"SearchAction\",\"target\":{\"@type\":\"EntryPoint\",\"urlTemplate\":\"https:\/\/www.ladiagonale.net\/?s={search_term_string}\"},\"query-input\":\"required name=search_term_string\"}],\"inLanguage\":\"fr-FR\"},{\"@type\":\"Person\",\"@id\":\"https:\/\/www.ladiagonale.net\/#\/schema\/person\/79ff1e7b0853ed01b2aa26e64ad300bf\",\"name\":\"Damien Dellerba\",\"image\":{\"@type\":\"ImageObject\",\"inLanguage\":\"fr-FR\",\"@id\":\"https:\/\/www.ladiagonale.net\/#\/schema\/person\/image\/\",\"url\":\"https:\/\/secure.gravatar.com\/avatar\/c7850e06d3ff63cdbaee88b7fc16e2f0?s=96&d=mm&r=g\",\"contentUrl\":\"https:\/\/secure.gravatar.com\/avatar\/c7850e06d3ff63cdbaee88b7fc16e2f0?s=96&d=mm&r=g\",\"caption\":\"Damien Dellerba\"},\"url\":\"https:\/\/www.ladiagonale.net\/index.php\/author\/damien\/\"}]}<\/script>\n<!-- \/ Yoast SEO plugin. -->","yoast_head_json":{"title":"Vaincre le signe indien - La Diagonale","robots":{"index":"index","follow":"follow","max-snippet":"max-snippet:-1","max-image-preview":"max-image-preview:large","max-video-preview":"max-video-preview:-1"},"canonical":"https:\/\/www.ladiagonale.net\/index.php\/2023\/04\/22\/vaincre-le-signe-indien\/","og_locale":"fr_FR","og_type":"article","og_title":"Vaincre le signe indien - La Diagonale","og_description":"Pour cette 32e journ\u00e9e de Ligue 1, Monaco va retrouver Lens au stade Bollaert, o\u00f9 son dernier passage, en mai 2022, a \u00e9t\u00e9 douloureux et lui a co\u00fbt\u00e9 la qualification directe pour la Ligue des champions. Forme et enjeux Tirer des le\u00e7ons des erreurs pour ne pas les r\u00e9p\u00e9ter. Cela, Philippe Clement a d\u00fb le [...]","og_url":"https:\/\/www.ladiagonale.net\/index.php\/2023\/04\/22\/vaincre-le-signe-indien\/","og_site_name":"La Diagonale","article_published_time":"2023-04-22T05:53:00+00:00","article_modified_time":"2023-04-22T01:31:36+00:00","og_image":[{"width":1160,"height":650,"url":"https:\/\/www.ladiagonale.net\/wp-content\/uploads\/2023\/04\/asmrcl.png","type":"image\/png"}],"author":"Damien Dellerba","twitter_card":"summary_large_image","twitter_image":"https:\/\/www.ladiagonale.net\/wp-content\/uploads\/2023\/04\/asmrcl.png","twitter_misc":{"\u00c9crit par":"Damien Dellerba","Dur\u00e9e de lecture estim\u00e9e":"8 minutes"},"schema":{"@context":"https:\/\/schema.org","@graph":[{"@type":"WebPage","@id":"https:\/\/www.ladiagonale.net\/index.php\/2023\/04\/22\/vaincre-le-signe-indien\/","url":"https:\/\/www.ladiagonale.net\/index.php\/2023\/04\/22\/vaincre-le-signe-indien\/","name":"Vaincre le signe indien - La Diagonale","isPartOf":{"@id":"https:\/\/www.ladiagonale.net\/#website"},"datePublished":"2023-04-22T05:53:00+00:00","dateModified":"2023-04-22T01:31:36+00:00","author":{"@id":"https:\/\/www.ladiagonale.net\/#\/schema\/person\/79ff1e7b0853ed01b2aa26e64ad300bf"},"breadcrumb":{"@id":"https:\/\/www.ladiagonale.net\/index.php\/2023\/04\/22\/vaincre-le-signe-indien\/#breadcrumb"},"inLanguage":"fr-FR","potentialAction":[{"@type":"ReadAction","target":["https:\/\/www.ladiagonale.net\/index.php\/2023\/04\/22\/vaincre-le-signe-indien\/"]}]},{"@type":"BreadcrumbList","@id":"https:\/\/www.ladiagonale.net\/index.php\/2023\/04\/22\/vaincre-le-signe-indien\/#breadcrumb","itemListElement":[{"@type":"ListItem","position":1,"name":"Accueil","item":"https:\/\/www.ladiagonale.net\/"},{"@type":"ListItem","position":2,"name":"Vaincre le signe indien"}]},{"@type":"WebSite","@id":"https:\/\/www.ladiagonale.net\/#website","url":"https:\/\/www.ladiagonale.net\/","name":"La Diagonale","description":"Le site des supporters de l&#039;AS Monaco FC","potentialAction":[{"@type":"SearchAction","target":{"@type":"EntryPoint","urlTemplate":"https:\/\/www.ladiagonale.net\/?s={search_term_string}"},"query-input":"required name=search_term_string"}],"inLanguage":"fr-FR"},{"@type":"Person","@id":"https:\/\/www.ladiagonale.net\/#\/schema\/person\/79ff1e7b0853ed01b2aa26e64ad300bf","name":"Damien Dellerba","image":{"@type":"ImageObject","inLanguage":"fr-FR","@id":"https:\/\/www.ladiagonale.net\/#\/schema\/person\/image\/","url":"https:\/\/secure.gravatar.com\/avatar\/c7850e06d3ff63cdbaee88b7fc16e2f0?s=96&d=mm&r=g","contentUrl":"https:\/\/secure.gravatar.com\/avatar\/c7850e06d3ff63cdbaee88b7fc16e2f0?s=96&d=mm&r=g","caption":"Damien Dellerba"},"url":"https:\/\/www.ladiagonale.net\/index.php\/author\/damien\/"}]}},"_links":{"self":[{"href":"https:\/\/www.ladiagonale.net\/index.php\/wp-json\/wp\/v2\/posts\/11761"}],"collection":[{"href":"https:\/\/www.ladiagonale.net\/index.php\/wp-json\/wp\/v2\/posts"}],"about":[{"href":"https:\/\/www.ladiagonale.net\/index.php\/wp-json\/wp\/v2\/types\/post"}],"author":[{"embeddable":true,"href":"https:\/\/www.ladiagonale.net\/index.php\/wp-json\/wp\/v2\/users\/2"}],"replies":[{"embeddable":true,"href":"https:\/\/www.ladiagonale.net\/index.php\/wp-json\/wp\/v2\/comments?post=11761"}],"version-history":[{"count":6,"href":"https:\/\/www.ladiagonale.net\/index.php\/wp-json\/wp\/v2\/posts\/11761\/revisions"}],"predecessor-version":[{"id":11776,"href":"https:\/\/www.ladiagonale.net\/index.php\/wp-json\/wp\/v2\/posts\/11761\/revisions\/11776"}],"wp:featuredmedia":[{"embeddable":true,"href":"https:\/\/www.ladiagonale.net\/index.php\/wp-json\/wp\/v2\/media\/11768"}],"wp:attachment":[{"href":"https:\/\/www.ladiagonale.net\/index.php\/wp-json\/wp\/v2\/media?parent=11761"}],"wp:term":[{"taxonomy":"category","embeddable":true,"href":"https:\/\/www.ladiagonale.net\/index.php\/wp-json\/wp\/v2\/categories?post=11761"},{"taxonomy":"post_tag","embeddable":true,"href":"https:\/\/www.ladiagonale.net\/index.php\/wp-json\/wp\/v2\/tags?post=11761"}],"curies":[{"name":"wp","href":"https:\/\/api.w.org\/{rel}","templated":true}]}}