{"id":11762,"date":"2023-04-21T19:29:51","date_gmt":"2023-04-21T17:29:51","guid":{"rendered":"https:\/\/www.ladiagonale.net\/?p=11762"},"modified":"2023-04-22T02:14:31","modified_gmt":"2023-04-22T00:14:31","slug":"le-groupe-lensois-sans-said-mais-avec-deux-retours","status":"publish","type":"post","link":"https:\/\/www.ladiagonale.net\/index.php\/2023\/04\/21\/le-groupe-lensois-sans-said-mais-avec-deux-retours\/","title":{"rendered":"Le groupe lensois : sans Sa\u00efd mais avec deux retours"},"content":{"rendered":"\n\n\n<p>Franck Haise, l&rsquo;entra\u00eeneur du RC Lens, a convoqu\u00e9 20 joueurs pour la r\u00e9ception de l&rsquo;AS Monaco ce samedi (21h). Le groupe Sang et Or sera amoindri avec les absences de Salis Abdul Samed, suspendu, et celles de Wesley Sa\u00efd, touch\u00e9 \u00e0 un quadriceps. Ils rejoignent Cabot et Farinez, absents de longue date.<\/p>\n\n\n\n<p>En revanche, Lens enregistre les retours de Julien Le Cardinal et d&rsquo;Adam Buksa. L&rsquo;attaquant polonais, bless\u00e9 depuis la 13<sup>e<\/sup> journ\u00e9e, voit enfin le bout du tunnel.<\/p>\n\n\n\n<p><strong>Le groupe lensois<\/strong><\/p>\n\n\n\n<p><strong>Gardiens :<\/strong> Leca, Samba.<br><strong>D\u00e9fenseurs :<\/strong> Boura, Danso, Frankowski, Gradit, Ha\u00efdara, Le Cardinal, Machado, Medina.<br><strong>Milieux :<\/strong> Claude-Maurice, Fofana, Fulgini, Onana, Pereira da Costa, Poreba, Thomasson.<br><strong>Attaquants :<\/strong> Buksa, Openda, Sotoca.<\/p>\n\n\n\n<p>Absents : Abdul Samed (suspendu), Sa\u00efd, Cabot, Farinez (bless\u00e9), Labeau-Lascary (reprise).<\/p>\n","protected":false},"excerpt":{"rendered":"<p>Franck Haise, l&rsquo;entra\u00eeneur du RC Lens, a convoqu\u00e9 20 joueurs pour la r\u00e9ception de l&rsquo;AS Monaco ce samedi (21h). Le groupe Sang et Or sera amoindri avec les absences de Salis Abdul Samed, suspendu, et celles de Wesley Sa\u00efd, touch\u00e9 \u00e0 un quadriceps. Ils rejoignent Cabot et Farinez, absents de longue date. En revanche, Lens [&#8230;]\n","protected":false},"author":2,"featured_media":0,"comment_status":"open","ping_status":"open","sticky":false,"template":"","format":"standard","meta":[],"categories":[6],"tags":[86,225,499,94],"yoast_head":"<!-- This site is optimized with the Yoast SEO plugin v19.8 - https:\/\/yoast.com\/wordpress\/plugins\/seo\/ -->\n<title>Le groupe lensois : sans Sa\u00efd mais avec deux retours - La Diagonale<\/title>\n<meta name=\"robots\" content=\"index, follow, max-snippet:-1, max-image-preview:large, max-video-preview:-1\" \/>\n<link rel=\"canonical\" href=\"https:\/\/www.ladiagonale.net\/index.php\/2023\/04\/21\/le-groupe-lensois-sans-said-mais-avec-deux-retours\/\" \/>\n<meta property=\"og:locale\" content=\"fr_FR\" \/>\n<meta property=\"og:type\" content=\"article\" \/>\n<meta property=\"og:title\" content=\"Le groupe lensois : sans Sa\u00efd mais avec deux retours - La Diagonale\" \/>\n<meta property=\"og:description\" content=\"Franck Haise, l&rsquo;entra\u00eeneur du RC Lens, a convoqu\u00e9 20 joueurs pour la r\u00e9ception de l&rsquo;AS Monaco ce samedi (21h). Le groupe Sang et Or sera amoindri avec les absences de Salis Abdul Samed, suspendu, et celles de Wesley Sa\u00efd, touch\u00e9 \u00e0 un quadriceps. Ils rejoignent Cabot et Farinez, absents de longue date. En revanche, Lens [...]\" \/>\n<meta property=\"og:url\" content=\"https:\/\/www.ladiagonale.net\/index.php\/2023\/04\/21\/le-groupe-lensois-sans-said-mais-avec-deux-retours\/\" \/>\n<meta property=\"og:site_name\" content=\"La Diagonale\" \/>\n<meta property=\"article:published_time\" content=\"2023-04-21T17:29:51+00:00\" \/>\n<meta property=\"article:modified_time\" content=\"2023-04-22T00:14:31+00:00\" \/>\n<meta property=\"og:image\" content=\"https:\/\/www.ladiagonale.net\/wp-content\/uploads\/2023\/04\/abdul-samed.png\" \/>\n\t<meta property=\"og:image:width\" content=\"1160\" \/>\n\t<meta property=\"og:image:height\" content=\"650\" \/>\n\t<meta property=\"og:image:type\" content=\"image\/png\" \/>\n<meta name=\"author\" content=\"Damien Dellerba\" \/>\n<meta name=\"twitter:card\" content=\"summary_large_image\" \/>\n<meta name=\"twitter:image\" content=\"https:\/\/www.ladiagonale.net\/wp-content\/uploads\/2023\/04\/abdul-samed.png\" \/>\n<meta name=\"twitter:label1\" content=\"\u00c9crit par\" \/>\n\t<meta name=\"twitter:data1\" content=\"Damien Dellerba\" \/>\n\t<meta name=\"twitter:label2\" content=\"Dur\u00e9e de lecture estim\u00e9e\" \/>\n\t<meta name=\"twitter:data2\" content=\"1 minute\" \/>\n<script type=\"application\/ld+json\" class=\"yoast-schema-graph\">{\"@context\":\"https:\/\/schema.org\",\"@graph\":[{\"@type\":\"WebPage\",\"@id\":\"https:\/\/www.ladiagonale.net\/index.php\/2023\/04\/21\/le-groupe-lensois-sans-said-mais-avec-deux-retours\/\",\"url\":\"https:\/\/www.ladiagonale.net\/index.php\/2023\/04\/21\/le-groupe-lensois-sans-said-mais-avec-deux-retours\/\",\"name\":\"Le groupe lensois : sans Sa\u00efd mais avec deux retours - La Diagonale\",\"isPartOf\":{\"@id\":\"https:\/\/www.ladiagonale.net\/#website\"},\"datePublished\":\"2023-04-21T17:29:51+00:00\",\"dateModified\":\"2023-04-22T00:14:31+00:00\",\"author\":{\"@id\":\"https:\/\/www.ladiagonale.net\/#\/schema\/person\/79ff1e7b0853ed01b2aa26e64ad300bf\"},\"breadcrumb\":{\"@id\":\"https:\/\/www.ladiagonale.net\/index.php\/2023\/04\/21\/le-groupe-lensois-sans-said-mais-avec-deux-retours\/#breadcrumb\"},\"inLanguage\":\"fr-FR\",\"potentialAction\":[{\"@type\":\"ReadAction\",\"target\":[\"https:\/\/www.ladiagonale.net\/index.php\/2023\/04\/21\/le-groupe-lensois-sans-said-mais-avec-deux-retours\/\"]}]},{\"@type\":\"BreadcrumbList\",\"@id\":\"https:\/\/www.ladiagonale.net\/index.php\/2023\/04\/21\/le-groupe-lensois-sans-said-mais-avec-deux-retours\/#breadcrumb\",\"itemListElement\":[{\"@type\":\"ListItem\",\"position\":1,\"name\":\"Accueil\",\"item\":\"https:\/\/www.ladiagonale.net\/\"},{\"@type\":\"ListItem\",\"position\":2,\"name\":\"Le groupe lensois : sans Sa\u00efd mais avec deux retours\"}]},{\"@type\":\"WebSite\",\"@id\":\"https:\/\/www.ladiagonale.net\/#website\",\"url\":\"https:\/\/www.ladiagonale.net\/\",\"name\":\"La Diagonale\",\"description\":\"Le site des supporters de l&#039;AS Monaco FC\",\"potentialAction\":[{\"@type\":\"SearchAction\",\"target\":{\"@type\":\"EntryPoint\",\"urlTemplate\":\"https:\/\/www.ladiagonale.net\/?s={search_term_string}\"},\"query-input\":\"required name=search_term_string\"}],\"inLanguage\":\"fr-FR\"},{\"@type\":\"Person\",\"@id\":\"https:\/\/www.ladiagonale.net\/#\/schema\/person\/79ff1e7b0853ed01b2aa26e64ad300bf\",\"name\":\"Damien Dellerba\",\"image\":{\"@type\":\"ImageObject\",\"inLanguage\":\"fr-FR\",\"@id\":\"https:\/\/www.ladiagonale.net\/#\/schema\/person\/image\/\",\"url\":\"https:\/\/secure.gravatar.com\/avatar\/c7850e06d3ff63cdbaee88b7fc16e2f0?s=96&d=mm&r=g\",\"contentUrl\":\"https:\/\/secure.gravatar.com\/avatar\/c7850e06d3ff63cdbaee88b7fc16e2f0?s=96&d=mm&r=g\",\"caption\":\"Damien Dellerba\"},\"url\":\"https:\/\/www.ladiagonale.net\/index.php\/author\/damien\/\"}]}<\/script>\n<!-- \/ Yoast SEO plugin. -->","yoast_head_json":{"title":"Le groupe lensois : sans Sa\u00efd mais avec deux retours - La Diagonale","robots":{"index":"index","follow":"follow","max-snippet":"max-snippet:-1","max-image-preview":"max-image-preview:large","max-video-preview":"max-video-preview:-1"},"canonical":"https:\/\/www.ladiagonale.net\/index.php\/2023\/04\/21\/le-groupe-lensois-sans-said-mais-avec-deux-retours\/","og_locale":"fr_FR","og_type":"article","og_title":"Le groupe lensois : sans Sa\u00efd mais avec deux retours - La Diagonale","og_description":"Franck Haise, l&rsquo;entra\u00eeneur du RC Lens, a convoqu\u00e9 20 joueurs pour la r\u00e9ception de l&rsquo;AS Monaco ce samedi (21h). Le groupe Sang et Or sera amoindri avec les absences de Salis Abdul Samed, suspendu, et celles de Wesley Sa\u00efd, touch\u00e9 \u00e0 un quadriceps. Ils rejoignent Cabot et Farinez, absents de longue date. En revanche, Lens [...]","og_url":"https:\/\/www.ladiagonale.net\/index.php\/2023\/04\/21\/le-groupe-lensois-sans-said-mais-avec-deux-retours\/","og_site_name":"La Diagonale","article_published_time":"2023-04-21T17:29:51+00:00","article_modified_time":"2023-04-22T00:14:31+00:00","og_image":[{"width":1160,"height":650,"url":"https:\/\/www.ladiagonale.net\/wp-content\/uploads\/2023\/04\/abdul-samed.png","type":"image\/png"}],"author":"Damien Dellerba","twitter_card":"summary_large_image","twitter_image":"https:\/\/www.ladiagonale.net\/wp-content\/uploads\/2023\/04\/abdul-samed.png","twitter_misc":{"\u00c9crit par":"Damien Dellerba","Dur\u00e9e de lecture estim\u00e9e":"1 minute"},"schema":{"@context":"https:\/\/schema.org","@graph":[{"@type":"WebPage","@id":"https:\/\/www.ladiagonale.net\/index.php\/2023\/04\/21\/le-groupe-lensois-sans-said-mais-avec-deux-retours\/","url":"https:\/\/www.ladiagonale.net\/index.php\/2023\/04\/21\/le-groupe-lensois-sans-said-mais-avec-deux-retours\/","name":"Le groupe lensois : sans Sa\u00efd mais avec deux retours - La Diagonale","isPartOf":{"@id":"https:\/\/www.ladiagonale.net\/#website"},"datePublished":"2023-04-21T17:29:51+00:00","dateModified":"2023-04-22T00:14:31+00:00","author":{"@id":"https:\/\/www.ladiagonale.net\/#\/schema\/person\/79ff1e7b0853ed01b2aa26e64ad300bf"},"breadcrumb":{"@id":"https:\/\/www.ladiagonale.net\/index.php\/2023\/04\/21\/le-groupe-lensois-sans-said-mais-avec-deux-retours\/#breadcrumb"},"inLanguage":"fr-FR","potentialAction":[{"@type":"ReadAction","target":["https:\/\/www.ladiagonale.net\/index.php\/2023\/04\/21\/le-groupe-lensois-sans-said-mais-avec-deux-retours\/"]}]},{"@type":"BreadcrumbList","@id":"https:\/\/www.ladiagonale.net\/index.php\/2023\/04\/21\/le-groupe-lensois-sans-said-mais-avec-deux-retours\/#breadcrumb","itemListElement":[{"@type":"ListItem","position":1,"name":"Accueil","item":"https:\/\/www.ladiagonale.net\/"},{"@type":"ListItem","position":2,"name":"Le groupe lensois : sans Sa\u00efd mais avec deux retours"}]},{"@type":"WebSite","@id":"https:\/\/www.ladiagonale.net\/#website","url":"https:\/\/www.ladiagonale.net\/","name":"La Diagonale","description":"Le site des supporters de l&#039;AS Monaco FC","potentialAction":[{"@type":"SearchAction","target":{"@type":"EntryPoint","urlTemplate":"https:\/\/www.ladiagonale.net\/?s={search_term_string}"},"query-input":"required name=search_term_string"}],"inLanguage":"fr-FR"},{"@type":"Person","@id":"https:\/\/www.ladiagonale.net\/#\/schema\/person\/79ff1e7b0853ed01b2aa26e64ad300bf","name":"Damien Dellerba","image":{"@type":"ImageObject","inLanguage":"fr-FR","@id":"https:\/\/www.ladiagonale.net\/#\/schema\/person\/image\/","url":"https:\/\/secure.gravatar.com\/avatar\/c7850e06d3ff63cdbaee88b7fc16e2f0?s=96&d=mm&r=g","contentUrl":"https:\/\/secure.gravatar.com\/avatar\/c7850e06d3ff63cdbaee88b7fc16e2f0?s=96&d=mm&r=g","caption":"Damien Dellerba"},"url":"https:\/\/www.ladiagonale.net\/index.php\/author\/damien\/"}]}},"_links":{"self":[{"href":"https:\/\/www.ladiagonale.net\/index.php\/wp-json\/wp\/v2\/posts\/11762"}],"collection":[{"href":"https:\/\/www.ladiagonale.net\/index.php\/wp-json\/wp\/v2\/posts"}],"about":[{"href":"https:\/\/www.ladiagonale.net\/index.php\/wp-json\/wp\/v2\/types\/post"}],"author":[{"embeddable":true,"href":"https:\/\/www.ladiagonale.net\/index.php\/wp-json\/wp\/v2\/users\/2"}],"replies":[{"embeddable":true,"href":"https:\/\/www.ladiagonale.net\/index.php\/wp-json\/wp\/v2\/comments?post=11762"}],"version-history":[{"count":2,"href":"https:\/\/www.ladiagonale.net\/index.php\/wp-json\/wp\/v2\/posts\/11762\/revisions"}],"predecessor-version":[{"id":11767,"href":"https:\/\/www.ladiagonale.net\/index.php\/wp-json\/wp\/v2\/posts\/11762\/revisions\/11767"}],"wp:attachment":[{"href":"https:\/\/www.ladiagonale.net\/index.php\/wp-json\/wp\/v2\/media?parent=11762"}],"wp:term":[{"taxonomy":"category","embeddable":true,"href":"https:\/\/www.ladiagonale.net\/index.php\/wp-json\/wp\/v2\/categories?post=11762"},{"taxonomy":"post_tag","embeddable":true,"href":"https:\/\/www.ladiagonale.net\/index.php\/wp-json\/wp\/v2\/tags?post=11762"}],"curies":[{"name":"wp","href":"https:\/\/api.w.org\/{rel}","templated":true}]}}