{"id":11765,"date":"2023-04-21T19:41:41","date_gmt":"2023-04-21T17:41:41","guid":{"rendered":"https:\/\/www.ladiagonale.net\/?p=11765"},"modified":"2023-04-21T19:41:44","modified_gmt":"2023-04-21T17:41:44","slug":"le-groupe-monegasque-aguilar-fait-son-retour","status":"publish","type":"post","link":"https:\/\/www.ladiagonale.net\/index.php\/2023\/04\/21\/le-groupe-monegasque-aguilar-fait-son-retour\/","title":{"rendered":"Le groupe mon\u00e9gasque : Aguilar fait son retour"},"content":{"rendered":"\n<p>Philippe Clement a convoqu\u00e9 un groupe de 23 joueurs pour le d\u00e9placement \u00e0 Lens ce samedi (21h), \u00e0 l\u2019occasion de la 32<sup>e<\/sup> journ\u00e9e de Ligue 1. Ruben Aguilar effectue son retour dans le groupe apr\u00e8s deux semaines d&rsquo;absence en raison d&rsquo;une g\u00eane aux adducteurs.<\/p>\n\n\n\n<p>Malang Sarr souffre de douleurs abdominales et Gelson Martins, absent r\u00e9cemment pour des raisons personnelles, n&rsquo;est pas dans le groupe, malgr\u00e9 sa pr\u00e9sence \u00e0 l\u2019entra\u00eenement cette semaine. Breel Embolo, victime d&rsquo;une entorse \u00e0 un genou, poursuit sa r\u00e9athl\u00e9tisation.<\/p>\n\n\n\n<p><strong>Le groupe mon\u00e9gasque<\/strong><\/p>\n\n\n\n<ul><li><strong>Gardiens :<\/strong>\u00a0Didillon, Lienard, N\u00fcbel.<\/li><li><strong>D\u00e9fenseurs :<\/strong> Aguilar, C. Henrique, Disasi, Jakobs, Maripan, Matsima, Vanderson.<\/li><li><strong>Milieux :<\/strong> Akliouche, Ben Seghir, Camara, Diatta, Diop, Fofana, Golovin, Magassa, Matazo, Minamino.<\/li><li><strong>Attaquants :<\/strong> Ben Yedder, Boadu, Volland.<\/li><\/ul>\n\n\n\n<p><em>Absents :<\/em> Embolo, Sarr (bless\u00e9), G. Martins, J. Lucas, Okou (choix de l\u2019entra\u00eeneur).<\/p>\n","protected":false},"excerpt":{"rendered":"<p>Philippe Clement a convoqu\u00e9 un groupe de 23 joueurs pour le d\u00e9placement \u00e0 Lens ce samedi (21h), \u00e0 l\u2019occasion de la 32e journ\u00e9e de Ligue 1. Ruben Aguilar effectue son retour dans le groupe apr\u00e8s deux semaines d&rsquo;absence en raison d&rsquo;une g\u00eane aux adducteurs. Malang Sarr souffre de douleurs abdominales et Gelson Martins, absent r\u00e9cemment [&#8230;]\n","protected":false},"author":2,"featured_media":0,"comment_status":"open","ping_status":"open","sticky":false,"template":"","format":"standard","meta":[],"categories":[4,6],"tags":[86,225,499,94],"yoast_head":"<!-- This site is optimized with the Yoast SEO plugin v19.8 - https:\/\/yoast.com\/wordpress\/plugins\/seo\/ -->\n<title>Le groupe mon\u00e9gasque : Aguilar fait son retour - La Diagonale<\/title>\n<meta name=\"robots\" content=\"index, follow, max-snippet:-1, max-image-preview:large, max-video-preview:-1\" \/>\n<link rel=\"canonical\" href=\"https:\/\/www.ladiagonale.net\/index.php\/2023\/04\/21\/le-groupe-monegasque-aguilar-fait-son-retour\/\" \/>\n<meta property=\"og:locale\" content=\"fr_FR\" \/>\n<meta property=\"og:type\" content=\"article\" \/>\n<meta property=\"og:title\" content=\"Le groupe mon\u00e9gasque : Aguilar fait son retour - La Diagonale\" \/>\n<meta property=\"og:description\" content=\"Philippe Clement a convoqu\u00e9 un groupe de 23 joueurs pour le d\u00e9placement \u00e0 Lens ce samedi (21h), \u00e0 l\u2019occasion de la 32e journ\u00e9e de Ligue 1. Ruben Aguilar effectue son retour dans le groupe apr\u00e8s deux semaines d&rsquo;absence en raison d&rsquo;une g\u00eane aux adducteurs. Malang Sarr souffre de douleurs abdominales et Gelson Martins, absent r\u00e9cemment [...]\" \/>\n<meta property=\"og:url\" content=\"https:\/\/www.ladiagonale.net\/index.php\/2023\/04\/21\/le-groupe-monegasque-aguilar-fait-son-retour\/\" \/>\n<meta property=\"og:site_name\" content=\"La Diagonale\" \/>\n<meta property=\"article:published_time\" content=\"2023-04-21T17:41:41+00:00\" \/>\n<meta property=\"article:modified_time\" content=\"2023-04-21T17:41:44+00:00\" \/>\n<meta property=\"og:image\" content=\"https:\/\/www.ladiagonale.net\/wp-content\/uploads\/2022\/11\/aguilar.png\" \/>\n\t<meta property=\"og:image:width\" content=\"1160\" \/>\n\t<meta property=\"og:image:height\" content=\"650\" \/>\n\t<meta property=\"og:image:type\" content=\"image\/png\" \/>\n<meta name=\"author\" content=\"Damien Dellerba\" \/>\n<meta name=\"twitter:card\" content=\"summary_large_image\" \/>\n<meta name=\"twitter:image\" content=\"https:\/\/www.ladiagonale.net\/wp-content\/uploads\/2022\/11\/aguilar.png\" \/>\n<meta name=\"twitter:label1\" content=\"\u00c9crit par\" \/>\n\t<meta name=\"twitter:data1\" content=\"Damien Dellerba\" \/>\n\t<meta name=\"twitter:label2\" content=\"Dur\u00e9e de lecture estim\u00e9e\" \/>\n\t<meta name=\"twitter:data2\" content=\"1 minute\" \/>\n<script type=\"application\/ld+json\" class=\"yoast-schema-graph\">{\"@context\":\"https:\/\/schema.org\",\"@graph\":[{\"@type\":\"WebPage\",\"@id\":\"https:\/\/www.ladiagonale.net\/index.php\/2023\/04\/21\/le-groupe-monegasque-aguilar-fait-son-retour\/\",\"url\":\"https:\/\/www.ladiagonale.net\/index.php\/2023\/04\/21\/le-groupe-monegasque-aguilar-fait-son-retour\/\",\"name\":\"Le groupe mon\u00e9gasque : Aguilar fait son retour - La Diagonale\",\"isPartOf\":{\"@id\":\"https:\/\/www.ladiagonale.net\/#website\"},\"datePublished\":\"2023-04-21T17:41:41+00:00\",\"dateModified\":\"2023-04-21T17:41:44+00:00\",\"author\":{\"@id\":\"https:\/\/www.ladiagonale.net\/#\/schema\/person\/79ff1e7b0853ed01b2aa26e64ad300bf\"},\"breadcrumb\":{\"@id\":\"https:\/\/www.ladiagonale.net\/index.php\/2023\/04\/21\/le-groupe-monegasque-aguilar-fait-son-retour\/#breadcrumb\"},\"inLanguage\":\"fr-FR\",\"potentialAction\":[{\"@type\":\"ReadAction\",\"target\":[\"https:\/\/www.ladiagonale.net\/index.php\/2023\/04\/21\/le-groupe-monegasque-aguilar-fait-son-retour\/\"]}]},{\"@type\":\"BreadcrumbList\",\"@id\":\"https:\/\/www.ladiagonale.net\/index.php\/2023\/04\/21\/le-groupe-monegasque-aguilar-fait-son-retour\/#breadcrumb\",\"itemListElement\":[{\"@type\":\"ListItem\",\"position\":1,\"name\":\"Accueil\",\"item\":\"https:\/\/www.ladiagonale.net\/\"},{\"@type\":\"ListItem\",\"position\":2,\"name\":\"Le groupe mon\u00e9gasque : Aguilar fait son retour\"}]},{\"@type\":\"WebSite\",\"@id\":\"https:\/\/www.ladiagonale.net\/#website\",\"url\":\"https:\/\/www.ladiagonale.net\/\",\"name\":\"La Diagonale\",\"description\":\"Le site des supporters de l&#039;AS Monaco FC\",\"potentialAction\":[{\"@type\":\"SearchAction\",\"target\":{\"@type\":\"EntryPoint\",\"urlTemplate\":\"https:\/\/www.ladiagonale.net\/?s={search_term_string}\"},\"query-input\":\"required name=search_term_string\"}],\"inLanguage\":\"fr-FR\"},{\"@type\":\"Person\",\"@id\":\"https:\/\/www.ladiagonale.net\/#\/schema\/person\/79ff1e7b0853ed01b2aa26e64ad300bf\",\"name\":\"Damien Dellerba\",\"image\":{\"@type\":\"ImageObject\",\"inLanguage\":\"fr-FR\",\"@id\":\"https:\/\/www.ladiagonale.net\/#\/schema\/person\/image\/\",\"url\":\"https:\/\/secure.gravatar.com\/avatar\/c7850e06d3ff63cdbaee88b7fc16e2f0?s=96&d=mm&r=g\",\"contentUrl\":\"https:\/\/secure.gravatar.com\/avatar\/c7850e06d3ff63cdbaee88b7fc16e2f0?s=96&d=mm&r=g\",\"caption\":\"Damien Dellerba\"},\"url\":\"https:\/\/www.ladiagonale.net\/index.php\/author\/damien\/\"}]}<\/script>\n<!-- \/ Yoast SEO plugin. -->","yoast_head_json":{"title":"Le groupe mon\u00e9gasque : Aguilar fait son retour - La Diagonale","robots":{"index":"index","follow":"follow","max-snippet":"max-snippet:-1","max-image-preview":"max-image-preview:large","max-video-preview":"max-video-preview:-1"},"canonical":"https:\/\/www.ladiagonale.net\/index.php\/2023\/04\/21\/le-groupe-monegasque-aguilar-fait-son-retour\/","og_locale":"fr_FR","og_type":"article","og_title":"Le groupe mon\u00e9gasque : Aguilar fait son retour - La Diagonale","og_description":"Philippe Clement a convoqu\u00e9 un groupe de 23 joueurs pour le d\u00e9placement \u00e0 Lens ce samedi (21h), \u00e0 l\u2019occasion de la 32e journ\u00e9e de Ligue 1. Ruben Aguilar effectue son retour dans le groupe apr\u00e8s deux semaines d&rsquo;absence en raison d&rsquo;une g\u00eane aux adducteurs. Malang Sarr souffre de douleurs abdominales et Gelson Martins, absent r\u00e9cemment [...]","og_url":"https:\/\/www.ladiagonale.net\/index.php\/2023\/04\/21\/le-groupe-monegasque-aguilar-fait-son-retour\/","og_site_name":"La Diagonale","article_published_time":"2023-04-21T17:41:41+00:00","article_modified_time":"2023-04-21T17:41:44+00:00","og_image":[{"width":1160,"height":650,"url":"https:\/\/www.ladiagonale.net\/wp-content\/uploads\/2022\/11\/aguilar.png","type":"image\/png"}],"author":"Damien Dellerba","twitter_card":"summary_large_image","twitter_image":"https:\/\/www.ladiagonale.net\/wp-content\/uploads\/2022\/11\/aguilar.png","twitter_misc":{"\u00c9crit par":"Damien Dellerba","Dur\u00e9e de lecture estim\u00e9e":"1 minute"},"schema":{"@context":"https:\/\/schema.org","@graph":[{"@type":"WebPage","@id":"https:\/\/www.ladiagonale.net\/index.php\/2023\/04\/21\/le-groupe-monegasque-aguilar-fait-son-retour\/","url":"https:\/\/www.ladiagonale.net\/index.php\/2023\/04\/21\/le-groupe-monegasque-aguilar-fait-son-retour\/","name":"Le groupe mon\u00e9gasque : Aguilar fait son retour - La Diagonale","isPartOf":{"@id":"https:\/\/www.ladiagonale.net\/#website"},"datePublished":"2023-04-21T17:41:41+00:00","dateModified":"2023-04-21T17:41:44+00:00","author":{"@id":"https:\/\/www.ladiagonale.net\/#\/schema\/person\/79ff1e7b0853ed01b2aa26e64ad300bf"},"breadcrumb":{"@id":"https:\/\/www.ladiagonale.net\/index.php\/2023\/04\/21\/le-groupe-monegasque-aguilar-fait-son-retour\/#breadcrumb"},"inLanguage":"fr-FR","potentialAction":[{"@type":"ReadAction","target":["https:\/\/www.ladiagonale.net\/index.php\/2023\/04\/21\/le-groupe-monegasque-aguilar-fait-son-retour\/"]}]},{"@type":"BreadcrumbList","@id":"https:\/\/www.ladiagonale.net\/index.php\/2023\/04\/21\/le-groupe-monegasque-aguilar-fait-son-retour\/#breadcrumb","itemListElement":[{"@type":"ListItem","position":1,"name":"Accueil","item":"https:\/\/www.ladiagonale.net\/"},{"@type":"ListItem","position":2,"name":"Le groupe mon\u00e9gasque : Aguilar fait son retour"}]},{"@type":"WebSite","@id":"https:\/\/www.ladiagonale.net\/#website","url":"https:\/\/www.ladiagonale.net\/","name":"La Diagonale","description":"Le site des supporters de l&#039;AS Monaco FC","potentialAction":[{"@type":"SearchAction","target":{"@type":"EntryPoint","urlTemplate":"https:\/\/www.ladiagonale.net\/?s={search_term_string}"},"query-input":"required name=search_term_string"}],"inLanguage":"fr-FR"},{"@type":"Person","@id":"https:\/\/www.ladiagonale.net\/#\/schema\/person\/79ff1e7b0853ed01b2aa26e64ad300bf","name":"Damien Dellerba","image":{"@type":"ImageObject","inLanguage":"fr-FR","@id":"https:\/\/www.ladiagonale.net\/#\/schema\/person\/image\/","url":"https:\/\/secure.gravatar.com\/avatar\/c7850e06d3ff63cdbaee88b7fc16e2f0?s=96&d=mm&r=g","contentUrl":"https:\/\/secure.gravatar.com\/avatar\/c7850e06d3ff63cdbaee88b7fc16e2f0?s=96&d=mm&r=g","caption":"Damien Dellerba"},"url":"https:\/\/www.ladiagonale.net\/index.php\/author\/damien\/"}]}},"_links":{"self":[{"href":"https:\/\/www.ladiagonale.net\/index.php\/wp-json\/wp\/v2\/posts\/11765"}],"collection":[{"href":"https:\/\/www.ladiagonale.net\/index.php\/wp-json\/wp\/v2\/posts"}],"about":[{"href":"https:\/\/www.ladiagonale.net\/index.php\/wp-json\/wp\/v2\/types\/post"}],"author":[{"embeddable":true,"href":"https:\/\/www.ladiagonale.net\/index.php\/wp-json\/wp\/v2\/users\/2"}],"replies":[{"embeddable":true,"href":"https:\/\/www.ladiagonale.net\/index.php\/wp-json\/wp\/v2\/comments?post=11765"}],"version-history":[{"count":1,"href":"https:\/\/www.ladiagonale.net\/index.php\/wp-json\/wp\/v2\/posts\/11765\/revisions"}],"predecessor-version":[{"id":11766,"href":"https:\/\/www.ladiagonale.net\/index.php\/wp-json\/wp\/v2\/posts\/11765\/revisions\/11766"}],"wp:attachment":[{"href":"https:\/\/www.ladiagonale.net\/index.php\/wp-json\/wp\/v2\/media?parent=11765"}],"wp:term":[{"taxonomy":"category","embeddable":true,"href":"https:\/\/www.ladiagonale.net\/index.php\/wp-json\/wp\/v2\/categories?post=11765"},{"taxonomy":"post_tag","embeddable":true,"href":"https:\/\/www.ladiagonale.net\/index.php\/wp-json\/wp\/v2\/tags?post=11765"}],"curies":[{"name":"wp","href":"https:\/\/api.w.org\/{rel}","templated":true}]}}