{"id":11777,"date":"2023-04-22T10:19:59","date_gmt":"2023-04-22T08:19:59","guid":{"rendered":"https:\/\/www.ladiagonale.net\/?p=11777"},"modified":"2023-04-22T10:20:02","modified_gmt":"2023-04-22T08:20:02","slug":"les-compositions-selon-la-presse-un-onze-inchange-2","status":"publish","type":"post","link":"https:\/\/www.ladiagonale.net\/index.php\/2023\/04\/22\/les-compositions-selon-la-presse-un-onze-inchange-2\/","title":{"rendered":"Les compositions selon la presse : un onze inchang\u00e9 ?"},"content":{"rendered":"\n<p>La composition de d\u00e9part de l\u2019AS Monaco face \u00e0 Lens ce soir (21h) ne devrait pas beaucoup changer par rapport \u00e0 Lorient. Buteur le week-end pass\u00e9, Kevin Volland a convaincu et devrait \u00eatre titulaire au c\u00f4t\u00e9 de Ben Yedder.<\/p>\n\n\n\n<p><strong>Le onze mon\u00e9gasque selon <em>L\u2019\u00c9quipe<\/em> et <em>Nice-Matin<\/em><\/strong> <strong>(4-4-2) :<\/strong> N\u00fcbel &#8211; Vanderson, Disasi, Maripan, C. Henrique &#8211; Diatta, Fofana, Camara, Golovin &#8211; Volland, Ben Yedder (cap.).<\/p>\n\n\n\n<p>C\u00f4t\u00e9 lensois, il faudra remplacer Salis Abdul Samed au milieu de terrain, un joueur essentiel dans le collectif de Franck Haise. Junior Onana devrait avoir sa chance face \u00e0 Monaco.<\/p>\n\n\n\n<p><strong>Le onze lensois selon <em>L\u2019\u00c9quipe<\/em> et <em>Nice-Matin<\/em> (3-4-2-1) :<\/strong> Samba &#8211; Gradit, Danso, Medina &#8211; Frankowski, Onana, Fofana (cap.), Machado &#8211; Thomasson, Fulgini &#8211; Openda.<\/p>\n","protected":false},"excerpt":{"rendered":"<p>La composition de d\u00e9part de l\u2019AS Monaco face \u00e0 Lens ce soir (21h) ne devrait pas beaucoup changer par rapport \u00e0 Lorient. Buteur le week-end pass\u00e9, Kevin Volland a convaincu et devrait \u00eatre titulaire au c\u00f4t\u00e9 de Ben Yedder. Le onze mon\u00e9gasque selon L\u2019\u00c9quipe et Nice-Matin (4-4-2) : N\u00fcbel &#8211; Vanderson, Disasi, Maripan, C. Henrique [&#8230;]\n","protected":false},"author":2,"featured_media":0,"comment_status":"open","ping_status":"open","sticky":false,"template":"","format":"standard","meta":[],"categories":[6],"tags":[86,213,499,94],"yoast_head":"<!-- This site is optimized with the Yoast SEO plugin v19.8 - https:\/\/yoast.com\/wordpress\/plugins\/seo\/ -->\n<title>Les compositions selon la presse : un onze inchang\u00e9 ? - La Diagonale<\/title>\n<meta name=\"robots\" content=\"index, follow, max-snippet:-1, max-image-preview:large, max-video-preview:-1\" \/>\n<link rel=\"canonical\" href=\"https:\/\/www.ladiagonale.net\/index.php\/2023\/04\/22\/les-compositions-selon-la-presse-un-onze-inchange-2\/\" \/>\n<meta property=\"og:locale\" content=\"fr_FR\" \/>\n<meta property=\"og:type\" content=\"article\" \/>\n<meta property=\"og:title\" content=\"Les compositions selon la presse : un onze inchang\u00e9 ? - La Diagonale\" \/>\n<meta property=\"og:description\" content=\"La composition de d\u00e9part de l\u2019AS Monaco face \u00e0 Lens ce soir (21h) ne devrait pas beaucoup changer par rapport \u00e0 Lorient. Buteur le week-end pass\u00e9, Kevin Volland a convaincu et devrait \u00eatre titulaire au c\u00f4t\u00e9 de Ben Yedder. Le onze mon\u00e9gasque selon L\u2019\u00c9quipe et Nice-Matin (4-4-2) : N\u00fcbel &#8211; Vanderson, Disasi, Maripan, C. Henrique [...]\" \/>\n<meta property=\"og:url\" content=\"https:\/\/www.ladiagonale.net\/index.php\/2023\/04\/22\/les-compositions-selon-la-presse-un-onze-inchange-2\/\" \/>\n<meta property=\"og:site_name\" content=\"La Diagonale\" \/>\n<meta property=\"article:published_time\" content=\"2023-04-22T08:19:59+00:00\" \/>\n<meta property=\"article:modified_time\" content=\"2023-04-22T08:20:02+00:00\" \/>\n<meta property=\"og:image\" content=\"https:\/\/www.ladiagonale.net\/wp-content\/uploads\/2023\/04\/volland.png\" \/>\n\t<meta property=\"og:image:width\" content=\"1160\" \/>\n\t<meta property=\"og:image:height\" content=\"650\" \/>\n\t<meta property=\"og:image:type\" content=\"image\/png\" \/>\n<meta name=\"author\" content=\"Damien Dellerba\" \/>\n<meta name=\"twitter:card\" content=\"summary_large_image\" \/>\n<meta name=\"twitter:image\" content=\"https:\/\/www.ladiagonale.net\/wp-content\/uploads\/2023\/04\/volland.png\" \/>\n<meta name=\"twitter:label1\" content=\"\u00c9crit par\" \/>\n\t<meta name=\"twitter:data1\" content=\"Damien Dellerba\" \/>\n\t<meta name=\"twitter:label2\" content=\"Dur\u00e9e de lecture estim\u00e9e\" \/>\n\t<meta name=\"twitter:data2\" content=\"1 minute\" \/>\n<script type=\"application\/ld+json\" class=\"yoast-schema-graph\">{\"@context\":\"https:\/\/schema.org\",\"@graph\":[{\"@type\":\"WebPage\",\"@id\":\"https:\/\/www.ladiagonale.net\/index.php\/2023\/04\/22\/les-compositions-selon-la-presse-un-onze-inchange-2\/\",\"url\":\"https:\/\/www.ladiagonale.net\/index.php\/2023\/04\/22\/les-compositions-selon-la-presse-un-onze-inchange-2\/\",\"name\":\"Les compositions selon la presse : un onze inchang\u00e9 ? - La Diagonale\",\"isPartOf\":{\"@id\":\"https:\/\/www.ladiagonale.net\/#website\"},\"datePublished\":\"2023-04-22T08:19:59+00:00\",\"dateModified\":\"2023-04-22T08:20:02+00:00\",\"author\":{\"@id\":\"https:\/\/www.ladiagonale.net\/#\/schema\/person\/79ff1e7b0853ed01b2aa26e64ad300bf\"},\"breadcrumb\":{\"@id\":\"https:\/\/www.ladiagonale.net\/index.php\/2023\/04\/22\/les-compositions-selon-la-presse-un-onze-inchange-2\/#breadcrumb\"},\"inLanguage\":\"fr-FR\",\"potentialAction\":[{\"@type\":\"ReadAction\",\"target\":[\"https:\/\/www.ladiagonale.net\/index.php\/2023\/04\/22\/les-compositions-selon-la-presse-un-onze-inchange-2\/\"]}]},{\"@type\":\"BreadcrumbList\",\"@id\":\"https:\/\/www.ladiagonale.net\/index.php\/2023\/04\/22\/les-compositions-selon-la-presse-un-onze-inchange-2\/#breadcrumb\",\"itemListElement\":[{\"@type\":\"ListItem\",\"position\":1,\"name\":\"Accueil\",\"item\":\"https:\/\/www.ladiagonale.net\/\"},{\"@type\":\"ListItem\",\"position\":2,\"name\":\"Les compositions selon la presse : un onze inchang\u00e9 ?\"}]},{\"@type\":\"WebSite\",\"@id\":\"https:\/\/www.ladiagonale.net\/#website\",\"url\":\"https:\/\/www.ladiagonale.net\/\",\"name\":\"La Diagonale\",\"description\":\"Le site des supporters de l&#039;AS Monaco FC\",\"potentialAction\":[{\"@type\":\"SearchAction\",\"target\":{\"@type\":\"EntryPoint\",\"urlTemplate\":\"https:\/\/www.ladiagonale.net\/?s={search_term_string}\"},\"query-input\":\"required name=search_term_string\"}],\"inLanguage\":\"fr-FR\"},{\"@type\":\"Person\",\"@id\":\"https:\/\/www.ladiagonale.net\/#\/schema\/person\/79ff1e7b0853ed01b2aa26e64ad300bf\",\"name\":\"Damien Dellerba\",\"image\":{\"@type\":\"ImageObject\",\"inLanguage\":\"fr-FR\",\"@id\":\"https:\/\/www.ladiagonale.net\/#\/schema\/person\/image\/\",\"url\":\"https:\/\/secure.gravatar.com\/avatar\/c7850e06d3ff63cdbaee88b7fc16e2f0?s=96&d=mm&r=g\",\"contentUrl\":\"https:\/\/secure.gravatar.com\/avatar\/c7850e06d3ff63cdbaee88b7fc16e2f0?s=96&d=mm&r=g\",\"caption\":\"Damien Dellerba\"},\"url\":\"https:\/\/www.ladiagonale.net\/index.php\/author\/damien\/\"}]}<\/script>\n<!-- \/ Yoast SEO plugin. -->","yoast_head_json":{"title":"Les compositions selon la presse : un onze inchang\u00e9 ? - La Diagonale","robots":{"index":"index","follow":"follow","max-snippet":"max-snippet:-1","max-image-preview":"max-image-preview:large","max-video-preview":"max-video-preview:-1"},"canonical":"https:\/\/www.ladiagonale.net\/index.php\/2023\/04\/22\/les-compositions-selon-la-presse-un-onze-inchange-2\/","og_locale":"fr_FR","og_type":"article","og_title":"Les compositions selon la presse : un onze inchang\u00e9 ? - La Diagonale","og_description":"La composition de d\u00e9part de l\u2019AS Monaco face \u00e0 Lens ce soir (21h) ne devrait pas beaucoup changer par rapport \u00e0 Lorient. Buteur le week-end pass\u00e9, Kevin Volland a convaincu et devrait \u00eatre titulaire au c\u00f4t\u00e9 de Ben Yedder. Le onze mon\u00e9gasque selon L\u2019\u00c9quipe et Nice-Matin (4-4-2) : N\u00fcbel &#8211; Vanderson, Disasi, Maripan, C. Henrique [...]","og_url":"https:\/\/www.ladiagonale.net\/index.php\/2023\/04\/22\/les-compositions-selon-la-presse-un-onze-inchange-2\/","og_site_name":"La Diagonale","article_published_time":"2023-04-22T08:19:59+00:00","article_modified_time":"2023-04-22T08:20:02+00:00","og_image":[{"width":1160,"height":650,"url":"https:\/\/www.ladiagonale.net\/wp-content\/uploads\/2023\/04\/volland.png","type":"image\/png"}],"author":"Damien Dellerba","twitter_card":"summary_large_image","twitter_image":"https:\/\/www.ladiagonale.net\/wp-content\/uploads\/2023\/04\/volland.png","twitter_misc":{"\u00c9crit par":"Damien Dellerba","Dur\u00e9e de lecture estim\u00e9e":"1 minute"},"schema":{"@context":"https:\/\/schema.org","@graph":[{"@type":"WebPage","@id":"https:\/\/www.ladiagonale.net\/index.php\/2023\/04\/22\/les-compositions-selon-la-presse-un-onze-inchange-2\/","url":"https:\/\/www.ladiagonale.net\/index.php\/2023\/04\/22\/les-compositions-selon-la-presse-un-onze-inchange-2\/","name":"Les compositions selon la presse : un onze inchang\u00e9 ? - La Diagonale","isPartOf":{"@id":"https:\/\/www.ladiagonale.net\/#website"},"datePublished":"2023-04-22T08:19:59+00:00","dateModified":"2023-04-22T08:20:02+00:00","author":{"@id":"https:\/\/www.ladiagonale.net\/#\/schema\/person\/79ff1e7b0853ed01b2aa26e64ad300bf"},"breadcrumb":{"@id":"https:\/\/www.ladiagonale.net\/index.php\/2023\/04\/22\/les-compositions-selon-la-presse-un-onze-inchange-2\/#breadcrumb"},"inLanguage":"fr-FR","potentialAction":[{"@type":"ReadAction","target":["https:\/\/www.ladiagonale.net\/index.php\/2023\/04\/22\/les-compositions-selon-la-presse-un-onze-inchange-2\/"]}]},{"@type":"BreadcrumbList","@id":"https:\/\/www.ladiagonale.net\/index.php\/2023\/04\/22\/les-compositions-selon-la-presse-un-onze-inchange-2\/#breadcrumb","itemListElement":[{"@type":"ListItem","position":1,"name":"Accueil","item":"https:\/\/www.ladiagonale.net\/"},{"@type":"ListItem","position":2,"name":"Les compositions selon la presse : un onze inchang\u00e9 ?"}]},{"@type":"WebSite","@id":"https:\/\/www.ladiagonale.net\/#website","url":"https:\/\/www.ladiagonale.net\/","name":"La Diagonale","description":"Le site des supporters de l&#039;AS Monaco FC","potentialAction":[{"@type":"SearchAction","target":{"@type":"EntryPoint","urlTemplate":"https:\/\/www.ladiagonale.net\/?s={search_term_string}"},"query-input":"required name=search_term_string"}],"inLanguage":"fr-FR"},{"@type":"Person","@id":"https:\/\/www.ladiagonale.net\/#\/schema\/person\/79ff1e7b0853ed01b2aa26e64ad300bf","name":"Damien Dellerba","image":{"@type":"ImageObject","inLanguage":"fr-FR","@id":"https:\/\/www.ladiagonale.net\/#\/schema\/person\/image\/","url":"https:\/\/secure.gravatar.com\/avatar\/c7850e06d3ff63cdbaee88b7fc16e2f0?s=96&d=mm&r=g","contentUrl":"https:\/\/secure.gravatar.com\/avatar\/c7850e06d3ff63cdbaee88b7fc16e2f0?s=96&d=mm&r=g","caption":"Damien Dellerba"},"url":"https:\/\/www.ladiagonale.net\/index.php\/author\/damien\/"}]}},"_links":{"self":[{"href":"https:\/\/www.ladiagonale.net\/index.php\/wp-json\/wp\/v2\/posts\/11777"}],"collection":[{"href":"https:\/\/www.ladiagonale.net\/index.php\/wp-json\/wp\/v2\/posts"}],"about":[{"href":"https:\/\/www.ladiagonale.net\/index.php\/wp-json\/wp\/v2\/types\/post"}],"author":[{"embeddable":true,"href":"https:\/\/www.ladiagonale.net\/index.php\/wp-json\/wp\/v2\/users\/2"}],"replies":[{"embeddable":true,"href":"https:\/\/www.ladiagonale.net\/index.php\/wp-json\/wp\/v2\/comments?post=11777"}],"version-history":[{"count":2,"href":"https:\/\/www.ladiagonale.net\/index.php\/wp-json\/wp\/v2\/posts\/11777\/revisions"}],"predecessor-version":[{"id":11779,"href":"https:\/\/www.ladiagonale.net\/index.php\/wp-json\/wp\/v2\/posts\/11777\/revisions\/11779"}],"wp:attachment":[{"href":"https:\/\/www.ladiagonale.net\/index.php\/wp-json\/wp\/v2\/media?parent=11777"}],"wp:term":[{"taxonomy":"category","embeddable":true,"href":"https:\/\/www.ladiagonale.net\/index.php\/wp-json\/wp\/v2\/categories?post=11777"},{"taxonomy":"post_tag","embeddable":true,"href":"https:\/\/www.ladiagonale.net\/index.php\/wp-json\/wp\/v2\/tags?post=11777"}],"curies":[{"name":"wp","href":"https:\/\/api.w.org\/{rel}","templated":true}]}}