{"id":11795,"date":"2023-04-22T18:24:04","date_gmt":"2023-04-22T16:24:04","guid":{"rendered":"https:\/\/www.ladiagonale.net\/?p=11795"},"modified":"2023-04-22T18:24:08","modified_gmt":"2023-04-22T16:24:08","slug":"jean-lucas-se-serait-mis-daccord-avec-le-sporting-portugal","status":"publish","type":"post","link":"https:\/\/www.ladiagonale.net\/index.php\/2023\/04\/22\/jean-lucas-se-serait-mis-daccord-avec-le-sporting-portugal\/","title":{"rendered":"Jean Lucas se serait mis d&rsquo;accord avec le Sporting Portugal"},"content":{"rendered":"\n\n\n<p>L&rsquo;avenir de Jean Lucas n&rsquo;est pas \u00e0 l&rsquo;AS Monaco. Le milieu de terrain de 24 ans n&rsquo;a plus \u00e9t\u00e9 retenu par Philippe Clement depuis la reprise du championnat en d\u00e9cembre, et il avait fait sa derni\u00e8re apparition sous le maillot mon\u00e9gasque contre Ferencvaros en Ligue Europa (<em>1-1, le 27 octobre 2022<\/em>). Sous contrat avec le club de la Principaut\u00e9 jusqu&rsquo;en juin 2026, Jean Lucas fait l&rsquo;objet d&rsquo;un int\u00e9r\u00eat prononc\u00e9 de la part du Sporting Portugal et de son entra\u00eeneur, Ruben Amorim. Selon <em>A Bola<\/em>, le Br\u00e9silien se serait m\u00eame d\u00e9j\u00e0 entendu sur un contrat de cinq ans avec le club portugais.<\/p>\n\n\n\n<p>Reste d\u00e9sormais \u00e0 convaincre l&rsquo;AS Monaco avec un montant de transfert qui sera de nature \u00e0 satisfaire les dirigeants as\u00e9mistes. Selon le quotidien portugais, des tractations entre les deux clubs se poursuivraient autour d&rsquo;un montant de sept millions d&rsquo;euros. Cet hiver, <a href=\"https:\/\/www.ladiagonale.net\/index.php\/2023\/01\/30\/monaco-inflexible-pour-jean-lucas\/\">plusieurs offres avaient \u00e9t\u00e9 formul\u00e9es pour Jean Lucas<\/a> mais aucune n&rsquo;avait convaincu l&rsquo;ASM, qui esp\u00e9rait r\u00e9cup\u00e9rer un peu plus de six millions d&rsquo;euros. R\u00e9cemment, <a href=\"https:\/\/www.ladiagonale.net\/index.php\/2023\/03\/22\/santos-proche-de-jeter-leponge-pour-jean-lucas\/\">Santos avait esp\u00e9r\u00e9 obtenir le pr\u00eat<\/a> de l&rsquo;ancien Lyonnais, sans succ\u00e8s. <\/p>\n","protected":false},"excerpt":{"rendered":"<p>L&rsquo;avenir de Jean Lucas n&rsquo;est pas \u00e0 l&rsquo;AS Monaco. Le milieu de terrain de 24 ans n&rsquo;a plus \u00e9t\u00e9 retenu par Philippe Clement depuis la reprise du championnat en d\u00e9cembre, et il avait fait sa derni\u00e8re apparition sous le maillot mon\u00e9gasque contre Ferencvaros en Ligue Europa (1-1, le 27 octobre 2022). Sous contrat avec le [&#8230;]\n","protected":false},"author":2,"featured_media":0,"comment_status":"open","ping_status":"open","sticky":false,"template":"","format":"standard","meta":[],"categories":[6],"tags":[86,262,111,110],"yoast_head":"<!-- This site is optimized with the Yoast SEO plugin v19.8 - https:\/\/yoast.com\/wordpress\/plugins\/seo\/ -->\n<title>Jean Lucas se serait mis d&#039;accord avec le Sporting Portugal - La Diagonale<\/title>\n<meta name=\"robots\" content=\"index, follow, max-snippet:-1, max-image-preview:large, max-video-preview:-1\" \/>\n<link rel=\"canonical\" href=\"https:\/\/www.ladiagonale.net\/index.php\/2023\/04\/22\/jean-lucas-se-serait-mis-daccord-avec-le-sporting-portugal\/\" \/>\n<meta property=\"og:locale\" content=\"fr_FR\" \/>\n<meta property=\"og:type\" content=\"article\" \/>\n<meta property=\"og:title\" content=\"Jean Lucas se serait mis d&#039;accord avec le Sporting Portugal - La Diagonale\" \/>\n<meta property=\"og:description\" content=\"L&rsquo;avenir de Jean Lucas n&rsquo;est pas \u00e0 l&rsquo;AS Monaco. Le milieu de terrain de 24 ans n&rsquo;a plus \u00e9t\u00e9 retenu par Philippe Clement depuis la reprise du championnat en d\u00e9cembre, et il avait fait sa derni\u00e8re apparition sous le maillot mon\u00e9gasque contre Ferencvaros en Ligue Europa (1-1, le 27 octobre 2022). Sous contrat avec le [...]\" \/>\n<meta property=\"og:url\" content=\"https:\/\/www.ladiagonale.net\/index.php\/2023\/04\/22\/jean-lucas-se-serait-mis-daccord-avec-le-sporting-portugal\/\" \/>\n<meta property=\"og:site_name\" content=\"La Diagonale\" \/>\n<meta property=\"article:published_time\" content=\"2023-04-22T16:24:04+00:00\" \/>\n<meta property=\"article:modified_time\" content=\"2023-04-22T16:24:08+00:00\" \/>\n<meta property=\"og:image\" content=\"https:\/\/www.ladiagonale.net\/wp-content\/uploads\/2022\/12\/jlucas.png\" \/>\n\t<meta property=\"og:image:width\" content=\"1160\" \/>\n\t<meta property=\"og:image:height\" content=\"650\" \/>\n\t<meta property=\"og:image:type\" content=\"image\/png\" \/>\n<meta name=\"author\" content=\"Damien Dellerba\" \/>\n<meta name=\"twitter:card\" content=\"summary_large_image\" \/>\n<meta name=\"twitter:image\" content=\"https:\/\/www.ladiagonale.net\/wp-content\/uploads\/2022\/12\/jlucas.png\" \/>\n<meta name=\"twitter:label1\" content=\"\u00c9crit par\" \/>\n\t<meta name=\"twitter:data1\" content=\"Damien Dellerba\" \/>\n\t<meta name=\"twitter:label2\" content=\"Dur\u00e9e de lecture estim\u00e9e\" \/>\n\t<meta name=\"twitter:data2\" content=\"1 minute\" \/>\n<script type=\"application\/ld+json\" class=\"yoast-schema-graph\">{\"@context\":\"https:\/\/schema.org\",\"@graph\":[{\"@type\":\"WebPage\",\"@id\":\"https:\/\/www.ladiagonale.net\/index.php\/2023\/04\/22\/jean-lucas-se-serait-mis-daccord-avec-le-sporting-portugal\/\",\"url\":\"https:\/\/www.ladiagonale.net\/index.php\/2023\/04\/22\/jean-lucas-se-serait-mis-daccord-avec-le-sporting-portugal\/\",\"name\":\"Jean Lucas se serait mis d'accord avec le Sporting Portugal - La Diagonale\",\"isPartOf\":{\"@id\":\"https:\/\/www.ladiagonale.net\/#website\"},\"datePublished\":\"2023-04-22T16:24:04+00:00\",\"dateModified\":\"2023-04-22T16:24:08+00:00\",\"author\":{\"@id\":\"https:\/\/www.ladiagonale.net\/#\/schema\/person\/79ff1e7b0853ed01b2aa26e64ad300bf\"},\"breadcrumb\":{\"@id\":\"https:\/\/www.ladiagonale.net\/index.php\/2023\/04\/22\/jean-lucas-se-serait-mis-daccord-avec-le-sporting-portugal\/#breadcrumb\"},\"inLanguage\":\"fr-FR\",\"potentialAction\":[{\"@type\":\"ReadAction\",\"target\":[\"https:\/\/www.ladiagonale.net\/index.php\/2023\/04\/22\/jean-lucas-se-serait-mis-daccord-avec-le-sporting-portugal\/\"]}]},{\"@type\":\"BreadcrumbList\",\"@id\":\"https:\/\/www.ladiagonale.net\/index.php\/2023\/04\/22\/jean-lucas-se-serait-mis-daccord-avec-le-sporting-portugal\/#breadcrumb\",\"itemListElement\":[{\"@type\":\"ListItem\",\"position\":1,\"name\":\"Accueil\",\"item\":\"https:\/\/www.ladiagonale.net\/\"},{\"@type\":\"ListItem\",\"position\":2,\"name\":\"Jean Lucas se serait mis d&rsquo;accord avec le Sporting Portugal\"}]},{\"@type\":\"WebSite\",\"@id\":\"https:\/\/www.ladiagonale.net\/#website\",\"url\":\"https:\/\/www.ladiagonale.net\/\",\"name\":\"La Diagonale\",\"description\":\"Le site des supporters de l&#039;AS Monaco FC\",\"potentialAction\":[{\"@type\":\"SearchAction\",\"target\":{\"@type\":\"EntryPoint\",\"urlTemplate\":\"https:\/\/www.ladiagonale.net\/?s={search_term_string}\"},\"query-input\":\"required name=search_term_string\"}],\"inLanguage\":\"fr-FR\"},{\"@type\":\"Person\",\"@id\":\"https:\/\/www.ladiagonale.net\/#\/schema\/person\/79ff1e7b0853ed01b2aa26e64ad300bf\",\"name\":\"Damien Dellerba\",\"image\":{\"@type\":\"ImageObject\",\"inLanguage\":\"fr-FR\",\"@id\":\"https:\/\/www.ladiagonale.net\/#\/schema\/person\/image\/\",\"url\":\"https:\/\/secure.gravatar.com\/avatar\/c7850e06d3ff63cdbaee88b7fc16e2f0?s=96&d=mm&r=g\",\"contentUrl\":\"https:\/\/secure.gravatar.com\/avatar\/c7850e06d3ff63cdbaee88b7fc16e2f0?s=96&d=mm&r=g\",\"caption\":\"Damien Dellerba\"},\"url\":\"https:\/\/www.ladiagonale.net\/index.php\/author\/damien\/\"}]}<\/script>\n<!-- \/ Yoast SEO plugin. -->","yoast_head_json":{"title":"Jean Lucas se serait mis d'accord avec le Sporting Portugal - La Diagonale","robots":{"index":"index","follow":"follow","max-snippet":"max-snippet:-1","max-image-preview":"max-image-preview:large","max-video-preview":"max-video-preview:-1"},"canonical":"https:\/\/www.ladiagonale.net\/index.php\/2023\/04\/22\/jean-lucas-se-serait-mis-daccord-avec-le-sporting-portugal\/","og_locale":"fr_FR","og_type":"article","og_title":"Jean Lucas se serait mis d'accord avec le Sporting Portugal - La Diagonale","og_description":"L&rsquo;avenir de Jean Lucas n&rsquo;est pas \u00e0 l&rsquo;AS Monaco. Le milieu de terrain de 24 ans n&rsquo;a plus \u00e9t\u00e9 retenu par Philippe Clement depuis la reprise du championnat en d\u00e9cembre, et il avait fait sa derni\u00e8re apparition sous le maillot mon\u00e9gasque contre Ferencvaros en Ligue Europa (1-1, le 27 octobre 2022). Sous contrat avec le [...]","og_url":"https:\/\/www.ladiagonale.net\/index.php\/2023\/04\/22\/jean-lucas-se-serait-mis-daccord-avec-le-sporting-portugal\/","og_site_name":"La Diagonale","article_published_time":"2023-04-22T16:24:04+00:00","article_modified_time":"2023-04-22T16:24:08+00:00","og_image":[{"width":1160,"height":650,"url":"https:\/\/www.ladiagonale.net\/wp-content\/uploads\/2022\/12\/jlucas.png","type":"image\/png"}],"author":"Damien Dellerba","twitter_card":"summary_large_image","twitter_image":"https:\/\/www.ladiagonale.net\/wp-content\/uploads\/2022\/12\/jlucas.png","twitter_misc":{"\u00c9crit par":"Damien Dellerba","Dur\u00e9e de lecture estim\u00e9e":"1 minute"},"schema":{"@context":"https:\/\/schema.org","@graph":[{"@type":"WebPage","@id":"https:\/\/www.ladiagonale.net\/index.php\/2023\/04\/22\/jean-lucas-se-serait-mis-daccord-avec-le-sporting-portugal\/","url":"https:\/\/www.ladiagonale.net\/index.php\/2023\/04\/22\/jean-lucas-se-serait-mis-daccord-avec-le-sporting-portugal\/","name":"Jean Lucas se serait mis d'accord avec le Sporting Portugal - La Diagonale","isPartOf":{"@id":"https:\/\/www.ladiagonale.net\/#website"},"datePublished":"2023-04-22T16:24:04+00:00","dateModified":"2023-04-22T16:24:08+00:00","author":{"@id":"https:\/\/www.ladiagonale.net\/#\/schema\/person\/79ff1e7b0853ed01b2aa26e64ad300bf"},"breadcrumb":{"@id":"https:\/\/www.ladiagonale.net\/index.php\/2023\/04\/22\/jean-lucas-se-serait-mis-daccord-avec-le-sporting-portugal\/#breadcrumb"},"inLanguage":"fr-FR","potentialAction":[{"@type":"ReadAction","target":["https:\/\/www.ladiagonale.net\/index.php\/2023\/04\/22\/jean-lucas-se-serait-mis-daccord-avec-le-sporting-portugal\/"]}]},{"@type":"BreadcrumbList","@id":"https:\/\/www.ladiagonale.net\/index.php\/2023\/04\/22\/jean-lucas-se-serait-mis-daccord-avec-le-sporting-portugal\/#breadcrumb","itemListElement":[{"@type":"ListItem","position":1,"name":"Accueil","item":"https:\/\/www.ladiagonale.net\/"},{"@type":"ListItem","position":2,"name":"Jean Lucas se serait mis d&rsquo;accord avec le Sporting Portugal"}]},{"@type":"WebSite","@id":"https:\/\/www.ladiagonale.net\/#website","url":"https:\/\/www.ladiagonale.net\/","name":"La Diagonale","description":"Le site des supporters de l&#039;AS Monaco FC","potentialAction":[{"@type":"SearchAction","target":{"@type":"EntryPoint","urlTemplate":"https:\/\/www.ladiagonale.net\/?s={search_term_string}"},"query-input":"required name=search_term_string"}],"inLanguage":"fr-FR"},{"@type":"Person","@id":"https:\/\/www.ladiagonale.net\/#\/schema\/person\/79ff1e7b0853ed01b2aa26e64ad300bf","name":"Damien Dellerba","image":{"@type":"ImageObject","inLanguage":"fr-FR","@id":"https:\/\/www.ladiagonale.net\/#\/schema\/person\/image\/","url":"https:\/\/secure.gravatar.com\/avatar\/c7850e06d3ff63cdbaee88b7fc16e2f0?s=96&d=mm&r=g","contentUrl":"https:\/\/secure.gravatar.com\/avatar\/c7850e06d3ff63cdbaee88b7fc16e2f0?s=96&d=mm&r=g","caption":"Damien Dellerba"},"url":"https:\/\/www.ladiagonale.net\/index.php\/author\/damien\/"}]}},"_links":{"self":[{"href":"https:\/\/www.ladiagonale.net\/index.php\/wp-json\/wp\/v2\/posts\/11795"}],"collection":[{"href":"https:\/\/www.ladiagonale.net\/index.php\/wp-json\/wp\/v2\/posts"}],"about":[{"href":"https:\/\/www.ladiagonale.net\/index.php\/wp-json\/wp\/v2\/types\/post"}],"author":[{"embeddable":true,"href":"https:\/\/www.ladiagonale.net\/index.php\/wp-json\/wp\/v2\/users\/2"}],"replies":[{"embeddable":true,"href":"https:\/\/www.ladiagonale.net\/index.php\/wp-json\/wp\/v2\/comments?post=11795"}],"version-history":[{"count":1,"href":"https:\/\/www.ladiagonale.net\/index.php\/wp-json\/wp\/v2\/posts\/11795\/revisions"}],"predecessor-version":[{"id":11796,"href":"https:\/\/www.ladiagonale.net\/index.php\/wp-json\/wp\/v2\/posts\/11795\/revisions\/11796"}],"wp:attachment":[{"href":"https:\/\/www.ladiagonale.net\/index.php\/wp-json\/wp\/v2\/media?parent=11795"}],"wp:term":[{"taxonomy":"category","embeddable":true,"href":"https:\/\/www.ladiagonale.net\/index.php\/wp-json\/wp\/v2\/categories?post=11795"},{"taxonomy":"post_tag","embeddable":true,"href":"https:\/\/www.ladiagonale.net\/index.php\/wp-json\/wp\/v2\/tags?post=11795"}],"curies":[{"name":"wp","href":"https:\/\/api.w.org\/{rel}","templated":true}]}}