{"id":11797,"date":"2023-04-22T20:01:14","date_gmt":"2023-04-22T18:01:14","guid":{"rendered":"https:\/\/www.ladiagonale.net\/?p=11797"},"modified":"2023-04-22T20:01:17","modified_gmt":"2023-04-22T18:01:17","slug":"un-billard-pour-lens-monaco","status":"publish","type":"post","link":"https:\/\/www.ladiagonale.net\/index.php\/2023\/04\/22\/un-billard-pour-lens-monaco\/","title":{"rendered":"Un billard pour Lens-Monaco ?"},"content":{"rendered":"\n\n\n<p>Dans la semaine, il y a pu y a voir quelques inqui\u00e9tudes concernant la pelouse du Stade Bollaert. En effet, une rencontre du Top 14, la premi\u00e8re division fran\u00e7aise de Rugby, s&rsquo;est tenue le 15 avril entre le Racing 92 et l&rsquo;Union Bordeaux-B\u00e8gles. Le Racing Club de Lens s&rsquo;est voulu rassurant quant \u00e0 l&rsquo;\u00e9tat de la pelouse sur laquelle \u00e9voluera l&rsquo;AS Monaco ce samedi, \u00e0 21 heures, jug\u00e9e en \u00ab <em>tr\u00e8s bon \u00e9tat<\/em> \u00bb \u00e0 <em>L&rsquo;\u00c9quipe<\/em>. <\/p>\n\n\n\n<p>Sur le site du quotidien, on apprend notamment que les conditions m\u00e9t\u00e9orologiques se sont av\u00e9r\u00e9es favorables pour la croissance et que deux tontes programm\u00e9es le jeudi et le vendredi ont \u00e9t\u00e9 faite. Le club Sang et Or assure que le tra\u00e7age des lignes de rugby ne devrait pas \u00eatre \u00ab\u00a0<em>perceptible par les non-initi\u00e9s<\/em>\u00a0\u00bb.<\/p>\n","protected":false},"excerpt":{"rendered":"<p>Dans la semaine, il y a pu y a voir quelques inqui\u00e9tudes concernant la pelouse du Stade Bollaert. En effet, une rencontre du Top 14, la premi\u00e8re division fran\u00e7aise de Rugby, s&rsquo;est tenue le 15 avril entre le Racing 92 et l&rsquo;Union Bordeaux-B\u00e8gles. Le Racing Club de Lens s&rsquo;est voulu rassurant quant \u00e0 l&rsquo;\u00e9tat de [&#8230;]\n","protected":false},"author":2,"featured_media":0,"comment_status":"open","ping_status":"open","sticky":false,"template":"","format":"standard","meta":[],"categories":[6],"tags":[86,499,94,512],"yoast_head":"<!-- This site is optimized with the Yoast SEO plugin v19.8 - https:\/\/yoast.com\/wordpress\/plugins\/seo\/ -->\n<title>Un billard pour Lens-Monaco ? - La Diagonale<\/title>\n<meta name=\"robots\" content=\"index, follow, max-snippet:-1, max-image-preview:large, max-video-preview:-1\" \/>\n<link rel=\"canonical\" href=\"https:\/\/www.ladiagonale.net\/index.php\/2023\/04\/22\/un-billard-pour-lens-monaco\/\" \/>\n<meta property=\"og:locale\" content=\"fr_FR\" \/>\n<meta property=\"og:type\" content=\"article\" \/>\n<meta property=\"og:title\" content=\"Un billard pour Lens-Monaco ? - La Diagonale\" \/>\n<meta property=\"og:description\" content=\"Dans la semaine, il y a pu y a voir quelques inqui\u00e9tudes concernant la pelouse du Stade Bollaert. En effet, une rencontre du Top 14, la premi\u00e8re division fran\u00e7aise de Rugby, s&rsquo;est tenue le 15 avril entre le Racing 92 et l&rsquo;Union Bordeaux-B\u00e8gles. Le Racing Club de Lens s&rsquo;est voulu rassurant quant \u00e0 l&rsquo;\u00e9tat de [...]\" \/>\n<meta property=\"og:url\" content=\"https:\/\/www.ladiagonale.net\/index.php\/2023\/04\/22\/un-billard-pour-lens-monaco\/\" \/>\n<meta property=\"og:site_name\" content=\"La Diagonale\" \/>\n<meta property=\"article:published_time\" content=\"2023-04-22T18:01:14+00:00\" \/>\n<meta property=\"article:modified_time\" content=\"2023-04-22T18:01:17+00:00\" \/>\n<meta property=\"og:image\" content=\"https:\/\/www.ladiagonale.net\/wp-content\/uploads\/2023\/04\/bollaert.png\" \/>\n\t<meta property=\"og:image:width\" content=\"1160\" \/>\n\t<meta property=\"og:image:height\" content=\"650\" \/>\n\t<meta property=\"og:image:type\" content=\"image\/png\" \/>\n<meta name=\"author\" content=\"Damien Dellerba\" \/>\n<meta name=\"twitter:card\" content=\"summary_large_image\" \/>\n<meta name=\"twitter:image\" content=\"https:\/\/www.ladiagonale.net\/wp-content\/uploads\/2023\/04\/bollaert.png\" \/>\n<meta name=\"twitter:label1\" content=\"\u00c9crit par\" \/>\n\t<meta name=\"twitter:data1\" content=\"Damien Dellerba\" \/>\n\t<meta name=\"twitter:label2\" content=\"Dur\u00e9e de lecture estim\u00e9e\" \/>\n\t<meta name=\"twitter:data2\" content=\"1 minute\" \/>\n<script type=\"application\/ld+json\" class=\"yoast-schema-graph\">{\"@context\":\"https:\/\/schema.org\",\"@graph\":[{\"@type\":\"WebPage\",\"@id\":\"https:\/\/www.ladiagonale.net\/index.php\/2023\/04\/22\/un-billard-pour-lens-monaco\/\",\"url\":\"https:\/\/www.ladiagonale.net\/index.php\/2023\/04\/22\/un-billard-pour-lens-monaco\/\",\"name\":\"Un billard pour Lens-Monaco ? - La Diagonale\",\"isPartOf\":{\"@id\":\"https:\/\/www.ladiagonale.net\/#website\"},\"datePublished\":\"2023-04-22T18:01:14+00:00\",\"dateModified\":\"2023-04-22T18:01:17+00:00\",\"author\":{\"@id\":\"https:\/\/www.ladiagonale.net\/#\/schema\/person\/79ff1e7b0853ed01b2aa26e64ad300bf\"},\"breadcrumb\":{\"@id\":\"https:\/\/www.ladiagonale.net\/index.php\/2023\/04\/22\/un-billard-pour-lens-monaco\/#breadcrumb\"},\"inLanguage\":\"fr-FR\",\"potentialAction\":[{\"@type\":\"ReadAction\",\"target\":[\"https:\/\/www.ladiagonale.net\/index.php\/2023\/04\/22\/un-billard-pour-lens-monaco\/\"]}]},{\"@type\":\"BreadcrumbList\",\"@id\":\"https:\/\/www.ladiagonale.net\/index.php\/2023\/04\/22\/un-billard-pour-lens-monaco\/#breadcrumb\",\"itemListElement\":[{\"@type\":\"ListItem\",\"position\":1,\"name\":\"Accueil\",\"item\":\"https:\/\/www.ladiagonale.net\/\"},{\"@type\":\"ListItem\",\"position\":2,\"name\":\"Un billard pour Lens-Monaco ?\"}]},{\"@type\":\"WebSite\",\"@id\":\"https:\/\/www.ladiagonale.net\/#website\",\"url\":\"https:\/\/www.ladiagonale.net\/\",\"name\":\"La Diagonale\",\"description\":\"Le site des supporters de l&#039;AS Monaco FC\",\"potentialAction\":[{\"@type\":\"SearchAction\",\"target\":{\"@type\":\"EntryPoint\",\"urlTemplate\":\"https:\/\/www.ladiagonale.net\/?s={search_term_string}\"},\"query-input\":\"required name=search_term_string\"}],\"inLanguage\":\"fr-FR\"},{\"@type\":\"Person\",\"@id\":\"https:\/\/www.ladiagonale.net\/#\/schema\/person\/79ff1e7b0853ed01b2aa26e64ad300bf\",\"name\":\"Damien Dellerba\",\"image\":{\"@type\":\"ImageObject\",\"inLanguage\":\"fr-FR\",\"@id\":\"https:\/\/www.ladiagonale.net\/#\/schema\/person\/image\/\",\"url\":\"https:\/\/secure.gravatar.com\/avatar\/c7850e06d3ff63cdbaee88b7fc16e2f0?s=96&d=mm&r=g\",\"contentUrl\":\"https:\/\/secure.gravatar.com\/avatar\/c7850e06d3ff63cdbaee88b7fc16e2f0?s=96&d=mm&r=g\",\"caption\":\"Damien Dellerba\"},\"url\":\"https:\/\/www.ladiagonale.net\/index.php\/author\/damien\/\"}]}<\/script>\n<!-- \/ Yoast SEO plugin. -->","yoast_head_json":{"title":"Un billard pour Lens-Monaco ? - La Diagonale","robots":{"index":"index","follow":"follow","max-snippet":"max-snippet:-1","max-image-preview":"max-image-preview:large","max-video-preview":"max-video-preview:-1"},"canonical":"https:\/\/www.ladiagonale.net\/index.php\/2023\/04\/22\/un-billard-pour-lens-monaco\/","og_locale":"fr_FR","og_type":"article","og_title":"Un billard pour Lens-Monaco ? - La Diagonale","og_description":"Dans la semaine, il y a pu y a voir quelques inqui\u00e9tudes concernant la pelouse du Stade Bollaert. En effet, une rencontre du Top 14, la premi\u00e8re division fran\u00e7aise de Rugby, s&rsquo;est tenue le 15 avril entre le Racing 92 et l&rsquo;Union Bordeaux-B\u00e8gles. Le Racing Club de Lens s&rsquo;est voulu rassurant quant \u00e0 l&rsquo;\u00e9tat de [...]","og_url":"https:\/\/www.ladiagonale.net\/index.php\/2023\/04\/22\/un-billard-pour-lens-monaco\/","og_site_name":"La Diagonale","article_published_time":"2023-04-22T18:01:14+00:00","article_modified_time":"2023-04-22T18:01:17+00:00","og_image":[{"width":1160,"height":650,"url":"https:\/\/www.ladiagonale.net\/wp-content\/uploads\/2023\/04\/bollaert.png","type":"image\/png"}],"author":"Damien Dellerba","twitter_card":"summary_large_image","twitter_image":"https:\/\/www.ladiagonale.net\/wp-content\/uploads\/2023\/04\/bollaert.png","twitter_misc":{"\u00c9crit par":"Damien Dellerba","Dur\u00e9e de lecture estim\u00e9e":"1 minute"},"schema":{"@context":"https:\/\/schema.org","@graph":[{"@type":"WebPage","@id":"https:\/\/www.ladiagonale.net\/index.php\/2023\/04\/22\/un-billard-pour-lens-monaco\/","url":"https:\/\/www.ladiagonale.net\/index.php\/2023\/04\/22\/un-billard-pour-lens-monaco\/","name":"Un billard pour Lens-Monaco ? - La Diagonale","isPartOf":{"@id":"https:\/\/www.ladiagonale.net\/#website"},"datePublished":"2023-04-22T18:01:14+00:00","dateModified":"2023-04-22T18:01:17+00:00","author":{"@id":"https:\/\/www.ladiagonale.net\/#\/schema\/person\/79ff1e7b0853ed01b2aa26e64ad300bf"},"breadcrumb":{"@id":"https:\/\/www.ladiagonale.net\/index.php\/2023\/04\/22\/un-billard-pour-lens-monaco\/#breadcrumb"},"inLanguage":"fr-FR","potentialAction":[{"@type":"ReadAction","target":["https:\/\/www.ladiagonale.net\/index.php\/2023\/04\/22\/un-billard-pour-lens-monaco\/"]}]},{"@type":"BreadcrumbList","@id":"https:\/\/www.ladiagonale.net\/index.php\/2023\/04\/22\/un-billard-pour-lens-monaco\/#breadcrumb","itemListElement":[{"@type":"ListItem","position":1,"name":"Accueil","item":"https:\/\/www.ladiagonale.net\/"},{"@type":"ListItem","position":2,"name":"Un billard pour Lens-Monaco ?"}]},{"@type":"WebSite","@id":"https:\/\/www.ladiagonale.net\/#website","url":"https:\/\/www.ladiagonale.net\/","name":"La Diagonale","description":"Le site des supporters de l&#039;AS Monaco FC","potentialAction":[{"@type":"SearchAction","target":{"@type":"EntryPoint","urlTemplate":"https:\/\/www.ladiagonale.net\/?s={search_term_string}"},"query-input":"required name=search_term_string"}],"inLanguage":"fr-FR"},{"@type":"Person","@id":"https:\/\/www.ladiagonale.net\/#\/schema\/person\/79ff1e7b0853ed01b2aa26e64ad300bf","name":"Damien Dellerba","image":{"@type":"ImageObject","inLanguage":"fr-FR","@id":"https:\/\/www.ladiagonale.net\/#\/schema\/person\/image\/","url":"https:\/\/secure.gravatar.com\/avatar\/c7850e06d3ff63cdbaee88b7fc16e2f0?s=96&d=mm&r=g","contentUrl":"https:\/\/secure.gravatar.com\/avatar\/c7850e06d3ff63cdbaee88b7fc16e2f0?s=96&d=mm&r=g","caption":"Damien Dellerba"},"url":"https:\/\/www.ladiagonale.net\/index.php\/author\/damien\/"}]}},"_links":{"self":[{"href":"https:\/\/www.ladiagonale.net\/index.php\/wp-json\/wp\/v2\/posts\/11797"}],"collection":[{"href":"https:\/\/www.ladiagonale.net\/index.php\/wp-json\/wp\/v2\/posts"}],"about":[{"href":"https:\/\/www.ladiagonale.net\/index.php\/wp-json\/wp\/v2\/types\/post"}],"author":[{"embeddable":true,"href":"https:\/\/www.ladiagonale.net\/index.php\/wp-json\/wp\/v2\/users\/2"}],"replies":[{"embeddable":true,"href":"https:\/\/www.ladiagonale.net\/index.php\/wp-json\/wp\/v2\/comments?post=11797"}],"version-history":[{"count":1,"href":"https:\/\/www.ladiagonale.net\/index.php\/wp-json\/wp\/v2\/posts\/11797\/revisions"}],"predecessor-version":[{"id":11799,"href":"https:\/\/www.ladiagonale.net\/index.php\/wp-json\/wp\/v2\/posts\/11797\/revisions\/11799"}],"wp:attachment":[{"href":"https:\/\/www.ladiagonale.net\/index.php\/wp-json\/wp\/v2\/media?parent=11797"}],"wp:term":[{"taxonomy":"category","embeddable":true,"href":"https:\/\/www.ladiagonale.net\/index.php\/wp-json\/wp\/v2\/categories?post=11797"},{"taxonomy":"post_tag","embeddable":true,"href":"https:\/\/www.ladiagonale.net\/index.php\/wp-json\/wp\/v2\/tags?post=11797"}],"curies":[{"name":"wp","href":"https:\/\/api.w.org\/{rel}","templated":true}]}}