{"id":11835,"date":"2023-04-23T00:17:56","date_gmt":"2023-04-22T22:17:56","guid":{"rendered":"https:\/\/www.ladiagonale.net\/?p=11835"},"modified":"2023-04-23T00:17:59","modified_gmt":"2023-04-22T22:17:59","slug":"clement-incroyable-de-navoir-aucune-intensite","status":"publish","type":"post","link":"https:\/\/www.ladiagonale.net\/index.php\/2023\/04\/23\/clement-incroyable-de-navoir-aucune-intensite\/","title":{"rendered":"Clement \u00ab&nbsp;: Incroyable de n\u2019avoir aucune intensit\u00e9&nbsp;\u00bb"},"content":{"rendered":"\n<p>Philippe Clement est apparu d\u00e9sabus\u00e9 apr\u00e8s la d\u00e9faite face \u00e0 Lens au micro de <em>Prime Video<\/em> et ne dig\u00e8re pas le manque d\u2019engagement de ses joueurs durant le premier acte : \u00ab\u00a0<em>C\u2019est incroyable de n\u2019avoir aucune intensit\u00e9 et de ne pas gagner les duels<\/em>, a-t-il ass\u00e9n\u00e9. <em>Apr\u00e8s le 1-0, il y a eu une d\u00e9connexion dans les t\u00eates des joueurs et on a perdu la confiance.<\/em>\u00a0\u00bb<\/p>\n\n\n\n<p>Le Belge estime que son \u00e9quipe n\u2019avait pas mis les ingr\u00e9dients pour l\u2019emporter : \u00ab\u00a0<em>La premi\u00e8re p\u00e9riode, on ne peut pas l\u2019expliquer. <a href=\"https:\/\/www.ladiagonale.net\/index.php\/2023\/04\/22\/golovin-est-malade-ben-seghir-diminue-annonce-canal\/\">Nous avions un joueur indisponible<\/a> (Golovin) qui \u00e9tait malade mais cela ne peut pas expliquer qu\u2019on perde tous nos duels. On n\u2019a pas eu l\u2019intensit\u00e9, avec et sans ballon, et sans cela, c\u2019est impossible de gagner contre une \u00e9quipe comme Lens. Le deuxi\u00e8me mi-temps, n\u2019\u00e9tait pas top mais c\u2019\u00e9tait mieux. Nous avons eu aussi de tr\u00e8s bonnes occasions pour revenir mais on n\u2019a pas eu l\u2019efficacit\u00e9.<\/em>\u00a0\u00bb<\/p>\n\n\n\n<p>Le coach de l\u2019AS Monaco reproche \u00e9galement \u00e0 ses joueurs d\u2019avoir sans doute un peu trop pens\u00e9 au classement et \u00e0 un \u00e9ventuel bon coup \u00e0 faire en cas de succ\u00e8s. Le terrain a ramen\u00e9 les joueurs \u00e0 la r\u00e9alit\u00e9 : \u00ab\u00a0<em>L\u2019objectif est de gagner le prochain match. Quand les joueurs pensent aux six derniers matchs, nous on doit penser au prochain et faire le travail match par match. Ce n\u2019\u00e9tait pas le cas aujourd\u2019hui, les joueurs ont trop pens\u00e9 au classement ou \u00e0 n\u2019importe quoi et on doit parler de \u00e7a. On ne doit pas regarder trop loin.<\/em>\u00a0\u00bb<\/p>\n\n\n","protected":false},"excerpt":{"rendered":"<p>Philippe Clement est apparu d\u00e9sabus\u00e9 apr\u00e8s la d\u00e9faite face \u00e0 Lens au micro de Prime Video et ne dig\u00e8re pas le manque d\u2019engagement de ses joueurs durant le premier acte : \u00ab\u00a0C\u2019est incroyable de n\u2019avoir aucune intensit\u00e9 et de ne pas gagner les duels, a-t-il ass\u00e9n\u00e9. Apr\u00e8s le 1-0, il y a eu une d\u00e9connexion [&#8230;]\n","protected":false},"author":2,"featured_media":0,"comment_status":"open","ping_status":"open","sticky":false,"template":"","format":"standard","meta":[],"categories":[6],"tags":[86,499,94,191],"yoast_head":"<!-- This site is optimized with the Yoast SEO plugin v19.8 - https:\/\/yoast.com\/wordpress\/plugins\/seo\/ -->\n<title>Clement \u00ab&nbsp;: Incroyable de n\u2019avoir aucune intensit\u00e9&nbsp;\u00bb - La Diagonale<\/title>\n<meta name=\"robots\" content=\"index, follow, max-snippet:-1, max-image-preview:large, max-video-preview:-1\" \/>\n<link rel=\"canonical\" href=\"https:\/\/www.ladiagonale.net\/index.php\/2023\/04\/23\/clement-incroyable-de-navoir-aucune-intensite\/\" \/>\n<meta property=\"og:locale\" content=\"fr_FR\" \/>\n<meta property=\"og:type\" content=\"article\" \/>\n<meta property=\"og:title\" content=\"Clement \u00ab&nbsp;: Incroyable de n\u2019avoir aucune intensit\u00e9&nbsp;\u00bb - La Diagonale\" \/>\n<meta property=\"og:description\" content=\"Philippe Clement est apparu d\u00e9sabus\u00e9 apr\u00e8s la d\u00e9faite face \u00e0 Lens au micro de Prime Video et ne dig\u00e8re pas le manque d\u2019engagement de ses joueurs durant le premier acte : \u00ab\u00a0C\u2019est incroyable de n\u2019avoir aucune intensit\u00e9 et de ne pas gagner les duels, a-t-il ass\u00e9n\u00e9. Apr\u00e8s le 1-0, il y a eu une d\u00e9connexion [...]\" \/>\n<meta property=\"og:url\" content=\"https:\/\/www.ladiagonale.net\/index.php\/2023\/04\/23\/clement-incroyable-de-navoir-aucune-intensite\/\" \/>\n<meta property=\"og:site_name\" content=\"La Diagonale\" \/>\n<meta property=\"article:published_time\" content=\"2023-04-22T22:17:56+00:00\" \/>\n<meta property=\"article:modified_time\" content=\"2023-04-22T22:17:59+00:00\" \/>\n<meta property=\"og:image\" content=\"https:\/\/www.ladiagonale.net\/wp-content\/uploads\/2023\/01\/clement2.png\" \/>\n\t<meta property=\"og:image:width\" content=\"1160\" \/>\n\t<meta property=\"og:image:height\" content=\"650\" \/>\n\t<meta property=\"og:image:type\" content=\"image\/png\" \/>\n<meta name=\"author\" content=\"Damien Dellerba\" \/>\n<meta name=\"twitter:card\" content=\"summary_large_image\" \/>\n<meta name=\"twitter:image\" content=\"https:\/\/www.ladiagonale.net\/wp-content\/uploads\/2023\/01\/clement2.png\" \/>\n<meta name=\"twitter:label1\" content=\"\u00c9crit par\" \/>\n\t<meta name=\"twitter:data1\" content=\"Damien Dellerba\" \/>\n\t<meta name=\"twitter:label2\" content=\"Dur\u00e9e de lecture estim\u00e9e\" \/>\n\t<meta name=\"twitter:data2\" content=\"2 minutes\" \/>\n<script type=\"application\/ld+json\" class=\"yoast-schema-graph\">{\"@context\":\"https:\/\/schema.org\",\"@graph\":[{\"@type\":\"WebPage\",\"@id\":\"https:\/\/www.ladiagonale.net\/index.php\/2023\/04\/23\/clement-incroyable-de-navoir-aucune-intensite\/\",\"url\":\"https:\/\/www.ladiagonale.net\/index.php\/2023\/04\/23\/clement-incroyable-de-navoir-aucune-intensite\/\",\"name\":\"Clement \u00ab&nbsp;: Incroyable de n\u2019avoir aucune intensit\u00e9&nbsp;\u00bb - La Diagonale\",\"isPartOf\":{\"@id\":\"https:\/\/www.ladiagonale.net\/#website\"},\"datePublished\":\"2023-04-22T22:17:56+00:00\",\"dateModified\":\"2023-04-22T22:17:59+00:00\",\"author\":{\"@id\":\"https:\/\/www.ladiagonale.net\/#\/schema\/person\/79ff1e7b0853ed01b2aa26e64ad300bf\"},\"breadcrumb\":{\"@id\":\"https:\/\/www.ladiagonale.net\/index.php\/2023\/04\/23\/clement-incroyable-de-navoir-aucune-intensite\/#breadcrumb\"},\"inLanguage\":\"fr-FR\",\"potentialAction\":[{\"@type\":\"ReadAction\",\"target\":[\"https:\/\/www.ladiagonale.net\/index.php\/2023\/04\/23\/clement-incroyable-de-navoir-aucune-intensite\/\"]}]},{\"@type\":\"BreadcrumbList\",\"@id\":\"https:\/\/www.ladiagonale.net\/index.php\/2023\/04\/23\/clement-incroyable-de-navoir-aucune-intensite\/#breadcrumb\",\"itemListElement\":[{\"@type\":\"ListItem\",\"position\":1,\"name\":\"Accueil\",\"item\":\"https:\/\/www.ladiagonale.net\/\"},{\"@type\":\"ListItem\",\"position\":2,\"name\":\"Clement \u00ab&nbsp;: Incroyable de n\u2019avoir aucune intensit\u00e9&nbsp;\u00bb\"}]},{\"@type\":\"WebSite\",\"@id\":\"https:\/\/www.ladiagonale.net\/#website\",\"url\":\"https:\/\/www.ladiagonale.net\/\",\"name\":\"La Diagonale\",\"description\":\"Le site des supporters de l&#039;AS Monaco FC\",\"potentialAction\":[{\"@type\":\"SearchAction\",\"target\":{\"@type\":\"EntryPoint\",\"urlTemplate\":\"https:\/\/www.ladiagonale.net\/?s={search_term_string}\"},\"query-input\":\"required name=search_term_string\"}],\"inLanguage\":\"fr-FR\"},{\"@type\":\"Person\",\"@id\":\"https:\/\/www.ladiagonale.net\/#\/schema\/person\/79ff1e7b0853ed01b2aa26e64ad300bf\",\"name\":\"Damien Dellerba\",\"image\":{\"@type\":\"ImageObject\",\"inLanguage\":\"fr-FR\",\"@id\":\"https:\/\/www.ladiagonale.net\/#\/schema\/person\/image\/\",\"url\":\"https:\/\/secure.gravatar.com\/avatar\/c7850e06d3ff63cdbaee88b7fc16e2f0?s=96&d=mm&r=g\",\"contentUrl\":\"https:\/\/secure.gravatar.com\/avatar\/c7850e06d3ff63cdbaee88b7fc16e2f0?s=96&d=mm&r=g\",\"caption\":\"Damien Dellerba\"},\"url\":\"https:\/\/www.ladiagonale.net\/index.php\/author\/damien\/\"}]}<\/script>\n<!-- \/ Yoast SEO plugin. -->","yoast_head_json":{"title":"Clement \u00ab&nbsp;: Incroyable de n\u2019avoir aucune intensit\u00e9&nbsp;\u00bb - La Diagonale","robots":{"index":"index","follow":"follow","max-snippet":"max-snippet:-1","max-image-preview":"max-image-preview:large","max-video-preview":"max-video-preview:-1"},"canonical":"https:\/\/www.ladiagonale.net\/index.php\/2023\/04\/23\/clement-incroyable-de-navoir-aucune-intensite\/","og_locale":"fr_FR","og_type":"article","og_title":"Clement \u00ab&nbsp;: Incroyable de n\u2019avoir aucune intensit\u00e9&nbsp;\u00bb - La Diagonale","og_description":"Philippe Clement est apparu d\u00e9sabus\u00e9 apr\u00e8s la d\u00e9faite face \u00e0 Lens au micro de Prime Video et ne dig\u00e8re pas le manque d\u2019engagement de ses joueurs durant le premier acte : \u00ab\u00a0C\u2019est incroyable de n\u2019avoir aucune intensit\u00e9 et de ne pas gagner les duels, a-t-il ass\u00e9n\u00e9. Apr\u00e8s le 1-0, il y a eu une d\u00e9connexion [...]","og_url":"https:\/\/www.ladiagonale.net\/index.php\/2023\/04\/23\/clement-incroyable-de-navoir-aucune-intensite\/","og_site_name":"La Diagonale","article_published_time":"2023-04-22T22:17:56+00:00","article_modified_time":"2023-04-22T22:17:59+00:00","og_image":[{"width":1160,"height":650,"url":"https:\/\/www.ladiagonale.net\/wp-content\/uploads\/2023\/01\/clement2.png","type":"image\/png"}],"author":"Damien Dellerba","twitter_card":"summary_large_image","twitter_image":"https:\/\/www.ladiagonale.net\/wp-content\/uploads\/2023\/01\/clement2.png","twitter_misc":{"\u00c9crit par":"Damien Dellerba","Dur\u00e9e de lecture estim\u00e9e":"2 minutes"},"schema":{"@context":"https:\/\/schema.org","@graph":[{"@type":"WebPage","@id":"https:\/\/www.ladiagonale.net\/index.php\/2023\/04\/23\/clement-incroyable-de-navoir-aucune-intensite\/","url":"https:\/\/www.ladiagonale.net\/index.php\/2023\/04\/23\/clement-incroyable-de-navoir-aucune-intensite\/","name":"Clement \u00ab&nbsp;: Incroyable de n\u2019avoir aucune intensit\u00e9&nbsp;\u00bb - La Diagonale","isPartOf":{"@id":"https:\/\/www.ladiagonale.net\/#website"},"datePublished":"2023-04-22T22:17:56+00:00","dateModified":"2023-04-22T22:17:59+00:00","author":{"@id":"https:\/\/www.ladiagonale.net\/#\/schema\/person\/79ff1e7b0853ed01b2aa26e64ad300bf"},"breadcrumb":{"@id":"https:\/\/www.ladiagonale.net\/index.php\/2023\/04\/23\/clement-incroyable-de-navoir-aucune-intensite\/#breadcrumb"},"inLanguage":"fr-FR","potentialAction":[{"@type":"ReadAction","target":["https:\/\/www.ladiagonale.net\/index.php\/2023\/04\/23\/clement-incroyable-de-navoir-aucune-intensite\/"]}]},{"@type":"BreadcrumbList","@id":"https:\/\/www.ladiagonale.net\/index.php\/2023\/04\/23\/clement-incroyable-de-navoir-aucune-intensite\/#breadcrumb","itemListElement":[{"@type":"ListItem","position":1,"name":"Accueil","item":"https:\/\/www.ladiagonale.net\/"},{"@type":"ListItem","position":2,"name":"Clement \u00ab&nbsp;: Incroyable de n\u2019avoir aucune intensit\u00e9&nbsp;\u00bb"}]},{"@type":"WebSite","@id":"https:\/\/www.ladiagonale.net\/#website","url":"https:\/\/www.ladiagonale.net\/","name":"La Diagonale","description":"Le site des supporters de l&#039;AS Monaco FC","potentialAction":[{"@type":"SearchAction","target":{"@type":"EntryPoint","urlTemplate":"https:\/\/www.ladiagonale.net\/?s={search_term_string}"},"query-input":"required name=search_term_string"}],"inLanguage":"fr-FR"},{"@type":"Person","@id":"https:\/\/www.ladiagonale.net\/#\/schema\/person\/79ff1e7b0853ed01b2aa26e64ad300bf","name":"Damien Dellerba","image":{"@type":"ImageObject","inLanguage":"fr-FR","@id":"https:\/\/www.ladiagonale.net\/#\/schema\/person\/image\/","url":"https:\/\/secure.gravatar.com\/avatar\/c7850e06d3ff63cdbaee88b7fc16e2f0?s=96&d=mm&r=g","contentUrl":"https:\/\/secure.gravatar.com\/avatar\/c7850e06d3ff63cdbaee88b7fc16e2f0?s=96&d=mm&r=g","caption":"Damien Dellerba"},"url":"https:\/\/www.ladiagonale.net\/index.php\/author\/damien\/"}]}},"_links":{"self":[{"href":"https:\/\/www.ladiagonale.net\/index.php\/wp-json\/wp\/v2\/posts\/11835"}],"collection":[{"href":"https:\/\/www.ladiagonale.net\/index.php\/wp-json\/wp\/v2\/posts"}],"about":[{"href":"https:\/\/www.ladiagonale.net\/index.php\/wp-json\/wp\/v2\/types\/post"}],"author":[{"embeddable":true,"href":"https:\/\/www.ladiagonale.net\/index.php\/wp-json\/wp\/v2\/users\/2"}],"replies":[{"embeddable":true,"href":"https:\/\/www.ladiagonale.net\/index.php\/wp-json\/wp\/v2\/comments?post=11835"}],"version-history":[{"count":1,"href":"https:\/\/www.ladiagonale.net\/index.php\/wp-json\/wp\/v2\/posts\/11835\/revisions"}],"predecessor-version":[{"id":11836,"href":"https:\/\/www.ladiagonale.net\/index.php\/wp-json\/wp\/v2\/posts\/11835\/revisions\/11836"}],"wp:attachment":[{"href":"https:\/\/www.ladiagonale.net\/index.php\/wp-json\/wp\/v2\/media?parent=11835"}],"wp:term":[{"taxonomy":"category","embeddable":true,"href":"https:\/\/www.ladiagonale.net\/index.php\/wp-json\/wp\/v2\/categories?post=11835"},{"taxonomy":"post_tag","embeddable":true,"href":"https:\/\/www.ladiagonale.net\/index.php\/wp-json\/wp\/v2\/tags?post=11835"}],"curies":[{"name":"wp","href":"https:\/\/api.w.org\/{rel}","templated":true}]}}