{"id":11837,"date":"2023-04-23T01:05:18","date_gmt":"2023-04-22T23:05:18","guid":{"rendered":"https:\/\/www.ladiagonale.net\/?p=11837"},"modified":"2023-04-23T01:25:46","modified_gmt":"2023-04-22T23:25:46","slug":"monaco-tend-lautre-joue","status":"publish","type":"post","link":"https:\/\/www.ladiagonale.net\/index.php\/2023\/04\/23\/monaco-tend-lautre-joue\/","title":{"rendered":"Monaco tend l&rsquo;autre joue"},"content":{"rendered":"\n<p>C\u2019est une d\u00e9faite am\u00e8re pour l\u2019AS Monaco mais totalement m\u00e9rit\u00e9e (3-0). Les Mon\u00e9gasques n\u2019ont pas exist\u00e9 face au RC Lens, dans un match charni\u00e8re pour le sprint final et la course \u00e0 la Ligue des champions. Dans un stade Bollaert survolt\u00e9, et devant pr\u00e8s de 1000 supporters mon\u00e9gasques, les joueurs de Philippe Clement ont r\u00e9alis\u00e9 une bien pi\u00e8tre prestation. Ils ont d&rsquo;ailleurs d\u00fb faire sans Aleksandr Golovin, malade la veille et fi\u00e9vreux le matin du match, ni Eliesse Ben Seghir, diminu\u00e9 et qui est rest\u00e9 sur le banc durant toute la rencontre. Celle-ci a justement tr\u00e8s mal commenc\u00e9, devant les projections des Lensois, imm\u00e9diatement partis \u00e0 l\u2019assaut du but mon\u00e9gasque d\u00e8s que l&rsquo;arbitre a donn\u00e9 le coup d&rsquo;envoi. La pression a fait craquer Monaco rapidement et une relance risqu\u00e9e de N\u00fcbel vers Vanderson, qui lui a vu la sienne contr\u00e9e, ont donn\u00e9 une premi\u00e8re cartouche \u00e0 Openda. <\/p>\n\n\n\n<p>L&rsquo;ancien de Club Bruges s&rsquo;y est repris \u00e0 deux fois pour tromper le portier allemand, malgr\u00e9 un sauvetage sur sa ligne de Maripan, coupable \u00e9galement de couvrir l&rsquo;attaquant belge au moment du contre de Medina sur Vanderson (1-0, 9<sup>e<\/sup>). Une passivit\u00e9 chez les Rouge et Blanc que n&rsquo;a pas vraiment appr\u00e9ci\u00e9 Philippe Clement : \u00ab&nbsp;<em>C\u2019est incroyable de n\u2019avoir aucune intensit\u00e9 et de ne pas gagner les duels<\/em>, a-t-il ass\u00e9n\u00e9. <em>Apr\u00e8s le 1-0, il y a eu une d\u00e9connexion dans les t\u00eates des joueurs et on a perdu la confiance.<\/em>&nbsp;\u00bb Asphyxi\u00e9e, l\u2019ASM n\u2019a quasiment pas vu le ballon et Openda a doubl\u00e9 la mise, \u00e0 la r\u00e9ception d\u2019un centre de Machado entre Maripan et Caio Henrique, apr\u00e8s le premier quart d\u2019heure (2-0, 16<sup>e<\/sup>). Apr\u00e8s une entame catastrophique, Wissam Ben Yedder a bien essay\u00e9 de rameuter ses troupes mais rien n&rsquo;a chang\u00e9 et les As\u00e9mistes sont rest\u00e9s simples spectateurs dans ce premier acte, o\u00f9 l&rsquo;addition aurait pu \u00eatre encore plus sal\u00e9e si Seko Fofana n&rsquo;avait trouv\u00e9 la transversale de N\u00fcbel (44<sup>e<\/sup>). Seule tentative cadr\u00e9e en 45 minutes, une frappe trop \u00e9cras\u00e9e de Jakobs et sans danger pour Brice Samba (41<sup>e<\/sup>).<\/p>\n\n\n\n<p class=\"has-white-color has-text-color has-background\" style=\"background-color:#303030\"><a href=\"https:\/\/www.ladiagonale.net\/index.php\/event\/lens-monaco\/\">Voir la feuille de match<\/a><\/p>\n\n\n\n<p>En deuxi\u00e8me p\u00e9riode, Lens s\u2019est vite mis \u00e0 l\u2019abri d\u2019un retour mon\u00e9gasque, avec cette fois une r\u00e9alisation de Thomasson, parfaitement servi par Openda (3-0, 56<sup>e<\/sup>). L\u2019ancien Strasbourgeois s\u2019\u00e9tait d\u00e9j\u00e0 vu refuser un but quelques minutes plus t\u00f4t pour un hors-jeu incontestable, mais n\u2019a pas rat\u00e9 l\u2019occasion d\u2019enfoncer un peu plus l\u2019ASM. C&rsquo;est \u00e0 3-0, et alors que l&rsquo;affaire semblait enterr\u00e9e, que Monaco a refait l\u00e9g\u00e8rement surface, \u00e0 l&rsquo;amorce du dernier quart d&rsquo;heure. Ben Yedder a manqu\u00e9 son face-\u00e0-face devant Samba (72<sup>e<\/sup>) puis Volland a vu sa frappe contr\u00e9e apr\u00e8s un bon d\u00e9bordement de Disasi (74<sup>e<\/sup>). Si Ben Seghir n&rsquo;est pas entr\u00e9, les rares \u00e9claircies dans ce marasme ambiant sont venues du jeune Edan Diop, entr\u00e9 \u00e0 la place d&rsquo;un Diatta \u00e9gal \u00e0 lui-m\u00eame. L&rsquo;international U19, \u00e0 la suite d&rsquo;une bon appel dans le dos de la d\u00e9fense art\u00e9sienne, n&rsquo;a pas pu redresser suffisamment sa frappe pour trouver le cadre (75<sup>e<\/sup>).<\/p>\n\n\n\n<p>Coupable d&rsquo;une prestation indigne pour un pr\u00e9tendant \u00e0 la Ligue des champions, Monaco a une fois de plus affich\u00e9 ses limites face \u00e0 une \u00e9quipe de Lens qui ne lui r\u00e9ussit d\u00e9cid\u00e9ment pas. Apr\u00e8s la gifle re\u00e7ue en ao\u00fbt lors de la 3<sup>e<\/sup> journ\u00e9e (1-4), les hommes de Philippe Clement, lui aussi surpass\u00e9 par Franck Haise, ont tendu l&rsquo;autre joue samedi soir. Si Monaco n&rsquo;a pas un style de jeu bas\u00e9 sur la possession, Lens a intelligemment priv\u00e9 le collectif as\u00e9miste de ballons afin de limiter ses possibilit\u00e9s de lui faire mal. Mais c&rsquo;est d\u00e9sormais dans les t\u00eates que cette d\u00e9faite doit faire mal du c\u00f4t\u00e9 du Rocher. Si l&rsquo;\u00e9cart n&rsquo;est pas encore r\u00e9dhibitoire pour aller chercher le podium ou la seconde place (<em>cinq points de retard la deuxi\u00e8me place, potentiellement six<\/em>), et alors que Lens doit encore recevoir Marseille dans deux semaines, Monaco a pu constater tout ce qui lui manquait par rapport \u00e0 son adversaire du soir pour m\u00e9riter d&rsquo;aller plus haut. Et le terrain ne ment jamais.<\/p>\n\n\n\n<p>Photo : <em>AS Monaco<\/em><\/p>\n","protected":false},"excerpt":{"rendered":"<p>C\u2019est une d\u00e9faite am\u00e8re pour l\u2019AS Monaco mais totalement m\u00e9rit\u00e9e (3-0). Les Mon\u00e9gasques n\u2019ont pas exist\u00e9 face au RC Lens, dans un match charni\u00e8re pour le sprint final et la course \u00e0 la Ligue des champions. Dans un stade Bollaert survolt\u00e9, et devant pr\u00e8s de 1000 supporters mon\u00e9gasques, les joueurs de Philippe Clement ont r\u00e9alis\u00e9 [&#8230;]\n","protected":false},"author":2,"featured_media":11838,"comment_status":"open","ping_status":"open","sticky":false,"template":"","format":"standard","meta":[],"categories":[5,6],"tags":[86,233,499,94],"yoast_head":"<!-- This site is optimized with the Yoast SEO plugin v19.8 - https:\/\/yoast.com\/wordpress\/plugins\/seo\/ -->\n<title>Monaco tend l&#039;autre joue - La Diagonale<\/title>\n<meta name=\"robots\" content=\"index, follow, max-snippet:-1, max-image-preview:large, max-video-preview:-1\" \/>\n<link rel=\"canonical\" href=\"https:\/\/www.ladiagonale.net\/index.php\/2023\/04\/23\/monaco-tend-lautre-joue\/\" \/>\n<meta property=\"og:locale\" content=\"fr_FR\" \/>\n<meta property=\"og:type\" content=\"article\" \/>\n<meta property=\"og:title\" content=\"Monaco tend l&#039;autre joue - La Diagonale\" \/>\n<meta property=\"og:description\" content=\"C\u2019est une d\u00e9faite am\u00e8re pour l\u2019AS Monaco mais totalement m\u00e9rit\u00e9e (3-0). Les Mon\u00e9gasques n\u2019ont pas exist\u00e9 face au RC Lens, dans un match charni\u00e8re pour le sprint final et la course \u00e0 la Ligue des champions. Dans un stade Bollaert survolt\u00e9, et devant pr\u00e8s de 1000 supporters mon\u00e9gasques, les joueurs de Philippe Clement ont r\u00e9alis\u00e9 [...]\" \/>\n<meta property=\"og:url\" content=\"https:\/\/www.ladiagonale.net\/index.php\/2023\/04\/23\/monaco-tend-lautre-joue\/\" \/>\n<meta property=\"og:site_name\" content=\"La Diagonale\" \/>\n<meta property=\"article:published_time\" content=\"2023-04-22T23:05:18+00:00\" \/>\n<meta property=\"article:modified_time\" content=\"2023-04-22T23:25:46+00:00\" \/>\n<meta property=\"og:image\" content=\"https:\/\/www.ladiagonale.net\/wp-content\/uploads\/2023\/04\/Vanderson-1.png\" \/>\n\t<meta property=\"og:image:width\" content=\"1160\" \/>\n\t<meta property=\"og:image:height\" content=\"650\" \/>\n\t<meta property=\"og:image:type\" content=\"image\/png\" \/>\n<meta name=\"author\" content=\"Damien Dellerba\" \/>\n<meta name=\"twitter:card\" content=\"summary_large_image\" \/>\n<meta name=\"twitter:image\" content=\"https:\/\/www.ladiagonale.net\/wp-content\/uploads\/2023\/04\/Vanderson-1.png\" \/>\n<meta name=\"twitter:label1\" content=\"\u00c9crit par\" \/>\n\t<meta name=\"twitter:data1\" content=\"Damien Dellerba\" \/>\n<script type=\"application\/ld+json\" class=\"yoast-schema-graph\">{\"@context\":\"https:\/\/schema.org\",\"@graph\":[{\"@type\":\"WebPage\",\"@id\":\"https:\/\/www.ladiagonale.net\/index.php\/2023\/04\/23\/monaco-tend-lautre-joue\/\",\"url\":\"https:\/\/www.ladiagonale.net\/index.php\/2023\/04\/23\/monaco-tend-lautre-joue\/\",\"name\":\"Monaco tend l'autre joue - La Diagonale\",\"isPartOf\":{\"@id\":\"https:\/\/www.ladiagonale.net\/#website\"},\"datePublished\":\"2023-04-22T23:05:18+00:00\",\"dateModified\":\"2023-04-22T23:25:46+00:00\",\"author\":{\"@id\":\"https:\/\/www.ladiagonale.net\/#\/schema\/person\/79ff1e7b0853ed01b2aa26e64ad300bf\"},\"breadcrumb\":{\"@id\":\"https:\/\/www.ladiagonale.net\/index.php\/2023\/04\/23\/monaco-tend-lautre-joue\/#breadcrumb\"},\"inLanguage\":\"fr-FR\",\"potentialAction\":[{\"@type\":\"ReadAction\",\"target\":[\"https:\/\/www.ladiagonale.net\/index.php\/2023\/04\/23\/monaco-tend-lautre-joue\/\"]}]},{\"@type\":\"BreadcrumbList\",\"@id\":\"https:\/\/www.ladiagonale.net\/index.php\/2023\/04\/23\/monaco-tend-lautre-joue\/#breadcrumb\",\"itemListElement\":[{\"@type\":\"ListItem\",\"position\":1,\"name\":\"Accueil\",\"item\":\"https:\/\/www.ladiagonale.net\/\"},{\"@type\":\"ListItem\",\"position\":2,\"name\":\"Monaco tend l&rsquo;autre joue\"}]},{\"@type\":\"WebSite\",\"@id\":\"https:\/\/www.ladiagonale.net\/#website\",\"url\":\"https:\/\/www.ladiagonale.net\/\",\"name\":\"La Diagonale\",\"description\":\"Le site des supporters de l&#039;AS Monaco FC\",\"potentialAction\":[{\"@type\":\"SearchAction\",\"target\":{\"@type\":\"EntryPoint\",\"urlTemplate\":\"https:\/\/www.ladiagonale.net\/?s={search_term_string}\"},\"query-input\":\"required name=search_term_string\"}],\"inLanguage\":\"fr-FR\"},{\"@type\":\"Person\",\"@id\":\"https:\/\/www.ladiagonale.net\/#\/schema\/person\/79ff1e7b0853ed01b2aa26e64ad300bf\",\"name\":\"Damien Dellerba\",\"image\":{\"@type\":\"ImageObject\",\"inLanguage\":\"fr-FR\",\"@id\":\"https:\/\/www.ladiagonale.net\/#\/schema\/person\/image\/\",\"url\":\"https:\/\/secure.gravatar.com\/avatar\/c7850e06d3ff63cdbaee88b7fc16e2f0?s=96&d=mm&r=g\",\"contentUrl\":\"https:\/\/secure.gravatar.com\/avatar\/c7850e06d3ff63cdbaee88b7fc16e2f0?s=96&d=mm&r=g\",\"caption\":\"Damien Dellerba\"},\"url\":\"https:\/\/www.ladiagonale.net\/index.php\/author\/damien\/\"}]}<\/script>\n<!-- \/ Yoast SEO plugin. -->","yoast_head_json":{"title":"Monaco tend l'autre joue - La Diagonale","robots":{"index":"index","follow":"follow","max-snippet":"max-snippet:-1","max-image-preview":"max-image-preview:large","max-video-preview":"max-video-preview:-1"},"canonical":"https:\/\/www.ladiagonale.net\/index.php\/2023\/04\/23\/monaco-tend-lautre-joue\/","og_locale":"fr_FR","og_type":"article","og_title":"Monaco tend l'autre joue - La Diagonale","og_description":"C\u2019est une d\u00e9faite am\u00e8re pour l\u2019AS Monaco mais totalement m\u00e9rit\u00e9e (3-0). Les Mon\u00e9gasques n\u2019ont pas exist\u00e9 face au RC Lens, dans un match charni\u00e8re pour le sprint final et la course \u00e0 la Ligue des champions. Dans un stade Bollaert survolt\u00e9, et devant pr\u00e8s de 1000 supporters mon\u00e9gasques, les joueurs de Philippe Clement ont r\u00e9alis\u00e9 [...]","og_url":"https:\/\/www.ladiagonale.net\/index.php\/2023\/04\/23\/monaco-tend-lautre-joue\/","og_site_name":"La Diagonale","article_published_time":"2023-04-22T23:05:18+00:00","article_modified_time":"2023-04-22T23:25:46+00:00","og_image":[{"width":1160,"height":650,"url":"https:\/\/www.ladiagonale.net\/wp-content\/uploads\/2023\/04\/Vanderson-1.png","type":"image\/png"}],"author":"Damien Dellerba","twitter_card":"summary_large_image","twitter_image":"https:\/\/www.ladiagonale.net\/wp-content\/uploads\/2023\/04\/Vanderson-1.png","twitter_misc":{"\u00c9crit par":"Damien Dellerba"},"schema":{"@context":"https:\/\/schema.org","@graph":[{"@type":"WebPage","@id":"https:\/\/www.ladiagonale.net\/index.php\/2023\/04\/23\/monaco-tend-lautre-joue\/","url":"https:\/\/www.ladiagonale.net\/index.php\/2023\/04\/23\/monaco-tend-lautre-joue\/","name":"Monaco tend l'autre joue - La Diagonale","isPartOf":{"@id":"https:\/\/www.ladiagonale.net\/#website"},"datePublished":"2023-04-22T23:05:18+00:00","dateModified":"2023-04-22T23:25:46+00:00","author":{"@id":"https:\/\/www.ladiagonale.net\/#\/schema\/person\/79ff1e7b0853ed01b2aa26e64ad300bf"},"breadcrumb":{"@id":"https:\/\/www.ladiagonale.net\/index.php\/2023\/04\/23\/monaco-tend-lautre-joue\/#breadcrumb"},"inLanguage":"fr-FR","potentialAction":[{"@type":"ReadAction","target":["https:\/\/www.ladiagonale.net\/index.php\/2023\/04\/23\/monaco-tend-lautre-joue\/"]}]},{"@type":"BreadcrumbList","@id":"https:\/\/www.ladiagonale.net\/index.php\/2023\/04\/23\/monaco-tend-lautre-joue\/#breadcrumb","itemListElement":[{"@type":"ListItem","position":1,"name":"Accueil","item":"https:\/\/www.ladiagonale.net\/"},{"@type":"ListItem","position":2,"name":"Monaco tend l&rsquo;autre joue"}]},{"@type":"WebSite","@id":"https:\/\/www.ladiagonale.net\/#website","url":"https:\/\/www.ladiagonale.net\/","name":"La Diagonale","description":"Le site des supporters de l&#039;AS Monaco FC","potentialAction":[{"@type":"SearchAction","target":{"@type":"EntryPoint","urlTemplate":"https:\/\/www.ladiagonale.net\/?s={search_term_string}"},"query-input":"required name=search_term_string"}],"inLanguage":"fr-FR"},{"@type":"Person","@id":"https:\/\/www.ladiagonale.net\/#\/schema\/person\/79ff1e7b0853ed01b2aa26e64ad300bf","name":"Damien Dellerba","image":{"@type":"ImageObject","inLanguage":"fr-FR","@id":"https:\/\/www.ladiagonale.net\/#\/schema\/person\/image\/","url":"https:\/\/secure.gravatar.com\/avatar\/c7850e06d3ff63cdbaee88b7fc16e2f0?s=96&d=mm&r=g","contentUrl":"https:\/\/secure.gravatar.com\/avatar\/c7850e06d3ff63cdbaee88b7fc16e2f0?s=96&d=mm&r=g","caption":"Damien Dellerba"},"url":"https:\/\/www.ladiagonale.net\/index.php\/author\/damien\/"}]}},"_links":{"self":[{"href":"https:\/\/www.ladiagonale.net\/index.php\/wp-json\/wp\/v2\/posts\/11837"}],"collection":[{"href":"https:\/\/www.ladiagonale.net\/index.php\/wp-json\/wp\/v2\/posts"}],"about":[{"href":"https:\/\/www.ladiagonale.net\/index.php\/wp-json\/wp\/v2\/types\/post"}],"author":[{"embeddable":true,"href":"https:\/\/www.ladiagonale.net\/index.php\/wp-json\/wp\/v2\/users\/2"}],"replies":[{"embeddable":true,"href":"https:\/\/www.ladiagonale.net\/index.php\/wp-json\/wp\/v2\/comments?post=11837"}],"version-history":[{"count":5,"href":"https:\/\/www.ladiagonale.net\/index.php\/wp-json\/wp\/v2\/posts\/11837\/revisions"}],"predecessor-version":[{"id":11844,"href":"https:\/\/www.ladiagonale.net\/index.php\/wp-json\/wp\/v2\/posts\/11837\/revisions\/11844"}],"wp:featuredmedia":[{"embeddable":true,"href":"https:\/\/www.ladiagonale.net\/index.php\/wp-json\/wp\/v2\/media\/11838"}],"wp:attachment":[{"href":"https:\/\/www.ladiagonale.net\/index.php\/wp-json\/wp\/v2\/media?parent=11837"}],"wp:term":[{"taxonomy":"category","embeddable":true,"href":"https:\/\/www.ladiagonale.net\/index.php\/wp-json\/wp\/v2\/categories?post=11837"},{"taxonomy":"post_tag","embeddable":true,"href":"https:\/\/www.ladiagonale.net\/index.php\/wp-json\/wp\/v2\/tags?post=11837"}],"curies":[{"name":"wp","href":"https:\/\/api.w.org\/{rel}","templated":true}]}}