{"id":11866,"date":"2023-04-23T20:56:12","date_gmt":"2023-04-23T18:56:12","guid":{"rendered":"https:\/\/www.ladiagonale.net\/?p=11866"},"modified":"2023-04-23T20:56:15","modified_gmt":"2023-04-23T18:56:15","slug":"le-csm-publie-un-communique-incendiaire-apres-la-deroute-a-lens","status":"publish","type":"post","link":"https:\/\/www.ladiagonale.net\/index.php\/2023\/04\/23\/le-csm-publie-un-communique-incendiaire-apres-la-deroute-a-lens\/","title":{"rendered":"Le CSM publie un communiqu\u00e9 incendiaire apr\u00e8s la d\u00e9route \u00e0 Lens"},"content":{"rendered":"\n<p>La lourde d\u00e9faite de l\u2019AS Monaco contre Lens samedi (3-0) a fortement irrit\u00e9 les supporters mon\u00e9gasques, \u00e0 commencer par le CSM (Club des Supporters Mon\u00e9gasques). Dans un communiqu\u00e9, le collectif a fait part de son m\u00e9contentement et fustig\u00e9 la prestation des hommes de Philippe Clement, qui avait d\u00e9clar\u00e9 apr\u00e8s la rencontre <a href=\"https:\/\/www.ladiagonale.net\/index.php\/2023\/04\/23\/clement-incroyable-de-navoir-aucune-intensite\/\">ne pas avoir reconnu son \u00e9quipe.<\/a><\/p>\n\n\n\n<p>Le CSM a qualifi\u00e9 de \u00ab <em>z\u00e9ro<\/em> \u00bb le match de l\u2019ASM au stade Bollaert et ironis\u00e9 avec ce m\u00eame chiffre sur le nombre de \u00ab <em>gouttes qui ont mouill\u00e9 le maillot<\/em> \u00bb et l\u2019absence d\u2019envie manifest\u00e9e par l\u2019\u00e9quipe selon eux, alors que le parcage avait \u00e9t\u00e9 rempli par 1000 supporters pour encourager l\u2019\u00e9quipe dans ce match charni\u00e8re.<\/p>\n\n\n\n<p>Le CSM attend d\u00e9sormais une r\u00e9action de l\u2019\u00e9quipe : \u00ab <em>Il reste six matchs pour redorer votre honneur et nos couleurs et atteindre notre objectif commun : la qualification en Ligue des champions<\/em> \u00bb, peut-on lire. Dimanche prochain, Monaco recevra Montpellier et risque d\u2019avoir un accueil plut\u00f4t frais au stade Louis-II.<\/p>\n\n\n\n<figure class=\"wp-block-embed is-type-rich is-provider-twitter wp-block-embed-twitter\"><div class=\"wp-block-embed__wrapper\">\n<blockquote class=\"twitter-tweet\" data-width=\"550\" data-dnt=\"true\"><p lang=\"zxx\" dir=\"ltr\"><a href=\"https:\/\/t.co\/Z1fc3CdBge\">pic.twitter.com\/Z1fc3CdBge<\/a><\/p>&mdash; Club des Supporters de Monaco (@CSMonaco) <a href=\"https:\/\/twitter.com\/CSMonaco\/status\/1650187955867115521?ref_src=twsrc%5Etfw\">April 23, 2023<\/a><\/blockquote><script async src=\"https:\/\/platform.twitter.com\/widgets.js\" charset=\"utf-8\"><\/script>\n<\/div><\/figure>\n","protected":false},"excerpt":{"rendered":"<p>La lourde d\u00e9faite de l\u2019AS Monaco contre Lens samedi (3-0) a fortement irrit\u00e9 les supporters mon\u00e9gasques, \u00e0 commencer par le CSM (Club des Supporters Mon\u00e9gasques). Dans un communiqu\u00e9, le collectif a fait part de son m\u00e9contentement et fustig\u00e9 la prestation des hommes de Philippe Clement, qui avait d\u00e9clar\u00e9 apr\u00e8s la rencontre ne pas avoir reconnu [&#8230;]\n","protected":false},"author":2,"featured_media":0,"comment_status":"open","ping_status":"open","sticky":false,"template":"","format":"standard","meta":[],"categories":[6],"tags":[86,303,499,94],"yoast_head":"<!-- This site is optimized with the Yoast SEO plugin v19.8 - https:\/\/yoast.com\/wordpress\/plugins\/seo\/ -->\n<title>Le CSM publie un communiqu\u00e9 incendiaire apr\u00e8s la d\u00e9route \u00e0 Lens - La Diagonale<\/title>\n<meta name=\"robots\" content=\"index, follow, max-snippet:-1, max-image-preview:large, max-video-preview:-1\" \/>\n<link rel=\"canonical\" href=\"https:\/\/www.ladiagonale.net\/index.php\/2023\/04\/23\/le-csm-publie-un-communique-incendiaire-apres-la-deroute-a-lens\/\" \/>\n<meta property=\"og:locale\" content=\"fr_FR\" \/>\n<meta property=\"og:type\" content=\"article\" \/>\n<meta property=\"og:title\" content=\"Le CSM publie un communiqu\u00e9 incendiaire apr\u00e8s la d\u00e9route \u00e0 Lens - La Diagonale\" \/>\n<meta property=\"og:description\" content=\"La lourde d\u00e9faite de l\u2019AS Monaco contre Lens samedi (3-0) a fortement irrit\u00e9 les supporters mon\u00e9gasques, \u00e0 commencer par le CSM (Club des Supporters Mon\u00e9gasques). Dans un communiqu\u00e9, le collectif a fait part de son m\u00e9contentement et fustig\u00e9 la prestation des hommes de Philippe Clement, qui avait d\u00e9clar\u00e9 apr\u00e8s la rencontre ne pas avoir reconnu [...]\" \/>\n<meta property=\"og:url\" content=\"https:\/\/www.ladiagonale.net\/index.php\/2023\/04\/23\/le-csm-publie-un-communique-incendiaire-apres-la-deroute-a-lens\/\" \/>\n<meta property=\"og:site_name\" content=\"La Diagonale\" \/>\n<meta property=\"article:published_time\" content=\"2023-04-23T18:56:12+00:00\" \/>\n<meta property=\"article:modified_time\" content=\"2023-04-23T18:56:15+00:00\" \/>\n<meta property=\"og:image\" content=\"https:\/\/www.ladiagonale.net\/wp-content\/uploads\/2022\/11\/CSM.png\" \/>\n\t<meta property=\"og:image:width\" content=\"1160\" \/>\n\t<meta property=\"og:image:height\" content=\"650\" \/>\n\t<meta property=\"og:image:type\" content=\"image\/png\" \/>\n<meta name=\"author\" content=\"Damien Dellerba\" \/>\n<meta name=\"twitter:card\" content=\"summary_large_image\" \/>\n<meta name=\"twitter:image\" content=\"https:\/\/www.ladiagonale.net\/wp-content\/uploads\/2022\/11\/CSM.png\" \/>\n<meta name=\"twitter:label1\" content=\"\u00c9crit par\" \/>\n\t<meta name=\"twitter:data1\" content=\"Damien Dellerba\" \/>\n\t<meta name=\"twitter:label2\" content=\"Dur\u00e9e de lecture estim\u00e9e\" \/>\n\t<meta name=\"twitter:data2\" content=\"1 minute\" \/>\n<script type=\"application\/ld+json\" class=\"yoast-schema-graph\">{\"@context\":\"https:\/\/schema.org\",\"@graph\":[{\"@type\":\"WebPage\",\"@id\":\"https:\/\/www.ladiagonale.net\/index.php\/2023\/04\/23\/le-csm-publie-un-communique-incendiaire-apres-la-deroute-a-lens\/\",\"url\":\"https:\/\/www.ladiagonale.net\/index.php\/2023\/04\/23\/le-csm-publie-un-communique-incendiaire-apres-la-deroute-a-lens\/\",\"name\":\"Le CSM publie un communiqu\u00e9 incendiaire apr\u00e8s la d\u00e9route \u00e0 Lens - La Diagonale\",\"isPartOf\":{\"@id\":\"https:\/\/www.ladiagonale.net\/#website\"},\"datePublished\":\"2023-04-23T18:56:12+00:00\",\"dateModified\":\"2023-04-23T18:56:15+00:00\",\"author\":{\"@id\":\"https:\/\/www.ladiagonale.net\/#\/schema\/person\/79ff1e7b0853ed01b2aa26e64ad300bf\"},\"breadcrumb\":{\"@id\":\"https:\/\/www.ladiagonale.net\/index.php\/2023\/04\/23\/le-csm-publie-un-communique-incendiaire-apres-la-deroute-a-lens\/#breadcrumb\"},\"inLanguage\":\"fr-FR\",\"potentialAction\":[{\"@type\":\"ReadAction\",\"target\":[\"https:\/\/www.ladiagonale.net\/index.php\/2023\/04\/23\/le-csm-publie-un-communique-incendiaire-apres-la-deroute-a-lens\/\"]}]},{\"@type\":\"BreadcrumbList\",\"@id\":\"https:\/\/www.ladiagonale.net\/index.php\/2023\/04\/23\/le-csm-publie-un-communique-incendiaire-apres-la-deroute-a-lens\/#breadcrumb\",\"itemListElement\":[{\"@type\":\"ListItem\",\"position\":1,\"name\":\"Accueil\",\"item\":\"https:\/\/www.ladiagonale.net\/\"},{\"@type\":\"ListItem\",\"position\":2,\"name\":\"Le CSM publie un communiqu\u00e9 incendiaire apr\u00e8s la d\u00e9route \u00e0 Lens\"}]},{\"@type\":\"WebSite\",\"@id\":\"https:\/\/www.ladiagonale.net\/#website\",\"url\":\"https:\/\/www.ladiagonale.net\/\",\"name\":\"La Diagonale\",\"description\":\"Le site des supporters de l&#039;AS Monaco FC\",\"potentialAction\":[{\"@type\":\"SearchAction\",\"target\":{\"@type\":\"EntryPoint\",\"urlTemplate\":\"https:\/\/www.ladiagonale.net\/?s={search_term_string}\"},\"query-input\":\"required name=search_term_string\"}],\"inLanguage\":\"fr-FR\"},{\"@type\":\"Person\",\"@id\":\"https:\/\/www.ladiagonale.net\/#\/schema\/person\/79ff1e7b0853ed01b2aa26e64ad300bf\",\"name\":\"Damien Dellerba\",\"image\":{\"@type\":\"ImageObject\",\"inLanguage\":\"fr-FR\",\"@id\":\"https:\/\/www.ladiagonale.net\/#\/schema\/person\/image\/\",\"url\":\"https:\/\/secure.gravatar.com\/avatar\/c7850e06d3ff63cdbaee88b7fc16e2f0?s=96&d=mm&r=g\",\"contentUrl\":\"https:\/\/secure.gravatar.com\/avatar\/c7850e06d3ff63cdbaee88b7fc16e2f0?s=96&d=mm&r=g\",\"caption\":\"Damien Dellerba\"},\"url\":\"https:\/\/www.ladiagonale.net\/index.php\/author\/damien\/\"}]}<\/script>\n<!-- \/ Yoast SEO plugin. -->","yoast_head_json":{"title":"Le CSM publie un communiqu\u00e9 incendiaire apr\u00e8s la d\u00e9route \u00e0 Lens - La Diagonale","robots":{"index":"index","follow":"follow","max-snippet":"max-snippet:-1","max-image-preview":"max-image-preview:large","max-video-preview":"max-video-preview:-1"},"canonical":"https:\/\/www.ladiagonale.net\/index.php\/2023\/04\/23\/le-csm-publie-un-communique-incendiaire-apres-la-deroute-a-lens\/","og_locale":"fr_FR","og_type":"article","og_title":"Le CSM publie un communiqu\u00e9 incendiaire apr\u00e8s la d\u00e9route \u00e0 Lens - La Diagonale","og_description":"La lourde d\u00e9faite de l\u2019AS Monaco contre Lens samedi (3-0) a fortement irrit\u00e9 les supporters mon\u00e9gasques, \u00e0 commencer par le CSM (Club des Supporters Mon\u00e9gasques). Dans un communiqu\u00e9, le collectif a fait part de son m\u00e9contentement et fustig\u00e9 la prestation des hommes de Philippe Clement, qui avait d\u00e9clar\u00e9 apr\u00e8s la rencontre ne pas avoir reconnu [...]","og_url":"https:\/\/www.ladiagonale.net\/index.php\/2023\/04\/23\/le-csm-publie-un-communique-incendiaire-apres-la-deroute-a-lens\/","og_site_name":"La Diagonale","article_published_time":"2023-04-23T18:56:12+00:00","article_modified_time":"2023-04-23T18:56:15+00:00","og_image":[{"width":1160,"height":650,"url":"https:\/\/www.ladiagonale.net\/wp-content\/uploads\/2022\/11\/CSM.png","type":"image\/png"}],"author":"Damien Dellerba","twitter_card":"summary_large_image","twitter_image":"https:\/\/www.ladiagonale.net\/wp-content\/uploads\/2022\/11\/CSM.png","twitter_misc":{"\u00c9crit par":"Damien Dellerba","Dur\u00e9e de lecture estim\u00e9e":"1 minute"},"schema":{"@context":"https:\/\/schema.org","@graph":[{"@type":"WebPage","@id":"https:\/\/www.ladiagonale.net\/index.php\/2023\/04\/23\/le-csm-publie-un-communique-incendiaire-apres-la-deroute-a-lens\/","url":"https:\/\/www.ladiagonale.net\/index.php\/2023\/04\/23\/le-csm-publie-un-communique-incendiaire-apres-la-deroute-a-lens\/","name":"Le CSM publie un communiqu\u00e9 incendiaire apr\u00e8s la d\u00e9route \u00e0 Lens - La Diagonale","isPartOf":{"@id":"https:\/\/www.ladiagonale.net\/#website"},"datePublished":"2023-04-23T18:56:12+00:00","dateModified":"2023-04-23T18:56:15+00:00","author":{"@id":"https:\/\/www.ladiagonale.net\/#\/schema\/person\/79ff1e7b0853ed01b2aa26e64ad300bf"},"breadcrumb":{"@id":"https:\/\/www.ladiagonale.net\/index.php\/2023\/04\/23\/le-csm-publie-un-communique-incendiaire-apres-la-deroute-a-lens\/#breadcrumb"},"inLanguage":"fr-FR","potentialAction":[{"@type":"ReadAction","target":["https:\/\/www.ladiagonale.net\/index.php\/2023\/04\/23\/le-csm-publie-un-communique-incendiaire-apres-la-deroute-a-lens\/"]}]},{"@type":"BreadcrumbList","@id":"https:\/\/www.ladiagonale.net\/index.php\/2023\/04\/23\/le-csm-publie-un-communique-incendiaire-apres-la-deroute-a-lens\/#breadcrumb","itemListElement":[{"@type":"ListItem","position":1,"name":"Accueil","item":"https:\/\/www.ladiagonale.net\/"},{"@type":"ListItem","position":2,"name":"Le CSM publie un communiqu\u00e9 incendiaire apr\u00e8s la d\u00e9route \u00e0 Lens"}]},{"@type":"WebSite","@id":"https:\/\/www.ladiagonale.net\/#website","url":"https:\/\/www.ladiagonale.net\/","name":"La Diagonale","description":"Le site des supporters de l&#039;AS Monaco FC","potentialAction":[{"@type":"SearchAction","target":{"@type":"EntryPoint","urlTemplate":"https:\/\/www.ladiagonale.net\/?s={search_term_string}"},"query-input":"required name=search_term_string"}],"inLanguage":"fr-FR"},{"@type":"Person","@id":"https:\/\/www.ladiagonale.net\/#\/schema\/person\/79ff1e7b0853ed01b2aa26e64ad300bf","name":"Damien Dellerba","image":{"@type":"ImageObject","inLanguage":"fr-FR","@id":"https:\/\/www.ladiagonale.net\/#\/schema\/person\/image\/","url":"https:\/\/secure.gravatar.com\/avatar\/c7850e06d3ff63cdbaee88b7fc16e2f0?s=96&d=mm&r=g","contentUrl":"https:\/\/secure.gravatar.com\/avatar\/c7850e06d3ff63cdbaee88b7fc16e2f0?s=96&d=mm&r=g","caption":"Damien Dellerba"},"url":"https:\/\/www.ladiagonale.net\/index.php\/author\/damien\/"}]}},"_links":{"self":[{"href":"https:\/\/www.ladiagonale.net\/index.php\/wp-json\/wp\/v2\/posts\/11866"}],"collection":[{"href":"https:\/\/www.ladiagonale.net\/index.php\/wp-json\/wp\/v2\/posts"}],"about":[{"href":"https:\/\/www.ladiagonale.net\/index.php\/wp-json\/wp\/v2\/types\/post"}],"author":[{"embeddable":true,"href":"https:\/\/www.ladiagonale.net\/index.php\/wp-json\/wp\/v2\/users\/2"}],"replies":[{"embeddable":true,"href":"https:\/\/www.ladiagonale.net\/index.php\/wp-json\/wp\/v2\/comments?post=11866"}],"version-history":[{"count":2,"href":"https:\/\/www.ladiagonale.net\/index.php\/wp-json\/wp\/v2\/posts\/11866\/revisions"}],"predecessor-version":[{"id":11868,"href":"https:\/\/www.ladiagonale.net\/index.php\/wp-json\/wp\/v2\/posts\/11866\/revisions\/11868"}],"wp:attachment":[{"href":"https:\/\/www.ladiagonale.net\/index.php\/wp-json\/wp\/v2\/media?parent=11866"}],"wp:term":[{"taxonomy":"category","embeddable":true,"href":"https:\/\/www.ladiagonale.net\/index.php\/wp-json\/wp\/v2\/categories?post=11866"},{"taxonomy":"post_tag","embeddable":true,"href":"https:\/\/www.ladiagonale.net\/index.php\/wp-json\/wp\/v2\/tags?post=11866"}],"curies":[{"name":"wp","href":"https:\/\/api.w.org\/{rel}","templated":true}]}}