{"id":11881,"date":"2023-04-25T19:02:14","date_gmt":"2023-04-25T17:02:14","guid":{"rendered":"https:\/\/www.ladiagonale.net\/?p=11881"},"modified":"2023-04-25T19:02:16","modified_gmt":"2023-04-25T17:02:16","slug":"monaco-est-invaincu-avec-bollengier-au-sifflet","status":"publish","type":"post","link":"https:\/\/www.ladiagonale.net\/index.php\/2023\/04\/25\/monaco-est-invaincu-avec-bollengier-au-sifflet\/","title":{"rendered":"Monaco est invaincu avec Bollengier au sifflet"},"content":{"rendered":"\n\n\n<p>D\u00e9sign\u00e9 arbitre de l&rsquo;\u00e9quipe type de la 32<sup>e<\/sup> journ\u00e9e de Ligue 1 par le quotidien <em>L&rsquo;\u00c9quipe<\/em>, Marc Bollengier arbitrera la prochaine rencontre de l&rsquo;AS Monaco contre Montpellier dimanche (13h), \u00e0 l&rsquo;occasion de la 33<sup>e<\/sup> journ\u00e9e de championnat. Il sera assist\u00e9 par Huseyin Ocak et Erwan Finjean sur la touche et par Cl\u00e9ment Turpin et Mehdi Mokhtari \u00e0 la vid\u00e9o.<\/p>\n\n\n\n<p>Ce sera la quatri\u00e8me fois que Marc Bollengier arbitrera l&rsquo;ASM cette saison, mais la premi\u00e8re au stade Louis-II, et Monaco a toujours gagn\u00e9 avec lui au sifflet. Contre Reims lors de la 8<sup>e<\/sup> journ\u00e9e (0-3), o\u00f9 il avait expuls\u00e9 tr\u00e8s s\u00e9v\u00e8rement un R\u00e9mois, contre Auxerre au retour de la Coupe du monde (2-3 lors de la 16<sup>e<\/sup> journ\u00e9e) avec un p\u00e9nalty siffl\u00e9 de chaque c\u00f4t\u00e9, puis contre Clermont en 22<sup>e<\/sup> journ\u00e9e d\u00e9but f\u00e9vrier (0-2).<\/p>\n","protected":false},"excerpt":{"rendered":"<p>D\u00e9sign\u00e9 arbitre de l&rsquo;\u00e9quipe type de la 32e journ\u00e9e de Ligue 1 par le quotidien L&rsquo;\u00c9quipe, Marc Bollengier arbitrera la prochaine rencontre de l&rsquo;AS Monaco contre Montpellier dimanche (13h), \u00e0 l&rsquo;occasion de la 33e journ\u00e9e de championnat. Il sera assist\u00e9 par Huseyin Ocak et Erwan Finjean sur la touche et par Cl\u00e9ment Turpin et Mehdi [&#8230;]\n","protected":false},"author":2,"featured_media":0,"comment_status":"open","ping_status":"open","sticky":false,"template":"","format":"standard","meta":[],"categories":[6],"tags":[156,86,94,396,478],"yoast_head":"<!-- This site is optimized with the Yoast SEO plugin v19.8 - https:\/\/yoast.com\/wordpress\/plugins\/seo\/ -->\n<title>Monaco est invaincu avec Bollengier au sifflet - La Diagonale<\/title>\n<meta name=\"robots\" content=\"index, follow, max-snippet:-1, max-image-preview:large, max-video-preview:-1\" \/>\n<link rel=\"canonical\" href=\"https:\/\/www.ladiagonale.net\/index.php\/2023\/04\/25\/monaco-est-invaincu-avec-bollengier-au-sifflet\/\" \/>\n<meta property=\"og:locale\" content=\"fr_FR\" \/>\n<meta property=\"og:type\" content=\"article\" \/>\n<meta property=\"og:title\" content=\"Monaco est invaincu avec Bollengier au sifflet - La Diagonale\" \/>\n<meta property=\"og:description\" content=\"D\u00e9sign\u00e9 arbitre de l&rsquo;\u00e9quipe type de la 32e journ\u00e9e de Ligue 1 par le quotidien L&rsquo;\u00c9quipe, Marc Bollengier arbitrera la prochaine rencontre de l&rsquo;AS Monaco contre Montpellier dimanche (13h), \u00e0 l&rsquo;occasion de la 33e journ\u00e9e de championnat. Il sera assist\u00e9 par Huseyin Ocak et Erwan Finjean sur la touche et par Cl\u00e9ment Turpin et Mehdi [...]\" \/>\n<meta property=\"og:url\" content=\"https:\/\/www.ladiagonale.net\/index.php\/2023\/04\/25\/monaco-est-invaincu-avec-bollengier-au-sifflet\/\" \/>\n<meta property=\"og:site_name\" content=\"La Diagonale\" \/>\n<meta property=\"article:published_time\" content=\"2023-04-25T17:02:14+00:00\" \/>\n<meta property=\"article:modified_time\" content=\"2023-04-25T17:02:16+00:00\" \/>\n<meta property=\"og:image\" content=\"https:\/\/www.ladiagonale.net\/wp-content\/uploads\/2022\/12\/bollengier.png\" \/>\n\t<meta property=\"og:image:width\" content=\"1160\" \/>\n\t<meta property=\"og:image:height\" content=\"650\" \/>\n\t<meta property=\"og:image:type\" content=\"image\/png\" \/>\n<meta name=\"author\" content=\"Damien Dellerba\" \/>\n<meta name=\"twitter:card\" content=\"summary_large_image\" \/>\n<meta name=\"twitter:image\" content=\"https:\/\/www.ladiagonale.net\/wp-content\/uploads\/2022\/12\/bollengier.png\" \/>\n<meta name=\"twitter:label1\" content=\"\u00c9crit par\" \/>\n\t<meta name=\"twitter:data1\" content=\"Damien Dellerba\" \/>\n\t<meta name=\"twitter:label2\" content=\"Dur\u00e9e de lecture estim\u00e9e\" \/>\n\t<meta name=\"twitter:data2\" content=\"1 minute\" \/>\n<script type=\"application\/ld+json\" class=\"yoast-schema-graph\">{\"@context\":\"https:\/\/schema.org\",\"@graph\":[{\"@type\":\"WebPage\",\"@id\":\"https:\/\/www.ladiagonale.net\/index.php\/2023\/04\/25\/monaco-est-invaincu-avec-bollengier-au-sifflet\/\",\"url\":\"https:\/\/www.ladiagonale.net\/index.php\/2023\/04\/25\/monaco-est-invaincu-avec-bollengier-au-sifflet\/\",\"name\":\"Monaco est invaincu avec Bollengier au sifflet - La Diagonale\",\"isPartOf\":{\"@id\":\"https:\/\/www.ladiagonale.net\/#website\"},\"datePublished\":\"2023-04-25T17:02:14+00:00\",\"dateModified\":\"2023-04-25T17:02:16+00:00\",\"author\":{\"@id\":\"https:\/\/www.ladiagonale.net\/#\/schema\/person\/79ff1e7b0853ed01b2aa26e64ad300bf\"},\"breadcrumb\":{\"@id\":\"https:\/\/www.ladiagonale.net\/index.php\/2023\/04\/25\/monaco-est-invaincu-avec-bollengier-au-sifflet\/#breadcrumb\"},\"inLanguage\":\"fr-FR\",\"potentialAction\":[{\"@type\":\"ReadAction\",\"target\":[\"https:\/\/www.ladiagonale.net\/index.php\/2023\/04\/25\/monaco-est-invaincu-avec-bollengier-au-sifflet\/\"]}]},{\"@type\":\"BreadcrumbList\",\"@id\":\"https:\/\/www.ladiagonale.net\/index.php\/2023\/04\/25\/monaco-est-invaincu-avec-bollengier-au-sifflet\/#breadcrumb\",\"itemListElement\":[{\"@type\":\"ListItem\",\"position\":1,\"name\":\"Accueil\",\"item\":\"https:\/\/www.ladiagonale.net\/\"},{\"@type\":\"ListItem\",\"position\":2,\"name\":\"Monaco est invaincu avec Bollengier au sifflet\"}]},{\"@type\":\"WebSite\",\"@id\":\"https:\/\/www.ladiagonale.net\/#website\",\"url\":\"https:\/\/www.ladiagonale.net\/\",\"name\":\"La Diagonale\",\"description\":\"Le site des supporters de l&#039;AS Monaco FC\",\"potentialAction\":[{\"@type\":\"SearchAction\",\"target\":{\"@type\":\"EntryPoint\",\"urlTemplate\":\"https:\/\/www.ladiagonale.net\/?s={search_term_string}\"},\"query-input\":\"required name=search_term_string\"}],\"inLanguage\":\"fr-FR\"},{\"@type\":\"Person\",\"@id\":\"https:\/\/www.ladiagonale.net\/#\/schema\/person\/79ff1e7b0853ed01b2aa26e64ad300bf\",\"name\":\"Damien Dellerba\",\"image\":{\"@type\":\"ImageObject\",\"inLanguage\":\"fr-FR\",\"@id\":\"https:\/\/www.ladiagonale.net\/#\/schema\/person\/image\/\",\"url\":\"https:\/\/secure.gravatar.com\/avatar\/c7850e06d3ff63cdbaee88b7fc16e2f0?s=96&d=mm&r=g\",\"contentUrl\":\"https:\/\/secure.gravatar.com\/avatar\/c7850e06d3ff63cdbaee88b7fc16e2f0?s=96&d=mm&r=g\",\"caption\":\"Damien Dellerba\"},\"url\":\"https:\/\/www.ladiagonale.net\/index.php\/author\/damien\/\"}]}<\/script>\n<!-- \/ Yoast SEO plugin. -->","yoast_head_json":{"title":"Monaco est invaincu avec Bollengier au sifflet - La Diagonale","robots":{"index":"index","follow":"follow","max-snippet":"max-snippet:-1","max-image-preview":"max-image-preview:large","max-video-preview":"max-video-preview:-1"},"canonical":"https:\/\/www.ladiagonale.net\/index.php\/2023\/04\/25\/monaco-est-invaincu-avec-bollengier-au-sifflet\/","og_locale":"fr_FR","og_type":"article","og_title":"Monaco est invaincu avec Bollengier au sifflet - La Diagonale","og_description":"D\u00e9sign\u00e9 arbitre de l&rsquo;\u00e9quipe type de la 32e journ\u00e9e de Ligue 1 par le quotidien L&rsquo;\u00c9quipe, Marc Bollengier arbitrera la prochaine rencontre de l&rsquo;AS Monaco contre Montpellier dimanche (13h), \u00e0 l&rsquo;occasion de la 33e journ\u00e9e de championnat. Il sera assist\u00e9 par Huseyin Ocak et Erwan Finjean sur la touche et par Cl\u00e9ment Turpin et Mehdi [...]","og_url":"https:\/\/www.ladiagonale.net\/index.php\/2023\/04\/25\/monaco-est-invaincu-avec-bollengier-au-sifflet\/","og_site_name":"La Diagonale","article_published_time":"2023-04-25T17:02:14+00:00","article_modified_time":"2023-04-25T17:02:16+00:00","og_image":[{"width":1160,"height":650,"url":"https:\/\/www.ladiagonale.net\/wp-content\/uploads\/2022\/12\/bollengier.png","type":"image\/png"}],"author":"Damien Dellerba","twitter_card":"summary_large_image","twitter_image":"https:\/\/www.ladiagonale.net\/wp-content\/uploads\/2022\/12\/bollengier.png","twitter_misc":{"\u00c9crit par":"Damien Dellerba","Dur\u00e9e de lecture estim\u00e9e":"1 minute"},"schema":{"@context":"https:\/\/schema.org","@graph":[{"@type":"WebPage","@id":"https:\/\/www.ladiagonale.net\/index.php\/2023\/04\/25\/monaco-est-invaincu-avec-bollengier-au-sifflet\/","url":"https:\/\/www.ladiagonale.net\/index.php\/2023\/04\/25\/monaco-est-invaincu-avec-bollengier-au-sifflet\/","name":"Monaco est invaincu avec Bollengier au sifflet - La Diagonale","isPartOf":{"@id":"https:\/\/www.ladiagonale.net\/#website"},"datePublished":"2023-04-25T17:02:14+00:00","dateModified":"2023-04-25T17:02:16+00:00","author":{"@id":"https:\/\/www.ladiagonale.net\/#\/schema\/person\/79ff1e7b0853ed01b2aa26e64ad300bf"},"breadcrumb":{"@id":"https:\/\/www.ladiagonale.net\/index.php\/2023\/04\/25\/monaco-est-invaincu-avec-bollengier-au-sifflet\/#breadcrumb"},"inLanguage":"fr-FR","potentialAction":[{"@type":"ReadAction","target":["https:\/\/www.ladiagonale.net\/index.php\/2023\/04\/25\/monaco-est-invaincu-avec-bollengier-au-sifflet\/"]}]},{"@type":"BreadcrumbList","@id":"https:\/\/www.ladiagonale.net\/index.php\/2023\/04\/25\/monaco-est-invaincu-avec-bollengier-au-sifflet\/#breadcrumb","itemListElement":[{"@type":"ListItem","position":1,"name":"Accueil","item":"https:\/\/www.ladiagonale.net\/"},{"@type":"ListItem","position":2,"name":"Monaco est invaincu avec Bollengier au sifflet"}]},{"@type":"WebSite","@id":"https:\/\/www.ladiagonale.net\/#website","url":"https:\/\/www.ladiagonale.net\/","name":"La Diagonale","description":"Le site des supporters de l&#039;AS Monaco FC","potentialAction":[{"@type":"SearchAction","target":{"@type":"EntryPoint","urlTemplate":"https:\/\/www.ladiagonale.net\/?s={search_term_string}"},"query-input":"required name=search_term_string"}],"inLanguage":"fr-FR"},{"@type":"Person","@id":"https:\/\/www.ladiagonale.net\/#\/schema\/person\/79ff1e7b0853ed01b2aa26e64ad300bf","name":"Damien Dellerba","image":{"@type":"ImageObject","inLanguage":"fr-FR","@id":"https:\/\/www.ladiagonale.net\/#\/schema\/person\/image\/","url":"https:\/\/secure.gravatar.com\/avatar\/c7850e06d3ff63cdbaee88b7fc16e2f0?s=96&d=mm&r=g","contentUrl":"https:\/\/secure.gravatar.com\/avatar\/c7850e06d3ff63cdbaee88b7fc16e2f0?s=96&d=mm&r=g","caption":"Damien Dellerba"},"url":"https:\/\/www.ladiagonale.net\/index.php\/author\/damien\/"}]}},"_links":{"self":[{"href":"https:\/\/www.ladiagonale.net\/index.php\/wp-json\/wp\/v2\/posts\/11881"}],"collection":[{"href":"https:\/\/www.ladiagonale.net\/index.php\/wp-json\/wp\/v2\/posts"}],"about":[{"href":"https:\/\/www.ladiagonale.net\/index.php\/wp-json\/wp\/v2\/types\/post"}],"author":[{"embeddable":true,"href":"https:\/\/www.ladiagonale.net\/index.php\/wp-json\/wp\/v2\/users\/2"}],"replies":[{"embeddable":true,"href":"https:\/\/www.ladiagonale.net\/index.php\/wp-json\/wp\/v2\/comments?post=11881"}],"version-history":[{"count":1,"href":"https:\/\/www.ladiagonale.net\/index.php\/wp-json\/wp\/v2\/posts\/11881\/revisions"}],"predecessor-version":[{"id":11882,"href":"https:\/\/www.ladiagonale.net\/index.php\/wp-json\/wp\/v2\/posts\/11881\/revisions\/11882"}],"wp:attachment":[{"href":"https:\/\/www.ladiagonale.net\/index.php\/wp-json\/wp\/v2\/media?parent=11881"}],"wp:term":[{"taxonomy":"category","embeddable":true,"href":"https:\/\/www.ladiagonale.net\/index.php\/wp-json\/wp\/v2\/categories?post=11881"},{"taxonomy":"post_tag","embeddable":true,"href":"https:\/\/www.ladiagonale.net\/index.php\/wp-json\/wp\/v2\/tags?post=11881"}],"curies":[{"name":"wp","href":"https:\/\/api.w.org\/{rel}","templated":true}]}}