{"id":11883,"date":"2023-04-25T22:53:24","date_gmt":"2023-04-25T20:53:24","guid":{"rendered":"https:\/\/www.ladiagonale.net\/?p=11883"},"modified":"2023-04-25T22:55:01","modified_gmt":"2023-04-25T20:55:01","slug":"laction-cle-de-lens-monaco-monaco-asphyxie-au-pressing","status":"publish","type":"post","link":"https:\/\/www.ladiagonale.net\/index.php\/2023\/04\/25\/laction-cle-de-lens-monaco-monaco-asphyxie-au-pressing\/","title":{"rendered":"L\u2019action cl\u00e9 de Lens-Monaco&nbsp;: Monaco asphyxi\u00e9 au pressing"},"content":{"rendered":"\n<p><strong>L\u2019AS Monaco a v\u00e9cu une soir\u00e9e difficile contre Lens samedi soir. Une rencontre qui a \u00e9tal\u00e9 au grand jour les failles collectives de cette \u00e9quipe face \u00e0 une autre \u00e0 l\u2019approche du jeu protagoniste. Les hommes de Philippe Clement ont notamment \u00e9t\u00e9 d\u00e9pass\u00e9s dans l\u2019intensit\u00e9 et ont \u00e9t\u00e9 rapidement accul\u00e9s par le pressing lensois.<\/strong><\/p>\n\n\n\n<p>Si l\u2019AS Monaco ne brille pas par son bloc d\u00e9fensif cette saison (46 buts encaiss\u00e9s, 10<sup>e<\/sup> d\u00e9fense de Ligue 1, ex-\u00e6quo avec Nantes), elle n\u2019a jamais r\u00e9ussi \u00e0 se montrer dangereuse devant le but Lensois. La faute en grande partie au pressing des Sang et Or, qui s\u2019\u00e9taient bien pr\u00e9par\u00e9s \u00e0 emp\u00eacher les sorties de balle rapides de Monaco. Et comme il n\u2019\u00e9tait pas dans un grand soir, Monaco a manqu\u00e9 de beaucoup d\u2019autres choses pour pouvoir remonter la pente.<\/p>\n\n\n\n<p>Le premier but de Lo\u00efs Openda est intervenu rapidement dans cette rencontre (9<sup>e<\/sup> minute) et a donn\u00e9 le ton de l\u2019horrible soir\u00e9e qu\u2019allaient passer les Rouge et Blanc sur la pelouse de Bollaert. Il n\u2019\u00e9tait cependant pas d\u00fb au hasard, puisque le contre de Machado sur Vanderson, soit la situation qui en est \u00e0 l\u2019origine, avait d\u00e9j\u00e0 connu deux premiers \u00e9pisodes dans cette rencontre et Monaco l\u2019avait d\u00e9j\u00e0 \u00e9chapp\u00e9 belle. Le Br\u00e9silien, appr\u00e9ci\u00e9 pour ses qualit\u00e9s de contre-attaquant, a peut-\u00eatre \u00e9t\u00e9 volontairement cibl\u00e9 par Franck Haise et le staff lensois.<\/p>\n\n\n\n<h4 class=\"has-vivid-red-color has-text-color\" style=\"font-style:normal;font-weight:400;text-transform:uppercase\">Un drame en trois actes<\/h4>\n\n\n\n<p>D\u00e8s la premi\u00e8re minute de jeu, Monaco va \u00eatre mis en difficult\u00e9 par Lens qui va se procurer une premi\u00e8re occasion par Openda. La frappe de l\u2019attaquant belge, d\u00e9vi\u00e9e par Disasi, va \u00eatre capt\u00e9e par N\u00fcbel. Les ralentis de l\u2019action vont emp\u00eacher de voir la relance mais le retour au direct laisse deviner l\u2019intensit\u00e9 avec laquelle Lens cherche \u00e0 r\u00e9cup\u00e9rer le ballon dans les trente m\u00e8tres mon\u00e9gasques, puisque Youssouf Fofana est d\u00e9j\u00e0 au duel avec Adrien Thomasson. Le milieu de terrain gagne le ballon et le transmet \u00e0 Vanderson.<\/p>\n\n\n\n<figure class=\"wp-block-image size-full\"><img loading=\"lazy\" width=\"1920\" height=\"1080\" src=\"https:\/\/www.ladiagonale.net\/wp-content\/uploads\/2023\/04\/Capture-1-3.png\" alt=\"\" class=\"wp-image-11893\"\/><\/figure>\n\n\n\n<p class=\"has-white-color has-text-color has-background\" style=\"background-color:#303030\">Vanderson contr\u00f4le le ballon mais est d\u00e9j\u00e0 mis sous pression par Machado, sans qu\u2019aucune solution ne s\u2019offre \u00e0 lui. Fofana est tout pr\u00e8s mais les trois joueurs lensois ont r\u00e9ussi \u00e0 enfermer et isoler les deux Mon\u00e9gasques. Seko Fofana, un peu plus en retrait, est d\u00e9j\u00e0 dans la bonne zone pour couper une passe plus longue vers Volland.<\/p>\n\n\n\n<p>La suite de cette action, c\u2019est un premier duel remport\u00e9 par Machado et un ballon contr\u00e9. Le piston gauche lensois poussera toutefois trop loin son ballon, qui sortira en six m\u00e8tres, an\u00e9antissant une autre potentielle grosse occasion.<\/p>\n\n\n\n<p>Seulement un peu plus d&rsquo;une minute plus tard, se reproduira une situation avec une possible r\u00e9cup\u00e9ration de balle pour les Lensois, avec toujours les deux m\u00eames protagonistes. Cette fois, le ballon a \u00e9t\u00e9 d\u00e9cal\u00e9e par N\u00fcbel pour Disasi, qui a ensuite jou\u00e9 sur Vanderson. Pas de duel au milieu comme l&rsquo;action pr\u00e9c\u00e9dente, donc un bloc lensois davantage en place, mais qui va commencer \u00e0 faire son effort avec Thomasson lorsque Disasi va avoir le ballon.<\/p>\n\n\n\n<figure class=\"wp-block-image size-full\"><img loading=\"lazy\" width=\"1920\" height=\"1080\" src=\"https:\/\/www.ladiagonale.net\/wp-content\/uploads\/2023\/04\/Capture-2-3.png\" alt=\"\" class=\"wp-image-11892\"\/><\/figure>\n\n\n\n<p class=\"has-white-color has-text-color has-background\" style=\"background-color:#303030\">On peut remarquer que Lens travaille avec des prises individuelles sur cette action (on peut \u00e9galement ajouter Maripan et Openda au fond) et constater une fois de plus que Machado n&rsquo;h\u00e9site pas \u00e0 sortir tr\u00e8s haut pour aller chercher Vanderson.<\/p>\n\n\n\n<p>Le lat\u00e9ral br\u00e9silien de l&rsquo;AS Monaco \u00e9chappe cette fois au contre et parvient \u00e0 allonger vers Diatta (en bas \u00e0 droite), qui est d\u00e9marqu\u00e9. La perte de balle de l&rsquo;ASM sera quand m\u00eame imm\u00e9diate, puisque l&rsquo;international s\u00e9n\u00e9galais pr\u00e9f\u00e9rera une aile de pigeon a\u00e9rienne pour envoyer le ballon derri\u00e8re lui plut\u00f4t qu&rsquo;un contr\u00f4le moins spectaculaire mais plus efficace.<\/p>\n\n\n\n<h4 class=\"has-vivid-red-color has-text-color\" style=\"font-style:normal;font-weight:400;text-transform:uppercase\">\u00e0 la troisi\u00e8me c&rsquo;est la bonne<\/h4>\n\n\n\n<p>La troisi\u00e8me situation du genre sera d\u00e9finitivement celle qui fera mal \u00e0 Monaco. De la t\u00eate, Adrien Thomasson prolonge une touche de Frankowski. Maripan et Openda sont au duel pour aller chercher le ballon mais le d\u00e9fenseur chilien garde une longueur d&rsquo;avance et joue en retrait vers N\u00fcbel. <\/p>\n\n\n\n<figure class=\"wp-block-image size-full\"><img loading=\"lazy\" width=\"1920\" height=\"1080\" src=\"https:\/\/www.ladiagonale.net\/wp-content\/uploads\/2023\/04\/Capture-3-1.png\" alt=\"\" class=\"wp-image-11894\"\/><\/figure>\n\n\n\n<p class=\"has-white-color has-text-color has-background\" style=\"background-color:#303030\">Openda va continuer son effort et aller presser rapidement N\u00fcbel pour forcer une erreur d&rsquo;un portier allemand qu&rsquo;il sait f\u00e9brile. \u00c0 l&rsquo;\u00e9cran, on n&rsquo;aper\u00e7oit pas encore beaucoup de Lensois et le repli mon\u00e9gasque avec Vanderson, mais \u00e9galement Camara et Disasi, semble devoir permettre \u00e0 l&rsquo;ASM de pouvoir g\u00e9rer cette situation.<\/p>\n\n\n\n<figure class=\"wp-block-image size-full\"><img loading=\"lazy\" width=\"1920\" height=\"1080\" src=\"https:\/\/www.ladiagonale.net\/wp-content\/uploads\/2023\/04\/Capture-4-1.png\" alt=\"\" class=\"wp-image-11895\"\/><\/figure>\n\n\n\n<p class=\"has-white-color has-text-color has-background\" style=\"background-color:#303030\">Openda est sur sa lanc\u00e9e et va aller menacer N\u00fcbel. Le temps pour le portier allemand de contr\u00f4ler et de s&rsquo;orienter va permettre \u00e0 Openda de revenir \u00e0 son niveau. Thomasson, Fofana et Machado suivent bien le mouvement mais sont encore loin.<\/p>\n\n\n\n<p>Ici, on peut sans doute pointer la fragilit\u00e9 du jeu au pied de N\u00fcbel qui pourrait redoubler sur Maripan \u00e0 condition de jouer en une touche, donc plus risqu\u00e9, mais qui aurait ensuite des solutions avec les replis de Disasi, Camara et Caio Henrique, avec le seul Thomasson au milieu des trois joueurs. Le choix de jouer sur Vanderson a \u00e9t\u00e9 critiqu\u00e9e car ce dernier n&rsquo;est pas parfaitement face au jeu et est en train de faire une course pour s&rsquo;excentrer.<\/p>\n\n\n\n<figure class=\"wp-block-image size-full\"><img loading=\"lazy\" width=\"1920\" height=\"1080\" src=\"https:\/\/www.ladiagonale.net\/wp-content\/uploads\/2023\/04\/Capture-5-1.png\" alt=\"\" class=\"wp-image-11896\"\/><\/figure>\n\n\n\n<p class=\"has-white-color has-text-color has-background\" style=\"background-color:#303030\">Le repli un peu trop lent de Disasi va permettre \u00e0 Lens de se retrouver en sup\u00e9riorit\u00e9 num\u00e9rique, avec un trois contre deux, plus Openda dans la surface et un Maripan qui n&rsquo;est plus vraiment impliqu\u00e9 dans l&rsquo;action. Les Lensois foncent sur les Mon\u00e9gasques et la troisi\u00e8me pression va donc \u00eatre la bonne pour eux.<\/p>\n\n\n\n<figure class=\"wp-block-image size-full\"><img loading=\"lazy\" width=\"1920\" height=\"1080\" src=\"https:\/\/www.ladiagonale.net\/wp-content\/uploads\/2023\/04\/Capture-6.png\" alt=\"\" class=\"wp-image-11897\"\/><\/figure>\n\n\n\n<p class=\"has-white-color has-text-color has-background\" style=\"background-color:#303030\">Quatre joueurs lensois, qui ont fait un effort plus intense que les Mon\u00e9gasques pour presser, sont parvenus \u00e0 isoler Vanderson. Si la passe de N\u00fcbel est difficile \u00e0 n\u00e9gocier, le contr\u00f4le un peu long et manqu\u00e9 du Br\u00e9silien n&rsquo;arrange pas vraiment la situation. Seule solution pour lui d\u00e9sormais, d\u00e9gager au loin, comme sur l&rsquo;action pr\u00e9c\u00e9dente. <\/p>\n\n\n\n<figure class=\"wp-block-image size-full\"><img loading=\"lazy\" width=\"1920\" height=\"1080\" src=\"https:\/\/www.ladiagonale.net\/wp-content\/uploads\/2023\/04\/Capture-7-1.png\" alt=\"\" class=\"wp-image-11898\"\/><\/figure>\n\n\n\n<p class=\"has-white-color has-text-color has-background\" style=\"background-color:#303030\">Vanderson se retourne et d\u00e9gage mais Machado est d\u00e9j\u00e0 sur ses talons. Le ballon est contr\u00e9 et revient dans les pieds d&rsquo;Openda, couvert d&rsquo;une position de hors-jeu par Maripan, malgr\u00e9 la d\u00e9cision initiale du corps arbitral, quie sera d\u00e9jug\u00e9 ensuite par la VAR.<\/p>\n\n\n\n<p>Openda devra s&rsquo;y reprendre \u00e0 deux fois pour tromper N\u00fcbel, puisque le ballon sera sauv\u00e9 une premi\u00e8re fois par Maripan, revenu de loin, sur sa ligne. En moins de dix minutes, Monaco a d\u00e9j\u00e0 \u00e9t\u00e9 pris \u00e0 la gorge plusieurs fois par le collectif lensois, dont trois fois du m\u00eame c\u00f4t\u00e9. Les deux premi\u00e8res ayant \u00e9t\u00e9 d\u00e9j\u00e0 tr\u00e8s limites, la troisi\u00e8me a \u00e9t\u00e9 fatale \u00e0 l&rsquo;ASM, qui ne va pas s&rsquo;en remettre, <a href=\"https:\/\/www.ladiagonale.net\/index.php\/2023\/04\/23\/clement-incroyable-de-navoir-aucune-intensite\/\">comme le dira Philippe Clement<\/a> \u00e0 l&rsquo;issue du match.<\/p>\n","protected":false},"excerpt":{"rendered":"<p>L\u2019AS Monaco a v\u00e9cu une soir\u00e9e difficile contre Lens samedi soir. Une rencontre qui a \u00e9tal\u00e9 au grand jour les failles collectives de cette \u00e9quipe face \u00e0 une autre \u00e0 l\u2019approche du jeu protagoniste. Les hommes de Philippe Clement ont notamment \u00e9t\u00e9 d\u00e9pass\u00e9s dans l\u2019intensit\u00e9 et ont \u00e9t\u00e9 rapidement accul\u00e9s par le pressing lensois. Si [&#8230;]\n","protected":false},"author":2,"featured_media":11885,"comment_status":"open","ping_status":"open","sticky":false,"template":"","format":"standard","meta":[],"categories":[5,6],"tags":[518,416,86,499,94,417],"yoast_head":"<!-- This site is optimized with the Yoast SEO plugin v19.8 - https:\/\/yoast.com\/wordpress\/plugins\/seo\/ -->\n<title>L\u2019action cl\u00e9 de Lens-Monaco&nbsp;: Monaco asphyxi\u00e9 au pressing - La Diagonale<\/title>\n<meta name=\"robots\" content=\"index, follow, max-snippet:-1, max-image-preview:large, max-video-preview:-1\" \/>\n<link rel=\"canonical\" href=\"https:\/\/www.ladiagonale.net\/index.php\/2023\/04\/25\/laction-cle-de-lens-monaco-monaco-asphyxie-au-pressing\/\" \/>\n<meta property=\"og:locale\" content=\"fr_FR\" \/>\n<meta property=\"og:type\" content=\"article\" \/>\n<meta property=\"og:title\" content=\"L\u2019action cl\u00e9 de Lens-Monaco&nbsp;: Monaco asphyxi\u00e9 au pressing - La Diagonale\" \/>\n<meta property=\"og:description\" content=\"L\u2019AS Monaco a v\u00e9cu une soir\u00e9e difficile contre Lens samedi soir. Une rencontre qui a \u00e9tal\u00e9 au grand jour les failles collectives de cette \u00e9quipe face \u00e0 une autre \u00e0 l\u2019approche du jeu protagoniste. Les hommes de Philippe Clement ont notamment \u00e9t\u00e9 d\u00e9pass\u00e9s dans l\u2019intensit\u00e9 et ont \u00e9t\u00e9 rapidement accul\u00e9s par le pressing lensois. Si [...]\" \/>\n<meta property=\"og:url\" content=\"https:\/\/www.ladiagonale.net\/index.php\/2023\/04\/25\/laction-cle-de-lens-monaco-monaco-asphyxie-au-pressing\/\" \/>\n<meta property=\"og:site_name\" content=\"La Diagonale\" \/>\n<meta property=\"article:published_time\" content=\"2023-04-25T20:53:24+00:00\" \/>\n<meta property=\"article:modified_time\" content=\"2023-04-25T20:55:01+00:00\" \/>\n<meta property=\"og:image\" content=\"https:\/\/www.ladiagonale.net\/wp-content\/uploads\/2023\/04\/une.png\" \/>\n\t<meta property=\"og:image:width\" content=\"1160\" \/>\n\t<meta property=\"og:image:height\" content=\"650\" \/>\n\t<meta property=\"og:image:type\" content=\"image\/png\" \/>\n<meta name=\"author\" content=\"Damien Dellerba\" \/>\n<meta name=\"twitter:card\" content=\"summary_large_image\" \/>\n<meta name=\"twitter:image\" content=\"https:\/\/www.ladiagonale.net\/wp-content\/uploads\/2023\/04\/une.png\" \/>\n<meta name=\"twitter:label1\" content=\"\u00c9crit par\" \/>\n\t<meta name=\"twitter:data1\" content=\"Damien Dellerba\" \/>\n\t<meta name=\"twitter:label2\" content=\"Dur\u00e9e de lecture estim\u00e9e\" \/>\n\t<meta name=\"twitter:data2\" content=\"7 minutes\" \/>\n<script type=\"application\/ld+json\" class=\"yoast-schema-graph\">{\"@context\":\"https:\/\/schema.org\",\"@graph\":[{\"@type\":\"WebPage\",\"@id\":\"https:\/\/www.ladiagonale.net\/index.php\/2023\/04\/25\/laction-cle-de-lens-monaco-monaco-asphyxie-au-pressing\/\",\"url\":\"https:\/\/www.ladiagonale.net\/index.php\/2023\/04\/25\/laction-cle-de-lens-monaco-monaco-asphyxie-au-pressing\/\",\"name\":\"L\u2019action cl\u00e9 de Lens-Monaco&nbsp;: Monaco asphyxi\u00e9 au pressing - La Diagonale\",\"isPartOf\":{\"@id\":\"https:\/\/www.ladiagonale.net\/#website\"},\"datePublished\":\"2023-04-25T20:53:24+00:00\",\"dateModified\":\"2023-04-25T20:55:01+00:00\",\"author\":{\"@id\":\"https:\/\/www.ladiagonale.net\/#\/schema\/person\/79ff1e7b0853ed01b2aa26e64ad300bf\"},\"breadcrumb\":{\"@id\":\"https:\/\/www.ladiagonale.net\/index.php\/2023\/04\/25\/laction-cle-de-lens-monaco-monaco-asphyxie-au-pressing\/#breadcrumb\"},\"inLanguage\":\"fr-FR\",\"potentialAction\":[{\"@type\":\"ReadAction\",\"target\":[\"https:\/\/www.ladiagonale.net\/index.php\/2023\/04\/25\/laction-cle-de-lens-monaco-monaco-asphyxie-au-pressing\/\"]}]},{\"@type\":\"BreadcrumbList\",\"@id\":\"https:\/\/www.ladiagonale.net\/index.php\/2023\/04\/25\/laction-cle-de-lens-monaco-monaco-asphyxie-au-pressing\/#breadcrumb\",\"itemListElement\":[{\"@type\":\"ListItem\",\"position\":1,\"name\":\"Accueil\",\"item\":\"https:\/\/www.ladiagonale.net\/\"},{\"@type\":\"ListItem\",\"position\":2,\"name\":\"L\u2019action cl\u00e9 de Lens-Monaco&nbsp;: Monaco asphyxi\u00e9 au pressing\"}]},{\"@type\":\"WebSite\",\"@id\":\"https:\/\/www.ladiagonale.net\/#website\",\"url\":\"https:\/\/www.ladiagonale.net\/\",\"name\":\"La Diagonale\",\"description\":\"Le site des supporters de l&#039;AS Monaco FC\",\"potentialAction\":[{\"@type\":\"SearchAction\",\"target\":{\"@type\":\"EntryPoint\",\"urlTemplate\":\"https:\/\/www.ladiagonale.net\/?s={search_term_string}\"},\"query-input\":\"required name=search_term_string\"}],\"inLanguage\":\"fr-FR\"},{\"@type\":\"Person\",\"@id\":\"https:\/\/www.ladiagonale.net\/#\/schema\/person\/79ff1e7b0853ed01b2aa26e64ad300bf\",\"name\":\"Damien Dellerba\",\"image\":{\"@type\":\"ImageObject\",\"inLanguage\":\"fr-FR\",\"@id\":\"https:\/\/www.ladiagonale.net\/#\/schema\/person\/image\/\",\"url\":\"https:\/\/secure.gravatar.com\/avatar\/c7850e06d3ff63cdbaee88b7fc16e2f0?s=96&d=mm&r=g\",\"contentUrl\":\"https:\/\/secure.gravatar.com\/avatar\/c7850e06d3ff63cdbaee88b7fc16e2f0?s=96&d=mm&r=g\",\"caption\":\"Damien Dellerba\"},\"url\":\"https:\/\/www.ladiagonale.net\/index.php\/author\/damien\/\"}]}<\/script>\n<!-- \/ Yoast SEO plugin. -->","yoast_head_json":{"title":"L\u2019action cl\u00e9 de Lens-Monaco&nbsp;: Monaco asphyxi\u00e9 au pressing - La Diagonale","robots":{"index":"index","follow":"follow","max-snippet":"max-snippet:-1","max-image-preview":"max-image-preview:large","max-video-preview":"max-video-preview:-1"},"canonical":"https:\/\/www.ladiagonale.net\/index.php\/2023\/04\/25\/laction-cle-de-lens-monaco-monaco-asphyxie-au-pressing\/","og_locale":"fr_FR","og_type":"article","og_title":"L\u2019action cl\u00e9 de Lens-Monaco&nbsp;: Monaco asphyxi\u00e9 au pressing - La Diagonale","og_description":"L\u2019AS Monaco a v\u00e9cu une soir\u00e9e difficile contre Lens samedi soir. Une rencontre qui a \u00e9tal\u00e9 au grand jour les failles collectives de cette \u00e9quipe face \u00e0 une autre \u00e0 l\u2019approche du jeu protagoniste. Les hommes de Philippe Clement ont notamment \u00e9t\u00e9 d\u00e9pass\u00e9s dans l\u2019intensit\u00e9 et ont \u00e9t\u00e9 rapidement accul\u00e9s par le pressing lensois. Si [...]","og_url":"https:\/\/www.ladiagonale.net\/index.php\/2023\/04\/25\/laction-cle-de-lens-monaco-monaco-asphyxie-au-pressing\/","og_site_name":"La Diagonale","article_published_time":"2023-04-25T20:53:24+00:00","article_modified_time":"2023-04-25T20:55:01+00:00","og_image":[{"width":1160,"height":650,"url":"https:\/\/www.ladiagonale.net\/wp-content\/uploads\/2023\/04\/une.png","type":"image\/png"}],"author":"Damien Dellerba","twitter_card":"summary_large_image","twitter_image":"https:\/\/www.ladiagonale.net\/wp-content\/uploads\/2023\/04\/une.png","twitter_misc":{"\u00c9crit par":"Damien Dellerba","Dur\u00e9e de lecture estim\u00e9e":"7 minutes"},"schema":{"@context":"https:\/\/schema.org","@graph":[{"@type":"WebPage","@id":"https:\/\/www.ladiagonale.net\/index.php\/2023\/04\/25\/laction-cle-de-lens-monaco-monaco-asphyxie-au-pressing\/","url":"https:\/\/www.ladiagonale.net\/index.php\/2023\/04\/25\/laction-cle-de-lens-monaco-monaco-asphyxie-au-pressing\/","name":"L\u2019action cl\u00e9 de Lens-Monaco&nbsp;: Monaco asphyxi\u00e9 au pressing - La Diagonale","isPartOf":{"@id":"https:\/\/www.ladiagonale.net\/#website"},"datePublished":"2023-04-25T20:53:24+00:00","dateModified":"2023-04-25T20:55:01+00:00","author":{"@id":"https:\/\/www.ladiagonale.net\/#\/schema\/person\/79ff1e7b0853ed01b2aa26e64ad300bf"},"breadcrumb":{"@id":"https:\/\/www.ladiagonale.net\/index.php\/2023\/04\/25\/laction-cle-de-lens-monaco-monaco-asphyxie-au-pressing\/#breadcrumb"},"inLanguage":"fr-FR","potentialAction":[{"@type":"ReadAction","target":["https:\/\/www.ladiagonale.net\/index.php\/2023\/04\/25\/laction-cle-de-lens-monaco-monaco-asphyxie-au-pressing\/"]}]},{"@type":"BreadcrumbList","@id":"https:\/\/www.ladiagonale.net\/index.php\/2023\/04\/25\/laction-cle-de-lens-monaco-monaco-asphyxie-au-pressing\/#breadcrumb","itemListElement":[{"@type":"ListItem","position":1,"name":"Accueil","item":"https:\/\/www.ladiagonale.net\/"},{"@type":"ListItem","position":2,"name":"L\u2019action cl\u00e9 de Lens-Monaco&nbsp;: Monaco asphyxi\u00e9 au pressing"}]},{"@type":"WebSite","@id":"https:\/\/www.ladiagonale.net\/#website","url":"https:\/\/www.ladiagonale.net\/","name":"La Diagonale","description":"Le site des supporters de l&#039;AS Monaco FC","potentialAction":[{"@type":"SearchAction","target":{"@type":"EntryPoint","urlTemplate":"https:\/\/www.ladiagonale.net\/?s={search_term_string}"},"query-input":"required name=search_term_string"}],"inLanguage":"fr-FR"},{"@type":"Person","@id":"https:\/\/www.ladiagonale.net\/#\/schema\/person\/79ff1e7b0853ed01b2aa26e64ad300bf","name":"Damien Dellerba","image":{"@type":"ImageObject","inLanguage":"fr-FR","@id":"https:\/\/www.ladiagonale.net\/#\/schema\/person\/image\/","url":"https:\/\/secure.gravatar.com\/avatar\/c7850e06d3ff63cdbaee88b7fc16e2f0?s=96&d=mm&r=g","contentUrl":"https:\/\/secure.gravatar.com\/avatar\/c7850e06d3ff63cdbaee88b7fc16e2f0?s=96&d=mm&r=g","caption":"Damien Dellerba"},"url":"https:\/\/www.ladiagonale.net\/index.php\/author\/damien\/"}]}},"_links":{"self":[{"href":"https:\/\/www.ladiagonale.net\/index.php\/wp-json\/wp\/v2\/posts\/11883"}],"collection":[{"href":"https:\/\/www.ladiagonale.net\/index.php\/wp-json\/wp\/v2\/posts"}],"about":[{"href":"https:\/\/www.ladiagonale.net\/index.php\/wp-json\/wp\/v2\/types\/post"}],"author":[{"embeddable":true,"href":"https:\/\/www.ladiagonale.net\/index.php\/wp-json\/wp\/v2\/users\/2"}],"replies":[{"embeddable":true,"href":"https:\/\/www.ladiagonale.net\/index.php\/wp-json\/wp\/v2\/comments?post=11883"}],"version-history":[{"count":6,"href":"https:\/\/www.ladiagonale.net\/index.php\/wp-json\/wp\/v2\/posts\/11883\/revisions"}],"predecessor-version":[{"id":11901,"href":"https:\/\/www.ladiagonale.net\/index.php\/wp-json\/wp\/v2\/posts\/11883\/revisions\/11901"}],"wp:featuredmedia":[{"embeddable":true,"href":"https:\/\/www.ladiagonale.net\/index.php\/wp-json\/wp\/v2\/media\/11885"}],"wp:attachment":[{"href":"https:\/\/www.ladiagonale.net\/index.php\/wp-json\/wp\/v2\/media?parent=11883"}],"wp:term":[{"taxonomy":"category","embeddable":true,"href":"https:\/\/www.ladiagonale.net\/index.php\/wp-json\/wp\/v2\/categories?post=11883"},{"taxonomy":"post_tag","embeddable":true,"href":"https:\/\/www.ladiagonale.net\/index.php\/wp-json\/wp\/v2\/tags?post=11883"}],"curies":[{"name":"wp","href":"https:\/\/api.w.org\/{rel}","templated":true}]}}