{"id":11924,"date":"2023-04-27T00:07:33","date_gmt":"2023-04-26T22:07:33","guid":{"rendered":"https:\/\/www.ladiagonale.net\/?p=11924"},"modified":"2023-04-27T00:41:14","modified_gmt":"2023-04-26T22:41:14","slug":"akliouche-vers-une-prolongation","status":"publish","type":"post","link":"https:\/\/www.ladiagonale.net\/index.php\/2023\/04\/27\/akliouche-vers-une-prolongation\/","title":{"rendered":"Akliouche vers une prolongation ?"},"content":{"rendered":"\n\n\n<p>Il y a quelques mois, la situation \u00e9tait plut\u00f4t tendue entre l&rsquo;AS Monaco et le clan Akliouche, mais Monaco n&rsquo;a jamais souhait\u00e9 se s\u00e9parer de l&rsquo;international U20 fran\u00e7ais (7 s\u00e9lections), <a href=\"https:\/\/www.ladiagonale.net\/index.php\/2023\/01\/30\/rennes-a-augmente-son-offre-pour-akliouche\/\">malgr\u00e9 des offres int\u00e9ressantes cet hiver<\/a>. Et il semble que l\u2019heure soit d\u00e9sormais \u00e0 la d\u00e9tente, puisque les n\u00e9gociations pour une prolongation auraient repris et seraient en bonne voie, indique <em>Foot Mercato<\/em>. Akliouche, qui a disput\u00e9 dix rencontres cette saison toutes comp\u00e9titions confondues, a un contrat avec le club du Rocher qui court jusqu&rsquo;en juin 2025 mais il avait, selon <em>Nice-Matin<\/em>, refus\u00e9 une prolongation de quatre ans en octobre dernier.<\/p>\n\n\n\n<p>Dans les colonnes du quotidien azur\u00e9en, l\u2019entourage du joueur s\u2019\u00e9tait livr\u00e9 \u00e0 une <a href=\"https:\/\/www.ladiagonale.net\/index.php\/2023\/01\/18\/lentourage-dakliouche-exige-des-garanties\/\">sortie m\u00e9diatique<\/a> pour indiquer que les n\u00e9gociations avec son club formateur \u00e9taient au point mort et que le milieu de terrain de 21 ans \u00e9tait notamment frustr\u00e9 par son faible temps de jeu : \u00ab <em>Cet \u00e9t\u00e9, Maghnes a eu la promesse de jouer plus et ce n\u2019est pas le cas. On respecte les choix du coach mais il est frustr\u00e9. Il a besoin de garanties, de savoir qu\u2019il va participer \u00e0 certains matchs<\/em> \u00bb, pouvait-on lire en janvier.<\/p>\n","protected":false},"excerpt":{"rendered":"<p>Il y a quelques mois, la situation \u00e9tait plut\u00f4t tendue entre l&rsquo;AS Monaco et le clan Akliouche, mais Monaco n&rsquo;a jamais souhait\u00e9 se s\u00e9parer de l&rsquo;international U20 fran\u00e7ais (7 s\u00e9lections), malgr\u00e9 des offres int\u00e9ressantes cet hiver. Et il semble que l\u2019heure soit d\u00e9sormais \u00e0 la d\u00e9tente, puisque les n\u00e9gociations pour une prolongation auraient repris et [&#8230;]\n","protected":false},"author":2,"featured_media":0,"comment_status":"open","ping_status":"open","sticky":false,"template":"","format":"standard","meta":[],"categories":[6],"tags":[86,493,190,186],"yoast_head":"<!-- This site is optimized with the Yoast SEO plugin v19.8 - https:\/\/yoast.com\/wordpress\/plugins\/seo\/ -->\n<title>Akliouche vers une prolongation ? - La Diagonale<\/title>\n<meta name=\"robots\" content=\"index, follow, max-snippet:-1, max-image-preview:large, max-video-preview:-1\" \/>\n<link rel=\"canonical\" href=\"https:\/\/www.ladiagonale.net\/index.php\/2023\/04\/27\/akliouche-vers-une-prolongation\/\" \/>\n<meta property=\"og:locale\" content=\"fr_FR\" \/>\n<meta property=\"og:type\" content=\"article\" \/>\n<meta property=\"og:title\" content=\"Akliouche vers une prolongation ? - La Diagonale\" \/>\n<meta property=\"og:description\" content=\"Il y a quelques mois, la situation \u00e9tait plut\u00f4t tendue entre l&rsquo;AS Monaco et le clan Akliouche, mais Monaco n&rsquo;a jamais souhait\u00e9 se s\u00e9parer de l&rsquo;international U20 fran\u00e7ais (7 s\u00e9lections), malgr\u00e9 des offres int\u00e9ressantes cet hiver. Et il semble que l\u2019heure soit d\u00e9sormais \u00e0 la d\u00e9tente, puisque les n\u00e9gociations pour une prolongation auraient repris et [...]\" \/>\n<meta property=\"og:url\" content=\"https:\/\/www.ladiagonale.net\/index.php\/2023\/04\/27\/akliouche-vers-une-prolongation\/\" \/>\n<meta property=\"og:site_name\" content=\"La Diagonale\" \/>\n<meta property=\"article:published_time\" content=\"2023-04-26T22:07:33+00:00\" \/>\n<meta property=\"article:modified_time\" content=\"2023-04-26T22:41:14+00:00\" \/>\n<meta property=\"og:image\" content=\"https:\/\/www.ladiagonale.net\/wp-content\/uploads\/2022\/12\/akliouche.png\" \/>\n\t<meta property=\"og:image:width\" content=\"1160\" \/>\n\t<meta property=\"og:image:height\" content=\"650\" \/>\n\t<meta property=\"og:image:type\" content=\"image\/png\" \/>\n<meta name=\"author\" content=\"Damien Dellerba\" \/>\n<meta name=\"twitter:card\" content=\"summary_large_image\" \/>\n<meta name=\"twitter:image\" content=\"https:\/\/www.ladiagonale.net\/wp-content\/uploads\/2022\/12\/akliouche.png\" \/>\n<meta name=\"twitter:label1\" content=\"\u00c9crit par\" \/>\n\t<meta name=\"twitter:data1\" content=\"Damien Dellerba\" \/>\n\t<meta name=\"twitter:label2\" content=\"Dur\u00e9e de lecture estim\u00e9e\" \/>\n\t<meta name=\"twitter:data2\" content=\"1 minute\" \/>\n<script type=\"application\/ld+json\" class=\"yoast-schema-graph\">{\"@context\":\"https:\/\/schema.org\",\"@graph\":[{\"@type\":\"WebPage\",\"@id\":\"https:\/\/www.ladiagonale.net\/index.php\/2023\/04\/27\/akliouche-vers-une-prolongation\/\",\"url\":\"https:\/\/www.ladiagonale.net\/index.php\/2023\/04\/27\/akliouche-vers-une-prolongation\/\",\"name\":\"Akliouche vers une prolongation ? - La Diagonale\",\"isPartOf\":{\"@id\":\"https:\/\/www.ladiagonale.net\/#website\"},\"datePublished\":\"2023-04-26T22:07:33+00:00\",\"dateModified\":\"2023-04-26T22:41:14+00:00\",\"author\":{\"@id\":\"https:\/\/www.ladiagonale.net\/#\/schema\/person\/79ff1e7b0853ed01b2aa26e64ad300bf\"},\"breadcrumb\":{\"@id\":\"https:\/\/www.ladiagonale.net\/index.php\/2023\/04\/27\/akliouche-vers-une-prolongation\/#breadcrumb\"},\"inLanguage\":\"fr-FR\",\"potentialAction\":[{\"@type\":\"ReadAction\",\"target\":[\"https:\/\/www.ladiagonale.net\/index.php\/2023\/04\/27\/akliouche-vers-une-prolongation\/\"]}]},{\"@type\":\"BreadcrumbList\",\"@id\":\"https:\/\/www.ladiagonale.net\/index.php\/2023\/04\/27\/akliouche-vers-une-prolongation\/#breadcrumb\",\"itemListElement\":[{\"@type\":\"ListItem\",\"position\":1,\"name\":\"Accueil\",\"item\":\"https:\/\/www.ladiagonale.net\/\"},{\"@type\":\"ListItem\",\"position\":2,\"name\":\"Akliouche vers une prolongation ?\"}]},{\"@type\":\"WebSite\",\"@id\":\"https:\/\/www.ladiagonale.net\/#website\",\"url\":\"https:\/\/www.ladiagonale.net\/\",\"name\":\"La Diagonale\",\"description\":\"Le site des supporters de l&#039;AS Monaco FC\",\"potentialAction\":[{\"@type\":\"SearchAction\",\"target\":{\"@type\":\"EntryPoint\",\"urlTemplate\":\"https:\/\/www.ladiagonale.net\/?s={search_term_string}\"},\"query-input\":\"required name=search_term_string\"}],\"inLanguage\":\"fr-FR\"},{\"@type\":\"Person\",\"@id\":\"https:\/\/www.ladiagonale.net\/#\/schema\/person\/79ff1e7b0853ed01b2aa26e64ad300bf\",\"name\":\"Damien Dellerba\",\"image\":{\"@type\":\"ImageObject\",\"inLanguage\":\"fr-FR\",\"@id\":\"https:\/\/www.ladiagonale.net\/#\/schema\/person\/image\/\",\"url\":\"https:\/\/secure.gravatar.com\/avatar\/c7850e06d3ff63cdbaee88b7fc16e2f0?s=96&d=mm&r=g\",\"contentUrl\":\"https:\/\/secure.gravatar.com\/avatar\/c7850e06d3ff63cdbaee88b7fc16e2f0?s=96&d=mm&r=g\",\"caption\":\"Damien Dellerba\"},\"url\":\"https:\/\/www.ladiagonale.net\/index.php\/author\/damien\/\"}]}<\/script>\n<!-- \/ Yoast SEO plugin. -->","yoast_head_json":{"title":"Akliouche vers une prolongation ? - La Diagonale","robots":{"index":"index","follow":"follow","max-snippet":"max-snippet:-1","max-image-preview":"max-image-preview:large","max-video-preview":"max-video-preview:-1"},"canonical":"https:\/\/www.ladiagonale.net\/index.php\/2023\/04\/27\/akliouche-vers-une-prolongation\/","og_locale":"fr_FR","og_type":"article","og_title":"Akliouche vers une prolongation ? - La Diagonale","og_description":"Il y a quelques mois, la situation \u00e9tait plut\u00f4t tendue entre l&rsquo;AS Monaco et le clan Akliouche, mais Monaco n&rsquo;a jamais souhait\u00e9 se s\u00e9parer de l&rsquo;international U20 fran\u00e7ais (7 s\u00e9lections), malgr\u00e9 des offres int\u00e9ressantes cet hiver. Et il semble que l\u2019heure soit d\u00e9sormais \u00e0 la d\u00e9tente, puisque les n\u00e9gociations pour une prolongation auraient repris et [...]","og_url":"https:\/\/www.ladiagonale.net\/index.php\/2023\/04\/27\/akliouche-vers-une-prolongation\/","og_site_name":"La Diagonale","article_published_time":"2023-04-26T22:07:33+00:00","article_modified_time":"2023-04-26T22:41:14+00:00","og_image":[{"width":1160,"height":650,"url":"https:\/\/www.ladiagonale.net\/wp-content\/uploads\/2022\/12\/akliouche.png","type":"image\/png"}],"author":"Damien Dellerba","twitter_card":"summary_large_image","twitter_image":"https:\/\/www.ladiagonale.net\/wp-content\/uploads\/2022\/12\/akliouche.png","twitter_misc":{"\u00c9crit par":"Damien Dellerba","Dur\u00e9e de lecture estim\u00e9e":"1 minute"},"schema":{"@context":"https:\/\/schema.org","@graph":[{"@type":"WebPage","@id":"https:\/\/www.ladiagonale.net\/index.php\/2023\/04\/27\/akliouche-vers-une-prolongation\/","url":"https:\/\/www.ladiagonale.net\/index.php\/2023\/04\/27\/akliouche-vers-une-prolongation\/","name":"Akliouche vers une prolongation ? - La Diagonale","isPartOf":{"@id":"https:\/\/www.ladiagonale.net\/#website"},"datePublished":"2023-04-26T22:07:33+00:00","dateModified":"2023-04-26T22:41:14+00:00","author":{"@id":"https:\/\/www.ladiagonale.net\/#\/schema\/person\/79ff1e7b0853ed01b2aa26e64ad300bf"},"breadcrumb":{"@id":"https:\/\/www.ladiagonale.net\/index.php\/2023\/04\/27\/akliouche-vers-une-prolongation\/#breadcrumb"},"inLanguage":"fr-FR","potentialAction":[{"@type":"ReadAction","target":["https:\/\/www.ladiagonale.net\/index.php\/2023\/04\/27\/akliouche-vers-une-prolongation\/"]}]},{"@type":"BreadcrumbList","@id":"https:\/\/www.ladiagonale.net\/index.php\/2023\/04\/27\/akliouche-vers-une-prolongation\/#breadcrumb","itemListElement":[{"@type":"ListItem","position":1,"name":"Accueil","item":"https:\/\/www.ladiagonale.net\/"},{"@type":"ListItem","position":2,"name":"Akliouche vers une prolongation ?"}]},{"@type":"WebSite","@id":"https:\/\/www.ladiagonale.net\/#website","url":"https:\/\/www.ladiagonale.net\/","name":"La Diagonale","description":"Le site des supporters de l&#039;AS Monaco FC","potentialAction":[{"@type":"SearchAction","target":{"@type":"EntryPoint","urlTemplate":"https:\/\/www.ladiagonale.net\/?s={search_term_string}"},"query-input":"required name=search_term_string"}],"inLanguage":"fr-FR"},{"@type":"Person","@id":"https:\/\/www.ladiagonale.net\/#\/schema\/person\/79ff1e7b0853ed01b2aa26e64ad300bf","name":"Damien Dellerba","image":{"@type":"ImageObject","inLanguage":"fr-FR","@id":"https:\/\/www.ladiagonale.net\/#\/schema\/person\/image\/","url":"https:\/\/secure.gravatar.com\/avatar\/c7850e06d3ff63cdbaee88b7fc16e2f0?s=96&d=mm&r=g","contentUrl":"https:\/\/secure.gravatar.com\/avatar\/c7850e06d3ff63cdbaee88b7fc16e2f0?s=96&d=mm&r=g","caption":"Damien Dellerba"},"url":"https:\/\/www.ladiagonale.net\/index.php\/author\/damien\/"}]}},"_links":{"self":[{"href":"https:\/\/www.ladiagonale.net\/index.php\/wp-json\/wp\/v2\/posts\/11924"}],"collection":[{"href":"https:\/\/www.ladiagonale.net\/index.php\/wp-json\/wp\/v2\/posts"}],"about":[{"href":"https:\/\/www.ladiagonale.net\/index.php\/wp-json\/wp\/v2\/types\/post"}],"author":[{"embeddable":true,"href":"https:\/\/www.ladiagonale.net\/index.php\/wp-json\/wp\/v2\/users\/2"}],"replies":[{"embeddable":true,"href":"https:\/\/www.ladiagonale.net\/index.php\/wp-json\/wp\/v2\/comments?post=11924"}],"version-history":[{"count":8,"href":"https:\/\/www.ladiagonale.net\/index.php\/wp-json\/wp\/v2\/posts\/11924\/revisions"}],"predecessor-version":[{"id":11932,"href":"https:\/\/www.ladiagonale.net\/index.php\/wp-json\/wp\/v2\/posts\/11924\/revisions\/11932"}],"wp:attachment":[{"href":"https:\/\/www.ladiagonale.net\/index.php\/wp-json\/wp\/v2\/media?parent=11924"}],"wp:term":[{"taxonomy":"category","embeddable":true,"href":"https:\/\/www.ladiagonale.net\/index.php\/wp-json\/wp\/v2\/categories?post=11924"},{"taxonomy":"post_tag","embeddable":true,"href":"https:\/\/www.ladiagonale.net\/index.php\/wp-json\/wp\/v2\/tags?post=11924"}],"curies":[{"name":"wp","href":"https:\/\/api.w.org\/{rel}","templated":true}]}}