{"id":11948,"date":"2023-04-28T11:22:34","date_gmt":"2023-04-28T09:22:34","guid":{"rendered":"https:\/\/www.ladiagonale.net\/?p=11948"},"modified":"2023-04-28T11:22:36","modified_gmt":"2023-04-28T09:22:36","slug":"valme-pas-de-favori-dans-cette-finale","status":"publish","type":"post","link":"https:\/\/www.ladiagonale.net\/index.php\/2023\/04\/28\/valme-pas-de-favori-dans-cette-finale\/","title":{"rendered":"Valm\u00e9 : \u00ab Pas de favori dans cette finale \u00bb"},"content":{"rendered":"\n\n\n<p>Samedi (17h15), les U18 de l&rsquo;AS Monaco affronteront ceux de Clermont en finale de la Coupe Gambardella. Le d\u00e9fenseur central, capitaine de la formation as\u00e9miste et <a href=\"https:\/\/www.ladiagonale.net\/index.php\/2023\/02\/13\/officiel-ritchy-valme-passe-professionnel\/\">n\u00e9o-professionnel<\/a> Ritchy Valm\u00e9, s&rsquo;est confi\u00e9 sur le site de la F\u00e9d\u00e9ration fran\u00e7aise de football avant ce grand rendez-vous. Pour lui, aucune \u00e9quipe ne tient lieu de favori : \u00ab <em>Pour moi, il n\u2019y a pas de favori. C\u2019est une finale, les deux \u00e9quipes ont d\u00fb se battre pour en arriver l\u00e0 et, surtout, d\u00e9barquent avec la m\u00eame ambition : une finale \u00e7a ne se joue pas, \u00e7a se gagne. Honn\u00eatement, l\u2019historique du club dans cette comp\u00e9tition ne nous met pas de pression particuli\u00e8re. Chaque \u00e9dition, chaque finale est diff\u00e9rente, cela ne sert \u00e0 rien de comparer les \u00e9poques. Le plus important est d\u2019\u00eatre concentr\u00e9 sur notre groupe et notre histoire que l\u2019on veut bien terminer. Si \u00e7a aide \u00e0 \u00e9crire celle de l\u2019AS Monaco, ce sera parfait.<\/em> \u00bb<\/p>\n\n\n\n<p>Une finale au Stade de France, en lever de rideau de la finale de la Coupe de France qui opposera Nantes \u00e0 Toulouse, est forc\u00e9ment sp\u00e9ciale : \u00ab <em>C\u2019est une enceinte mythique, pouvoir y jouer est un vrai plaisir m\u00eame si on appr\u00e9hende un peu forc\u00e9ment<\/em>, conc\u00e8de Valm\u00e9, qui ne veut toutefois pas se laisser happer par l&rsquo;enjeu. <em>Le plus important \u00e9tait de ne pas changer les choses qui nous avaient permises d\u2019arriver jusqu\u2019ici, de ne pas bousculer nos habitudes. On a pr\u00e9par\u00e9 cette finale comme nos autres tours de Coupe ou nos gros matches de Championnat National U19. Bien s\u00fbr il y a eu de l\u2019analyse de Clermont cette semaine, mais pas avant car nous \u00e9tions concentr\u00e9s sur notre rencontre de championnat face \u00e0 l\u2019US Colomiers (victoire 2-1). On bascule progressivement vers cette finale.<\/em> \u00bb<\/p>\n\n\n\n<figure class=\"wp-block-embed is-type-rich is-provider-prise-en-charge-des-contenus-embarques wp-block-embed-prise-en-charge-des-contenus-embarques wp-embed-aspect-16-9 wp-has-aspect-ratio\"><div class=\"wp-block-embed__wrapper\">\n<iframe loading=\"lazy\" title=\"Parcours de finaliste: Monaco en Coupe Gambardella-Cr\u00e9dit Agricole I FFF 2023\" width=\"1020\" height=\"574\" src=\"https:\/\/www.youtube.com\/embed\/37aKTfpJLuQ?feature=oembed\" frameborder=\"0\" allow=\"accelerometer; autoplay; clipboard-write; encrypted-media; gyroscope; picture-in-picture; web-share\" allowfullscreen><\/iframe>\n<\/div><\/figure>\n\n\n\n<p>Dans son parcours, Monaco n&rsquo;aura jamais \u00e9volu\u00e9 \u00e0 domicile cette saison et a d\u00e9j\u00e0 d\u00fb \u00eatre confront\u00e9 \u00e0 des ambiances nourries \u00e0 l&rsquo;ext\u00e9rieur, comme lors de la demi-finale contre Pau (victoire 2-0) : \u00ab <em>Le stade \u00e9tait bien plein \u00e0 Pau, avec 4 500 personnes dans les tribunes, mais \u00e7a ne nous a pas surpris. D\u00e9j\u00e0 parce que l\u2019enjeu de la partie \u00e9tait tr\u00e8s important, bien s\u00fbr, mais aussi parce qu\u2019on avait d\u00e9j\u00e0 connu \u00e7a contre Rouen en huiti\u00e8mes. Dans ces deux cas nous sommes rest\u00e9s fid\u00e8les \u00e0 nous-m\u00eame : on avait un objectif, on est rest\u00e9 concentr\u00e9 dessus et on l\u2019a atteint.<\/em> \u00bb Valm\u00e9 esp\u00e8re d\u00e9sormais que le s\u00e9rieux dont ils ont fait preuve leur permettra de gravir la derni\u00e8re marche : \u00ab <em>M\u00eame si on a r\u00e9ussi \u00e0 marquer pas mal de buts et \u00e0 ne pas en encaisser beaucoup, aucun match n\u2019a \u00e9t\u00e9 facile. Je pense que, dans l\u2019ensemble, toutes les rencontres ont \u00e9t\u00e9 int\u00e9ressantes, on a su rester s\u00e9rieux pour aller au Stade de France.<\/em> \u00bb<\/p>\n","protected":false},"excerpt":{"rendered":"<p>Samedi (17h15), les U18 de l&rsquo;AS Monaco affronteront ceux de Clermont en finale de la Coupe Gambardella. Le d\u00e9fenseur central, capitaine de la formation as\u00e9miste et n\u00e9o-professionnel Ritchy Valm\u00e9, s&rsquo;est confi\u00e9 sur le site de la F\u00e9d\u00e9ration fran\u00e7aise de football avant ce grand rendez-vous. Pour lui, aucune \u00e9quipe ne tient lieu de favori : \u00ab [&#8230;]\n","protected":false},"author":2,"featured_media":0,"comment_status":"open","ping_status":"open","sticky":false,"template":"","format":"standard","meta":[],"categories":[6],"tags":[76,86,321,409],"yoast_head":"<!-- This site is optimized with the Yoast SEO plugin v19.8 - https:\/\/yoast.com\/wordpress\/plugins\/seo\/ -->\n<title>Valm\u00e9 : \u00ab Pas de favori dans cette finale \u00bb - La Diagonale<\/title>\n<meta name=\"robots\" content=\"index, follow, max-snippet:-1, max-image-preview:large, max-video-preview:-1\" \/>\n<link rel=\"canonical\" href=\"https:\/\/www.ladiagonale.net\/index.php\/2023\/04\/28\/valme-pas-de-favori-dans-cette-finale\/\" \/>\n<meta property=\"og:locale\" content=\"fr_FR\" \/>\n<meta property=\"og:type\" content=\"article\" \/>\n<meta property=\"og:title\" content=\"Valm\u00e9 : \u00ab Pas de favori dans cette finale \u00bb - La Diagonale\" \/>\n<meta property=\"og:description\" content=\"Samedi (17h15), les U18 de l&rsquo;AS Monaco affronteront ceux de Clermont en finale de la Coupe Gambardella. Le d\u00e9fenseur central, capitaine de la formation as\u00e9miste et n\u00e9o-professionnel Ritchy Valm\u00e9, s&rsquo;est confi\u00e9 sur le site de la F\u00e9d\u00e9ration fran\u00e7aise de football avant ce grand rendez-vous. Pour lui, aucune \u00e9quipe ne tient lieu de favori : \u00ab [...]\" \/>\n<meta property=\"og:url\" content=\"https:\/\/www.ladiagonale.net\/index.php\/2023\/04\/28\/valme-pas-de-favori-dans-cette-finale\/\" \/>\n<meta property=\"og:site_name\" content=\"La Diagonale\" \/>\n<meta property=\"article:published_time\" content=\"2023-04-28T09:22:34+00:00\" \/>\n<meta property=\"article:modified_time\" content=\"2023-04-28T09:22:36+00:00\" \/>\n<meta property=\"og:image\" content=\"https:\/\/www.ladiagonale.net\/wp-content\/uploads\/2023\/04\/valme\u0301.png\" \/>\n\t<meta property=\"og:image:width\" content=\"1160\" \/>\n\t<meta property=\"og:image:height\" content=\"650\" \/>\n\t<meta property=\"og:image:type\" content=\"image\/png\" \/>\n<meta name=\"author\" content=\"Damien Dellerba\" \/>\n<meta name=\"twitter:card\" content=\"summary_large_image\" \/>\n<meta name=\"twitter:image\" content=\"https:\/\/www.ladiagonale.net\/wp-content\/uploads\/2023\/04\/valme\u0301.png\" \/>\n<meta name=\"twitter:label1\" content=\"\u00c9crit par\" \/>\n\t<meta name=\"twitter:data1\" content=\"Damien Dellerba\" \/>\n\t<meta name=\"twitter:label2\" content=\"Dur\u00e9e de lecture estim\u00e9e\" \/>\n\t<meta name=\"twitter:data2\" content=\"3 minutes\" \/>\n<script type=\"application\/ld+json\" class=\"yoast-schema-graph\">{\"@context\":\"https:\/\/schema.org\",\"@graph\":[{\"@type\":\"WebPage\",\"@id\":\"https:\/\/www.ladiagonale.net\/index.php\/2023\/04\/28\/valme-pas-de-favori-dans-cette-finale\/\",\"url\":\"https:\/\/www.ladiagonale.net\/index.php\/2023\/04\/28\/valme-pas-de-favori-dans-cette-finale\/\",\"name\":\"Valm\u00e9 : \u00ab Pas de favori dans cette finale \u00bb - La Diagonale\",\"isPartOf\":{\"@id\":\"https:\/\/www.ladiagonale.net\/#website\"},\"datePublished\":\"2023-04-28T09:22:34+00:00\",\"dateModified\":\"2023-04-28T09:22:36+00:00\",\"author\":{\"@id\":\"https:\/\/www.ladiagonale.net\/#\/schema\/person\/79ff1e7b0853ed01b2aa26e64ad300bf\"},\"breadcrumb\":{\"@id\":\"https:\/\/www.ladiagonale.net\/index.php\/2023\/04\/28\/valme-pas-de-favori-dans-cette-finale\/#breadcrumb\"},\"inLanguage\":\"fr-FR\",\"potentialAction\":[{\"@type\":\"ReadAction\",\"target\":[\"https:\/\/www.ladiagonale.net\/index.php\/2023\/04\/28\/valme-pas-de-favori-dans-cette-finale\/\"]}]},{\"@type\":\"BreadcrumbList\",\"@id\":\"https:\/\/www.ladiagonale.net\/index.php\/2023\/04\/28\/valme-pas-de-favori-dans-cette-finale\/#breadcrumb\",\"itemListElement\":[{\"@type\":\"ListItem\",\"position\":1,\"name\":\"Accueil\",\"item\":\"https:\/\/www.ladiagonale.net\/\"},{\"@type\":\"ListItem\",\"position\":2,\"name\":\"Valm\u00e9 : \u00ab Pas de favori dans cette finale \u00bb\"}]},{\"@type\":\"WebSite\",\"@id\":\"https:\/\/www.ladiagonale.net\/#website\",\"url\":\"https:\/\/www.ladiagonale.net\/\",\"name\":\"La Diagonale\",\"description\":\"Le site des supporters de l&#039;AS Monaco FC\",\"potentialAction\":[{\"@type\":\"SearchAction\",\"target\":{\"@type\":\"EntryPoint\",\"urlTemplate\":\"https:\/\/www.ladiagonale.net\/?s={search_term_string}\"},\"query-input\":\"required name=search_term_string\"}],\"inLanguage\":\"fr-FR\"},{\"@type\":\"Person\",\"@id\":\"https:\/\/www.ladiagonale.net\/#\/schema\/person\/79ff1e7b0853ed01b2aa26e64ad300bf\",\"name\":\"Damien Dellerba\",\"image\":{\"@type\":\"ImageObject\",\"inLanguage\":\"fr-FR\",\"@id\":\"https:\/\/www.ladiagonale.net\/#\/schema\/person\/image\/\",\"url\":\"https:\/\/secure.gravatar.com\/avatar\/c7850e06d3ff63cdbaee88b7fc16e2f0?s=96&d=mm&r=g\",\"contentUrl\":\"https:\/\/secure.gravatar.com\/avatar\/c7850e06d3ff63cdbaee88b7fc16e2f0?s=96&d=mm&r=g\",\"caption\":\"Damien Dellerba\"},\"url\":\"https:\/\/www.ladiagonale.net\/index.php\/author\/damien\/\"}]}<\/script>\n<!-- \/ Yoast SEO plugin. -->","yoast_head_json":{"title":"Valm\u00e9 : \u00ab Pas de favori dans cette finale \u00bb - La Diagonale","robots":{"index":"index","follow":"follow","max-snippet":"max-snippet:-1","max-image-preview":"max-image-preview:large","max-video-preview":"max-video-preview:-1"},"canonical":"https:\/\/www.ladiagonale.net\/index.php\/2023\/04\/28\/valme-pas-de-favori-dans-cette-finale\/","og_locale":"fr_FR","og_type":"article","og_title":"Valm\u00e9 : \u00ab Pas de favori dans cette finale \u00bb - La Diagonale","og_description":"Samedi (17h15), les U18 de l&rsquo;AS Monaco affronteront ceux de Clermont en finale de la Coupe Gambardella. Le d\u00e9fenseur central, capitaine de la formation as\u00e9miste et n\u00e9o-professionnel Ritchy Valm\u00e9, s&rsquo;est confi\u00e9 sur le site de la F\u00e9d\u00e9ration fran\u00e7aise de football avant ce grand rendez-vous. Pour lui, aucune \u00e9quipe ne tient lieu de favori : \u00ab [...]","og_url":"https:\/\/www.ladiagonale.net\/index.php\/2023\/04\/28\/valme-pas-de-favori-dans-cette-finale\/","og_site_name":"La Diagonale","article_published_time":"2023-04-28T09:22:34+00:00","article_modified_time":"2023-04-28T09:22:36+00:00","og_image":[{"width":1160,"height":650,"url":"https:\/\/www.ladiagonale.net\/wp-content\/uploads\/2023\/04\/valme\u0301.png","type":"image\/png"}],"author":"Damien Dellerba","twitter_card":"summary_large_image","twitter_image":"https:\/\/www.ladiagonale.net\/wp-content\/uploads\/2023\/04\/valme\u0301.png","twitter_misc":{"\u00c9crit par":"Damien Dellerba","Dur\u00e9e de lecture estim\u00e9e":"3 minutes"},"schema":{"@context":"https:\/\/schema.org","@graph":[{"@type":"WebPage","@id":"https:\/\/www.ladiagonale.net\/index.php\/2023\/04\/28\/valme-pas-de-favori-dans-cette-finale\/","url":"https:\/\/www.ladiagonale.net\/index.php\/2023\/04\/28\/valme-pas-de-favori-dans-cette-finale\/","name":"Valm\u00e9 : \u00ab Pas de favori dans cette finale \u00bb - La Diagonale","isPartOf":{"@id":"https:\/\/www.ladiagonale.net\/#website"},"datePublished":"2023-04-28T09:22:34+00:00","dateModified":"2023-04-28T09:22:36+00:00","author":{"@id":"https:\/\/www.ladiagonale.net\/#\/schema\/person\/79ff1e7b0853ed01b2aa26e64ad300bf"},"breadcrumb":{"@id":"https:\/\/www.ladiagonale.net\/index.php\/2023\/04\/28\/valme-pas-de-favori-dans-cette-finale\/#breadcrumb"},"inLanguage":"fr-FR","potentialAction":[{"@type":"ReadAction","target":["https:\/\/www.ladiagonale.net\/index.php\/2023\/04\/28\/valme-pas-de-favori-dans-cette-finale\/"]}]},{"@type":"BreadcrumbList","@id":"https:\/\/www.ladiagonale.net\/index.php\/2023\/04\/28\/valme-pas-de-favori-dans-cette-finale\/#breadcrumb","itemListElement":[{"@type":"ListItem","position":1,"name":"Accueil","item":"https:\/\/www.ladiagonale.net\/"},{"@type":"ListItem","position":2,"name":"Valm\u00e9 : \u00ab Pas de favori dans cette finale \u00bb"}]},{"@type":"WebSite","@id":"https:\/\/www.ladiagonale.net\/#website","url":"https:\/\/www.ladiagonale.net\/","name":"La Diagonale","description":"Le site des supporters de l&#039;AS Monaco FC","potentialAction":[{"@type":"SearchAction","target":{"@type":"EntryPoint","urlTemplate":"https:\/\/www.ladiagonale.net\/?s={search_term_string}"},"query-input":"required name=search_term_string"}],"inLanguage":"fr-FR"},{"@type":"Person","@id":"https:\/\/www.ladiagonale.net\/#\/schema\/person\/79ff1e7b0853ed01b2aa26e64ad300bf","name":"Damien Dellerba","image":{"@type":"ImageObject","inLanguage":"fr-FR","@id":"https:\/\/www.ladiagonale.net\/#\/schema\/person\/image\/","url":"https:\/\/secure.gravatar.com\/avatar\/c7850e06d3ff63cdbaee88b7fc16e2f0?s=96&d=mm&r=g","contentUrl":"https:\/\/secure.gravatar.com\/avatar\/c7850e06d3ff63cdbaee88b7fc16e2f0?s=96&d=mm&r=g","caption":"Damien Dellerba"},"url":"https:\/\/www.ladiagonale.net\/index.php\/author\/damien\/"}]}},"_links":{"self":[{"href":"https:\/\/www.ladiagonale.net\/index.php\/wp-json\/wp\/v2\/posts\/11948"}],"collection":[{"href":"https:\/\/www.ladiagonale.net\/index.php\/wp-json\/wp\/v2\/posts"}],"about":[{"href":"https:\/\/www.ladiagonale.net\/index.php\/wp-json\/wp\/v2\/types\/post"}],"author":[{"embeddable":true,"href":"https:\/\/www.ladiagonale.net\/index.php\/wp-json\/wp\/v2\/users\/2"}],"replies":[{"embeddable":true,"href":"https:\/\/www.ladiagonale.net\/index.php\/wp-json\/wp\/v2\/comments?post=11948"}],"version-history":[{"count":1,"href":"https:\/\/www.ladiagonale.net\/index.php\/wp-json\/wp\/v2\/posts\/11948\/revisions"}],"predecessor-version":[{"id":11951,"href":"https:\/\/www.ladiagonale.net\/index.php\/wp-json\/wp\/v2\/posts\/11948\/revisions\/11951"}],"wp:attachment":[{"href":"https:\/\/www.ladiagonale.net\/index.php\/wp-json\/wp\/v2\/media?parent=11948"}],"wp:term":[{"taxonomy":"category","embeddable":true,"href":"https:\/\/www.ladiagonale.net\/index.php\/wp-json\/wp\/v2\/categories?post=11948"},{"taxonomy":"post_tag","embeddable":true,"href":"https:\/\/www.ladiagonale.net\/index.php\/wp-json\/wp\/v2\/tags?post=11948"}],"curies":[{"name":"wp","href":"https:\/\/api.w.org\/{rel}","templated":true}]}}