{"id":11986,"date":"2023-04-29T11:03:41","date_gmt":"2023-04-29T09:03:41","guid":{"rendered":"https:\/\/www.ladiagonale.net\/?p=11986"},"modified":"2023-04-29T11:03:43","modified_gmt":"2023-04-29T09:03:43","slug":"der-zakarian-ne-pas-se-contenter-de-contre-attaques","status":"publish","type":"post","link":"https:\/\/www.ladiagonale.net\/index.php\/2023\/04\/29\/der-zakarian-ne-pas-se-contenter-de-contre-attaques\/","title":{"rendered":"Der Zakarian : \u00ab\u00a0Ne pas se contenter de contre-attaques\u00a0\u00bb\u00a0"},"content":{"rendered":"\n\n\n<p>Montpellier va mieux et gagn\u00e9 en solidit\u00e9 depuis le retour de Michel Der Zakarian sur son banc de touche. En conf\u00e9rence de presse, le coach h\u00e9raultais compte faire plus sur le plan du jeu et de l\u2019animation offensive face \u00e0 Monaco ce dimanche (13h) : \u00ab\u00a0<em>On doit am\u00e9liorer notre tenue du ballon et notre utilisation quand on va l\u2019avoir. On doit \u00eatre en capacit\u00e9 de les faire courir. On doit mieux combiner et ne pas se contenter de contre-attaques.<\/em>\u00a0\u00bb<\/p>\n\n\n\n<p>Der Zakarian a reconnu que Monaco \u00e9tait une grosse cylindr\u00e9e du championnat mais il croit son \u00e9quipe capable de rivaliser : \u00ab\u00a0<em>Que ce soit devant, derri\u00e8re ou au milieu, ils ont un gros mat\u00e9riel, avec un autre budget que le notre. C\u2019est une grosse \u00e9curie de notre championnat. Apr\u00e8s c\u2019est un match de foot, s\u2019ils sont meilleurs ils gagneront, si on est en capacit\u00e9 de les bousculer et d\u2019\u00eatre bons avec le ballon, on pourra les g\u00eaner aussi.<\/em>\u00a0\u00bb<\/p>\n\n\n\n<p>La d\u00e9fense montpelli\u00e9raine sera soumise \u00e0 rude \u00e9preuve face \u00e0 la deuxi\u00e8me meilleure attaque du championnat : \u00ab\u00a0<em>Monaco va jouer en 4-4-2 ou 4-2-3-1 comme nous. \u00c7a d\u00e9pend des joueurs qu\u2019il (Philippe Clement) aura \u00e0 disposition. Il peut jouer avec Ben Yedder, Volland. Je ne sais pas s\u2019ils vont r\u00e9cup\u00e9rer Embolo. Il y a Ben Seghir qui peut jouer derri\u00e8re l&rsquo;attaquant. Il y a beaucoup de monde offensivement.<\/em>\u00a0\u00bb<\/p>\n","protected":false},"excerpt":{"rendered":"<p>Montpellier va mieux et gagn\u00e9 en solidit\u00e9 depuis le retour de Michel Der Zakarian sur son banc de touche. En conf\u00e9rence de presse, le coach h\u00e9raultais compte faire plus sur le plan du jeu et de l\u2019animation offensive face \u00e0 Monaco ce dimanche (13h) : \u00ab\u00a0On doit am\u00e9liorer notre tenue du ballon et notre utilisation [&#8230;]\n","protected":false},"author":2,"featured_media":0,"comment_status":"open","ping_status":"open","sticky":false,"template":"","format":"standard","meta":[],"categories":[6],"tags":[86,94,521,478],"yoast_head":"<!-- This site is optimized with the Yoast SEO plugin v19.8 - https:\/\/yoast.com\/wordpress\/plugins\/seo\/ -->\n<title>Der Zakarian : \u00ab\u00a0Ne pas se contenter de contre-attaques\u00a0\u00bb\u00a0 - La Diagonale<\/title>\n<meta name=\"robots\" content=\"index, follow, max-snippet:-1, max-image-preview:large, max-video-preview:-1\" \/>\n<link rel=\"canonical\" href=\"https:\/\/www.ladiagonale.net\/index.php\/2023\/04\/29\/der-zakarian-ne-pas-se-contenter-de-contre-attaques\/\" \/>\n<meta property=\"og:locale\" content=\"fr_FR\" \/>\n<meta property=\"og:type\" content=\"article\" \/>\n<meta property=\"og:title\" content=\"Der Zakarian : \u00ab\u00a0Ne pas se contenter de contre-attaques\u00a0\u00bb\u00a0 - La Diagonale\" \/>\n<meta property=\"og:description\" content=\"Montpellier va mieux et gagn\u00e9 en solidit\u00e9 depuis le retour de Michel Der Zakarian sur son banc de touche. En conf\u00e9rence de presse, le coach h\u00e9raultais compte faire plus sur le plan du jeu et de l\u2019animation offensive face \u00e0 Monaco ce dimanche (13h) : \u00ab\u00a0On doit am\u00e9liorer notre tenue du ballon et notre utilisation [...]\" \/>\n<meta property=\"og:url\" content=\"https:\/\/www.ladiagonale.net\/index.php\/2023\/04\/29\/der-zakarian-ne-pas-se-contenter-de-contre-attaques\/\" \/>\n<meta property=\"og:site_name\" content=\"La Diagonale\" \/>\n<meta property=\"article:published_time\" content=\"2023-04-29T09:03:41+00:00\" \/>\n<meta property=\"article:modified_time\" content=\"2023-04-29T09:03:43+00:00\" \/>\n<meta property=\"og:image\" content=\"https:\/\/www.ladiagonale.net\/wp-content\/uploads\/2023\/04\/der-zakarian.png\" \/>\n\t<meta property=\"og:image:width\" content=\"1160\" \/>\n\t<meta property=\"og:image:height\" content=\"650\" \/>\n\t<meta property=\"og:image:type\" content=\"image\/png\" \/>\n<meta name=\"author\" content=\"Damien Dellerba\" \/>\n<meta name=\"twitter:card\" content=\"summary_large_image\" \/>\n<meta name=\"twitter:image\" content=\"https:\/\/www.ladiagonale.net\/wp-content\/uploads\/2023\/04\/der-zakarian.png\" \/>\n<meta name=\"twitter:label1\" content=\"\u00c9crit par\" \/>\n\t<meta name=\"twitter:data1\" content=\"Damien Dellerba\" \/>\n\t<meta name=\"twitter:label2\" content=\"Dur\u00e9e de lecture estim\u00e9e\" \/>\n\t<meta name=\"twitter:data2\" content=\"2 minutes\" \/>\n<script type=\"application\/ld+json\" class=\"yoast-schema-graph\">{\"@context\":\"https:\/\/schema.org\",\"@graph\":[{\"@type\":\"WebPage\",\"@id\":\"https:\/\/www.ladiagonale.net\/index.php\/2023\/04\/29\/der-zakarian-ne-pas-se-contenter-de-contre-attaques\/\",\"url\":\"https:\/\/www.ladiagonale.net\/index.php\/2023\/04\/29\/der-zakarian-ne-pas-se-contenter-de-contre-attaques\/\",\"name\":\"Der Zakarian : \u00ab\u00a0Ne pas se contenter de contre-attaques\u00a0\u00bb\u00a0 - La Diagonale\",\"isPartOf\":{\"@id\":\"https:\/\/www.ladiagonale.net\/#website\"},\"datePublished\":\"2023-04-29T09:03:41+00:00\",\"dateModified\":\"2023-04-29T09:03:43+00:00\",\"author\":{\"@id\":\"https:\/\/www.ladiagonale.net\/#\/schema\/person\/79ff1e7b0853ed01b2aa26e64ad300bf\"},\"breadcrumb\":{\"@id\":\"https:\/\/www.ladiagonale.net\/index.php\/2023\/04\/29\/der-zakarian-ne-pas-se-contenter-de-contre-attaques\/#breadcrumb\"},\"inLanguage\":\"fr-FR\",\"potentialAction\":[{\"@type\":\"ReadAction\",\"target\":[\"https:\/\/www.ladiagonale.net\/index.php\/2023\/04\/29\/der-zakarian-ne-pas-se-contenter-de-contre-attaques\/\"]}]},{\"@type\":\"BreadcrumbList\",\"@id\":\"https:\/\/www.ladiagonale.net\/index.php\/2023\/04\/29\/der-zakarian-ne-pas-se-contenter-de-contre-attaques\/#breadcrumb\",\"itemListElement\":[{\"@type\":\"ListItem\",\"position\":1,\"name\":\"Accueil\",\"item\":\"https:\/\/www.ladiagonale.net\/\"},{\"@type\":\"ListItem\",\"position\":2,\"name\":\"Der Zakarian : \u00ab\u00a0Ne pas se contenter de contre-attaques\u00a0\u00bb\u00a0\"}]},{\"@type\":\"WebSite\",\"@id\":\"https:\/\/www.ladiagonale.net\/#website\",\"url\":\"https:\/\/www.ladiagonale.net\/\",\"name\":\"La Diagonale\",\"description\":\"Le site des supporters de l&#039;AS Monaco FC\",\"potentialAction\":[{\"@type\":\"SearchAction\",\"target\":{\"@type\":\"EntryPoint\",\"urlTemplate\":\"https:\/\/www.ladiagonale.net\/?s={search_term_string}\"},\"query-input\":\"required name=search_term_string\"}],\"inLanguage\":\"fr-FR\"},{\"@type\":\"Person\",\"@id\":\"https:\/\/www.ladiagonale.net\/#\/schema\/person\/79ff1e7b0853ed01b2aa26e64ad300bf\",\"name\":\"Damien Dellerba\",\"image\":{\"@type\":\"ImageObject\",\"inLanguage\":\"fr-FR\",\"@id\":\"https:\/\/www.ladiagonale.net\/#\/schema\/person\/image\/\",\"url\":\"https:\/\/secure.gravatar.com\/avatar\/c7850e06d3ff63cdbaee88b7fc16e2f0?s=96&d=mm&r=g\",\"contentUrl\":\"https:\/\/secure.gravatar.com\/avatar\/c7850e06d3ff63cdbaee88b7fc16e2f0?s=96&d=mm&r=g\",\"caption\":\"Damien Dellerba\"},\"url\":\"https:\/\/www.ladiagonale.net\/index.php\/author\/damien\/\"}]}<\/script>\n<!-- \/ Yoast SEO plugin. -->","yoast_head_json":{"title":"Der Zakarian : \u00ab\u00a0Ne pas se contenter de contre-attaques\u00a0\u00bb\u00a0 - La Diagonale","robots":{"index":"index","follow":"follow","max-snippet":"max-snippet:-1","max-image-preview":"max-image-preview:large","max-video-preview":"max-video-preview:-1"},"canonical":"https:\/\/www.ladiagonale.net\/index.php\/2023\/04\/29\/der-zakarian-ne-pas-se-contenter-de-contre-attaques\/","og_locale":"fr_FR","og_type":"article","og_title":"Der Zakarian : \u00ab\u00a0Ne pas se contenter de contre-attaques\u00a0\u00bb\u00a0 - La Diagonale","og_description":"Montpellier va mieux et gagn\u00e9 en solidit\u00e9 depuis le retour de Michel Der Zakarian sur son banc de touche. En conf\u00e9rence de presse, le coach h\u00e9raultais compte faire plus sur le plan du jeu et de l\u2019animation offensive face \u00e0 Monaco ce dimanche (13h) : \u00ab\u00a0On doit am\u00e9liorer notre tenue du ballon et notre utilisation [...]","og_url":"https:\/\/www.ladiagonale.net\/index.php\/2023\/04\/29\/der-zakarian-ne-pas-se-contenter-de-contre-attaques\/","og_site_name":"La Diagonale","article_published_time":"2023-04-29T09:03:41+00:00","article_modified_time":"2023-04-29T09:03:43+00:00","og_image":[{"width":1160,"height":650,"url":"https:\/\/www.ladiagonale.net\/wp-content\/uploads\/2023\/04\/der-zakarian.png","type":"image\/png"}],"author":"Damien Dellerba","twitter_card":"summary_large_image","twitter_image":"https:\/\/www.ladiagonale.net\/wp-content\/uploads\/2023\/04\/der-zakarian.png","twitter_misc":{"\u00c9crit par":"Damien Dellerba","Dur\u00e9e de lecture estim\u00e9e":"2 minutes"},"schema":{"@context":"https:\/\/schema.org","@graph":[{"@type":"WebPage","@id":"https:\/\/www.ladiagonale.net\/index.php\/2023\/04\/29\/der-zakarian-ne-pas-se-contenter-de-contre-attaques\/","url":"https:\/\/www.ladiagonale.net\/index.php\/2023\/04\/29\/der-zakarian-ne-pas-se-contenter-de-contre-attaques\/","name":"Der Zakarian : \u00ab\u00a0Ne pas se contenter de contre-attaques\u00a0\u00bb\u00a0 - La Diagonale","isPartOf":{"@id":"https:\/\/www.ladiagonale.net\/#website"},"datePublished":"2023-04-29T09:03:41+00:00","dateModified":"2023-04-29T09:03:43+00:00","author":{"@id":"https:\/\/www.ladiagonale.net\/#\/schema\/person\/79ff1e7b0853ed01b2aa26e64ad300bf"},"breadcrumb":{"@id":"https:\/\/www.ladiagonale.net\/index.php\/2023\/04\/29\/der-zakarian-ne-pas-se-contenter-de-contre-attaques\/#breadcrumb"},"inLanguage":"fr-FR","potentialAction":[{"@type":"ReadAction","target":["https:\/\/www.ladiagonale.net\/index.php\/2023\/04\/29\/der-zakarian-ne-pas-se-contenter-de-contre-attaques\/"]}]},{"@type":"BreadcrumbList","@id":"https:\/\/www.ladiagonale.net\/index.php\/2023\/04\/29\/der-zakarian-ne-pas-se-contenter-de-contre-attaques\/#breadcrumb","itemListElement":[{"@type":"ListItem","position":1,"name":"Accueil","item":"https:\/\/www.ladiagonale.net\/"},{"@type":"ListItem","position":2,"name":"Der Zakarian : \u00ab\u00a0Ne pas se contenter de contre-attaques\u00a0\u00bb\u00a0"}]},{"@type":"WebSite","@id":"https:\/\/www.ladiagonale.net\/#website","url":"https:\/\/www.ladiagonale.net\/","name":"La Diagonale","description":"Le site des supporters de l&#039;AS Monaco FC","potentialAction":[{"@type":"SearchAction","target":{"@type":"EntryPoint","urlTemplate":"https:\/\/www.ladiagonale.net\/?s={search_term_string}"},"query-input":"required name=search_term_string"}],"inLanguage":"fr-FR"},{"@type":"Person","@id":"https:\/\/www.ladiagonale.net\/#\/schema\/person\/79ff1e7b0853ed01b2aa26e64ad300bf","name":"Damien Dellerba","image":{"@type":"ImageObject","inLanguage":"fr-FR","@id":"https:\/\/www.ladiagonale.net\/#\/schema\/person\/image\/","url":"https:\/\/secure.gravatar.com\/avatar\/c7850e06d3ff63cdbaee88b7fc16e2f0?s=96&d=mm&r=g","contentUrl":"https:\/\/secure.gravatar.com\/avatar\/c7850e06d3ff63cdbaee88b7fc16e2f0?s=96&d=mm&r=g","caption":"Damien Dellerba"},"url":"https:\/\/www.ladiagonale.net\/index.php\/author\/damien\/"}]}},"_links":{"self":[{"href":"https:\/\/www.ladiagonale.net\/index.php\/wp-json\/wp\/v2\/posts\/11986"}],"collection":[{"href":"https:\/\/www.ladiagonale.net\/index.php\/wp-json\/wp\/v2\/posts"}],"about":[{"href":"https:\/\/www.ladiagonale.net\/index.php\/wp-json\/wp\/v2\/types\/post"}],"author":[{"embeddable":true,"href":"https:\/\/www.ladiagonale.net\/index.php\/wp-json\/wp\/v2\/users\/2"}],"replies":[{"embeddable":true,"href":"https:\/\/www.ladiagonale.net\/index.php\/wp-json\/wp\/v2\/comments?post=11986"}],"version-history":[{"count":1,"href":"https:\/\/www.ladiagonale.net\/index.php\/wp-json\/wp\/v2\/posts\/11986\/revisions"}],"predecessor-version":[{"id":11988,"href":"https:\/\/www.ladiagonale.net\/index.php\/wp-json\/wp\/v2\/posts\/11986\/revisions\/11988"}],"wp:attachment":[{"href":"https:\/\/www.ladiagonale.net\/index.php\/wp-json\/wp\/v2\/media?parent=11986"}],"wp:term":[{"taxonomy":"category","embeddable":true,"href":"https:\/\/www.ladiagonale.net\/index.php\/wp-json\/wp\/v2\/categories?post=11986"},{"taxonomy":"post_tag","embeddable":true,"href":"https:\/\/www.ladiagonale.net\/index.php\/wp-json\/wp\/v2\/tags?post=11986"}],"curies":[{"name":"wp","href":"https:\/\/api.w.org\/{rel}","templated":true}]}}