{"id":12005,"date":"2023-04-29T19:51:38","date_gmt":"2023-04-29T17:51:38","guid":{"rendered":"https:\/\/www.ladiagonale.net\/?p=12005"},"modified":"2026-04-16T13:34:34","modified_gmt":"2026-04-16T11:34:34","slug":"monaco-remporte-la-coupe-gambardella","status":"publish","type":"post","link":"https:\/\/www.ladiagonale.net\/index.php\/2023\/04\/29\/monaco-remporte-la-coupe-gambardella\/","title":{"rendered":"Monaco remporte la Coupe Gambardella !"},"content":{"rendered":"\n\n\n<p>Ils l&rsquo;ont fait ! Les U18 de l&rsquo;AS Monaco ont remport\u00e9 la cinqui\u00e8me Coupe Gambardella de l&rsquo;histoire du club. Les hommes de Fr\u00e9d\u00e9ric Barilaro se sont impos\u00e9s face \u00e0 Clermont (2-4), au terme d&rsquo;une rencontre qu&rsquo;ils ont globalement ma\u00eetris\u00e9e. Benama, Tincres, Bouabr\u00e9 et Cabral sont les quatre buteurs c\u00f4t\u00e9 mon\u00e9gasque. La rencontre avait pourtant mal d\u00e9but\u00e9, avec une ouverture du score clermontoise au bout du premier quart d&rsquo;heure de jeu (1-0, 15<sup>e<\/sup>). Robin Pages a \u00e9t\u00e9 plut\u00f4t heureux de voir un corner rebondir sur son ventre et terminer au fond des filets as\u00e9mistes.<\/p>\n\n\n\n<p>Mais les joueurs de la Principaut\u00e9 ne se sont pas d\u00e9courag\u00e9s, malgr\u00e9 une tentative clermontoise de Bouchenna qui a oblig\u00e9 Schulz \u00e0 s&#8217;employer (17<sup>e<\/sup>), et ont monopolis\u00e9 le cuir pour porter le danger sur le but adverse. L&rsquo;\u00e9galisation est arriv\u00e9e quelques minutes plus tard, Mayssam Benama ajustant Ramousse apr\u00e8s un bon service de Bouabr\u00e9 (1-1, 22<sup>e<\/sup>). Les Mon\u00e9gasques ont pris l&rsquo;avantage dans la foul\u00e9e, avec Joan Tincres qui a tromp\u00e9 le portier clermontois apr\u00e8s une perc\u00e9e depuis la droite du terrain (1-2, 25<sup>e<\/sup>), alors qu&rsquo;entre les deux buts, Sa\u00efmon Bouabr\u00e9 avait vu sa frappe fuir le cadre (24<sup>e<\/sup>).<\/p>\n\n\n\n<p class=\"has-white-color has-text-color has-background\" style=\"background-color:#303030\"><a href=\"https:\/\/www.ladiagonale.net\/index.php\/event\/clermont-u19-monaco-u19\/\">Voir la feuille de match<\/a><\/p>\n\n\n\n<p>L&rsquo;ASM aurait pu prendre le large plus rapidement dans cette rencontre sur un p\u00e9nalty obtenu par Lucas Michal, poussant Robin Pages, le buteur clermontois, \u00e0 la faute, mais le meilleur buteur mon\u00e9gasque de la comp\u00e9tition, Benama, a \u00e9chou\u00e9 devant Ramousse, qui s&rsquo;est parfaitement d\u00e9tendu sur sa gauche (34<sup>e<\/sup>). Ce n&rsquo;\u00e9tait que partie remise pour les Rouge et Blanc, qui ont inscrit leur troisi\u00e8me but de mani\u00e8re heureuse, avec Bouabr\u00e9 \u00e0 la r\u00e9ception d&rsquo;un centre de Michal, profitant d&rsquo;un d\u00e9gagement rat\u00e9 d&rsquo;un d\u00e9fenseur auvergnat (1-3, 57<sup>e<\/sup>).<\/p>\n\n\n\n<p>C&rsquo;est ce troisi\u00e8me but qui va faire r\u00e9agir le Clemont Foot. Les Rouge et Bleu vont se relancer en r\u00e9duisant l&rsquo;\u00e9cart gr\u00e2ce \u00e0 l&rsquo;entrant Colas Chastang (2-3, 64<sup>e<\/sup>), qui a repris un coup franc mal d\u00e9gag\u00e9 par Pape Cabral. Le milieu de terrain, <a href=\"https:\/\/www.ladiagonale.net\/index.php\/2023\/04\/29\/dos-santos-canaliser-cette-energie\/\">lou\u00e9 par Manu Dos Santos son entra\u00eeneur avec les U17 nationaux<\/a>, va toutefois se rattraper pour parachever le succ\u00e8s des siens en se montrant opportuniste et en reprenant d&rsquo;une belle demi-vol\u00e9e un centre de Mathis Coudour, sur lequel le portier clermontois s&rsquo;est trou\u00e9 (2-4, 82<sup>e<\/sup>). <\/p>\n\n\n\n<p>C&rsquo;est un beau succ\u00e8s pour les joueurs de la Principaut\u00e9, devant les yeux de Paul Mitchell, le directeur sportif, et de Ben Lambrecht, le directeur g\u00e9n\u00e9ral du club. Et apr\u00e8s avoir pu soulever le troph\u00e9e tant convoit\u00e9, les joueurs ont port\u00e9 en triomphe leur formateur, Fr\u00e9d\u00e9ric Barilaro, qui ajoute une deuxi\u00e8me Coupe Gambardella \u00e0 son palmar\u00e8s apr\u00e8s celle de 2016 remport\u00e9e avec notamment Kylian Mbapp\u00e9 (en 2011, il \u00e9tait directeur du centre de formation. C&rsquo;est Fran\u00e7ois Ciccolini qui \u00e9tait l&rsquo;entra\u00eeneur).<\/p>\n\n\n\n<figure class=\"wp-block-embed is-type-rich is-provider-twitter wp-block-embed-twitter\"><div class=\"wp-block-embed__wrapper\">\n<blockquote class=\"twitter-tweet\" data-width=\"550\" data-dnt=\"true\"><p lang=\"fr\" dir=\"ltr\">F\u00e9licitations au Coach Barilaro qui remporte, accompagn\u00e9 cette saison de Manu Dos Santos, sa troisi\u00e8me Coupe Gambardella avec l&#39;AS Monaco (sa deuxi\u00e8me en tant qu&#39;entraineur principal) \ud83d\udc4f\ud83c\udfc6<a href=\"https:\/\/twitter.com\/hashtag\/MadeInLaDiagonale?src=hash&amp;ref_src=twsrc%5Etfw\">#MadeInLaDiagonale<\/a> <a href=\"https:\/\/t.co\/6zPKtHRWje\">pic.twitter.com\/6zPKtHRWje<\/a><\/p>&mdash; AS Monaco \ud83c\uddf2\ud83c\udde8 (@AS_Monaco) <a href=\"https:\/\/twitter.com\/AS_Monaco\/status\/1652371844891025409?ref_src=twsrc%5Etfw\">April 29, 2023<\/a><\/blockquote><script async src=\"https:\/\/platform.twitter.com\/widgets.js\" charset=\"utf-8\"><\/script>\n<\/div><\/figure>\n","protected":false},"excerpt":{"rendered":"<p>Ils l&rsquo;ont fait ! Les U18 de l&rsquo;AS Monaco ont remport\u00e9 la cinqui\u00e8me Coupe Gambardella de l&rsquo;histoire du club. Les hommes de Fr\u00e9d\u00e9ric Barilaro se sont impos\u00e9s face \u00e0 Clermont (2-4), au terme d&rsquo;une rencontre qu&rsquo;ils ont globalement ma\u00eetris\u00e9e. Benama, Tincres, Bouabr\u00e9 et Cabral sont les quatre buteurs c\u00f4t\u00e9 mon\u00e9gasque. La rencontre avait pourtant mal [&#8230;]\n","protected":false},"author":2,"featured_media":0,"comment_status":"open","ping_status":"open","sticky":false,"template":"","format":"standard","meta":[],"categories":[4,6],"tags":[76,86,321],"yoast_head":"<!-- This site is optimized with the Yoast SEO plugin v19.8 - https:\/\/yoast.com\/wordpress\/plugins\/seo\/ -->\n<title>Monaco remporte la Coupe Gambardella ! - La Diagonale<\/title>\n<meta name=\"robots\" content=\"index, follow, max-snippet:-1, max-image-preview:large, max-video-preview:-1\" \/>\n<link rel=\"canonical\" href=\"https:\/\/www.ladiagonale.net\/index.php\/2023\/04\/29\/monaco-remporte-la-coupe-gambardella\/\" \/>\n<meta property=\"og:locale\" content=\"fr_FR\" \/>\n<meta property=\"og:type\" content=\"article\" \/>\n<meta property=\"og:title\" content=\"Monaco remporte la Coupe Gambardella ! - La Diagonale\" \/>\n<meta property=\"og:description\" content=\"Ils l&rsquo;ont fait ! Les U18 de l&rsquo;AS Monaco ont remport\u00e9 la cinqui\u00e8me Coupe Gambardella de l&rsquo;histoire du club. Les hommes de Fr\u00e9d\u00e9ric Barilaro se sont impos\u00e9s face \u00e0 Clermont (2-4), au terme d&rsquo;une rencontre qu&rsquo;ils ont globalement ma\u00eetris\u00e9e. Benama, Tincres, Bouabr\u00e9 et Cabral sont les quatre buteurs c\u00f4t\u00e9 mon\u00e9gasque. La rencontre avait pourtant mal [...]\" \/>\n<meta property=\"og:url\" content=\"https:\/\/www.ladiagonale.net\/index.php\/2023\/04\/29\/monaco-remporte-la-coupe-gambardella\/\" \/>\n<meta property=\"og:site_name\" content=\"La Diagonale\" \/>\n<meta property=\"article:published_time\" content=\"2023-04-29T17:51:38+00:00\" \/>\n<meta property=\"article:modified_time\" content=\"2026-04-16T11:34:34+00:00\" \/>\n<meta property=\"og:image\" content=\"https:\/\/www.ladiagonale.net\/wp-content\/uploads\/2023\/04\/Fu5KzzPWIAUfpNK.jpg\" \/>\n\t<meta property=\"og:image:width\" content=\"4000\" \/>\n\t<meta property=\"og:image:height\" content=\"4000\" \/>\n\t<meta property=\"og:image:type\" content=\"image\/jpeg\" \/>\n<meta name=\"author\" content=\"Damien Dellerba\" \/>\n<meta name=\"twitter:card\" content=\"summary_large_image\" \/>\n<meta name=\"twitter:image\" content=\"https:\/\/www.ladiagonale.net\/wp-content\/uploads\/2023\/04\/Fu5KzzPWIAUfpNK.jpg\" \/>\n<meta name=\"twitter:label1\" content=\"\u00c9crit par\" \/>\n\t<meta name=\"twitter:data1\" content=\"Damien Dellerba\" \/>\n\t<meta name=\"twitter:label2\" content=\"Dur\u00e9e de lecture estim\u00e9e\" \/>\n\t<meta name=\"twitter:data2\" content=\"3 minutes\" \/>\n<script type=\"application\/ld+json\" class=\"yoast-schema-graph\">{\"@context\":\"https:\/\/schema.org\",\"@graph\":[{\"@type\":\"WebPage\",\"@id\":\"https:\/\/www.ladiagonale.net\/index.php\/2023\/04\/29\/monaco-remporte-la-coupe-gambardella\/\",\"url\":\"https:\/\/www.ladiagonale.net\/index.php\/2023\/04\/29\/monaco-remporte-la-coupe-gambardella\/\",\"name\":\"Monaco remporte la Coupe Gambardella ! - La Diagonale\",\"isPartOf\":{\"@id\":\"https:\/\/www.ladiagonale.net\/#website\"},\"datePublished\":\"2023-04-29T17:51:38+00:00\",\"dateModified\":\"2026-04-16T11:34:34+00:00\",\"author\":{\"@id\":\"https:\/\/www.ladiagonale.net\/#\/schema\/person\/79ff1e7b0853ed01b2aa26e64ad300bf\"},\"breadcrumb\":{\"@id\":\"https:\/\/www.ladiagonale.net\/index.php\/2023\/04\/29\/monaco-remporte-la-coupe-gambardella\/#breadcrumb\"},\"inLanguage\":\"fr-FR\",\"potentialAction\":[{\"@type\":\"ReadAction\",\"target\":[\"https:\/\/www.ladiagonale.net\/index.php\/2023\/04\/29\/monaco-remporte-la-coupe-gambardella\/\"]}]},{\"@type\":\"BreadcrumbList\",\"@id\":\"https:\/\/www.ladiagonale.net\/index.php\/2023\/04\/29\/monaco-remporte-la-coupe-gambardella\/#breadcrumb\",\"itemListElement\":[{\"@type\":\"ListItem\",\"position\":1,\"name\":\"Accueil\",\"item\":\"https:\/\/www.ladiagonale.net\/\"},{\"@type\":\"ListItem\",\"position\":2,\"name\":\"Monaco remporte la Coupe Gambardella !\"}]},{\"@type\":\"WebSite\",\"@id\":\"https:\/\/www.ladiagonale.net\/#website\",\"url\":\"https:\/\/www.ladiagonale.net\/\",\"name\":\"La Diagonale\",\"description\":\"Le site des supporters de l&#039;AS Monaco FC\",\"potentialAction\":[{\"@type\":\"SearchAction\",\"target\":{\"@type\":\"EntryPoint\",\"urlTemplate\":\"https:\/\/www.ladiagonale.net\/?s={search_term_string}\"},\"query-input\":\"required name=search_term_string\"}],\"inLanguage\":\"fr-FR\"},{\"@type\":\"Person\",\"@id\":\"https:\/\/www.ladiagonale.net\/#\/schema\/person\/79ff1e7b0853ed01b2aa26e64ad300bf\",\"name\":\"Damien Dellerba\",\"image\":{\"@type\":\"ImageObject\",\"inLanguage\":\"fr-FR\",\"@id\":\"https:\/\/www.ladiagonale.net\/#\/schema\/person\/image\/\",\"url\":\"https:\/\/secure.gravatar.com\/avatar\/c7850e06d3ff63cdbaee88b7fc16e2f0?s=96&d=mm&r=g\",\"contentUrl\":\"https:\/\/secure.gravatar.com\/avatar\/c7850e06d3ff63cdbaee88b7fc16e2f0?s=96&d=mm&r=g\",\"caption\":\"Damien Dellerba\"},\"url\":\"https:\/\/www.ladiagonale.net\/index.php\/author\/damien\/\"}]}<\/script>\n<!-- \/ Yoast SEO plugin. -->","yoast_head_json":{"title":"Monaco remporte la Coupe Gambardella ! - La Diagonale","robots":{"index":"index","follow":"follow","max-snippet":"max-snippet:-1","max-image-preview":"max-image-preview:large","max-video-preview":"max-video-preview:-1"},"canonical":"https:\/\/www.ladiagonale.net\/index.php\/2023\/04\/29\/monaco-remporte-la-coupe-gambardella\/","og_locale":"fr_FR","og_type":"article","og_title":"Monaco remporte la Coupe Gambardella ! - La Diagonale","og_description":"Ils l&rsquo;ont fait ! Les U18 de l&rsquo;AS Monaco ont remport\u00e9 la cinqui\u00e8me Coupe Gambardella de l&rsquo;histoire du club. Les hommes de Fr\u00e9d\u00e9ric Barilaro se sont impos\u00e9s face \u00e0 Clermont (2-4), au terme d&rsquo;une rencontre qu&rsquo;ils ont globalement ma\u00eetris\u00e9e. Benama, Tincres, Bouabr\u00e9 et Cabral sont les quatre buteurs c\u00f4t\u00e9 mon\u00e9gasque. La rencontre avait pourtant mal [...]","og_url":"https:\/\/www.ladiagonale.net\/index.php\/2023\/04\/29\/monaco-remporte-la-coupe-gambardella\/","og_site_name":"La Diagonale","article_published_time":"2023-04-29T17:51:38+00:00","article_modified_time":"2026-04-16T11:34:34+00:00","og_image":[{"width":4000,"height":4000,"url":"https:\/\/www.ladiagonale.net\/wp-content\/uploads\/2023\/04\/Fu5KzzPWIAUfpNK.jpg","type":"image\/jpeg"}],"author":"Damien Dellerba","twitter_card":"summary_large_image","twitter_image":"https:\/\/www.ladiagonale.net\/wp-content\/uploads\/2023\/04\/Fu5KzzPWIAUfpNK.jpg","twitter_misc":{"\u00c9crit par":"Damien Dellerba","Dur\u00e9e de lecture estim\u00e9e":"3 minutes"},"schema":{"@context":"https:\/\/schema.org","@graph":[{"@type":"WebPage","@id":"https:\/\/www.ladiagonale.net\/index.php\/2023\/04\/29\/monaco-remporte-la-coupe-gambardella\/","url":"https:\/\/www.ladiagonale.net\/index.php\/2023\/04\/29\/monaco-remporte-la-coupe-gambardella\/","name":"Monaco remporte la Coupe Gambardella ! - La Diagonale","isPartOf":{"@id":"https:\/\/www.ladiagonale.net\/#website"},"datePublished":"2023-04-29T17:51:38+00:00","dateModified":"2026-04-16T11:34:34+00:00","author":{"@id":"https:\/\/www.ladiagonale.net\/#\/schema\/person\/79ff1e7b0853ed01b2aa26e64ad300bf"},"breadcrumb":{"@id":"https:\/\/www.ladiagonale.net\/index.php\/2023\/04\/29\/monaco-remporte-la-coupe-gambardella\/#breadcrumb"},"inLanguage":"fr-FR","potentialAction":[{"@type":"ReadAction","target":["https:\/\/www.ladiagonale.net\/index.php\/2023\/04\/29\/monaco-remporte-la-coupe-gambardella\/"]}]},{"@type":"BreadcrumbList","@id":"https:\/\/www.ladiagonale.net\/index.php\/2023\/04\/29\/monaco-remporte-la-coupe-gambardella\/#breadcrumb","itemListElement":[{"@type":"ListItem","position":1,"name":"Accueil","item":"https:\/\/www.ladiagonale.net\/"},{"@type":"ListItem","position":2,"name":"Monaco remporte la Coupe Gambardella !"}]},{"@type":"WebSite","@id":"https:\/\/www.ladiagonale.net\/#website","url":"https:\/\/www.ladiagonale.net\/","name":"La Diagonale","description":"Le site des supporters de l&#039;AS Monaco FC","potentialAction":[{"@type":"SearchAction","target":{"@type":"EntryPoint","urlTemplate":"https:\/\/www.ladiagonale.net\/?s={search_term_string}"},"query-input":"required name=search_term_string"}],"inLanguage":"fr-FR"},{"@type":"Person","@id":"https:\/\/www.ladiagonale.net\/#\/schema\/person\/79ff1e7b0853ed01b2aa26e64ad300bf","name":"Damien Dellerba","image":{"@type":"ImageObject","inLanguage":"fr-FR","@id":"https:\/\/www.ladiagonale.net\/#\/schema\/person\/image\/","url":"https:\/\/secure.gravatar.com\/avatar\/c7850e06d3ff63cdbaee88b7fc16e2f0?s=96&d=mm&r=g","contentUrl":"https:\/\/secure.gravatar.com\/avatar\/c7850e06d3ff63cdbaee88b7fc16e2f0?s=96&d=mm&r=g","caption":"Damien Dellerba"},"url":"https:\/\/www.ladiagonale.net\/index.php\/author\/damien\/"}]}},"_links":{"self":[{"href":"https:\/\/www.ladiagonale.net\/index.php\/wp-json\/wp\/v2\/posts\/12005"}],"collection":[{"href":"https:\/\/www.ladiagonale.net\/index.php\/wp-json\/wp\/v2\/posts"}],"about":[{"href":"https:\/\/www.ladiagonale.net\/index.php\/wp-json\/wp\/v2\/types\/post"}],"author":[{"embeddable":true,"href":"https:\/\/www.ladiagonale.net\/index.php\/wp-json\/wp\/v2\/users\/2"}],"replies":[{"embeddable":true,"href":"https:\/\/www.ladiagonale.net\/index.php\/wp-json\/wp\/v2\/comments?post=12005"}],"version-history":[{"count":7,"href":"https:\/\/www.ladiagonale.net\/index.php\/wp-json\/wp\/v2\/posts\/12005\/revisions"}],"predecessor-version":[{"id":37820,"href":"https:\/\/www.ladiagonale.net\/index.php\/wp-json\/wp\/v2\/posts\/12005\/revisions\/37820"}],"wp:attachment":[{"href":"https:\/\/www.ladiagonale.net\/index.php\/wp-json\/wp\/v2\/media?parent=12005"}],"wp:term":[{"taxonomy":"category","embeddable":true,"href":"https:\/\/www.ladiagonale.net\/index.php\/wp-json\/wp\/v2\/categories?post=12005"},{"taxonomy":"post_tag","embeddable":true,"href":"https:\/\/www.ladiagonale.net\/index.php\/wp-json\/wp\/v2\/tags?post=12005"}],"curies":[{"name":"wp","href":"https:\/\/api.w.org\/{rel}","templated":true}]}}