{"id":12011,"date":"2023-04-29T20:10:25","date_gmt":"2023-04-29T18:10:25","guid":{"rendered":"https:\/\/www.ladiagonale.net\/?p=12011"},"modified":"2023-04-29T20:10:28","modified_gmt":"2023-04-29T18:10:28","slug":"barilaro-fier-des-joueurs-et-du-parcours","status":"publish","type":"post","link":"https:\/\/www.ladiagonale.net\/index.php\/2023\/04\/29\/barilaro-fier-des-joueurs-et-du-parcours\/","title":{"rendered":"Barilaro&nbsp;: \u00ab&nbsp; Fier des joueurs et du parcours&nbsp;\u00bb"},"content":{"rendered":"\n<p>Fr\u00e9d\u00e9ric Barilaro a remport\u00e9 sa deuxi\u00e8me Coupe Gambardella en tant qu&rsquo;entra\u00eeneur sur le banc de l&rsquo;AS Monaco. Un troph\u00e9e m\u00e9rit\u00e9 selon lui : \u00ab\u00a0<em>\u00c7a fait plaisir. Surtout vu la physionomie du match, c\u2019est amplement m\u00e9rit\u00e9. On a eu beaucoup de situations, on frappe le poteau, eux ont marqu\u00e9 sur leur premi\u00e8re situation. On a eu les ressources et le mental pour revenir dans le match et reprendre l\u2019avantage et c\u2019\u00e9tait assez logique.<\/em>\u00a0\u00bb<\/p>\n\n\n\n<p>Le coach des U19 nationaux a confi\u00e9 sa fiert\u00e9 du parcours r\u00e9alis\u00e9 par ses joueurs : \u00ab<em>\u00a0Je suis fier d\u2019eux et du parcours qu\u2019on a fait. On a jou\u00e9 tous nos matchs \u00e0 l\u2019ext\u00e9rieur. C\u2019est ainsi.<\/em>\u00a0\u00bb Barilaro a notamment appr\u00e9ci\u00e9 le visage affich\u00e9 par son \u00e9quipe, dont plusieurs \u00e9l\u00e9ments tels que Sa\u00efmon Bouabr\u00e9, se sont particuli\u00e8rement illustr\u00e9s : \u00ab\u00a0<em>C\u2019est un vrai collectif sur le match. Il y a quelques \u00e9l\u00e9ments int\u00e9ressants qui sont jeunes et il faut leur laisser le temps.<\/em>\u00a0\u00bb<\/p>\n\n\n","protected":false},"excerpt":{"rendered":"<p>Fr\u00e9d\u00e9ric Barilaro a remport\u00e9 sa deuxi\u00e8me Coupe Gambardella en tant qu&rsquo;entra\u00eeneur sur le banc de l&rsquo;AS Monaco. Un troph\u00e9e m\u00e9rit\u00e9 selon lui : \u00ab\u00a0\u00c7a fait plaisir. Surtout vu la physionomie du match, c\u2019est amplement m\u00e9rit\u00e9. On a eu beaucoup de situations, on frappe le poteau, eux ont marqu\u00e9 sur leur premi\u00e8re situation. On a eu [&#8230;]\n","protected":false},"author":2,"featured_media":0,"comment_status":"open","ping_status":"open","sticky":false,"template":"","format":"standard","meta":[],"categories":[6],"tags":[76,86,321,488],"yoast_head":"<!-- This site is optimized with the Yoast SEO plugin v19.8 - https:\/\/yoast.com\/wordpress\/plugins\/seo\/ -->\n<title>Barilaro&nbsp;: \u00ab&nbsp; Fier des joueurs et du parcours&nbsp;\u00bb - La Diagonale<\/title>\n<meta name=\"robots\" content=\"index, follow, max-snippet:-1, max-image-preview:large, max-video-preview:-1\" \/>\n<link rel=\"canonical\" href=\"https:\/\/www.ladiagonale.net\/index.php\/2023\/04\/29\/barilaro-fier-des-joueurs-et-du-parcours\/\" \/>\n<meta property=\"og:locale\" content=\"fr_FR\" \/>\n<meta property=\"og:type\" content=\"article\" \/>\n<meta property=\"og:title\" content=\"Barilaro&nbsp;: \u00ab&nbsp; Fier des joueurs et du parcours&nbsp;\u00bb - La Diagonale\" \/>\n<meta property=\"og:description\" content=\"Fr\u00e9d\u00e9ric Barilaro a remport\u00e9 sa deuxi\u00e8me Coupe Gambardella en tant qu&rsquo;entra\u00eeneur sur le banc de l&rsquo;AS Monaco. Un troph\u00e9e m\u00e9rit\u00e9 selon lui : \u00ab\u00a0\u00c7a fait plaisir. Surtout vu la physionomie du match, c\u2019est amplement m\u00e9rit\u00e9. On a eu beaucoup de situations, on frappe le poteau, eux ont marqu\u00e9 sur leur premi\u00e8re situation. On a eu [...]\" \/>\n<meta property=\"og:url\" content=\"https:\/\/www.ladiagonale.net\/index.php\/2023\/04\/29\/barilaro-fier-des-joueurs-et-du-parcours\/\" \/>\n<meta property=\"og:site_name\" content=\"La Diagonale\" \/>\n<meta property=\"article:published_time\" content=\"2023-04-29T18:10:25+00:00\" \/>\n<meta property=\"article:modified_time\" content=\"2023-04-29T18:10:28+00:00\" \/>\n<meta property=\"og:image\" content=\"https:\/\/www.ladiagonale.net\/wp-content\/uploads\/2023\/04\/barilaro-ben-seghir.png\" \/>\n\t<meta property=\"og:image:width\" content=\"1160\" \/>\n\t<meta property=\"og:image:height\" content=\"650\" \/>\n\t<meta property=\"og:image:type\" content=\"image\/png\" \/>\n<meta name=\"author\" content=\"Damien Dellerba\" \/>\n<meta name=\"twitter:card\" content=\"summary_large_image\" \/>\n<meta name=\"twitter:image\" content=\"https:\/\/www.ladiagonale.net\/wp-content\/uploads\/2023\/04\/barilaro-ben-seghir.png\" \/>\n<meta name=\"twitter:label1\" content=\"\u00c9crit par\" \/>\n\t<meta name=\"twitter:data1\" content=\"Damien Dellerba\" \/>\n\t<meta name=\"twitter:label2\" content=\"Dur\u00e9e de lecture estim\u00e9e\" \/>\n\t<meta name=\"twitter:data2\" content=\"1 minute\" \/>\n<script type=\"application\/ld+json\" class=\"yoast-schema-graph\">{\"@context\":\"https:\/\/schema.org\",\"@graph\":[{\"@type\":\"WebPage\",\"@id\":\"https:\/\/www.ladiagonale.net\/index.php\/2023\/04\/29\/barilaro-fier-des-joueurs-et-du-parcours\/\",\"url\":\"https:\/\/www.ladiagonale.net\/index.php\/2023\/04\/29\/barilaro-fier-des-joueurs-et-du-parcours\/\",\"name\":\"Barilaro&nbsp;: \u00ab&nbsp; Fier des joueurs et du parcours&nbsp;\u00bb - La Diagonale\",\"isPartOf\":{\"@id\":\"https:\/\/www.ladiagonale.net\/#website\"},\"datePublished\":\"2023-04-29T18:10:25+00:00\",\"dateModified\":\"2023-04-29T18:10:28+00:00\",\"author\":{\"@id\":\"https:\/\/www.ladiagonale.net\/#\/schema\/person\/79ff1e7b0853ed01b2aa26e64ad300bf\"},\"breadcrumb\":{\"@id\":\"https:\/\/www.ladiagonale.net\/index.php\/2023\/04\/29\/barilaro-fier-des-joueurs-et-du-parcours\/#breadcrumb\"},\"inLanguage\":\"fr-FR\",\"potentialAction\":[{\"@type\":\"ReadAction\",\"target\":[\"https:\/\/www.ladiagonale.net\/index.php\/2023\/04\/29\/barilaro-fier-des-joueurs-et-du-parcours\/\"]}]},{\"@type\":\"BreadcrumbList\",\"@id\":\"https:\/\/www.ladiagonale.net\/index.php\/2023\/04\/29\/barilaro-fier-des-joueurs-et-du-parcours\/#breadcrumb\",\"itemListElement\":[{\"@type\":\"ListItem\",\"position\":1,\"name\":\"Accueil\",\"item\":\"https:\/\/www.ladiagonale.net\/\"},{\"@type\":\"ListItem\",\"position\":2,\"name\":\"Barilaro&nbsp;: \u00ab&nbsp; Fier des joueurs et du parcours&nbsp;\u00bb\"}]},{\"@type\":\"WebSite\",\"@id\":\"https:\/\/www.ladiagonale.net\/#website\",\"url\":\"https:\/\/www.ladiagonale.net\/\",\"name\":\"La Diagonale\",\"description\":\"Le site des supporters de l&#039;AS Monaco FC\",\"potentialAction\":[{\"@type\":\"SearchAction\",\"target\":{\"@type\":\"EntryPoint\",\"urlTemplate\":\"https:\/\/www.ladiagonale.net\/?s={search_term_string}\"},\"query-input\":\"required name=search_term_string\"}],\"inLanguage\":\"fr-FR\"},{\"@type\":\"Person\",\"@id\":\"https:\/\/www.ladiagonale.net\/#\/schema\/person\/79ff1e7b0853ed01b2aa26e64ad300bf\",\"name\":\"Damien Dellerba\",\"image\":{\"@type\":\"ImageObject\",\"inLanguage\":\"fr-FR\",\"@id\":\"https:\/\/www.ladiagonale.net\/#\/schema\/person\/image\/\",\"url\":\"https:\/\/secure.gravatar.com\/avatar\/c7850e06d3ff63cdbaee88b7fc16e2f0?s=96&d=mm&r=g\",\"contentUrl\":\"https:\/\/secure.gravatar.com\/avatar\/c7850e06d3ff63cdbaee88b7fc16e2f0?s=96&d=mm&r=g\",\"caption\":\"Damien Dellerba\"},\"url\":\"https:\/\/www.ladiagonale.net\/index.php\/author\/damien\/\"}]}<\/script>\n<!-- \/ Yoast SEO plugin. -->","yoast_head_json":{"title":"Barilaro&nbsp;: \u00ab&nbsp; Fier des joueurs et du parcours&nbsp;\u00bb - La Diagonale","robots":{"index":"index","follow":"follow","max-snippet":"max-snippet:-1","max-image-preview":"max-image-preview:large","max-video-preview":"max-video-preview:-1"},"canonical":"https:\/\/www.ladiagonale.net\/index.php\/2023\/04\/29\/barilaro-fier-des-joueurs-et-du-parcours\/","og_locale":"fr_FR","og_type":"article","og_title":"Barilaro&nbsp;: \u00ab&nbsp; Fier des joueurs et du parcours&nbsp;\u00bb - La Diagonale","og_description":"Fr\u00e9d\u00e9ric Barilaro a remport\u00e9 sa deuxi\u00e8me Coupe Gambardella en tant qu&rsquo;entra\u00eeneur sur le banc de l&rsquo;AS Monaco. Un troph\u00e9e m\u00e9rit\u00e9 selon lui : \u00ab\u00a0\u00c7a fait plaisir. Surtout vu la physionomie du match, c\u2019est amplement m\u00e9rit\u00e9. On a eu beaucoup de situations, on frappe le poteau, eux ont marqu\u00e9 sur leur premi\u00e8re situation. On a eu [...]","og_url":"https:\/\/www.ladiagonale.net\/index.php\/2023\/04\/29\/barilaro-fier-des-joueurs-et-du-parcours\/","og_site_name":"La Diagonale","article_published_time":"2023-04-29T18:10:25+00:00","article_modified_time":"2023-04-29T18:10:28+00:00","og_image":[{"width":1160,"height":650,"url":"https:\/\/www.ladiagonale.net\/wp-content\/uploads\/2023\/04\/barilaro-ben-seghir.png","type":"image\/png"}],"author":"Damien Dellerba","twitter_card":"summary_large_image","twitter_image":"https:\/\/www.ladiagonale.net\/wp-content\/uploads\/2023\/04\/barilaro-ben-seghir.png","twitter_misc":{"\u00c9crit par":"Damien Dellerba","Dur\u00e9e de lecture estim\u00e9e":"1 minute"},"schema":{"@context":"https:\/\/schema.org","@graph":[{"@type":"WebPage","@id":"https:\/\/www.ladiagonale.net\/index.php\/2023\/04\/29\/barilaro-fier-des-joueurs-et-du-parcours\/","url":"https:\/\/www.ladiagonale.net\/index.php\/2023\/04\/29\/barilaro-fier-des-joueurs-et-du-parcours\/","name":"Barilaro&nbsp;: \u00ab&nbsp; Fier des joueurs et du parcours&nbsp;\u00bb - La Diagonale","isPartOf":{"@id":"https:\/\/www.ladiagonale.net\/#website"},"datePublished":"2023-04-29T18:10:25+00:00","dateModified":"2023-04-29T18:10:28+00:00","author":{"@id":"https:\/\/www.ladiagonale.net\/#\/schema\/person\/79ff1e7b0853ed01b2aa26e64ad300bf"},"breadcrumb":{"@id":"https:\/\/www.ladiagonale.net\/index.php\/2023\/04\/29\/barilaro-fier-des-joueurs-et-du-parcours\/#breadcrumb"},"inLanguage":"fr-FR","potentialAction":[{"@type":"ReadAction","target":["https:\/\/www.ladiagonale.net\/index.php\/2023\/04\/29\/barilaro-fier-des-joueurs-et-du-parcours\/"]}]},{"@type":"BreadcrumbList","@id":"https:\/\/www.ladiagonale.net\/index.php\/2023\/04\/29\/barilaro-fier-des-joueurs-et-du-parcours\/#breadcrumb","itemListElement":[{"@type":"ListItem","position":1,"name":"Accueil","item":"https:\/\/www.ladiagonale.net\/"},{"@type":"ListItem","position":2,"name":"Barilaro&nbsp;: \u00ab&nbsp; Fier des joueurs et du parcours&nbsp;\u00bb"}]},{"@type":"WebSite","@id":"https:\/\/www.ladiagonale.net\/#website","url":"https:\/\/www.ladiagonale.net\/","name":"La Diagonale","description":"Le site des supporters de l&#039;AS Monaco FC","potentialAction":[{"@type":"SearchAction","target":{"@type":"EntryPoint","urlTemplate":"https:\/\/www.ladiagonale.net\/?s={search_term_string}"},"query-input":"required name=search_term_string"}],"inLanguage":"fr-FR"},{"@type":"Person","@id":"https:\/\/www.ladiagonale.net\/#\/schema\/person\/79ff1e7b0853ed01b2aa26e64ad300bf","name":"Damien Dellerba","image":{"@type":"ImageObject","inLanguage":"fr-FR","@id":"https:\/\/www.ladiagonale.net\/#\/schema\/person\/image\/","url":"https:\/\/secure.gravatar.com\/avatar\/c7850e06d3ff63cdbaee88b7fc16e2f0?s=96&d=mm&r=g","contentUrl":"https:\/\/secure.gravatar.com\/avatar\/c7850e06d3ff63cdbaee88b7fc16e2f0?s=96&d=mm&r=g","caption":"Damien Dellerba"},"url":"https:\/\/www.ladiagonale.net\/index.php\/author\/damien\/"}]}},"_links":{"self":[{"href":"https:\/\/www.ladiagonale.net\/index.php\/wp-json\/wp\/v2\/posts\/12011"}],"collection":[{"href":"https:\/\/www.ladiagonale.net\/index.php\/wp-json\/wp\/v2\/posts"}],"about":[{"href":"https:\/\/www.ladiagonale.net\/index.php\/wp-json\/wp\/v2\/types\/post"}],"author":[{"embeddable":true,"href":"https:\/\/www.ladiagonale.net\/index.php\/wp-json\/wp\/v2\/users\/2"}],"replies":[{"embeddable":true,"href":"https:\/\/www.ladiagonale.net\/index.php\/wp-json\/wp\/v2\/comments?post=12011"}],"version-history":[{"count":1,"href":"https:\/\/www.ladiagonale.net\/index.php\/wp-json\/wp\/v2\/posts\/12011\/revisions"}],"predecessor-version":[{"id":12012,"href":"https:\/\/www.ladiagonale.net\/index.php\/wp-json\/wp\/v2\/posts\/12011\/revisions\/12012"}],"wp:attachment":[{"href":"https:\/\/www.ladiagonale.net\/index.php\/wp-json\/wp\/v2\/media?parent=12011"}],"wp:term":[{"taxonomy":"category","embeddable":true,"href":"https:\/\/www.ladiagonale.net\/index.php\/wp-json\/wp\/v2\/categories?post=12011"},{"taxonomy":"post_tag","embeddable":true,"href":"https:\/\/www.ladiagonale.net\/index.php\/wp-json\/wp\/v2\/tags?post=12011"}],"curies":[{"name":"wp","href":"https:\/\/api.w.org\/{rel}","templated":true}]}}