{"id":12085,"date":"2023-05-01T16:08:07","date_gmt":"2023-05-01T14:08:07","guid":{"rendered":"https:\/\/www.ladiagonale.net\/?p=12085"},"modified":"2023-05-01T16:10:52","modified_gmt":"2023-05-01T14:10:52","slug":"olmeta-va-sengager-a-lille","status":"publish","type":"post","link":"https:\/\/www.ladiagonale.net\/index.php\/2023\/05\/01\/olmeta-va-sengager-a-lille\/","title":{"rendered":"Olmeta va s&rsquo;engager \u00e0 Lille"},"content":{"rendered":"\n\n\n<p>Le <a href=\"https:\/\/www.ladiagonale.net\/index.php\/2023\/04\/14\/olmeta-ne-devrait-pas-signer-son-contrat-pro-avec-monaco\/\">futur d\u00e9part de Lisandru Olmeta avait \u00e9t\u00e9 r\u00e9v\u00e9l\u00e9 par <em>Nice-Matin<\/em><\/a> \u00e0 la mi-avril et celui vient d&rsquo;\u00eatre confirm\u00e9 par le quotidien <em>L&rsquo;\u00c9quipe<\/em>, qui indique que le portier corse a d\u00e9cid\u00e9 de quitter l&rsquo;AS Monaco pour rejoindre Lille. Le champion d&rsquo;Europe U17 a privil\u00e9gi\u00e9 le projet lillois \u00e0 celui mon\u00e9gasque <a href=\"https:\/\/www.ladiagonale.net\/index.php\/2023\/01\/12\/olmeta-courtise-hesite-a-signer-son-contrat-pro\/\">qu&rsquo;il avait jug\u00e9 \u00ab\u00a0<em>flou<\/em>\u00a0\u00bb<\/a> au moment de se r\u00e9flexion, alors qu&rsquo;il \u00e9tait \u00e9galement courtis\u00e9 par Manchester City et Rennes. Le LOSC lui aurait \u00e9galement garanti une place dans l&rsquo;effectif professionnel la saison prochaine. <\/p>\n\n\n\n<p>Arriv\u00e9 en Principaut\u00e9 \u00e0 l\u2019\u00e9t\u00e9 2020, le jeune gardien de 17 ans arrivait en fin de contrat stagiaire en juin et a donc refus\u00e9 une proposition de la part de l&rsquo;AS Monaco que Nice-Matin avait qualifi\u00e9 \u00ab\u00a0d\u2019avantageuse\u00a0\u00bb et avec des perspectives d&rsquo;\u00e9volution. Cette saison, Olmeta a \u00e9volu\u00e9 avec les U19 de l&rsquo;AS Monaco et a notamment pris part <a href=\"https:\/\/www.ladiagonale.net\/index.php\/2023\/04\/29\/monaco-remporte-la-coupe-gambardella\/\">au parcours triomphal en Coupe Gambardella<\/a>, avec trois matchs disput\u00e9s. Il a aussi \u00e9t\u00e9 sollicit\u00e9 par Damien Perrinelle avec le Groupe \u00c9lite et avait \u00e9t\u00e9 appel\u00e9 \u00e0 plusieurs reprises par Philippe Clement pour s\u2019entra\u00eener avec le groupe professionnel dans la saison.<\/p>\n","protected":false},"excerpt":{"rendered":"<p>Le futur d\u00e9part de Lisandru Olmeta avait \u00e9t\u00e9 r\u00e9v\u00e9l\u00e9 par Nice-Matin \u00e0 la mi-avril et celui vient d&rsquo;\u00eatre confirm\u00e9 par le quotidien L&rsquo;\u00c9quipe, qui indique que le portier corse a d\u00e9cid\u00e9 de quitter l&rsquo;AS Monaco pour rejoindre Lille. Le champion d&rsquo;Europe U17 a privil\u00e9gi\u00e9 le projet lillois \u00e0 celui mon\u00e9gasque qu&rsquo;il avait jug\u00e9 \u00ab\u00a0flou\u00a0\u00bb au [&#8230;]\n","protected":false},"author":2,"featured_media":0,"comment_status":"open","ping_status":"open","sticky":false,"template":"","format":"standard","meta":[],"categories":[4,6],"tags":[76,86,493,264,111,110],"yoast_head":"<!-- This site is optimized with the Yoast SEO plugin v19.8 - https:\/\/yoast.com\/wordpress\/plugins\/seo\/ -->\n<title>Olmeta va s&#039;engager \u00e0 Lille - La Diagonale<\/title>\n<meta name=\"robots\" content=\"index, follow, max-snippet:-1, max-image-preview:large, max-video-preview:-1\" \/>\n<link rel=\"canonical\" href=\"https:\/\/www.ladiagonale.net\/index.php\/2023\/05\/01\/olmeta-va-sengager-a-lille\/\" \/>\n<meta property=\"og:locale\" content=\"fr_FR\" \/>\n<meta property=\"og:type\" content=\"article\" \/>\n<meta property=\"og:title\" content=\"Olmeta va s&#039;engager \u00e0 Lille - La Diagonale\" \/>\n<meta property=\"og:description\" content=\"Le futur d\u00e9part de Lisandru Olmeta avait \u00e9t\u00e9 r\u00e9v\u00e9l\u00e9 par Nice-Matin \u00e0 la mi-avril et celui vient d&rsquo;\u00eatre confirm\u00e9 par le quotidien L&rsquo;\u00c9quipe, qui indique que le portier corse a d\u00e9cid\u00e9 de quitter l&rsquo;AS Monaco pour rejoindre Lille. Le champion d&rsquo;Europe U17 a privil\u00e9gi\u00e9 le projet lillois \u00e0 celui mon\u00e9gasque qu&rsquo;il avait jug\u00e9 \u00ab\u00a0flou\u00a0\u00bb au [...]\" \/>\n<meta property=\"og:url\" content=\"https:\/\/www.ladiagonale.net\/index.php\/2023\/05\/01\/olmeta-va-sengager-a-lille\/\" \/>\n<meta property=\"og:site_name\" content=\"La Diagonale\" \/>\n<meta property=\"article:published_time\" content=\"2023-05-01T14:08:07+00:00\" \/>\n<meta property=\"article:modified_time\" content=\"2023-05-01T14:10:52+00:00\" \/>\n<meta property=\"og:image\" content=\"https:\/\/www.ladiagonale.net\/wp-content\/uploads\/2023\/01\/olmeta2.png\" \/>\n\t<meta property=\"og:image:width\" content=\"1160\" \/>\n\t<meta property=\"og:image:height\" content=\"650\" \/>\n\t<meta property=\"og:image:type\" content=\"image\/png\" \/>\n<meta name=\"author\" content=\"Damien Dellerba\" \/>\n<meta name=\"twitter:card\" content=\"summary_large_image\" \/>\n<meta name=\"twitter:image\" content=\"https:\/\/www.ladiagonale.net\/wp-content\/uploads\/2023\/01\/olmeta2.png\" \/>\n<meta name=\"twitter:label1\" content=\"\u00c9crit par\" \/>\n\t<meta name=\"twitter:data1\" content=\"Damien Dellerba\" \/>\n\t<meta name=\"twitter:label2\" content=\"Dur\u00e9e de lecture estim\u00e9e\" \/>\n\t<meta name=\"twitter:data2\" content=\"1 minute\" \/>\n<script type=\"application\/ld+json\" class=\"yoast-schema-graph\">{\"@context\":\"https:\/\/schema.org\",\"@graph\":[{\"@type\":\"WebPage\",\"@id\":\"https:\/\/www.ladiagonale.net\/index.php\/2023\/05\/01\/olmeta-va-sengager-a-lille\/\",\"url\":\"https:\/\/www.ladiagonale.net\/index.php\/2023\/05\/01\/olmeta-va-sengager-a-lille\/\",\"name\":\"Olmeta va s'engager \u00e0 Lille - La Diagonale\",\"isPartOf\":{\"@id\":\"https:\/\/www.ladiagonale.net\/#website\"},\"datePublished\":\"2023-05-01T14:08:07+00:00\",\"dateModified\":\"2023-05-01T14:10:52+00:00\",\"author\":{\"@id\":\"https:\/\/www.ladiagonale.net\/#\/schema\/person\/79ff1e7b0853ed01b2aa26e64ad300bf\"},\"breadcrumb\":{\"@id\":\"https:\/\/www.ladiagonale.net\/index.php\/2023\/05\/01\/olmeta-va-sengager-a-lille\/#breadcrumb\"},\"inLanguage\":\"fr-FR\",\"potentialAction\":[{\"@type\":\"ReadAction\",\"target\":[\"https:\/\/www.ladiagonale.net\/index.php\/2023\/05\/01\/olmeta-va-sengager-a-lille\/\"]}]},{\"@type\":\"BreadcrumbList\",\"@id\":\"https:\/\/www.ladiagonale.net\/index.php\/2023\/05\/01\/olmeta-va-sengager-a-lille\/#breadcrumb\",\"itemListElement\":[{\"@type\":\"ListItem\",\"position\":1,\"name\":\"Accueil\",\"item\":\"https:\/\/www.ladiagonale.net\/\"},{\"@type\":\"ListItem\",\"position\":2,\"name\":\"Olmeta va s&rsquo;engager \u00e0 Lille\"}]},{\"@type\":\"WebSite\",\"@id\":\"https:\/\/www.ladiagonale.net\/#website\",\"url\":\"https:\/\/www.ladiagonale.net\/\",\"name\":\"La Diagonale\",\"description\":\"Le site des supporters de l&#039;AS Monaco FC\",\"potentialAction\":[{\"@type\":\"SearchAction\",\"target\":{\"@type\":\"EntryPoint\",\"urlTemplate\":\"https:\/\/www.ladiagonale.net\/?s={search_term_string}\"},\"query-input\":\"required name=search_term_string\"}],\"inLanguage\":\"fr-FR\"},{\"@type\":\"Person\",\"@id\":\"https:\/\/www.ladiagonale.net\/#\/schema\/person\/79ff1e7b0853ed01b2aa26e64ad300bf\",\"name\":\"Damien Dellerba\",\"image\":{\"@type\":\"ImageObject\",\"inLanguage\":\"fr-FR\",\"@id\":\"https:\/\/www.ladiagonale.net\/#\/schema\/person\/image\/\",\"url\":\"https:\/\/secure.gravatar.com\/avatar\/c7850e06d3ff63cdbaee88b7fc16e2f0?s=96&d=mm&r=g\",\"contentUrl\":\"https:\/\/secure.gravatar.com\/avatar\/c7850e06d3ff63cdbaee88b7fc16e2f0?s=96&d=mm&r=g\",\"caption\":\"Damien Dellerba\"},\"url\":\"https:\/\/www.ladiagonale.net\/index.php\/author\/damien\/\"}]}<\/script>\n<!-- \/ Yoast SEO plugin. -->","yoast_head_json":{"title":"Olmeta va s'engager \u00e0 Lille - La Diagonale","robots":{"index":"index","follow":"follow","max-snippet":"max-snippet:-1","max-image-preview":"max-image-preview:large","max-video-preview":"max-video-preview:-1"},"canonical":"https:\/\/www.ladiagonale.net\/index.php\/2023\/05\/01\/olmeta-va-sengager-a-lille\/","og_locale":"fr_FR","og_type":"article","og_title":"Olmeta va s'engager \u00e0 Lille - La Diagonale","og_description":"Le futur d\u00e9part de Lisandru Olmeta avait \u00e9t\u00e9 r\u00e9v\u00e9l\u00e9 par Nice-Matin \u00e0 la mi-avril et celui vient d&rsquo;\u00eatre confirm\u00e9 par le quotidien L&rsquo;\u00c9quipe, qui indique que le portier corse a d\u00e9cid\u00e9 de quitter l&rsquo;AS Monaco pour rejoindre Lille. Le champion d&rsquo;Europe U17 a privil\u00e9gi\u00e9 le projet lillois \u00e0 celui mon\u00e9gasque qu&rsquo;il avait jug\u00e9 \u00ab\u00a0flou\u00a0\u00bb au [...]","og_url":"https:\/\/www.ladiagonale.net\/index.php\/2023\/05\/01\/olmeta-va-sengager-a-lille\/","og_site_name":"La Diagonale","article_published_time":"2023-05-01T14:08:07+00:00","article_modified_time":"2023-05-01T14:10:52+00:00","og_image":[{"width":1160,"height":650,"url":"https:\/\/www.ladiagonale.net\/wp-content\/uploads\/2023\/01\/olmeta2.png","type":"image\/png"}],"author":"Damien Dellerba","twitter_card":"summary_large_image","twitter_image":"https:\/\/www.ladiagonale.net\/wp-content\/uploads\/2023\/01\/olmeta2.png","twitter_misc":{"\u00c9crit par":"Damien Dellerba","Dur\u00e9e de lecture estim\u00e9e":"1 minute"},"schema":{"@context":"https:\/\/schema.org","@graph":[{"@type":"WebPage","@id":"https:\/\/www.ladiagonale.net\/index.php\/2023\/05\/01\/olmeta-va-sengager-a-lille\/","url":"https:\/\/www.ladiagonale.net\/index.php\/2023\/05\/01\/olmeta-va-sengager-a-lille\/","name":"Olmeta va s'engager \u00e0 Lille - La Diagonale","isPartOf":{"@id":"https:\/\/www.ladiagonale.net\/#website"},"datePublished":"2023-05-01T14:08:07+00:00","dateModified":"2023-05-01T14:10:52+00:00","author":{"@id":"https:\/\/www.ladiagonale.net\/#\/schema\/person\/79ff1e7b0853ed01b2aa26e64ad300bf"},"breadcrumb":{"@id":"https:\/\/www.ladiagonale.net\/index.php\/2023\/05\/01\/olmeta-va-sengager-a-lille\/#breadcrumb"},"inLanguage":"fr-FR","potentialAction":[{"@type":"ReadAction","target":["https:\/\/www.ladiagonale.net\/index.php\/2023\/05\/01\/olmeta-va-sengager-a-lille\/"]}]},{"@type":"BreadcrumbList","@id":"https:\/\/www.ladiagonale.net\/index.php\/2023\/05\/01\/olmeta-va-sengager-a-lille\/#breadcrumb","itemListElement":[{"@type":"ListItem","position":1,"name":"Accueil","item":"https:\/\/www.ladiagonale.net\/"},{"@type":"ListItem","position":2,"name":"Olmeta va s&rsquo;engager \u00e0 Lille"}]},{"@type":"WebSite","@id":"https:\/\/www.ladiagonale.net\/#website","url":"https:\/\/www.ladiagonale.net\/","name":"La Diagonale","description":"Le site des supporters de l&#039;AS Monaco FC","potentialAction":[{"@type":"SearchAction","target":{"@type":"EntryPoint","urlTemplate":"https:\/\/www.ladiagonale.net\/?s={search_term_string}"},"query-input":"required name=search_term_string"}],"inLanguage":"fr-FR"},{"@type":"Person","@id":"https:\/\/www.ladiagonale.net\/#\/schema\/person\/79ff1e7b0853ed01b2aa26e64ad300bf","name":"Damien Dellerba","image":{"@type":"ImageObject","inLanguage":"fr-FR","@id":"https:\/\/www.ladiagonale.net\/#\/schema\/person\/image\/","url":"https:\/\/secure.gravatar.com\/avatar\/c7850e06d3ff63cdbaee88b7fc16e2f0?s=96&d=mm&r=g","contentUrl":"https:\/\/secure.gravatar.com\/avatar\/c7850e06d3ff63cdbaee88b7fc16e2f0?s=96&d=mm&r=g","caption":"Damien Dellerba"},"url":"https:\/\/www.ladiagonale.net\/index.php\/author\/damien\/"}]}},"_links":{"self":[{"href":"https:\/\/www.ladiagonale.net\/index.php\/wp-json\/wp\/v2\/posts\/12085"}],"collection":[{"href":"https:\/\/www.ladiagonale.net\/index.php\/wp-json\/wp\/v2\/posts"}],"about":[{"href":"https:\/\/www.ladiagonale.net\/index.php\/wp-json\/wp\/v2\/types\/post"}],"author":[{"embeddable":true,"href":"https:\/\/www.ladiagonale.net\/index.php\/wp-json\/wp\/v2\/users\/2"}],"replies":[{"embeddable":true,"href":"https:\/\/www.ladiagonale.net\/index.php\/wp-json\/wp\/v2\/comments?post=12085"}],"version-history":[{"count":3,"href":"https:\/\/www.ladiagonale.net\/index.php\/wp-json\/wp\/v2\/posts\/12085\/revisions"}],"predecessor-version":[{"id":12089,"href":"https:\/\/www.ladiagonale.net\/index.php\/wp-json\/wp\/v2\/posts\/12085\/revisions\/12089"}],"wp:attachment":[{"href":"https:\/\/www.ladiagonale.net\/index.php\/wp-json\/wp\/v2\/media?parent=12085"}],"wp:term":[{"taxonomy":"category","embeddable":true,"href":"https:\/\/www.ladiagonale.net\/index.php\/wp-json\/wp\/v2\/categories?post=12085"},{"taxonomy":"post_tag","embeddable":true,"href":"https:\/\/www.ladiagonale.net\/index.php\/wp-json\/wp\/v2\/tags?post=12085"}],"curies":[{"name":"wp","href":"https:\/\/api.w.org\/{rel}","templated":true}]}}