{"id":12100,"date":"2023-05-02T16:44:32","date_gmt":"2023-05-02T14:44:32","guid":{"rendered":"https:\/\/www.ladiagonale.net\/?p=12100"},"modified":"2023-05-02T18:02:07","modified_gmt":"2023-05-02T16:02:07","slug":"trois-monegasques-vont-disputer-leuro-u17","status":"publish","type":"post","link":"https:\/\/www.ladiagonale.net\/index.php\/2023\/05\/02\/trois-monegasques-vont-disputer-leuro-u17\/","title":{"rendered":"Trois Mon\u00e9gasques vont disputer l&rsquo;Euro U17"},"content":{"rendered":"\n\n\n<p>Ils seront trois joueurs de l&rsquo;Academy de l&rsquo;AS Monaco pour <a href=\"https:\/\/www.ladiagonale.net\/index.php\/2022\/06\/01\/olmeta-est-champion-deurope-u17\/\">succ\u00e9der \u00e0 Lisandru Olmeta<\/a>, vainqueur de l&rsquo;Euro U17 avec l&rsquo;\u00e9quipe de France en 2022. Dan Sinat\u00e9, Sa\u00efmon Bouabr\u00e9 et Joan Tincres, tous trois <a href=\"https:\/\/www.ladiagonale.net\/index.php\/2023\/04\/29\/monaco-remporte-la-coupe-gambardella\/\">vainqueurs de la Coupe Gambardella<\/a> samedi dernier, ont \u00e9t\u00e9 convoqu\u00e9s par le s\u00e9lectionneur Jean-Luc Vannuchi pour disputer cette comp\u00e9tition qui se tiendra en Hongrie du 17 mai au 2 juin. <\/p>\n\n\n\n<p>Le rassemblement des Bleuets d\u00e9butera dans une semaine, le 9 mai, \u00e0 Clairefontaine, avant de s&rsquo;envoler pour la Hongrie le 14 mai. Plac\u00e9s dans le Groupe C, les jeunes fran\u00e7ais affronteront l\u2018Allemagne le mercredi 17 mai puis l&rsquo;\u00c9cosse le samedi 20 mai, avant de conclure la phase de poules contre le Portugal le mardi 23 mai.<\/p>\n\n\n\n<p>Sa\u00efmon Bouabr\u00e9 est un habitu\u00e9 des s\u00e9lections internationales jeunes. Apr\u00e8s les U16 tricolores (13 s\u00e9lections), il a brillamment pass\u00e9 le cap vers la cat\u00e9gorie U17 (5 s\u00e9lections) et s&rsquo;est notamment <a href=\"https:\/\/www.ladiagonale.net\/index.php\/2023\/03\/28\/bouabre-decisif-qualifie-pour-leuro-u17-avec-les-bleuets\/\">distingu\u00e9 lors du dernier tour \u00c9lite en \u00e9tant d\u00e9cisif<\/a>. Pour Dan Sinat\u00e9, il s&rsquo;agira de sa premi\u00e8re fois avec les U17. Il avait toutefois \u00e9t\u00e9 convoqu\u00e9 r\u00e9guli\u00e8rement avec les U16 (8 s\u00e9lections). Pour Tincres, ce sera sa premi\u00e8re convocation en bleu.<\/p>\n\n\n<div class=\"wp-block-image\">\n<figure class=\"aligncenter size-full is-resized\"><img loading=\"lazy\" src=\"https:\/\/www.ladiagonale.net\/wp-content\/uploads\/2023\/05\/FvIAj0LWIAMMPjZ.jpg\" alt=\"\" class=\"wp-image-12101\" width=\"500\" height=\"766\"\/><\/figure><\/div>","protected":false},"excerpt":{"rendered":"<p>Ils seront trois joueurs de l&rsquo;Academy de l&rsquo;AS Monaco pour succ\u00e9der \u00e0 Lisandru Olmeta, vainqueur de l&rsquo;Euro U17 avec l&rsquo;\u00e9quipe de France en 2022. Dan Sinat\u00e9, Sa\u00efmon Bouabr\u00e9 et Joan Tincres, tous trois vainqueurs de la Coupe Gambardella samedi dernier, ont \u00e9t\u00e9 convoqu\u00e9s par le s\u00e9lectionneur Jean-Luc Vannuchi pour disputer cette comp\u00e9tition qui se tiendra [&#8230;]\n","protected":false},"author":2,"featured_media":0,"comment_status":"open","ping_status":"open","sticky":false,"template":"","format":"standard","meta":[],"categories":[4,6],"tags":[76,86,525,93,205,413,116,130,112],"yoast_head":"<!-- This site is optimized with the Yoast SEO plugin v19.8 - https:\/\/yoast.com\/wordpress\/plugins\/seo\/ -->\n<title>Trois Mon\u00e9gasques vont disputer l&#039;Euro U17 - La Diagonale<\/title>\n<meta name=\"robots\" content=\"index, follow, max-snippet:-1, max-image-preview:large, max-video-preview:-1\" \/>\n<link rel=\"canonical\" href=\"https:\/\/www.ladiagonale.net\/index.php\/2023\/05\/02\/trois-monegasques-vont-disputer-leuro-u17\/\" \/>\n<meta property=\"og:locale\" content=\"fr_FR\" \/>\n<meta property=\"og:type\" content=\"article\" \/>\n<meta property=\"og:title\" content=\"Trois Mon\u00e9gasques vont disputer l&#039;Euro U17 - La Diagonale\" \/>\n<meta property=\"og:description\" content=\"Ils seront trois joueurs de l&rsquo;Academy de l&rsquo;AS Monaco pour succ\u00e9der \u00e0 Lisandru Olmeta, vainqueur de l&rsquo;Euro U17 avec l&rsquo;\u00e9quipe de France en 2022. Dan Sinat\u00e9, Sa\u00efmon Bouabr\u00e9 et Joan Tincres, tous trois vainqueurs de la Coupe Gambardella samedi dernier, ont \u00e9t\u00e9 convoqu\u00e9s par le s\u00e9lectionneur Jean-Luc Vannuchi pour disputer cette comp\u00e9tition qui se tiendra [...]\" \/>\n<meta property=\"og:url\" content=\"https:\/\/www.ladiagonale.net\/index.php\/2023\/05\/02\/trois-monegasques-vont-disputer-leuro-u17\/\" \/>\n<meta property=\"og:site_name\" content=\"La Diagonale\" \/>\n<meta property=\"article:published_time\" content=\"2023-05-02T14:44:32+00:00\" \/>\n<meta property=\"article:modified_time\" content=\"2023-05-02T16:02:07+00:00\" \/>\n<meta property=\"og:image\" content=\"https:\/\/www.ladiagonale.net\/wp-content\/uploads\/2023\/04\/gambar.png\" \/>\n\t<meta property=\"og:image:width\" content=\"1160\" \/>\n\t<meta property=\"og:image:height\" content=\"650\" \/>\n\t<meta property=\"og:image:type\" content=\"image\/png\" \/>\n<meta name=\"author\" content=\"Damien Dellerba\" \/>\n<meta name=\"twitter:card\" content=\"summary_large_image\" \/>\n<meta name=\"twitter:image\" content=\"https:\/\/www.ladiagonale.net\/wp-content\/uploads\/2023\/04\/gambar.png\" \/>\n<meta name=\"twitter:label1\" content=\"\u00c9crit par\" \/>\n\t<meta name=\"twitter:data1\" content=\"Damien Dellerba\" \/>\n\t<meta name=\"twitter:label2\" content=\"Dur\u00e9e de lecture estim\u00e9e\" \/>\n\t<meta name=\"twitter:data2\" content=\"2 minutes\" \/>\n<script type=\"application\/ld+json\" class=\"yoast-schema-graph\">{\"@context\":\"https:\/\/schema.org\",\"@graph\":[{\"@type\":\"WebPage\",\"@id\":\"https:\/\/www.ladiagonale.net\/index.php\/2023\/05\/02\/trois-monegasques-vont-disputer-leuro-u17\/\",\"url\":\"https:\/\/www.ladiagonale.net\/index.php\/2023\/05\/02\/trois-monegasques-vont-disputer-leuro-u17\/\",\"name\":\"Trois Mon\u00e9gasques vont disputer l'Euro U17 - La Diagonale\",\"isPartOf\":{\"@id\":\"https:\/\/www.ladiagonale.net\/#website\"},\"datePublished\":\"2023-05-02T14:44:32+00:00\",\"dateModified\":\"2023-05-02T16:02:07+00:00\",\"author\":{\"@id\":\"https:\/\/www.ladiagonale.net\/#\/schema\/person\/79ff1e7b0853ed01b2aa26e64ad300bf\"},\"breadcrumb\":{\"@id\":\"https:\/\/www.ladiagonale.net\/index.php\/2023\/05\/02\/trois-monegasques-vont-disputer-leuro-u17\/#breadcrumb\"},\"inLanguage\":\"fr-FR\",\"potentialAction\":[{\"@type\":\"ReadAction\",\"target\":[\"https:\/\/www.ladiagonale.net\/index.php\/2023\/05\/02\/trois-monegasques-vont-disputer-leuro-u17\/\"]}]},{\"@type\":\"BreadcrumbList\",\"@id\":\"https:\/\/www.ladiagonale.net\/index.php\/2023\/05\/02\/trois-monegasques-vont-disputer-leuro-u17\/#breadcrumb\",\"itemListElement\":[{\"@type\":\"ListItem\",\"position\":1,\"name\":\"Accueil\",\"item\":\"https:\/\/www.ladiagonale.net\/\"},{\"@type\":\"ListItem\",\"position\":2,\"name\":\"Trois Mon\u00e9gasques vont disputer l&rsquo;Euro U17\"}]},{\"@type\":\"WebSite\",\"@id\":\"https:\/\/www.ladiagonale.net\/#website\",\"url\":\"https:\/\/www.ladiagonale.net\/\",\"name\":\"La Diagonale\",\"description\":\"Le site des supporters de l&#039;AS Monaco FC\",\"potentialAction\":[{\"@type\":\"SearchAction\",\"target\":{\"@type\":\"EntryPoint\",\"urlTemplate\":\"https:\/\/www.ladiagonale.net\/?s={search_term_string}\"},\"query-input\":\"required name=search_term_string\"}],\"inLanguage\":\"fr-FR\"},{\"@type\":\"Person\",\"@id\":\"https:\/\/www.ladiagonale.net\/#\/schema\/person\/79ff1e7b0853ed01b2aa26e64ad300bf\",\"name\":\"Damien Dellerba\",\"image\":{\"@type\":\"ImageObject\",\"inLanguage\":\"fr-FR\",\"@id\":\"https:\/\/www.ladiagonale.net\/#\/schema\/person\/image\/\",\"url\":\"https:\/\/secure.gravatar.com\/avatar\/c7850e06d3ff63cdbaee88b7fc16e2f0?s=96&d=mm&r=g\",\"contentUrl\":\"https:\/\/secure.gravatar.com\/avatar\/c7850e06d3ff63cdbaee88b7fc16e2f0?s=96&d=mm&r=g\",\"caption\":\"Damien Dellerba\"},\"url\":\"https:\/\/www.ladiagonale.net\/index.php\/author\/damien\/\"}]}<\/script>\n<!-- \/ Yoast SEO plugin. -->","yoast_head_json":{"title":"Trois Mon\u00e9gasques vont disputer l'Euro U17 - La Diagonale","robots":{"index":"index","follow":"follow","max-snippet":"max-snippet:-1","max-image-preview":"max-image-preview:large","max-video-preview":"max-video-preview:-1"},"canonical":"https:\/\/www.ladiagonale.net\/index.php\/2023\/05\/02\/trois-monegasques-vont-disputer-leuro-u17\/","og_locale":"fr_FR","og_type":"article","og_title":"Trois Mon\u00e9gasques vont disputer l'Euro U17 - La Diagonale","og_description":"Ils seront trois joueurs de l&rsquo;Academy de l&rsquo;AS Monaco pour succ\u00e9der \u00e0 Lisandru Olmeta, vainqueur de l&rsquo;Euro U17 avec l&rsquo;\u00e9quipe de France en 2022. Dan Sinat\u00e9, Sa\u00efmon Bouabr\u00e9 et Joan Tincres, tous trois vainqueurs de la Coupe Gambardella samedi dernier, ont \u00e9t\u00e9 convoqu\u00e9s par le s\u00e9lectionneur Jean-Luc Vannuchi pour disputer cette comp\u00e9tition qui se tiendra [...]","og_url":"https:\/\/www.ladiagonale.net\/index.php\/2023\/05\/02\/trois-monegasques-vont-disputer-leuro-u17\/","og_site_name":"La Diagonale","article_published_time":"2023-05-02T14:44:32+00:00","article_modified_time":"2023-05-02T16:02:07+00:00","og_image":[{"width":1160,"height":650,"url":"https:\/\/www.ladiagonale.net\/wp-content\/uploads\/2023\/04\/gambar.png","type":"image\/png"}],"author":"Damien Dellerba","twitter_card":"summary_large_image","twitter_image":"https:\/\/www.ladiagonale.net\/wp-content\/uploads\/2023\/04\/gambar.png","twitter_misc":{"\u00c9crit par":"Damien Dellerba","Dur\u00e9e de lecture estim\u00e9e":"2 minutes"},"schema":{"@context":"https:\/\/schema.org","@graph":[{"@type":"WebPage","@id":"https:\/\/www.ladiagonale.net\/index.php\/2023\/05\/02\/trois-monegasques-vont-disputer-leuro-u17\/","url":"https:\/\/www.ladiagonale.net\/index.php\/2023\/05\/02\/trois-monegasques-vont-disputer-leuro-u17\/","name":"Trois Mon\u00e9gasques vont disputer l'Euro U17 - La Diagonale","isPartOf":{"@id":"https:\/\/www.ladiagonale.net\/#website"},"datePublished":"2023-05-02T14:44:32+00:00","dateModified":"2023-05-02T16:02:07+00:00","author":{"@id":"https:\/\/www.ladiagonale.net\/#\/schema\/person\/79ff1e7b0853ed01b2aa26e64ad300bf"},"breadcrumb":{"@id":"https:\/\/www.ladiagonale.net\/index.php\/2023\/05\/02\/trois-monegasques-vont-disputer-leuro-u17\/#breadcrumb"},"inLanguage":"fr-FR","potentialAction":[{"@type":"ReadAction","target":["https:\/\/www.ladiagonale.net\/index.php\/2023\/05\/02\/trois-monegasques-vont-disputer-leuro-u17\/"]}]},{"@type":"BreadcrumbList","@id":"https:\/\/www.ladiagonale.net\/index.php\/2023\/05\/02\/trois-monegasques-vont-disputer-leuro-u17\/#breadcrumb","itemListElement":[{"@type":"ListItem","position":1,"name":"Accueil","item":"https:\/\/www.ladiagonale.net\/"},{"@type":"ListItem","position":2,"name":"Trois Mon\u00e9gasques vont disputer l&rsquo;Euro U17"}]},{"@type":"WebSite","@id":"https:\/\/www.ladiagonale.net\/#website","url":"https:\/\/www.ladiagonale.net\/","name":"La Diagonale","description":"Le site des supporters de l&#039;AS Monaco FC","potentialAction":[{"@type":"SearchAction","target":{"@type":"EntryPoint","urlTemplate":"https:\/\/www.ladiagonale.net\/?s={search_term_string}"},"query-input":"required name=search_term_string"}],"inLanguage":"fr-FR"},{"@type":"Person","@id":"https:\/\/www.ladiagonale.net\/#\/schema\/person\/79ff1e7b0853ed01b2aa26e64ad300bf","name":"Damien Dellerba","image":{"@type":"ImageObject","inLanguage":"fr-FR","@id":"https:\/\/www.ladiagonale.net\/#\/schema\/person\/image\/","url":"https:\/\/secure.gravatar.com\/avatar\/c7850e06d3ff63cdbaee88b7fc16e2f0?s=96&d=mm&r=g","contentUrl":"https:\/\/secure.gravatar.com\/avatar\/c7850e06d3ff63cdbaee88b7fc16e2f0?s=96&d=mm&r=g","caption":"Damien Dellerba"},"url":"https:\/\/www.ladiagonale.net\/index.php\/author\/damien\/"}]}},"_links":{"self":[{"href":"https:\/\/www.ladiagonale.net\/index.php\/wp-json\/wp\/v2\/posts\/12100"}],"collection":[{"href":"https:\/\/www.ladiagonale.net\/index.php\/wp-json\/wp\/v2\/posts"}],"about":[{"href":"https:\/\/www.ladiagonale.net\/index.php\/wp-json\/wp\/v2\/types\/post"}],"author":[{"embeddable":true,"href":"https:\/\/www.ladiagonale.net\/index.php\/wp-json\/wp\/v2\/users\/2"}],"replies":[{"embeddable":true,"href":"https:\/\/www.ladiagonale.net\/index.php\/wp-json\/wp\/v2\/comments?post=12100"}],"version-history":[{"count":1,"href":"https:\/\/www.ladiagonale.net\/index.php\/wp-json\/wp\/v2\/posts\/12100\/revisions"}],"predecessor-version":[{"id":12102,"href":"https:\/\/www.ladiagonale.net\/index.php\/wp-json\/wp\/v2\/posts\/12100\/revisions\/12102"}],"wp:attachment":[{"href":"https:\/\/www.ladiagonale.net\/index.php\/wp-json\/wp\/v2\/media?parent=12100"}],"wp:term":[{"taxonomy":"category","embeddable":true,"href":"https:\/\/www.ladiagonale.net\/index.php\/wp-json\/wp\/v2\/categories?post=12100"},{"taxonomy":"post_tag","embeddable":true,"href":"https:\/\/www.ladiagonale.net\/index.php\/wp-json\/wp\/v2\/tags?post=12100"}],"curies":[{"name":"wp","href":"https:\/\/api.w.org\/{rel}","templated":true}]}}