{"id":12103,"date":"2023-05-02T17:13:02","date_gmt":"2023-05-02T15:13:02","guid":{"rendered":"https:\/\/www.ladiagonale.net\/?p=12103"},"modified":"2023-05-02T17:13:05","modified_gmt":"2023-05-02T15:13:05","slug":"mitchell-ne-devrait-pas-rebondir-a-chelsea","status":"publish","type":"post","link":"https:\/\/www.ladiagonale.net\/index.php\/2023\/05\/02\/mitchell-ne-devrait-pas-rebondir-a-chelsea\/","title":{"rendered":"Mitchell ne devrait pas rebondir \u00e0 Chelsea"},"content":{"rendered":"\n\n\n<p>Alors que Paul Mitchell <a href=\"https:\/\/www.ladiagonale.net\/index.php\/2023\/03\/22\/mitchell-confirme-son-depart-du-club\/\">va quitter l&rsquo;AS Monaco dans les prochains mois<\/a>, son futur ne se trouverait pas \u00e0 Chelsea. Selon le quotidien anglais <em>Evening Standard<\/em>, le club londonien aurait finalement ferm\u00e9 la porte \u00e0 la venue de Mitchell, satisfait du travail r\u00e9alis\u00e9 par les hommes en place, et notamment par Laurence Stewart, l&rsquo;ancien directeur technique de l&rsquo;ASM, recrut\u00e9 au mois de janvier.<\/p>\n\n\n\n<p>Pour Paul Mitchell, la date de son d\u00e9part du club de la Principaut\u00e9 n&rsquo;est pas encore tr\u00e8s pr\u00e9cise. Dmitry Rybolovlev souhaite qu&rsquo;il trouve son successeur au poste de directeur sportif, ce qui devrait \u00eatre le cas <a href=\"https:\/\/www.ladiagonale.net\/index.php\/2023\/04\/08\/lequipe-confirme-la-signature-a-venir-de-thiago-scuro\/\">en la personne de Thiago Scuro<\/a>, le directeur ex\u00e9cutif de Red Bull Bragantino, mais celui-ci doit encore se lib\u00e9rer de son contrat avec le club br\u00e9silien. Il faudra ensuite assurer la transition pour pr\u00e9parer au mieux la suite. <\/p>\n","protected":false},"excerpt":{"rendered":"<p>Alors que Paul Mitchell va quitter l&rsquo;AS Monaco dans les prochains mois, son futur ne se trouverait pas \u00e0 Chelsea. Selon le quotidien anglais Evening Standard, le club londonien aurait finalement ferm\u00e9 la porte \u00e0 la venue de Mitchell, satisfait du travail r\u00e9alis\u00e9 par les hommes en place, et notamment par Laurence Stewart, l&rsquo;ancien directeur [&#8230;]\n","protected":false},"author":2,"featured_media":0,"comment_status":"open","ping_status":"open","sticky":false,"template":"","format":"standard","meta":[],"categories":[6],"tags":[86,192],"yoast_head":"<!-- This site is optimized with the Yoast SEO plugin v19.8 - https:\/\/yoast.com\/wordpress\/plugins\/seo\/ -->\n<title>Mitchell ne devrait pas rebondir \u00e0 Chelsea - La Diagonale<\/title>\n<meta name=\"robots\" content=\"index, follow, max-snippet:-1, max-image-preview:large, max-video-preview:-1\" \/>\n<link rel=\"canonical\" href=\"https:\/\/www.ladiagonale.net\/index.php\/2023\/05\/02\/mitchell-ne-devrait-pas-rebondir-a-chelsea\/\" \/>\n<meta property=\"og:locale\" content=\"fr_FR\" \/>\n<meta property=\"og:type\" content=\"article\" \/>\n<meta property=\"og:title\" content=\"Mitchell ne devrait pas rebondir \u00e0 Chelsea - La Diagonale\" \/>\n<meta property=\"og:description\" content=\"Alors que Paul Mitchell va quitter l&rsquo;AS Monaco dans les prochains mois, son futur ne se trouverait pas \u00e0 Chelsea. Selon le quotidien anglais Evening Standard, le club londonien aurait finalement ferm\u00e9 la porte \u00e0 la venue de Mitchell, satisfait du travail r\u00e9alis\u00e9 par les hommes en place, et notamment par Laurence Stewart, l&rsquo;ancien directeur [...]\" \/>\n<meta property=\"og:url\" content=\"https:\/\/www.ladiagonale.net\/index.php\/2023\/05\/02\/mitchell-ne-devrait-pas-rebondir-a-chelsea\/\" \/>\n<meta property=\"og:site_name\" content=\"La Diagonale\" \/>\n<meta property=\"article:published_time\" content=\"2023-05-02T15:13:02+00:00\" \/>\n<meta property=\"article:modified_time\" content=\"2023-05-02T15:13:05+00:00\" \/>\n<meta property=\"og:image\" content=\"https:\/\/www.ladiagonale.net\/wp-content\/uploads\/2022\/11\/mitchell.png\" \/>\n\t<meta property=\"og:image:width\" content=\"1160\" \/>\n\t<meta property=\"og:image:height\" content=\"650\" \/>\n\t<meta property=\"og:image:type\" content=\"image\/png\" \/>\n<meta name=\"author\" content=\"Damien Dellerba\" \/>\n<meta name=\"twitter:card\" content=\"summary_large_image\" \/>\n<meta name=\"twitter:image\" content=\"https:\/\/www.ladiagonale.net\/wp-content\/uploads\/2022\/11\/mitchell.png\" \/>\n<meta name=\"twitter:label1\" content=\"\u00c9crit par\" \/>\n\t<meta name=\"twitter:data1\" content=\"Damien Dellerba\" \/>\n\t<meta name=\"twitter:label2\" content=\"Dur\u00e9e de lecture estim\u00e9e\" \/>\n\t<meta name=\"twitter:data2\" content=\"1 minute\" \/>\n<script type=\"application\/ld+json\" class=\"yoast-schema-graph\">{\"@context\":\"https:\/\/schema.org\",\"@graph\":[{\"@type\":\"WebPage\",\"@id\":\"https:\/\/www.ladiagonale.net\/index.php\/2023\/05\/02\/mitchell-ne-devrait-pas-rebondir-a-chelsea\/\",\"url\":\"https:\/\/www.ladiagonale.net\/index.php\/2023\/05\/02\/mitchell-ne-devrait-pas-rebondir-a-chelsea\/\",\"name\":\"Mitchell ne devrait pas rebondir \u00e0 Chelsea - La Diagonale\",\"isPartOf\":{\"@id\":\"https:\/\/www.ladiagonale.net\/#website\"},\"datePublished\":\"2023-05-02T15:13:02+00:00\",\"dateModified\":\"2023-05-02T15:13:05+00:00\",\"author\":{\"@id\":\"https:\/\/www.ladiagonale.net\/#\/schema\/person\/79ff1e7b0853ed01b2aa26e64ad300bf\"},\"breadcrumb\":{\"@id\":\"https:\/\/www.ladiagonale.net\/index.php\/2023\/05\/02\/mitchell-ne-devrait-pas-rebondir-a-chelsea\/#breadcrumb\"},\"inLanguage\":\"fr-FR\",\"potentialAction\":[{\"@type\":\"ReadAction\",\"target\":[\"https:\/\/www.ladiagonale.net\/index.php\/2023\/05\/02\/mitchell-ne-devrait-pas-rebondir-a-chelsea\/\"]}]},{\"@type\":\"BreadcrumbList\",\"@id\":\"https:\/\/www.ladiagonale.net\/index.php\/2023\/05\/02\/mitchell-ne-devrait-pas-rebondir-a-chelsea\/#breadcrumb\",\"itemListElement\":[{\"@type\":\"ListItem\",\"position\":1,\"name\":\"Accueil\",\"item\":\"https:\/\/www.ladiagonale.net\/\"},{\"@type\":\"ListItem\",\"position\":2,\"name\":\"Mitchell ne devrait pas rebondir \u00e0 Chelsea\"}]},{\"@type\":\"WebSite\",\"@id\":\"https:\/\/www.ladiagonale.net\/#website\",\"url\":\"https:\/\/www.ladiagonale.net\/\",\"name\":\"La Diagonale\",\"description\":\"Le site des supporters de l&#039;AS Monaco FC\",\"potentialAction\":[{\"@type\":\"SearchAction\",\"target\":{\"@type\":\"EntryPoint\",\"urlTemplate\":\"https:\/\/www.ladiagonale.net\/?s={search_term_string}\"},\"query-input\":\"required name=search_term_string\"}],\"inLanguage\":\"fr-FR\"},{\"@type\":\"Person\",\"@id\":\"https:\/\/www.ladiagonale.net\/#\/schema\/person\/79ff1e7b0853ed01b2aa26e64ad300bf\",\"name\":\"Damien Dellerba\",\"image\":{\"@type\":\"ImageObject\",\"inLanguage\":\"fr-FR\",\"@id\":\"https:\/\/www.ladiagonale.net\/#\/schema\/person\/image\/\",\"url\":\"https:\/\/secure.gravatar.com\/avatar\/c7850e06d3ff63cdbaee88b7fc16e2f0?s=96&d=mm&r=g\",\"contentUrl\":\"https:\/\/secure.gravatar.com\/avatar\/c7850e06d3ff63cdbaee88b7fc16e2f0?s=96&d=mm&r=g\",\"caption\":\"Damien Dellerba\"},\"url\":\"https:\/\/www.ladiagonale.net\/index.php\/author\/damien\/\"}]}<\/script>\n<!-- \/ Yoast SEO plugin. -->","yoast_head_json":{"title":"Mitchell ne devrait pas rebondir \u00e0 Chelsea - La Diagonale","robots":{"index":"index","follow":"follow","max-snippet":"max-snippet:-1","max-image-preview":"max-image-preview:large","max-video-preview":"max-video-preview:-1"},"canonical":"https:\/\/www.ladiagonale.net\/index.php\/2023\/05\/02\/mitchell-ne-devrait-pas-rebondir-a-chelsea\/","og_locale":"fr_FR","og_type":"article","og_title":"Mitchell ne devrait pas rebondir \u00e0 Chelsea - La Diagonale","og_description":"Alors que Paul Mitchell va quitter l&rsquo;AS Monaco dans les prochains mois, son futur ne se trouverait pas \u00e0 Chelsea. Selon le quotidien anglais Evening Standard, le club londonien aurait finalement ferm\u00e9 la porte \u00e0 la venue de Mitchell, satisfait du travail r\u00e9alis\u00e9 par les hommes en place, et notamment par Laurence Stewart, l&rsquo;ancien directeur [...]","og_url":"https:\/\/www.ladiagonale.net\/index.php\/2023\/05\/02\/mitchell-ne-devrait-pas-rebondir-a-chelsea\/","og_site_name":"La Diagonale","article_published_time":"2023-05-02T15:13:02+00:00","article_modified_time":"2023-05-02T15:13:05+00:00","og_image":[{"width":1160,"height":650,"url":"https:\/\/www.ladiagonale.net\/wp-content\/uploads\/2022\/11\/mitchell.png","type":"image\/png"}],"author":"Damien Dellerba","twitter_card":"summary_large_image","twitter_image":"https:\/\/www.ladiagonale.net\/wp-content\/uploads\/2022\/11\/mitchell.png","twitter_misc":{"\u00c9crit par":"Damien Dellerba","Dur\u00e9e de lecture estim\u00e9e":"1 minute"},"schema":{"@context":"https:\/\/schema.org","@graph":[{"@type":"WebPage","@id":"https:\/\/www.ladiagonale.net\/index.php\/2023\/05\/02\/mitchell-ne-devrait-pas-rebondir-a-chelsea\/","url":"https:\/\/www.ladiagonale.net\/index.php\/2023\/05\/02\/mitchell-ne-devrait-pas-rebondir-a-chelsea\/","name":"Mitchell ne devrait pas rebondir \u00e0 Chelsea - La Diagonale","isPartOf":{"@id":"https:\/\/www.ladiagonale.net\/#website"},"datePublished":"2023-05-02T15:13:02+00:00","dateModified":"2023-05-02T15:13:05+00:00","author":{"@id":"https:\/\/www.ladiagonale.net\/#\/schema\/person\/79ff1e7b0853ed01b2aa26e64ad300bf"},"breadcrumb":{"@id":"https:\/\/www.ladiagonale.net\/index.php\/2023\/05\/02\/mitchell-ne-devrait-pas-rebondir-a-chelsea\/#breadcrumb"},"inLanguage":"fr-FR","potentialAction":[{"@type":"ReadAction","target":["https:\/\/www.ladiagonale.net\/index.php\/2023\/05\/02\/mitchell-ne-devrait-pas-rebondir-a-chelsea\/"]}]},{"@type":"BreadcrumbList","@id":"https:\/\/www.ladiagonale.net\/index.php\/2023\/05\/02\/mitchell-ne-devrait-pas-rebondir-a-chelsea\/#breadcrumb","itemListElement":[{"@type":"ListItem","position":1,"name":"Accueil","item":"https:\/\/www.ladiagonale.net\/"},{"@type":"ListItem","position":2,"name":"Mitchell ne devrait pas rebondir \u00e0 Chelsea"}]},{"@type":"WebSite","@id":"https:\/\/www.ladiagonale.net\/#website","url":"https:\/\/www.ladiagonale.net\/","name":"La Diagonale","description":"Le site des supporters de l&#039;AS Monaco FC","potentialAction":[{"@type":"SearchAction","target":{"@type":"EntryPoint","urlTemplate":"https:\/\/www.ladiagonale.net\/?s={search_term_string}"},"query-input":"required name=search_term_string"}],"inLanguage":"fr-FR"},{"@type":"Person","@id":"https:\/\/www.ladiagonale.net\/#\/schema\/person\/79ff1e7b0853ed01b2aa26e64ad300bf","name":"Damien Dellerba","image":{"@type":"ImageObject","inLanguage":"fr-FR","@id":"https:\/\/www.ladiagonale.net\/#\/schema\/person\/image\/","url":"https:\/\/secure.gravatar.com\/avatar\/c7850e06d3ff63cdbaee88b7fc16e2f0?s=96&d=mm&r=g","contentUrl":"https:\/\/secure.gravatar.com\/avatar\/c7850e06d3ff63cdbaee88b7fc16e2f0?s=96&d=mm&r=g","caption":"Damien Dellerba"},"url":"https:\/\/www.ladiagonale.net\/index.php\/author\/damien\/"}]}},"_links":{"self":[{"href":"https:\/\/www.ladiagonale.net\/index.php\/wp-json\/wp\/v2\/posts\/12103"}],"collection":[{"href":"https:\/\/www.ladiagonale.net\/index.php\/wp-json\/wp\/v2\/posts"}],"about":[{"href":"https:\/\/www.ladiagonale.net\/index.php\/wp-json\/wp\/v2\/types\/post"}],"author":[{"embeddable":true,"href":"https:\/\/www.ladiagonale.net\/index.php\/wp-json\/wp\/v2\/users\/2"}],"replies":[{"embeddable":true,"href":"https:\/\/www.ladiagonale.net\/index.php\/wp-json\/wp\/v2\/comments?post=12103"}],"version-history":[{"count":1,"href":"https:\/\/www.ladiagonale.net\/index.php\/wp-json\/wp\/v2\/posts\/12103\/revisions"}],"predecessor-version":[{"id":12104,"href":"https:\/\/www.ladiagonale.net\/index.php\/wp-json\/wp\/v2\/posts\/12103\/revisions\/12104"}],"wp:attachment":[{"href":"https:\/\/www.ladiagonale.net\/index.php\/wp-json\/wp\/v2\/media?parent=12103"}],"wp:term":[{"taxonomy":"category","embeddable":true,"href":"https:\/\/www.ladiagonale.net\/index.php\/wp-json\/wp\/v2\/categories?post=12103"},{"taxonomy":"post_tag","embeddable":true,"href":"https:\/\/www.ladiagonale.net\/index.php\/wp-json\/wp\/v2\/tags?post=12103"}],"curies":[{"name":"wp","href":"https:\/\/api.w.org\/{rel}","templated":true}]}}