{"id":12145,"date":"2023-05-05T15:59:08","date_gmt":"2023-05-05T13:59:08","guid":{"rendered":"https:\/\/www.ladiagonale.net\/?p=12145"},"modified":"2023-05-06T01:44:48","modified_gmt":"2023-05-05T23:44:48","slug":"clement-sent-toujours-le-soutien-de-rybolovlev","status":"publish","type":"post","link":"https:\/\/www.ladiagonale.net\/index.php\/2023\/05\/05\/clement-sent-toujours-le-soutien-de-rybolovlev\/","title":{"rendered":"Clement sent toujours le soutien de Rybolovlev"},"content":{"rendered":"\n<p>Apr\u00e8s deux d\u00e9faites de rang en Ligue 1, Monaco est dans une situation d\u00e9licate mais en conf\u00e9rence de presse, Philippe Clement a confi\u00e9 qu&rsquo;il conservait le soutien du pr\u00e9sident Rybolovlev : \u00ab<em> Nous avons eu une r\u00e9union pour les transferts pour la prochaine saison. Nous sommes tous d\u00e9\u00e7us des deux derni\u00e8res journ\u00e9es car nous \u00e9tions \u00e0 la lutte pour la deuxi\u00e8me place et nous avons perdu deux fois d\u2019une mani\u00e8re qui \u00e9tait loin de notre id\u00e9e de la performance. Mais j\u2019ai toujours senti le soutien du pr\u00e9sident, je n\u2019ai pas ressenti autre chose<\/em>. \u00bb<\/p>\n\n\n\n<p>L&rsquo;ASM est d\u00e9sormais dos au mur pour ne pas tout perdre, et notamment l\u2019Europe. Si Philippe Clement a \u00e9t\u00e9 tr\u00e8s d\u00e9\u00e7u des derni\u00e8res prestations de certains joueurs, m\u00eame si aucun nom n\u2019a \u00e9t\u00e9 donn\u00e9, il est convaincu que son \u00e9quipe va r\u00e9agir contre Angers dimanche (13h), et que les individualit\u00e9s sauront trouver les ressorts pour performer : \u00ab&nbsp;<em>Quand tu veux \u00eatre un grand joueur, tu dois r\u00e9agir directement, et tout donner. Je suis tr\u00e8s confiant, on va voir une \u00e9quipe comme \u00e7a dimanche.&nbsp;<\/em>\u00bb<\/p>\n\n\n\n<p>En d\u00e9but de semaine, une r\u00e9union de crise s\u2019est tenue avec Paul Mitchell notamment, pour am\u00e9liorer la situation, et des changements ne sont pas \u00e0 exclure : \u00ab&nbsp;<em>J\u2019ai dit au d\u00e9but de la semaine que c\u2019\u00e9tait le jour 0. J\u2019ai donn\u00e9 beaucoup de cr\u00e9dit aux joueurs car on ne change pas tout apr\u00e8s un mauvais match. Maintenant il faut regarder les joueurs qui ont la capacit\u00e9 \u00e0 r\u00e9agir vite et je suis tr\u00e8s attentif sur \u00e7a. (\u2026) Je ne veux pas donner de noms mais il peut y avoir des changements.<\/em>&nbsp;\u00bb<\/p>\n\n\n\n<p>La question du manque de leadership a notamment \u00e9t\u00e9 \u00e9voqu\u00e9e et Clement a reconnu qu\u2019il fallait que Monaco progresse dans ce domaine : \u00ab&nbsp;<em>Je ne veux pas parler de toutes les choses dont nous discutons, mais c\u2019est clair pour tout le monde que c\u2019est important d\u2019avoir de bons profils de leadership. Beaucoup d\u2019autre clubs le pensent aussi. Et \u00e7a peut aider les jeunes joueurs.<\/em>&nbsp;\u00bb<\/p>\n\n\n","protected":false},"excerpt":{"rendered":"<p>Apr\u00e8s deux d\u00e9faites de rang en Ligue 1, Monaco est dans une situation d\u00e9licate mais en conf\u00e9rence de presse, Philippe Clement a confi\u00e9 qu&rsquo;il conservait le soutien du pr\u00e9sident Rybolovlev : \u00ab Nous avons eu une r\u00e9union pour les transferts pour la prochaine saison. Nous sommes tous d\u00e9\u00e7us des deux derni\u00e8res journ\u00e9es car nous \u00e9tions [&#8230;]\n","protected":false},"author":2,"featured_media":0,"comment_status":"open","ping_status":"open","sticky":false,"template":"","format":"standard","meta":[],"categories":[6],"tags":[475,86,296,94,191],"yoast_head":"<!-- This site is optimized with the Yoast SEO plugin v19.8 - https:\/\/yoast.com\/wordpress\/plugins\/seo\/ -->\n<title>Clement sent toujours le soutien de Rybolovlev - La Diagonale<\/title>\n<meta name=\"robots\" content=\"index, follow, max-snippet:-1, max-image-preview:large, max-video-preview:-1\" \/>\n<link rel=\"canonical\" href=\"https:\/\/www.ladiagonale.net\/index.php\/2023\/05\/05\/clement-sent-toujours-le-soutien-de-rybolovlev\/\" \/>\n<meta property=\"og:locale\" content=\"fr_FR\" \/>\n<meta property=\"og:type\" content=\"article\" \/>\n<meta property=\"og:title\" content=\"Clement sent toujours le soutien de Rybolovlev - La Diagonale\" \/>\n<meta property=\"og:description\" content=\"Apr\u00e8s deux d\u00e9faites de rang en Ligue 1, Monaco est dans une situation d\u00e9licate mais en conf\u00e9rence de presse, Philippe Clement a confi\u00e9 qu&rsquo;il conservait le soutien du pr\u00e9sident Rybolovlev : \u00ab Nous avons eu une r\u00e9union pour les transferts pour la prochaine saison. Nous sommes tous d\u00e9\u00e7us des deux derni\u00e8res journ\u00e9es car nous \u00e9tions [...]\" \/>\n<meta property=\"og:url\" content=\"https:\/\/www.ladiagonale.net\/index.php\/2023\/05\/05\/clement-sent-toujours-le-soutien-de-rybolovlev\/\" \/>\n<meta property=\"og:site_name\" content=\"La Diagonale\" \/>\n<meta property=\"article:published_time\" content=\"2023-05-05T13:59:08+00:00\" \/>\n<meta property=\"article:modified_time\" content=\"2023-05-05T23:44:48+00:00\" \/>\n<meta property=\"og:image\" content=\"https:\/\/www.ladiagonale.net\/wp-content\/uploads\/2023\/03\/ryboclement.png\" \/>\n\t<meta property=\"og:image:width\" content=\"1160\" \/>\n\t<meta property=\"og:image:height\" content=\"650\" \/>\n\t<meta property=\"og:image:type\" content=\"image\/png\" \/>\n<meta name=\"author\" content=\"Damien Dellerba\" \/>\n<meta name=\"twitter:card\" content=\"summary_large_image\" \/>\n<meta name=\"twitter:image\" content=\"https:\/\/www.ladiagonale.net\/wp-content\/uploads\/2023\/03\/ryboclement.png\" \/>\n<meta name=\"twitter:label1\" content=\"\u00c9crit par\" \/>\n\t<meta name=\"twitter:data1\" content=\"Damien Dellerba\" \/>\n\t<meta name=\"twitter:label2\" content=\"Dur\u00e9e de lecture estim\u00e9e\" \/>\n\t<meta name=\"twitter:data2\" content=\"2 minutes\" \/>\n<script type=\"application\/ld+json\" class=\"yoast-schema-graph\">{\"@context\":\"https:\/\/schema.org\",\"@graph\":[{\"@type\":\"WebPage\",\"@id\":\"https:\/\/www.ladiagonale.net\/index.php\/2023\/05\/05\/clement-sent-toujours-le-soutien-de-rybolovlev\/\",\"url\":\"https:\/\/www.ladiagonale.net\/index.php\/2023\/05\/05\/clement-sent-toujours-le-soutien-de-rybolovlev\/\",\"name\":\"Clement sent toujours le soutien de Rybolovlev - La Diagonale\",\"isPartOf\":{\"@id\":\"https:\/\/www.ladiagonale.net\/#website\"},\"datePublished\":\"2023-05-05T13:59:08+00:00\",\"dateModified\":\"2023-05-05T23:44:48+00:00\",\"author\":{\"@id\":\"https:\/\/www.ladiagonale.net\/#\/schema\/person\/79ff1e7b0853ed01b2aa26e64ad300bf\"},\"breadcrumb\":{\"@id\":\"https:\/\/www.ladiagonale.net\/index.php\/2023\/05\/05\/clement-sent-toujours-le-soutien-de-rybolovlev\/#breadcrumb\"},\"inLanguage\":\"fr-FR\",\"potentialAction\":[{\"@type\":\"ReadAction\",\"target\":[\"https:\/\/www.ladiagonale.net\/index.php\/2023\/05\/05\/clement-sent-toujours-le-soutien-de-rybolovlev\/\"]}]},{\"@type\":\"BreadcrumbList\",\"@id\":\"https:\/\/www.ladiagonale.net\/index.php\/2023\/05\/05\/clement-sent-toujours-le-soutien-de-rybolovlev\/#breadcrumb\",\"itemListElement\":[{\"@type\":\"ListItem\",\"position\":1,\"name\":\"Accueil\",\"item\":\"https:\/\/www.ladiagonale.net\/\"},{\"@type\":\"ListItem\",\"position\":2,\"name\":\"Clement sent toujours le soutien de Rybolovlev\"}]},{\"@type\":\"WebSite\",\"@id\":\"https:\/\/www.ladiagonale.net\/#website\",\"url\":\"https:\/\/www.ladiagonale.net\/\",\"name\":\"La Diagonale\",\"description\":\"Le site des supporters de l&#039;AS Monaco FC\",\"potentialAction\":[{\"@type\":\"SearchAction\",\"target\":{\"@type\":\"EntryPoint\",\"urlTemplate\":\"https:\/\/www.ladiagonale.net\/?s={search_term_string}\"},\"query-input\":\"required name=search_term_string\"}],\"inLanguage\":\"fr-FR\"},{\"@type\":\"Person\",\"@id\":\"https:\/\/www.ladiagonale.net\/#\/schema\/person\/79ff1e7b0853ed01b2aa26e64ad300bf\",\"name\":\"Damien Dellerba\",\"image\":{\"@type\":\"ImageObject\",\"inLanguage\":\"fr-FR\",\"@id\":\"https:\/\/www.ladiagonale.net\/#\/schema\/person\/image\/\",\"url\":\"https:\/\/secure.gravatar.com\/avatar\/c7850e06d3ff63cdbaee88b7fc16e2f0?s=96&d=mm&r=g\",\"contentUrl\":\"https:\/\/secure.gravatar.com\/avatar\/c7850e06d3ff63cdbaee88b7fc16e2f0?s=96&d=mm&r=g\",\"caption\":\"Damien Dellerba\"},\"url\":\"https:\/\/www.ladiagonale.net\/index.php\/author\/damien\/\"}]}<\/script>\n<!-- \/ Yoast SEO plugin. -->","yoast_head_json":{"title":"Clement sent toujours le soutien de Rybolovlev - La Diagonale","robots":{"index":"index","follow":"follow","max-snippet":"max-snippet:-1","max-image-preview":"max-image-preview:large","max-video-preview":"max-video-preview:-1"},"canonical":"https:\/\/www.ladiagonale.net\/index.php\/2023\/05\/05\/clement-sent-toujours-le-soutien-de-rybolovlev\/","og_locale":"fr_FR","og_type":"article","og_title":"Clement sent toujours le soutien de Rybolovlev - La Diagonale","og_description":"Apr\u00e8s deux d\u00e9faites de rang en Ligue 1, Monaco est dans une situation d\u00e9licate mais en conf\u00e9rence de presse, Philippe Clement a confi\u00e9 qu&rsquo;il conservait le soutien du pr\u00e9sident Rybolovlev : \u00ab Nous avons eu une r\u00e9union pour les transferts pour la prochaine saison. Nous sommes tous d\u00e9\u00e7us des deux derni\u00e8res journ\u00e9es car nous \u00e9tions [...]","og_url":"https:\/\/www.ladiagonale.net\/index.php\/2023\/05\/05\/clement-sent-toujours-le-soutien-de-rybolovlev\/","og_site_name":"La Diagonale","article_published_time":"2023-05-05T13:59:08+00:00","article_modified_time":"2023-05-05T23:44:48+00:00","og_image":[{"width":1160,"height":650,"url":"https:\/\/www.ladiagonale.net\/wp-content\/uploads\/2023\/03\/ryboclement.png","type":"image\/png"}],"author":"Damien Dellerba","twitter_card":"summary_large_image","twitter_image":"https:\/\/www.ladiagonale.net\/wp-content\/uploads\/2023\/03\/ryboclement.png","twitter_misc":{"\u00c9crit par":"Damien Dellerba","Dur\u00e9e de lecture estim\u00e9e":"2 minutes"},"schema":{"@context":"https:\/\/schema.org","@graph":[{"@type":"WebPage","@id":"https:\/\/www.ladiagonale.net\/index.php\/2023\/05\/05\/clement-sent-toujours-le-soutien-de-rybolovlev\/","url":"https:\/\/www.ladiagonale.net\/index.php\/2023\/05\/05\/clement-sent-toujours-le-soutien-de-rybolovlev\/","name":"Clement sent toujours le soutien de Rybolovlev - La Diagonale","isPartOf":{"@id":"https:\/\/www.ladiagonale.net\/#website"},"datePublished":"2023-05-05T13:59:08+00:00","dateModified":"2023-05-05T23:44:48+00:00","author":{"@id":"https:\/\/www.ladiagonale.net\/#\/schema\/person\/79ff1e7b0853ed01b2aa26e64ad300bf"},"breadcrumb":{"@id":"https:\/\/www.ladiagonale.net\/index.php\/2023\/05\/05\/clement-sent-toujours-le-soutien-de-rybolovlev\/#breadcrumb"},"inLanguage":"fr-FR","potentialAction":[{"@type":"ReadAction","target":["https:\/\/www.ladiagonale.net\/index.php\/2023\/05\/05\/clement-sent-toujours-le-soutien-de-rybolovlev\/"]}]},{"@type":"BreadcrumbList","@id":"https:\/\/www.ladiagonale.net\/index.php\/2023\/05\/05\/clement-sent-toujours-le-soutien-de-rybolovlev\/#breadcrumb","itemListElement":[{"@type":"ListItem","position":1,"name":"Accueil","item":"https:\/\/www.ladiagonale.net\/"},{"@type":"ListItem","position":2,"name":"Clement sent toujours le soutien de Rybolovlev"}]},{"@type":"WebSite","@id":"https:\/\/www.ladiagonale.net\/#website","url":"https:\/\/www.ladiagonale.net\/","name":"La Diagonale","description":"Le site des supporters de l&#039;AS Monaco FC","potentialAction":[{"@type":"SearchAction","target":{"@type":"EntryPoint","urlTemplate":"https:\/\/www.ladiagonale.net\/?s={search_term_string}"},"query-input":"required name=search_term_string"}],"inLanguage":"fr-FR"},{"@type":"Person","@id":"https:\/\/www.ladiagonale.net\/#\/schema\/person\/79ff1e7b0853ed01b2aa26e64ad300bf","name":"Damien Dellerba","image":{"@type":"ImageObject","inLanguage":"fr-FR","@id":"https:\/\/www.ladiagonale.net\/#\/schema\/person\/image\/","url":"https:\/\/secure.gravatar.com\/avatar\/c7850e06d3ff63cdbaee88b7fc16e2f0?s=96&d=mm&r=g","contentUrl":"https:\/\/secure.gravatar.com\/avatar\/c7850e06d3ff63cdbaee88b7fc16e2f0?s=96&d=mm&r=g","caption":"Damien Dellerba"},"url":"https:\/\/www.ladiagonale.net\/index.php\/author\/damien\/"}]}},"_links":{"self":[{"href":"https:\/\/www.ladiagonale.net\/index.php\/wp-json\/wp\/v2\/posts\/12145"}],"collection":[{"href":"https:\/\/www.ladiagonale.net\/index.php\/wp-json\/wp\/v2\/posts"}],"about":[{"href":"https:\/\/www.ladiagonale.net\/index.php\/wp-json\/wp\/v2\/types\/post"}],"author":[{"embeddable":true,"href":"https:\/\/www.ladiagonale.net\/index.php\/wp-json\/wp\/v2\/users\/2"}],"replies":[{"embeddable":true,"href":"https:\/\/www.ladiagonale.net\/index.php\/wp-json\/wp\/v2\/comments?post=12145"}],"version-history":[{"count":2,"href":"https:\/\/www.ladiagonale.net\/index.php\/wp-json\/wp\/v2\/posts\/12145\/revisions"}],"predecessor-version":[{"id":12161,"href":"https:\/\/www.ladiagonale.net\/index.php\/wp-json\/wp\/v2\/posts\/12145\/revisions\/12161"}],"wp:attachment":[{"href":"https:\/\/www.ladiagonale.net\/index.php\/wp-json\/wp\/v2\/media?parent=12145"}],"wp:term":[{"taxonomy":"category","embeddable":true,"href":"https:\/\/www.ladiagonale.net\/index.php\/wp-json\/wp\/v2\/categories?post=12145"},{"taxonomy":"post_tag","embeddable":true,"href":"https:\/\/www.ladiagonale.net\/index.php\/wp-json\/wp\/v2\/tags?post=12145"}],"curies":[{"name":"wp","href":"https:\/\/api.w.org\/{rel}","templated":true}]}}