{"id":12156,"date":"2023-05-08T17:03:00","date_gmt":"2023-05-08T15:03:00","guid":{"rendered":"https:\/\/www.ladiagonale.net\/?p=12156"},"modified":"2023-05-08T17:03:09","modified_gmt":"2023-05-08T15:03:09","slug":"monaco-refuse-de-liberer-ben-seghir-pour-le-mondial-u20-actualise","status":"publish","type":"post","link":"https:\/\/www.ladiagonale.net\/index.php\/2023\/05\/08\/monaco-refuse-de-liberer-ben-seghir-pour-le-mondial-u20-actualise\/","title":{"rendered":"Monaco refuse de lib\u00e9rer Ben Seghir pour le Mondial U20 (Actualis\u00e9)"},"content":{"rendered":"\n\n\n<p>\u00c0 peine <a href=\"https:\/\/www.ladiagonale.net\/index.php\/2023\/03\/23\/premiere-avec-la-france-u19-pour-ben-seghir-et-efekele\/\">arriv\u00e9 avec l&rsquo;\u00e9quipe de France U19<\/a> qu&rsquo;il pourrait encore grimer les \u00e9chelons de la s\u00e9lection. Eliesse Ben Seghir ferait partie des joueurs que la F\u00e9d\u00e9ration fran\u00e7aise de football aimerait voir disputer la Coupe du monde U20, qui se d\u00e9roulera en Argentine, avec le groupe de Landry Chauvin. Mais selon <em>L&rsquo;\u00c9quipe<\/em>, l&rsquo;AS Monaco ne devrait pas accepter de lib\u00e9rer son joueur, tandis que la liste doit \u00eatre annonc\u00e9e le 10 mai. <\/p>\n\n\n\n<p>En cause, une comp\u00e9tition qui se d\u00e9roulera entre le 20 mai et le 11 juin, hors des dates FIFA, alors qu&rsquo;il restera encore trois journ\u00e9es \u00e0 disputer en Ligue 1 et que l&rsquo;ASM doit encore assurer une qualification pour l&rsquo;Europe, avec un calendrier difficile (Lille, Lyon et Rennes). En revanche, le club de la Principaut\u00e9 ne devrait pas faire de difficult\u00e9s pour lib\u00e9rer Yann Lienard et Jordan Semedo Varela, habitu\u00e9s du groupe de Landry Chauvin et qui n&rsquo;ont jamais \u00e9volu\u00e9 avec les pros.   <\/p>\n\n\n\n<p><strong>Actualisation :<\/strong> Dans une br\u00e8ve publi\u00e9e sur son site internet, le quotidien <em>L&rsquo;\u00c9quipe<\/em> a confirm\u00e9 que l&rsquo;AS Monaco avait refus\u00e9 de lib\u00e9rer Ben Seghir pour le mondial argentin. <\/p>\n","protected":false},"excerpt":{"rendered":"<p>\u00c0 peine arriv\u00e9 avec l&rsquo;\u00e9quipe de France U19 qu&rsquo;il pourrait encore grimer les \u00e9chelons de la s\u00e9lection. Eliesse Ben Seghir ferait partie des joueurs que la F\u00e9d\u00e9ration fran\u00e7aise de football aimerait voir disputer la Coupe du monde U20, qui se d\u00e9roulera en Argentine, avec le groupe de Landry Chauvin. Mais selon L&rsquo;\u00c9quipe, l&rsquo;AS Monaco ne [&#8230;]\n","protected":false},"author":2,"featured_media":0,"comment_status":"open","ping_status":"open","sticky":false,"template":"","format":"standard","meta":[],"categories":[6],"tags":[86,286,71,116],"yoast_head":"<!-- This site is optimized with the Yoast SEO plugin v19.8 - https:\/\/yoast.com\/wordpress\/plugins\/seo\/ -->\n<title>Monaco refuse de lib\u00e9rer Ben Seghir pour le Mondial U20 (Actualis\u00e9) - La Diagonale<\/title>\n<meta name=\"robots\" content=\"index, follow, max-snippet:-1, max-image-preview:large, max-video-preview:-1\" \/>\n<link rel=\"canonical\" href=\"https:\/\/www.ladiagonale.net\/index.php\/2023\/05\/08\/monaco-refuse-de-liberer-ben-seghir-pour-le-mondial-u20-actualise\/\" \/>\n<meta property=\"og:locale\" content=\"fr_FR\" \/>\n<meta property=\"og:type\" content=\"article\" \/>\n<meta property=\"og:title\" content=\"Monaco refuse de lib\u00e9rer Ben Seghir pour le Mondial U20 (Actualis\u00e9) - La Diagonale\" \/>\n<meta property=\"og:description\" content=\"\u00c0 peine arriv\u00e9 avec l&rsquo;\u00e9quipe de France U19 qu&rsquo;il pourrait encore grimer les \u00e9chelons de la s\u00e9lection. Eliesse Ben Seghir ferait partie des joueurs que la F\u00e9d\u00e9ration fran\u00e7aise de football aimerait voir disputer la Coupe du monde U20, qui se d\u00e9roulera en Argentine, avec le groupe de Landry Chauvin. Mais selon L&rsquo;\u00c9quipe, l&rsquo;AS Monaco ne [...]\" \/>\n<meta property=\"og:url\" content=\"https:\/\/www.ladiagonale.net\/index.php\/2023\/05\/08\/monaco-refuse-de-liberer-ben-seghir-pour-le-mondial-u20-actualise\/\" \/>\n<meta property=\"og:site_name\" content=\"La Diagonale\" \/>\n<meta property=\"article:published_time\" content=\"2023-05-08T15:03:00+00:00\" \/>\n<meta property=\"article:modified_time\" content=\"2023-05-08T15:03:09+00:00\" \/>\n<meta property=\"og:image\" content=\"https:\/\/www.ladiagonale.net\/wp-content\/uploads\/2023\/03\/ben-seghir-france.png\" \/>\n\t<meta property=\"og:image:width\" content=\"1160\" \/>\n\t<meta property=\"og:image:height\" content=\"650\" \/>\n\t<meta property=\"og:image:type\" content=\"image\/png\" \/>\n<meta name=\"author\" content=\"Damien Dellerba\" \/>\n<meta name=\"twitter:card\" content=\"summary_large_image\" \/>\n<meta name=\"twitter:image\" content=\"https:\/\/www.ladiagonale.net\/wp-content\/uploads\/2023\/03\/ben-seghir-france.png\" \/>\n<meta name=\"twitter:label1\" content=\"\u00c9crit par\" \/>\n\t<meta name=\"twitter:data1\" content=\"Damien Dellerba\" \/>\n\t<meta name=\"twitter:label2\" content=\"Dur\u00e9e de lecture estim\u00e9e\" \/>\n\t<meta name=\"twitter:data2\" content=\"1 minute\" \/>\n<script type=\"application\/ld+json\" class=\"yoast-schema-graph\">{\"@context\":\"https:\/\/schema.org\",\"@graph\":[{\"@type\":\"WebPage\",\"@id\":\"https:\/\/www.ladiagonale.net\/index.php\/2023\/05\/08\/monaco-refuse-de-liberer-ben-seghir-pour-le-mondial-u20-actualise\/\",\"url\":\"https:\/\/www.ladiagonale.net\/index.php\/2023\/05\/08\/monaco-refuse-de-liberer-ben-seghir-pour-le-mondial-u20-actualise\/\",\"name\":\"Monaco refuse de lib\u00e9rer Ben Seghir pour le Mondial U20 (Actualis\u00e9) - La Diagonale\",\"isPartOf\":{\"@id\":\"https:\/\/www.ladiagonale.net\/#website\"},\"datePublished\":\"2023-05-08T15:03:00+00:00\",\"dateModified\":\"2023-05-08T15:03:09+00:00\",\"author\":{\"@id\":\"https:\/\/www.ladiagonale.net\/#\/schema\/person\/79ff1e7b0853ed01b2aa26e64ad300bf\"},\"breadcrumb\":{\"@id\":\"https:\/\/www.ladiagonale.net\/index.php\/2023\/05\/08\/monaco-refuse-de-liberer-ben-seghir-pour-le-mondial-u20-actualise\/#breadcrumb\"},\"inLanguage\":\"fr-FR\",\"potentialAction\":[{\"@type\":\"ReadAction\",\"target\":[\"https:\/\/www.ladiagonale.net\/index.php\/2023\/05\/08\/monaco-refuse-de-liberer-ben-seghir-pour-le-mondial-u20-actualise\/\"]}]},{\"@type\":\"BreadcrumbList\",\"@id\":\"https:\/\/www.ladiagonale.net\/index.php\/2023\/05\/08\/monaco-refuse-de-liberer-ben-seghir-pour-le-mondial-u20-actualise\/#breadcrumb\",\"itemListElement\":[{\"@type\":\"ListItem\",\"position\":1,\"name\":\"Accueil\",\"item\":\"https:\/\/www.ladiagonale.net\/\"},{\"@type\":\"ListItem\",\"position\":2,\"name\":\"Monaco refuse de lib\u00e9rer Ben Seghir pour le Mondial U20 (Actualis\u00e9)\"}]},{\"@type\":\"WebSite\",\"@id\":\"https:\/\/www.ladiagonale.net\/#website\",\"url\":\"https:\/\/www.ladiagonale.net\/\",\"name\":\"La Diagonale\",\"description\":\"Le site des supporters de l&#039;AS Monaco FC\",\"potentialAction\":[{\"@type\":\"SearchAction\",\"target\":{\"@type\":\"EntryPoint\",\"urlTemplate\":\"https:\/\/www.ladiagonale.net\/?s={search_term_string}\"},\"query-input\":\"required name=search_term_string\"}],\"inLanguage\":\"fr-FR\"},{\"@type\":\"Person\",\"@id\":\"https:\/\/www.ladiagonale.net\/#\/schema\/person\/79ff1e7b0853ed01b2aa26e64ad300bf\",\"name\":\"Damien Dellerba\",\"image\":{\"@type\":\"ImageObject\",\"inLanguage\":\"fr-FR\",\"@id\":\"https:\/\/www.ladiagonale.net\/#\/schema\/person\/image\/\",\"url\":\"https:\/\/secure.gravatar.com\/avatar\/c7850e06d3ff63cdbaee88b7fc16e2f0?s=96&d=mm&r=g\",\"contentUrl\":\"https:\/\/secure.gravatar.com\/avatar\/c7850e06d3ff63cdbaee88b7fc16e2f0?s=96&d=mm&r=g\",\"caption\":\"Damien Dellerba\"},\"url\":\"https:\/\/www.ladiagonale.net\/index.php\/author\/damien\/\"}]}<\/script>\n<!-- \/ Yoast SEO plugin. -->","yoast_head_json":{"title":"Monaco refuse de lib\u00e9rer Ben Seghir pour le Mondial U20 (Actualis\u00e9) - La Diagonale","robots":{"index":"index","follow":"follow","max-snippet":"max-snippet:-1","max-image-preview":"max-image-preview:large","max-video-preview":"max-video-preview:-1"},"canonical":"https:\/\/www.ladiagonale.net\/index.php\/2023\/05\/08\/monaco-refuse-de-liberer-ben-seghir-pour-le-mondial-u20-actualise\/","og_locale":"fr_FR","og_type":"article","og_title":"Monaco refuse de lib\u00e9rer Ben Seghir pour le Mondial U20 (Actualis\u00e9) - La Diagonale","og_description":"\u00c0 peine arriv\u00e9 avec l&rsquo;\u00e9quipe de France U19 qu&rsquo;il pourrait encore grimer les \u00e9chelons de la s\u00e9lection. Eliesse Ben Seghir ferait partie des joueurs que la F\u00e9d\u00e9ration fran\u00e7aise de football aimerait voir disputer la Coupe du monde U20, qui se d\u00e9roulera en Argentine, avec le groupe de Landry Chauvin. Mais selon L&rsquo;\u00c9quipe, l&rsquo;AS Monaco ne [...]","og_url":"https:\/\/www.ladiagonale.net\/index.php\/2023\/05\/08\/monaco-refuse-de-liberer-ben-seghir-pour-le-mondial-u20-actualise\/","og_site_name":"La Diagonale","article_published_time":"2023-05-08T15:03:00+00:00","article_modified_time":"2023-05-08T15:03:09+00:00","og_image":[{"width":1160,"height":650,"url":"https:\/\/www.ladiagonale.net\/wp-content\/uploads\/2023\/03\/ben-seghir-france.png","type":"image\/png"}],"author":"Damien Dellerba","twitter_card":"summary_large_image","twitter_image":"https:\/\/www.ladiagonale.net\/wp-content\/uploads\/2023\/03\/ben-seghir-france.png","twitter_misc":{"\u00c9crit par":"Damien Dellerba","Dur\u00e9e de lecture estim\u00e9e":"1 minute"},"schema":{"@context":"https:\/\/schema.org","@graph":[{"@type":"WebPage","@id":"https:\/\/www.ladiagonale.net\/index.php\/2023\/05\/08\/monaco-refuse-de-liberer-ben-seghir-pour-le-mondial-u20-actualise\/","url":"https:\/\/www.ladiagonale.net\/index.php\/2023\/05\/08\/monaco-refuse-de-liberer-ben-seghir-pour-le-mondial-u20-actualise\/","name":"Monaco refuse de lib\u00e9rer Ben Seghir pour le Mondial U20 (Actualis\u00e9) - La Diagonale","isPartOf":{"@id":"https:\/\/www.ladiagonale.net\/#website"},"datePublished":"2023-05-08T15:03:00+00:00","dateModified":"2023-05-08T15:03:09+00:00","author":{"@id":"https:\/\/www.ladiagonale.net\/#\/schema\/person\/79ff1e7b0853ed01b2aa26e64ad300bf"},"breadcrumb":{"@id":"https:\/\/www.ladiagonale.net\/index.php\/2023\/05\/08\/monaco-refuse-de-liberer-ben-seghir-pour-le-mondial-u20-actualise\/#breadcrumb"},"inLanguage":"fr-FR","potentialAction":[{"@type":"ReadAction","target":["https:\/\/www.ladiagonale.net\/index.php\/2023\/05\/08\/monaco-refuse-de-liberer-ben-seghir-pour-le-mondial-u20-actualise\/"]}]},{"@type":"BreadcrumbList","@id":"https:\/\/www.ladiagonale.net\/index.php\/2023\/05\/08\/monaco-refuse-de-liberer-ben-seghir-pour-le-mondial-u20-actualise\/#breadcrumb","itemListElement":[{"@type":"ListItem","position":1,"name":"Accueil","item":"https:\/\/www.ladiagonale.net\/"},{"@type":"ListItem","position":2,"name":"Monaco refuse de lib\u00e9rer Ben Seghir pour le Mondial U20 (Actualis\u00e9)"}]},{"@type":"WebSite","@id":"https:\/\/www.ladiagonale.net\/#website","url":"https:\/\/www.ladiagonale.net\/","name":"La Diagonale","description":"Le site des supporters de l&#039;AS Monaco FC","potentialAction":[{"@type":"SearchAction","target":{"@type":"EntryPoint","urlTemplate":"https:\/\/www.ladiagonale.net\/?s={search_term_string}"},"query-input":"required name=search_term_string"}],"inLanguage":"fr-FR"},{"@type":"Person","@id":"https:\/\/www.ladiagonale.net\/#\/schema\/person\/79ff1e7b0853ed01b2aa26e64ad300bf","name":"Damien Dellerba","image":{"@type":"ImageObject","inLanguage":"fr-FR","@id":"https:\/\/www.ladiagonale.net\/#\/schema\/person\/image\/","url":"https:\/\/secure.gravatar.com\/avatar\/c7850e06d3ff63cdbaee88b7fc16e2f0?s=96&d=mm&r=g","contentUrl":"https:\/\/secure.gravatar.com\/avatar\/c7850e06d3ff63cdbaee88b7fc16e2f0?s=96&d=mm&r=g","caption":"Damien Dellerba"},"url":"https:\/\/www.ladiagonale.net\/index.php\/author\/damien\/"}]}},"_links":{"self":[{"href":"https:\/\/www.ladiagonale.net\/index.php\/wp-json\/wp\/v2\/posts\/12156"}],"collection":[{"href":"https:\/\/www.ladiagonale.net\/index.php\/wp-json\/wp\/v2\/posts"}],"about":[{"href":"https:\/\/www.ladiagonale.net\/index.php\/wp-json\/wp\/v2\/types\/post"}],"author":[{"embeddable":true,"href":"https:\/\/www.ladiagonale.net\/index.php\/wp-json\/wp\/v2\/users\/2"}],"replies":[{"embeddable":true,"href":"https:\/\/www.ladiagonale.net\/index.php\/wp-json\/wp\/v2\/comments?post=12156"}],"version-history":[{"count":4,"href":"https:\/\/www.ladiagonale.net\/index.php\/wp-json\/wp\/v2\/posts\/12156\/revisions"}],"predecessor-version":[{"id":12257,"href":"https:\/\/www.ladiagonale.net\/index.php\/wp-json\/wp\/v2\/posts\/12156\/revisions\/12257"}],"wp:attachment":[{"href":"https:\/\/www.ladiagonale.net\/index.php\/wp-json\/wp\/v2\/media?parent=12156"}],"wp:term":[{"taxonomy":"category","embeddable":true,"href":"https:\/\/www.ladiagonale.net\/index.php\/wp-json\/wp\/v2\/categories?post=12156"},{"taxonomy":"post_tag","embeddable":true,"href":"https:\/\/www.ladiagonale.net\/index.php\/wp-json\/wp\/v2\/tags?post=12156"}],"curies":[{"name":"wp","href":"https:\/\/api.w.org\/{rel}","templated":true}]}}