{"id":12247,"date":"2023-05-08T23:18:00","date_gmt":"2023-05-08T21:18:00","guid":{"rendered":"https:\/\/www.ladiagonale.net\/?p=12247"},"modified":"2023-05-09T00:31:36","modified_gmt":"2023-05-08T22:31:36","slug":"accroches-par-ajaccio-les-u17-niront-pas-en-phase-finale","status":"publish","type":"post","link":"https:\/\/www.ladiagonale.net\/index.php\/2023\/05\/08\/accroches-par-ajaccio-les-u17-niront-pas-en-phase-finale\/","title":{"rendered":"Accroch\u00e9s par Ajaccio, les U17 en ballottage d\u00e9favorable"},"content":{"rendered":"\n\n\n<p>Dimanche, les U17 de l&rsquo;AS Monaco ont \u00e9t\u00e9 tenus en \u00e9chec par l&rsquo;AC Ajaccio (3-3), soit un r\u00e9sultat qui les place dans une position compliqu\u00e9e pour leurs ambitions de phase finale. La rencontre a \u00e9t\u00e9 mouvement\u00e9e et les deux \u00e9quipes se sont rendues coup pour coup. Nacim Dendani a ouvert le score pour les hommes de Manu Dos Santos (0-1, 10<sup>e<\/sup>) mais les Ajacciens ont r\u00e9pondu \u00e0 la demi-heure de jeu (1-1, 29<sup>e<\/sup>). <\/p>\n\n\n\n<p>Juste avant la mi-temps, Lorenzo Carvalho a redonn\u00e9 l&rsquo;avantage aux siens (1-2, 44<sup>e<\/sup>), sauf que les Ac\u00e9istes sont revenus une deuxi\u00e8me fois (2-2, 66<sup>e<\/sup>), obligeant les Mon\u00e9gasques a tout recommencer. Un doubl\u00e9 de Dendani a permis \u00e0 l&rsquo;ASM de reprendre les devants (2-3, 71<sup>e<\/sup>) mais l&rsquo;expulsion dans la foul\u00e9e de Ladji Camara a rebattu les cartes et en fin de match, Ajaccio a \u00e9galis\u00e9 (3-3, 88<sup>e<\/sup>).<\/p>\n\n\n\n<p>Assur\u00e9s de terminer deuxi\u00e8mes du groupe D, les U17 luttent toujours pour une place pour la phase finale, mais ce nul contre une \u00e9quipe du top 6 est tout sauf une bonne affaire. Pour d\u00e9signer les deux meilleurs deuxi\u00e8mes des six poules, ce sont les points pris contre les cinq autres meilleures \u00e9quipes de la poule qui sont pris en compte et Monaco n&rsquo;est pas en position de force, loin s&rsquo;en faut. Et ce total ne pourra pas \u00eatre am\u00e9lior\u00e9 dimanche, puisque Bastia, le prochain adversaire, n&rsquo;en fait pas partie.<\/p>\n","protected":false},"excerpt":{"rendered":"<p>Dimanche, les U17 de l&rsquo;AS Monaco ont \u00e9t\u00e9 tenus en \u00e9chec par l&rsquo;AC Ajaccio (3-3), soit un r\u00e9sultat qui les place dans une position compliqu\u00e9e pour leurs ambitions de phase finale. La rencontre a \u00e9t\u00e9 mouvement\u00e9e et les deux \u00e9quipes se sont rendues coup pour coup. Nacim Dendani a ouvert le score pour les hommes [&#8230;]\n","protected":false},"author":2,"featured_media":0,"comment_status":"open","ping_status":"open","sticky":false,"template":"","format":"standard","meta":[],"categories":[6],"tags":[76,86,130],"yoast_head":"<!-- This site is optimized with the Yoast SEO plugin v19.8 - https:\/\/yoast.com\/wordpress\/plugins\/seo\/ -->\n<title>Accroch\u00e9s par Ajaccio, les U17 en ballottage d\u00e9favorable - La Diagonale<\/title>\n<meta name=\"robots\" content=\"index, follow, max-snippet:-1, max-image-preview:large, max-video-preview:-1\" \/>\n<link rel=\"canonical\" href=\"https:\/\/www.ladiagonale.net\/index.php\/2023\/05\/08\/accroches-par-ajaccio-les-u17-niront-pas-en-phase-finale\/\" \/>\n<meta property=\"og:locale\" content=\"fr_FR\" \/>\n<meta property=\"og:type\" content=\"article\" \/>\n<meta property=\"og:title\" content=\"Accroch\u00e9s par Ajaccio, les U17 en ballottage d\u00e9favorable - La Diagonale\" \/>\n<meta property=\"og:description\" content=\"Dimanche, les U17 de l&rsquo;AS Monaco ont \u00e9t\u00e9 tenus en \u00e9chec par l&rsquo;AC Ajaccio (3-3), soit un r\u00e9sultat qui les place dans une position compliqu\u00e9e pour leurs ambitions de phase finale. La rencontre a \u00e9t\u00e9 mouvement\u00e9e et les deux \u00e9quipes se sont rendues coup pour coup. Nacim Dendani a ouvert le score pour les hommes [...]\" \/>\n<meta property=\"og:url\" content=\"https:\/\/www.ladiagonale.net\/index.php\/2023\/05\/08\/accroches-par-ajaccio-les-u17-niront-pas-en-phase-finale\/\" \/>\n<meta property=\"og:site_name\" content=\"La Diagonale\" \/>\n<meta property=\"article:published_time\" content=\"2023-05-08T21:18:00+00:00\" \/>\n<meta property=\"article:modified_time\" content=\"2023-05-08T22:31:36+00:00\" \/>\n<meta property=\"og:image\" content=\"https:\/\/www.ladiagonale.net\/wp-content\/uploads\/2023\/05\/dendani.png\" \/>\n\t<meta property=\"og:image:width\" content=\"1160\" \/>\n\t<meta property=\"og:image:height\" content=\"650\" \/>\n\t<meta property=\"og:image:type\" content=\"image\/png\" \/>\n<meta name=\"author\" content=\"Damien Dellerba\" \/>\n<meta name=\"twitter:card\" content=\"summary_large_image\" \/>\n<meta name=\"twitter:image\" content=\"https:\/\/www.ladiagonale.net\/wp-content\/uploads\/2023\/05\/dendani.png\" \/>\n<meta name=\"twitter:label1\" content=\"\u00c9crit par\" \/>\n\t<meta name=\"twitter:data1\" content=\"Damien Dellerba\" \/>\n\t<meta name=\"twitter:label2\" content=\"Dur\u00e9e de lecture estim\u00e9e\" \/>\n\t<meta name=\"twitter:data2\" content=\"2 minutes\" \/>\n<script type=\"application\/ld+json\" class=\"yoast-schema-graph\">{\"@context\":\"https:\/\/schema.org\",\"@graph\":[{\"@type\":\"WebPage\",\"@id\":\"https:\/\/www.ladiagonale.net\/index.php\/2023\/05\/08\/accroches-par-ajaccio-les-u17-niront-pas-en-phase-finale\/\",\"url\":\"https:\/\/www.ladiagonale.net\/index.php\/2023\/05\/08\/accroches-par-ajaccio-les-u17-niront-pas-en-phase-finale\/\",\"name\":\"Accroch\u00e9s par Ajaccio, les U17 en ballottage d\u00e9favorable - La Diagonale\",\"isPartOf\":{\"@id\":\"https:\/\/www.ladiagonale.net\/#website\"},\"datePublished\":\"2023-05-08T21:18:00+00:00\",\"dateModified\":\"2023-05-08T22:31:36+00:00\",\"author\":{\"@id\":\"https:\/\/www.ladiagonale.net\/#\/schema\/person\/79ff1e7b0853ed01b2aa26e64ad300bf\"},\"breadcrumb\":{\"@id\":\"https:\/\/www.ladiagonale.net\/index.php\/2023\/05\/08\/accroches-par-ajaccio-les-u17-niront-pas-en-phase-finale\/#breadcrumb\"},\"inLanguage\":\"fr-FR\",\"potentialAction\":[{\"@type\":\"ReadAction\",\"target\":[\"https:\/\/www.ladiagonale.net\/index.php\/2023\/05\/08\/accroches-par-ajaccio-les-u17-niront-pas-en-phase-finale\/\"]}]},{\"@type\":\"BreadcrumbList\",\"@id\":\"https:\/\/www.ladiagonale.net\/index.php\/2023\/05\/08\/accroches-par-ajaccio-les-u17-niront-pas-en-phase-finale\/#breadcrumb\",\"itemListElement\":[{\"@type\":\"ListItem\",\"position\":1,\"name\":\"Accueil\",\"item\":\"https:\/\/www.ladiagonale.net\/\"},{\"@type\":\"ListItem\",\"position\":2,\"name\":\"Accroch\u00e9s par Ajaccio, les U17 en ballottage d\u00e9favorable\"}]},{\"@type\":\"WebSite\",\"@id\":\"https:\/\/www.ladiagonale.net\/#website\",\"url\":\"https:\/\/www.ladiagonale.net\/\",\"name\":\"La Diagonale\",\"description\":\"Le site des supporters de l&#039;AS Monaco FC\",\"potentialAction\":[{\"@type\":\"SearchAction\",\"target\":{\"@type\":\"EntryPoint\",\"urlTemplate\":\"https:\/\/www.ladiagonale.net\/?s={search_term_string}\"},\"query-input\":\"required name=search_term_string\"}],\"inLanguage\":\"fr-FR\"},{\"@type\":\"Person\",\"@id\":\"https:\/\/www.ladiagonale.net\/#\/schema\/person\/79ff1e7b0853ed01b2aa26e64ad300bf\",\"name\":\"Damien Dellerba\",\"image\":{\"@type\":\"ImageObject\",\"inLanguage\":\"fr-FR\",\"@id\":\"https:\/\/www.ladiagonale.net\/#\/schema\/person\/image\/\",\"url\":\"https:\/\/secure.gravatar.com\/avatar\/c7850e06d3ff63cdbaee88b7fc16e2f0?s=96&d=mm&r=g\",\"contentUrl\":\"https:\/\/secure.gravatar.com\/avatar\/c7850e06d3ff63cdbaee88b7fc16e2f0?s=96&d=mm&r=g\",\"caption\":\"Damien Dellerba\"},\"url\":\"https:\/\/www.ladiagonale.net\/index.php\/author\/damien\/\"}]}<\/script>\n<!-- \/ Yoast SEO plugin. -->","yoast_head_json":{"title":"Accroch\u00e9s par Ajaccio, les U17 en ballottage d\u00e9favorable - La Diagonale","robots":{"index":"index","follow":"follow","max-snippet":"max-snippet:-1","max-image-preview":"max-image-preview:large","max-video-preview":"max-video-preview:-1"},"canonical":"https:\/\/www.ladiagonale.net\/index.php\/2023\/05\/08\/accroches-par-ajaccio-les-u17-niront-pas-en-phase-finale\/","og_locale":"fr_FR","og_type":"article","og_title":"Accroch\u00e9s par Ajaccio, les U17 en ballottage d\u00e9favorable - La Diagonale","og_description":"Dimanche, les U17 de l&rsquo;AS Monaco ont \u00e9t\u00e9 tenus en \u00e9chec par l&rsquo;AC Ajaccio (3-3), soit un r\u00e9sultat qui les place dans une position compliqu\u00e9e pour leurs ambitions de phase finale. La rencontre a \u00e9t\u00e9 mouvement\u00e9e et les deux \u00e9quipes se sont rendues coup pour coup. Nacim Dendani a ouvert le score pour les hommes [...]","og_url":"https:\/\/www.ladiagonale.net\/index.php\/2023\/05\/08\/accroches-par-ajaccio-les-u17-niront-pas-en-phase-finale\/","og_site_name":"La Diagonale","article_published_time":"2023-05-08T21:18:00+00:00","article_modified_time":"2023-05-08T22:31:36+00:00","og_image":[{"width":1160,"height":650,"url":"https:\/\/www.ladiagonale.net\/wp-content\/uploads\/2023\/05\/dendani.png","type":"image\/png"}],"author":"Damien Dellerba","twitter_card":"summary_large_image","twitter_image":"https:\/\/www.ladiagonale.net\/wp-content\/uploads\/2023\/05\/dendani.png","twitter_misc":{"\u00c9crit par":"Damien Dellerba","Dur\u00e9e de lecture estim\u00e9e":"2 minutes"},"schema":{"@context":"https:\/\/schema.org","@graph":[{"@type":"WebPage","@id":"https:\/\/www.ladiagonale.net\/index.php\/2023\/05\/08\/accroches-par-ajaccio-les-u17-niront-pas-en-phase-finale\/","url":"https:\/\/www.ladiagonale.net\/index.php\/2023\/05\/08\/accroches-par-ajaccio-les-u17-niront-pas-en-phase-finale\/","name":"Accroch\u00e9s par Ajaccio, les U17 en ballottage d\u00e9favorable - La Diagonale","isPartOf":{"@id":"https:\/\/www.ladiagonale.net\/#website"},"datePublished":"2023-05-08T21:18:00+00:00","dateModified":"2023-05-08T22:31:36+00:00","author":{"@id":"https:\/\/www.ladiagonale.net\/#\/schema\/person\/79ff1e7b0853ed01b2aa26e64ad300bf"},"breadcrumb":{"@id":"https:\/\/www.ladiagonale.net\/index.php\/2023\/05\/08\/accroches-par-ajaccio-les-u17-niront-pas-en-phase-finale\/#breadcrumb"},"inLanguage":"fr-FR","potentialAction":[{"@type":"ReadAction","target":["https:\/\/www.ladiagonale.net\/index.php\/2023\/05\/08\/accroches-par-ajaccio-les-u17-niront-pas-en-phase-finale\/"]}]},{"@type":"BreadcrumbList","@id":"https:\/\/www.ladiagonale.net\/index.php\/2023\/05\/08\/accroches-par-ajaccio-les-u17-niront-pas-en-phase-finale\/#breadcrumb","itemListElement":[{"@type":"ListItem","position":1,"name":"Accueil","item":"https:\/\/www.ladiagonale.net\/"},{"@type":"ListItem","position":2,"name":"Accroch\u00e9s par Ajaccio, les U17 en ballottage d\u00e9favorable"}]},{"@type":"WebSite","@id":"https:\/\/www.ladiagonale.net\/#website","url":"https:\/\/www.ladiagonale.net\/","name":"La Diagonale","description":"Le site des supporters de l&#039;AS Monaco FC","potentialAction":[{"@type":"SearchAction","target":{"@type":"EntryPoint","urlTemplate":"https:\/\/www.ladiagonale.net\/?s={search_term_string}"},"query-input":"required name=search_term_string"}],"inLanguage":"fr-FR"},{"@type":"Person","@id":"https:\/\/www.ladiagonale.net\/#\/schema\/person\/79ff1e7b0853ed01b2aa26e64ad300bf","name":"Damien Dellerba","image":{"@type":"ImageObject","inLanguage":"fr-FR","@id":"https:\/\/www.ladiagonale.net\/#\/schema\/person\/image\/","url":"https:\/\/secure.gravatar.com\/avatar\/c7850e06d3ff63cdbaee88b7fc16e2f0?s=96&d=mm&r=g","contentUrl":"https:\/\/secure.gravatar.com\/avatar\/c7850e06d3ff63cdbaee88b7fc16e2f0?s=96&d=mm&r=g","caption":"Damien Dellerba"},"url":"https:\/\/www.ladiagonale.net\/index.php\/author\/damien\/"}]}},"_links":{"self":[{"href":"https:\/\/www.ladiagonale.net\/index.php\/wp-json\/wp\/v2\/posts\/12247"}],"collection":[{"href":"https:\/\/www.ladiagonale.net\/index.php\/wp-json\/wp\/v2\/posts"}],"about":[{"href":"https:\/\/www.ladiagonale.net\/index.php\/wp-json\/wp\/v2\/types\/post"}],"author":[{"embeddable":true,"href":"https:\/\/www.ladiagonale.net\/index.php\/wp-json\/wp\/v2\/users\/2"}],"replies":[{"embeddable":true,"href":"https:\/\/www.ladiagonale.net\/index.php\/wp-json\/wp\/v2\/comments?post=12247"}],"version-history":[{"count":3,"href":"https:\/\/www.ladiagonale.net\/index.php\/wp-json\/wp\/v2\/posts\/12247\/revisions"}],"predecessor-version":[{"id":12272,"href":"https:\/\/www.ladiagonale.net\/index.php\/wp-json\/wp\/v2\/posts\/12247\/revisions\/12272"}],"wp:attachment":[{"href":"https:\/\/www.ladiagonale.net\/index.php\/wp-json\/wp\/v2\/media?parent=12247"}],"wp:term":[{"taxonomy":"category","embeddable":true,"href":"https:\/\/www.ladiagonale.net\/index.php\/wp-json\/wp\/v2\/categories?post=12247"},{"taxonomy":"post_tag","embeddable":true,"href":"https:\/\/www.ladiagonale.net\/index.php\/wp-json\/wp\/v2\/tags?post=12247"}],"curies":[{"name":"wp","href":"https:\/\/api.w.org\/{rel}","templated":true}]}}