{"id":12250,"date":"2023-05-08T18:08:00","date_gmt":"2023-05-08T16:08:00","guid":{"rendered":"https:\/\/www.ladiagonale.net\/?p=12250"},"modified":"2023-05-08T18:35:59","modified_gmt":"2023-05-08T16:35:59","slug":"vente-du-cercle-bruges-monaco-dement-actualise","status":"publish","type":"post","link":"https:\/\/www.ladiagonale.net\/index.php\/2023\/05\/08\/vente-du-cercle-bruges-monaco-dement-actualise\/","title":{"rendered":"Vente du Cercle Bruges : Monaco d\u00e9ment (Actualis\u00e9)"},"content":{"rendered":"\n\n\n<p>En 2017, l&rsquo;AS Monaco avait rachet\u00e9 60% des parts du Cercle Bruges pour 4,5 millions d&rsquo;euros, et ce pourcentage est m\u00eame mont\u00e9 jusqu&rsquo;\u00e0 97% au fil des ans. Mais selon le m\u00e9dia flamand <em><a href=\"https:\/\/www.hln.be\/voetbal\/hoofdaandeelhouder-as-monaco-wil-van-cercle-brugge-af-maar-dat-wordt-niet-gemakkelijk~a704393e\/\">HLN<\/a><\/em>, le club de la Principaut\u00e9 aurait d\u00e9cid\u00e9 de revendre le club brugeois. Le club de <em>Jupiler Pro League<\/em>, 8<sup>e<\/sup> en saison r\u00e9guli\u00e8re cette ann\u00e9e et qui dispute les play-offs 2 pour la premi\u00e8re fois depuis le rachat du club, n&rsquo;est pas rentable et connait des pertes s\u00e8ches annuelles estim\u00e9es \u00e0 2 millions d&rsquo;euros ainsi que des revenus tr\u00e8s faibles. L&rsquo;ASM <a href=\"https:\/\/www.ladiagonale.net\/index.php\/2022\/10\/02\/monaco-a-mis-la-main-a-la-poche-pour-le-cercle-bruges\/\">avait d\u00e9j\u00e0 d\u00fb mettre la main \u00e0 la poche<\/a> en 2022 pour pr\u00e8s de 15 millions d&rsquo;euros.<\/p>\n\n\n\n<p>Si le club de la Principaut\u00e9 semble pr\u00e9parer une vente du Cercle, <em>HLN<\/em> estime que celle-ci ne serait pas aussi simple. Le club satellite de l&rsquo;ASM ne para\u00eet pas tr\u00e8s attractif et il avait \u00e9t\u00e9 sauv\u00e9 de la faillite en 2017 par Monaco, alors que les offres de rachat ne se bousculaient pas. Le quotidien belge rappelle que la soci\u00e9t\u00e9, qui avait \u00e9t\u00e9 mise en place en 2014 pour permettre l&rsquo;investissement de capitaux ext\u00e9rieurs, n&rsquo;avait pas connu un grand succ\u00e8s avant que l&rsquo;ASM ne se positionne. <\/p>\n\n\n\n<p>Ces derni\u00e8res ann\u00e9es, et surtout cette saison, Monaco a cherch\u00e9 \u00e0 <a href=\"https:\/\/www.ladiagonale.net\/index.php\/2022\/05\/14\/petrov-et-mitchell-enverront-les-meilleurs-jeunes-au-cercle-bruges\/\">relancer les synergies<\/a> entre les deux \u00e9quipes et <a href=\"https:\/\/www.ladiagonale.net\/index.php\/2022\/11\/09\/monaco-et-le-cercle-bruges-en-stage-fin-novembre\/\">en multipliant les \u00e9changes sur le plan sportif<\/a>. La question de la multipropri\u00e9t\u00e9 des clubs, qui fait l&rsquo;objet d&rsquo;un encadrement plus stricte de l&rsquo;UEFA, serait aussi une des raisons qui pousserait \u00e0 se s\u00e9parer du Cercle.<\/p>\n\n\n\n<p><strong>Actualisation :<\/strong> L&rsquo;AS Monaco et le Cercle Bruges ont officiellement d\u00e9menti, <a href=\"https:\/\/www.cerclebrugge.be\/nl\/news\/officiele-mededeling-08-05-2023\">\u00e0 travers un communiqu\u00e9 sur le site officiel du club belge<\/a>, l&rsquo;information parue sur <em>HLN<\/em>. \u00ab\u00a0<em>Le Cercle Bruges, et son actionnaire majoritaire l\u2019AS Monaco, ont pris connaissance d&rsquo;un article paru sur le site de Het Laatste Nieuws le lundi 8 mai 2023,<\/em> peut-on lire<em>. L\u2019AS Monaco d\u00e9ment avoir l&rsquo;intention de vendre le Cercle Bruges. L&rsquo;AS Monaco est satisfaite des r\u00e9sultats actuels de Cercle Bruges et soutient pleinement l&rsquo;\u00e9quipe pour l\u2019avenir.<\/em>\u00a0\u00bb<\/p>\n","protected":false},"excerpt":{"rendered":"<p>En 2017, l&rsquo;AS Monaco avait rachet\u00e9 60% des parts du Cercle Bruges pour 4,5 millions d&rsquo;euros, et ce pourcentage est m\u00eame mont\u00e9 jusqu&rsquo;\u00e0 97% au fil des ans. Mais selon le m\u00e9dia flamand HLN, le club de la Principaut\u00e9 aurait d\u00e9cid\u00e9 de revendre le club brugeois. Le club de Jupiler Pro League, 8e en saison [&#8230;]\n","protected":false},"author":2,"featured_media":0,"comment_status":"open","ping_status":"open","sticky":false,"template":"","format":"standard","meta":[],"categories":[6],"tags":[86,212],"yoast_head":"<!-- This site is optimized with the Yoast SEO plugin v19.8 - https:\/\/yoast.com\/wordpress\/plugins\/seo\/ -->\n<title>Vente du Cercle Bruges : Monaco d\u00e9ment (Actualis\u00e9) - La Diagonale<\/title>\n<meta name=\"robots\" content=\"index, follow, max-snippet:-1, max-image-preview:large, max-video-preview:-1\" \/>\n<link rel=\"canonical\" href=\"https:\/\/www.ladiagonale.net\/index.php\/2023\/05\/08\/vente-du-cercle-bruges-monaco-dement-actualise\/\" \/>\n<meta property=\"og:locale\" content=\"fr_FR\" \/>\n<meta property=\"og:type\" content=\"article\" \/>\n<meta property=\"og:title\" content=\"Vente du Cercle Bruges : Monaco d\u00e9ment (Actualis\u00e9) - La Diagonale\" \/>\n<meta property=\"og:description\" content=\"En 2017, l&rsquo;AS Monaco avait rachet\u00e9 60% des parts du Cercle Bruges pour 4,5 millions d&rsquo;euros, et ce pourcentage est m\u00eame mont\u00e9 jusqu&rsquo;\u00e0 97% au fil des ans. Mais selon le m\u00e9dia flamand HLN, le club de la Principaut\u00e9 aurait d\u00e9cid\u00e9 de revendre le club brugeois. Le club de Jupiler Pro League, 8e en saison [...]\" \/>\n<meta property=\"og:url\" content=\"https:\/\/www.ladiagonale.net\/index.php\/2023\/05\/08\/vente-du-cercle-bruges-monaco-dement-actualise\/\" \/>\n<meta property=\"og:site_name\" content=\"La Diagonale\" \/>\n<meta property=\"article:published_time\" content=\"2023-05-08T16:08:00+00:00\" \/>\n<meta property=\"article:modified_time\" content=\"2023-05-08T16:35:59+00:00\" \/>\n<meta property=\"og:image\" content=\"https:\/\/www.ladiagonale.net\/wp-content\/uploads\/2022\/06\/cercle.png\" \/>\n\t<meta property=\"og:image:width\" content=\"1160\" \/>\n\t<meta property=\"og:image:height\" content=\"650\" \/>\n\t<meta property=\"og:image:type\" content=\"image\/png\" \/>\n<meta name=\"author\" content=\"Damien Dellerba\" \/>\n<meta name=\"twitter:card\" content=\"summary_large_image\" \/>\n<meta name=\"twitter:image\" content=\"https:\/\/www.ladiagonale.net\/wp-content\/uploads\/2022\/06\/cercle.png\" \/>\n<meta name=\"twitter:label1\" content=\"\u00c9crit par\" \/>\n\t<meta name=\"twitter:data1\" content=\"Damien Dellerba\" \/>\n\t<meta name=\"twitter:label2\" content=\"Dur\u00e9e de lecture estim\u00e9e\" \/>\n\t<meta name=\"twitter:data2\" content=\"2 minutes\" \/>\n<script type=\"application\/ld+json\" class=\"yoast-schema-graph\">{\"@context\":\"https:\/\/schema.org\",\"@graph\":[{\"@type\":\"WebPage\",\"@id\":\"https:\/\/www.ladiagonale.net\/index.php\/2023\/05\/08\/vente-du-cercle-bruges-monaco-dement-actualise\/\",\"url\":\"https:\/\/www.ladiagonale.net\/index.php\/2023\/05\/08\/vente-du-cercle-bruges-monaco-dement-actualise\/\",\"name\":\"Vente du Cercle Bruges : Monaco d\u00e9ment (Actualis\u00e9) - La Diagonale\",\"isPartOf\":{\"@id\":\"https:\/\/www.ladiagonale.net\/#website\"},\"datePublished\":\"2023-05-08T16:08:00+00:00\",\"dateModified\":\"2023-05-08T16:35:59+00:00\",\"author\":{\"@id\":\"https:\/\/www.ladiagonale.net\/#\/schema\/person\/79ff1e7b0853ed01b2aa26e64ad300bf\"},\"breadcrumb\":{\"@id\":\"https:\/\/www.ladiagonale.net\/index.php\/2023\/05\/08\/vente-du-cercle-bruges-monaco-dement-actualise\/#breadcrumb\"},\"inLanguage\":\"fr-FR\",\"potentialAction\":[{\"@type\":\"ReadAction\",\"target\":[\"https:\/\/www.ladiagonale.net\/index.php\/2023\/05\/08\/vente-du-cercle-bruges-monaco-dement-actualise\/\"]}]},{\"@type\":\"BreadcrumbList\",\"@id\":\"https:\/\/www.ladiagonale.net\/index.php\/2023\/05\/08\/vente-du-cercle-bruges-monaco-dement-actualise\/#breadcrumb\",\"itemListElement\":[{\"@type\":\"ListItem\",\"position\":1,\"name\":\"Accueil\",\"item\":\"https:\/\/www.ladiagonale.net\/\"},{\"@type\":\"ListItem\",\"position\":2,\"name\":\"Vente du Cercle Bruges : Monaco d\u00e9ment (Actualis\u00e9)\"}]},{\"@type\":\"WebSite\",\"@id\":\"https:\/\/www.ladiagonale.net\/#website\",\"url\":\"https:\/\/www.ladiagonale.net\/\",\"name\":\"La Diagonale\",\"description\":\"Le site des supporters de l&#039;AS Monaco FC\",\"potentialAction\":[{\"@type\":\"SearchAction\",\"target\":{\"@type\":\"EntryPoint\",\"urlTemplate\":\"https:\/\/www.ladiagonale.net\/?s={search_term_string}\"},\"query-input\":\"required name=search_term_string\"}],\"inLanguage\":\"fr-FR\"},{\"@type\":\"Person\",\"@id\":\"https:\/\/www.ladiagonale.net\/#\/schema\/person\/79ff1e7b0853ed01b2aa26e64ad300bf\",\"name\":\"Damien Dellerba\",\"image\":{\"@type\":\"ImageObject\",\"inLanguage\":\"fr-FR\",\"@id\":\"https:\/\/www.ladiagonale.net\/#\/schema\/person\/image\/\",\"url\":\"https:\/\/secure.gravatar.com\/avatar\/c7850e06d3ff63cdbaee88b7fc16e2f0?s=96&d=mm&r=g\",\"contentUrl\":\"https:\/\/secure.gravatar.com\/avatar\/c7850e06d3ff63cdbaee88b7fc16e2f0?s=96&d=mm&r=g\",\"caption\":\"Damien Dellerba\"},\"url\":\"https:\/\/www.ladiagonale.net\/index.php\/author\/damien\/\"}]}<\/script>\n<!-- \/ Yoast SEO plugin. -->","yoast_head_json":{"title":"Vente du Cercle Bruges : Monaco d\u00e9ment (Actualis\u00e9) - La Diagonale","robots":{"index":"index","follow":"follow","max-snippet":"max-snippet:-1","max-image-preview":"max-image-preview:large","max-video-preview":"max-video-preview:-1"},"canonical":"https:\/\/www.ladiagonale.net\/index.php\/2023\/05\/08\/vente-du-cercle-bruges-monaco-dement-actualise\/","og_locale":"fr_FR","og_type":"article","og_title":"Vente du Cercle Bruges : Monaco d\u00e9ment (Actualis\u00e9) - La Diagonale","og_description":"En 2017, l&rsquo;AS Monaco avait rachet\u00e9 60% des parts du Cercle Bruges pour 4,5 millions d&rsquo;euros, et ce pourcentage est m\u00eame mont\u00e9 jusqu&rsquo;\u00e0 97% au fil des ans. Mais selon le m\u00e9dia flamand HLN, le club de la Principaut\u00e9 aurait d\u00e9cid\u00e9 de revendre le club brugeois. Le club de Jupiler Pro League, 8e en saison [...]","og_url":"https:\/\/www.ladiagonale.net\/index.php\/2023\/05\/08\/vente-du-cercle-bruges-monaco-dement-actualise\/","og_site_name":"La Diagonale","article_published_time":"2023-05-08T16:08:00+00:00","article_modified_time":"2023-05-08T16:35:59+00:00","og_image":[{"width":1160,"height":650,"url":"https:\/\/www.ladiagonale.net\/wp-content\/uploads\/2022\/06\/cercle.png","type":"image\/png"}],"author":"Damien Dellerba","twitter_card":"summary_large_image","twitter_image":"https:\/\/www.ladiagonale.net\/wp-content\/uploads\/2022\/06\/cercle.png","twitter_misc":{"\u00c9crit par":"Damien Dellerba","Dur\u00e9e de lecture estim\u00e9e":"2 minutes"},"schema":{"@context":"https:\/\/schema.org","@graph":[{"@type":"WebPage","@id":"https:\/\/www.ladiagonale.net\/index.php\/2023\/05\/08\/vente-du-cercle-bruges-monaco-dement-actualise\/","url":"https:\/\/www.ladiagonale.net\/index.php\/2023\/05\/08\/vente-du-cercle-bruges-monaco-dement-actualise\/","name":"Vente du Cercle Bruges : Monaco d\u00e9ment (Actualis\u00e9) - La Diagonale","isPartOf":{"@id":"https:\/\/www.ladiagonale.net\/#website"},"datePublished":"2023-05-08T16:08:00+00:00","dateModified":"2023-05-08T16:35:59+00:00","author":{"@id":"https:\/\/www.ladiagonale.net\/#\/schema\/person\/79ff1e7b0853ed01b2aa26e64ad300bf"},"breadcrumb":{"@id":"https:\/\/www.ladiagonale.net\/index.php\/2023\/05\/08\/vente-du-cercle-bruges-monaco-dement-actualise\/#breadcrumb"},"inLanguage":"fr-FR","potentialAction":[{"@type":"ReadAction","target":["https:\/\/www.ladiagonale.net\/index.php\/2023\/05\/08\/vente-du-cercle-bruges-monaco-dement-actualise\/"]}]},{"@type":"BreadcrumbList","@id":"https:\/\/www.ladiagonale.net\/index.php\/2023\/05\/08\/vente-du-cercle-bruges-monaco-dement-actualise\/#breadcrumb","itemListElement":[{"@type":"ListItem","position":1,"name":"Accueil","item":"https:\/\/www.ladiagonale.net\/"},{"@type":"ListItem","position":2,"name":"Vente du Cercle Bruges : Monaco d\u00e9ment (Actualis\u00e9)"}]},{"@type":"WebSite","@id":"https:\/\/www.ladiagonale.net\/#website","url":"https:\/\/www.ladiagonale.net\/","name":"La Diagonale","description":"Le site des supporters de l&#039;AS Monaco FC","potentialAction":[{"@type":"SearchAction","target":{"@type":"EntryPoint","urlTemplate":"https:\/\/www.ladiagonale.net\/?s={search_term_string}"},"query-input":"required name=search_term_string"}],"inLanguage":"fr-FR"},{"@type":"Person","@id":"https:\/\/www.ladiagonale.net\/#\/schema\/person\/79ff1e7b0853ed01b2aa26e64ad300bf","name":"Damien Dellerba","image":{"@type":"ImageObject","inLanguage":"fr-FR","@id":"https:\/\/www.ladiagonale.net\/#\/schema\/person\/image\/","url":"https:\/\/secure.gravatar.com\/avatar\/c7850e06d3ff63cdbaee88b7fc16e2f0?s=96&d=mm&r=g","contentUrl":"https:\/\/secure.gravatar.com\/avatar\/c7850e06d3ff63cdbaee88b7fc16e2f0?s=96&d=mm&r=g","caption":"Damien Dellerba"},"url":"https:\/\/www.ladiagonale.net\/index.php\/author\/damien\/"}]}},"_links":{"self":[{"href":"https:\/\/www.ladiagonale.net\/index.php\/wp-json\/wp\/v2\/posts\/12250"}],"collection":[{"href":"https:\/\/www.ladiagonale.net\/index.php\/wp-json\/wp\/v2\/posts"}],"about":[{"href":"https:\/\/www.ladiagonale.net\/index.php\/wp-json\/wp\/v2\/types\/post"}],"author":[{"embeddable":true,"href":"https:\/\/www.ladiagonale.net\/index.php\/wp-json\/wp\/v2\/users\/2"}],"replies":[{"embeddable":true,"href":"https:\/\/www.ladiagonale.net\/index.php\/wp-json\/wp\/v2\/comments?post=12250"}],"version-history":[{"count":6,"href":"https:\/\/www.ladiagonale.net\/index.php\/wp-json\/wp\/v2\/posts\/12250\/revisions"}],"predecessor-version":[{"id":12262,"href":"https:\/\/www.ladiagonale.net\/index.php\/wp-json\/wp\/v2\/posts\/12250\/revisions\/12262"}],"wp:attachment":[{"href":"https:\/\/www.ladiagonale.net\/index.php\/wp-json\/wp\/v2\/media?parent=12250"}],"wp:term":[{"taxonomy":"category","embeddable":true,"href":"https:\/\/www.ladiagonale.net\/index.php\/wp-json\/wp\/v2\/categories?post=12250"},{"taxonomy":"post_tag","embeddable":true,"href":"https:\/\/www.ladiagonale.net\/index.php\/wp-json\/wp\/v2\/tags?post=12250"}],"curies":[{"name":"wp","href":"https:\/\/api.w.org\/{rel}","templated":true}]}}