{"id":12263,"date":"2023-05-08T19:26:44","date_gmt":"2023-05-08T17:26:44","guid":{"rendered":"https:\/\/www.ladiagonale.net\/?p=12263"},"modified":"2023-05-08T19:26:47","modified_gmt":"2023-05-08T17:26:47","slug":"bechir-yacoub-a-la-coupe-du-monde-u20-avec-la-tunisie","status":"publish","type":"post","link":"https:\/\/www.ladiagonale.net\/index.php\/2023\/05\/08\/bechir-yacoub-a-la-coupe-du-monde-u20-avec-la-tunisie\/","title":{"rendered":"Bechir Yacoub \u00e0 la Coupe du monde U20 avec la Tunisie"},"content":{"rendered":"\n\n\n<p>Si <a href=\"https:\/\/www.ladiagonale.net\/index.php\/2023\/05\/08\/monaco-refuse-de-liberer-ben-seghir-pour-le-mondial-u20-actualise\/\">Eliesse Ben Seghir ne participera pas \u00e0 la Coupe du monde U20 avec l&rsquo;\u00e9quipe de France<\/a>, retenu par l&rsquo;AS Monaco, Bechir Yacoub pourra quant \u00e0 lui y participer avec la Tunisie. Le jeune attaquant de l&rsquo;Academy, qui a \u00e9volu\u00e9 avec les U19 et le Groupe \u00c9lite cette saison, a \u00e9t\u00e9 retenu par Montasser Louhichi afin de rev\u00eatir la tunique des <em>Aigles de Carthage<\/em>. <\/p>\n\n\n\n<p>L&rsquo;attaquant de 18 ans sera donc en Argentine pour la comp\u00e9tition qui d\u00e9butera le 20 mai. La Tunisie, plac\u00e9e dans le groupe E, a h\u00e9rit\u00e9 de l&rsquo;Angleterre qu&rsquo;elle affrontera pour son premier match le 22 mai, de l&rsquo;Irak, qu&rsquo;elle jouera le 25 mai, et enfin de l&rsquo;Uruguay, qu&rsquo;elle d\u00e9fiera lors du dernier match de la phase de poules le 28 mai.<\/p>\n\n\n<div class=\"wp-block-image\">\n<figure class=\"aligncenter size-full is-resized\"><img loading=\"lazy\" src=\"https:\/\/www.ladiagonale.net\/wp-content\/uploads\/2023\/05\/FvmmENrXoAI2Q4O.jpg\" alt=\"\" class=\"wp-image-12264\" width=\"480\" height=\"480\" srcset=\"https:\/\/www.ladiagonale.net\/wp-content\/uploads\/2023\/05\/FvmmENrXoAI2Q4O.jpg 960w, https:\/\/www.ladiagonale.net\/wp-content\/uploads\/2023\/05\/FvmmENrXoAI2Q4O-300x300.jpg 300w, https:\/\/www.ladiagonale.net\/wp-content\/uploads\/2023\/05\/FvmmENrXoAI2Q4O-150x150.jpg 150w, https:\/\/www.ladiagonale.net\/wp-content\/uploads\/2023\/05\/FvmmENrXoAI2Q4O-768x768.jpg 768w, https:\/\/www.ladiagonale.net\/wp-content\/uploads\/2023\/05\/FvmmENrXoAI2Q4O-128x128.jpg 128w, https:\/\/www.ladiagonale.net\/wp-content\/uploads\/2023\/05\/FvmmENrXoAI2Q4O-32x32.jpg 32w\" sizes=\"(max-width: 480px) 100vw, 480px\" \/><\/figure><\/div>","protected":false},"excerpt":{"rendered":"<p>Si Eliesse Ben Seghir ne participera pas \u00e0 la Coupe du monde U20 avec l&rsquo;\u00e9quipe de France, retenu par l&rsquo;AS Monaco, Bechir Yacoub pourra quant \u00e0 lui y participer avec la Tunisie. Le jeune attaquant de l&rsquo;Academy, qui a \u00e9volu\u00e9 avec les U19 et le Groupe \u00c9lite cette saison, a \u00e9t\u00e9 retenu par Montasser Louhichi [&#8230;]\n","protected":false},"author":2,"featured_media":0,"comment_status":"open","ping_status":"open","sticky":false,"template":"","format":"standard","meta":[],"categories":[4,6],"tags":[76,86,527,116,122],"yoast_head":"<!-- This site is optimized with the Yoast SEO plugin v19.8 - https:\/\/yoast.com\/wordpress\/plugins\/seo\/ -->\n<title>Bechir Yacoub \u00e0 la Coupe du monde U20 avec la Tunisie - La Diagonale<\/title>\n<meta name=\"robots\" content=\"index, follow, max-snippet:-1, max-image-preview:large, max-video-preview:-1\" \/>\n<link rel=\"canonical\" href=\"https:\/\/www.ladiagonale.net\/index.php\/2023\/05\/08\/bechir-yacoub-a-la-coupe-du-monde-u20-avec-la-tunisie\/\" \/>\n<meta property=\"og:locale\" content=\"fr_FR\" \/>\n<meta property=\"og:type\" content=\"article\" \/>\n<meta property=\"og:title\" content=\"Bechir Yacoub \u00e0 la Coupe du monde U20 avec la Tunisie - La Diagonale\" \/>\n<meta property=\"og:description\" content=\"Si Eliesse Ben Seghir ne participera pas \u00e0 la Coupe du monde U20 avec l&rsquo;\u00e9quipe de France, retenu par l&rsquo;AS Monaco, Bechir Yacoub pourra quant \u00e0 lui y participer avec la Tunisie. Le jeune attaquant de l&rsquo;Academy, qui a \u00e9volu\u00e9 avec les U19 et le Groupe \u00c9lite cette saison, a \u00e9t\u00e9 retenu par Montasser Louhichi [...]\" \/>\n<meta property=\"og:url\" content=\"https:\/\/www.ladiagonale.net\/index.php\/2023\/05\/08\/bechir-yacoub-a-la-coupe-du-monde-u20-avec-la-tunisie\/\" \/>\n<meta property=\"og:site_name\" content=\"La Diagonale\" \/>\n<meta property=\"article:published_time\" content=\"2023-05-08T17:26:44+00:00\" \/>\n<meta property=\"article:modified_time\" content=\"2023-05-08T17:26:47+00:00\" \/>\n<meta property=\"og:image\" content=\"https:\/\/www.ladiagonale.net\/wp-content\/uploads\/2023\/05\/yacoub.png\" \/>\n\t<meta property=\"og:image:width\" content=\"1160\" \/>\n\t<meta property=\"og:image:height\" content=\"650\" \/>\n\t<meta property=\"og:image:type\" content=\"image\/png\" \/>\n<meta name=\"author\" content=\"Damien Dellerba\" \/>\n<meta name=\"twitter:card\" content=\"summary_large_image\" \/>\n<meta name=\"twitter:image\" content=\"https:\/\/www.ladiagonale.net\/wp-content\/uploads\/2023\/05\/yacoub.png\" \/>\n<meta name=\"twitter:label1\" content=\"\u00c9crit par\" \/>\n\t<meta name=\"twitter:data1\" content=\"Damien Dellerba\" \/>\n\t<meta name=\"twitter:label2\" content=\"Dur\u00e9e de lecture estim\u00e9e\" \/>\n\t<meta name=\"twitter:data2\" content=\"1 minute\" \/>\n<script type=\"application\/ld+json\" class=\"yoast-schema-graph\">{\"@context\":\"https:\/\/schema.org\",\"@graph\":[{\"@type\":\"WebPage\",\"@id\":\"https:\/\/www.ladiagonale.net\/index.php\/2023\/05\/08\/bechir-yacoub-a-la-coupe-du-monde-u20-avec-la-tunisie\/\",\"url\":\"https:\/\/www.ladiagonale.net\/index.php\/2023\/05\/08\/bechir-yacoub-a-la-coupe-du-monde-u20-avec-la-tunisie\/\",\"name\":\"Bechir Yacoub \u00e0 la Coupe du monde U20 avec la Tunisie - La Diagonale\",\"isPartOf\":{\"@id\":\"https:\/\/www.ladiagonale.net\/#website\"},\"datePublished\":\"2023-05-08T17:26:44+00:00\",\"dateModified\":\"2023-05-08T17:26:47+00:00\",\"author\":{\"@id\":\"https:\/\/www.ladiagonale.net\/#\/schema\/person\/79ff1e7b0853ed01b2aa26e64ad300bf\"},\"breadcrumb\":{\"@id\":\"https:\/\/www.ladiagonale.net\/index.php\/2023\/05\/08\/bechir-yacoub-a-la-coupe-du-monde-u20-avec-la-tunisie\/#breadcrumb\"},\"inLanguage\":\"fr-FR\",\"potentialAction\":[{\"@type\":\"ReadAction\",\"target\":[\"https:\/\/www.ladiagonale.net\/index.php\/2023\/05\/08\/bechir-yacoub-a-la-coupe-du-monde-u20-avec-la-tunisie\/\"]}]},{\"@type\":\"BreadcrumbList\",\"@id\":\"https:\/\/www.ladiagonale.net\/index.php\/2023\/05\/08\/bechir-yacoub-a-la-coupe-du-monde-u20-avec-la-tunisie\/#breadcrumb\",\"itemListElement\":[{\"@type\":\"ListItem\",\"position\":1,\"name\":\"Accueil\",\"item\":\"https:\/\/www.ladiagonale.net\/\"},{\"@type\":\"ListItem\",\"position\":2,\"name\":\"Bechir Yacoub \u00e0 la Coupe du monde U20 avec la Tunisie\"}]},{\"@type\":\"WebSite\",\"@id\":\"https:\/\/www.ladiagonale.net\/#website\",\"url\":\"https:\/\/www.ladiagonale.net\/\",\"name\":\"La Diagonale\",\"description\":\"Le site des supporters de l&#039;AS Monaco FC\",\"potentialAction\":[{\"@type\":\"SearchAction\",\"target\":{\"@type\":\"EntryPoint\",\"urlTemplate\":\"https:\/\/www.ladiagonale.net\/?s={search_term_string}\"},\"query-input\":\"required name=search_term_string\"}],\"inLanguage\":\"fr-FR\"},{\"@type\":\"Person\",\"@id\":\"https:\/\/www.ladiagonale.net\/#\/schema\/person\/79ff1e7b0853ed01b2aa26e64ad300bf\",\"name\":\"Damien Dellerba\",\"image\":{\"@type\":\"ImageObject\",\"inLanguage\":\"fr-FR\",\"@id\":\"https:\/\/www.ladiagonale.net\/#\/schema\/person\/image\/\",\"url\":\"https:\/\/secure.gravatar.com\/avatar\/c7850e06d3ff63cdbaee88b7fc16e2f0?s=96&d=mm&r=g\",\"contentUrl\":\"https:\/\/secure.gravatar.com\/avatar\/c7850e06d3ff63cdbaee88b7fc16e2f0?s=96&d=mm&r=g\",\"caption\":\"Damien Dellerba\"},\"url\":\"https:\/\/www.ladiagonale.net\/index.php\/author\/damien\/\"}]}<\/script>\n<!-- \/ Yoast SEO plugin. -->","yoast_head_json":{"title":"Bechir Yacoub \u00e0 la Coupe du monde U20 avec la Tunisie - La Diagonale","robots":{"index":"index","follow":"follow","max-snippet":"max-snippet:-1","max-image-preview":"max-image-preview:large","max-video-preview":"max-video-preview:-1"},"canonical":"https:\/\/www.ladiagonale.net\/index.php\/2023\/05\/08\/bechir-yacoub-a-la-coupe-du-monde-u20-avec-la-tunisie\/","og_locale":"fr_FR","og_type":"article","og_title":"Bechir Yacoub \u00e0 la Coupe du monde U20 avec la Tunisie - La Diagonale","og_description":"Si Eliesse Ben Seghir ne participera pas \u00e0 la Coupe du monde U20 avec l&rsquo;\u00e9quipe de France, retenu par l&rsquo;AS Monaco, Bechir Yacoub pourra quant \u00e0 lui y participer avec la Tunisie. Le jeune attaquant de l&rsquo;Academy, qui a \u00e9volu\u00e9 avec les U19 et le Groupe \u00c9lite cette saison, a \u00e9t\u00e9 retenu par Montasser Louhichi [...]","og_url":"https:\/\/www.ladiagonale.net\/index.php\/2023\/05\/08\/bechir-yacoub-a-la-coupe-du-monde-u20-avec-la-tunisie\/","og_site_name":"La Diagonale","article_published_time":"2023-05-08T17:26:44+00:00","article_modified_time":"2023-05-08T17:26:47+00:00","og_image":[{"width":1160,"height":650,"url":"https:\/\/www.ladiagonale.net\/wp-content\/uploads\/2023\/05\/yacoub.png","type":"image\/png"}],"author":"Damien Dellerba","twitter_card":"summary_large_image","twitter_image":"https:\/\/www.ladiagonale.net\/wp-content\/uploads\/2023\/05\/yacoub.png","twitter_misc":{"\u00c9crit par":"Damien Dellerba","Dur\u00e9e de lecture estim\u00e9e":"1 minute"},"schema":{"@context":"https:\/\/schema.org","@graph":[{"@type":"WebPage","@id":"https:\/\/www.ladiagonale.net\/index.php\/2023\/05\/08\/bechir-yacoub-a-la-coupe-du-monde-u20-avec-la-tunisie\/","url":"https:\/\/www.ladiagonale.net\/index.php\/2023\/05\/08\/bechir-yacoub-a-la-coupe-du-monde-u20-avec-la-tunisie\/","name":"Bechir Yacoub \u00e0 la Coupe du monde U20 avec la Tunisie - La Diagonale","isPartOf":{"@id":"https:\/\/www.ladiagonale.net\/#website"},"datePublished":"2023-05-08T17:26:44+00:00","dateModified":"2023-05-08T17:26:47+00:00","author":{"@id":"https:\/\/www.ladiagonale.net\/#\/schema\/person\/79ff1e7b0853ed01b2aa26e64ad300bf"},"breadcrumb":{"@id":"https:\/\/www.ladiagonale.net\/index.php\/2023\/05\/08\/bechir-yacoub-a-la-coupe-du-monde-u20-avec-la-tunisie\/#breadcrumb"},"inLanguage":"fr-FR","potentialAction":[{"@type":"ReadAction","target":["https:\/\/www.ladiagonale.net\/index.php\/2023\/05\/08\/bechir-yacoub-a-la-coupe-du-monde-u20-avec-la-tunisie\/"]}]},{"@type":"BreadcrumbList","@id":"https:\/\/www.ladiagonale.net\/index.php\/2023\/05\/08\/bechir-yacoub-a-la-coupe-du-monde-u20-avec-la-tunisie\/#breadcrumb","itemListElement":[{"@type":"ListItem","position":1,"name":"Accueil","item":"https:\/\/www.ladiagonale.net\/"},{"@type":"ListItem","position":2,"name":"Bechir Yacoub \u00e0 la Coupe du monde U20 avec la Tunisie"}]},{"@type":"WebSite","@id":"https:\/\/www.ladiagonale.net\/#website","url":"https:\/\/www.ladiagonale.net\/","name":"La Diagonale","description":"Le site des supporters de l&#039;AS Monaco FC","potentialAction":[{"@type":"SearchAction","target":{"@type":"EntryPoint","urlTemplate":"https:\/\/www.ladiagonale.net\/?s={search_term_string}"},"query-input":"required name=search_term_string"}],"inLanguage":"fr-FR"},{"@type":"Person","@id":"https:\/\/www.ladiagonale.net\/#\/schema\/person\/79ff1e7b0853ed01b2aa26e64ad300bf","name":"Damien Dellerba","image":{"@type":"ImageObject","inLanguage":"fr-FR","@id":"https:\/\/www.ladiagonale.net\/#\/schema\/person\/image\/","url":"https:\/\/secure.gravatar.com\/avatar\/c7850e06d3ff63cdbaee88b7fc16e2f0?s=96&d=mm&r=g","contentUrl":"https:\/\/secure.gravatar.com\/avatar\/c7850e06d3ff63cdbaee88b7fc16e2f0?s=96&d=mm&r=g","caption":"Damien Dellerba"},"url":"https:\/\/www.ladiagonale.net\/index.php\/author\/damien\/"}]}},"_links":{"self":[{"href":"https:\/\/www.ladiagonale.net\/index.php\/wp-json\/wp\/v2\/posts\/12263"}],"collection":[{"href":"https:\/\/www.ladiagonale.net\/index.php\/wp-json\/wp\/v2\/posts"}],"about":[{"href":"https:\/\/www.ladiagonale.net\/index.php\/wp-json\/wp\/v2\/types\/post"}],"author":[{"embeddable":true,"href":"https:\/\/www.ladiagonale.net\/index.php\/wp-json\/wp\/v2\/users\/2"}],"replies":[{"embeddable":true,"href":"https:\/\/www.ladiagonale.net\/index.php\/wp-json\/wp\/v2\/comments?post=12263"}],"version-history":[{"count":1,"href":"https:\/\/www.ladiagonale.net\/index.php\/wp-json\/wp\/v2\/posts\/12263\/revisions"}],"predecessor-version":[{"id":12265,"href":"https:\/\/www.ladiagonale.net\/index.php\/wp-json\/wp\/v2\/posts\/12263\/revisions\/12265"}],"wp:attachment":[{"href":"https:\/\/www.ladiagonale.net\/index.php\/wp-json\/wp\/v2\/media?parent=12263"}],"wp:term":[{"taxonomy":"category","embeddable":true,"href":"https:\/\/www.ladiagonale.net\/index.php\/wp-json\/wp\/v2\/categories?post=12263"},{"taxonomy":"post_tag","embeddable":true,"href":"https:\/\/www.ladiagonale.net\/index.php\/wp-json\/wp\/v2\/tags?post=12263"}],"curies":[{"name":"wp","href":"https:\/\/api.w.org\/{rel}","templated":true}]}}