{"id":12266,"date":"2023-05-08T19:50:31","date_gmt":"2023-05-08T17:50:31","guid":{"rendered":"https:\/\/www.ladiagonale.net\/?p=12266"},"modified":"2023-05-08T19:50:35","modified_gmt":"2023-05-08T17:50:35","slug":"wahi-comme-remplacant-de-ben-yedder","status":"publish","type":"post","link":"https:\/\/www.ladiagonale.net\/index.php\/2023\/05\/08\/wahi-comme-remplacant-de-ben-yedder\/","title":{"rendered":"Wahi comme rempla\u00e7ant de Ben Yedder  ?"},"content":{"rendered":"\n\n\n<p>Il semble \u00e9crit qu&rsquo;Elye Wahi quittera Montpellier en fin de saison. L&rsquo;international Espoirs fran\u00e7ais est sous contrat avec le club pailladin jusqu&rsquo;en juin 2025 mais il attire de nombreux clubs, <a href=\"https:\/\/www.ladiagonale.net\/index.php\/2023\/04\/28\/monaco-toujours-attentif-au-dossier-wahi\/\">dont l&rsquo;AS Monaco<\/a>, et sa derni\u00e8re prestation contre Lyon dimanche, avec un quadrupl\u00e9 \u00e0 la cl\u00e9, a crev\u00e9 l&rsquo;\u00e9cran. D&rsquo;apr\u00e8s <em>Foot Mercato<\/em>, l&rsquo;ASM pourrait penser \u00e0 Wahi si d&rsquo;aventure elle venait \u00e0 se s\u00e9parer de son capitaine Wissam Ben Yedder, qui a \u00e9t\u00e9 <a href=\"https:\/\/www.ladiagonale.net\/index.php\/2023\/05\/07\/ben-yedder-mis-a-lecart-clement-sexprime\/\">\u00e9cart\u00e9 du groupe ce week-end<\/a> par Philippe Clement pour avoir manqu\u00e9 une r\u00e9union pr\u00e9paratoire au match d&rsquo;Angers.<\/p>\n\n\n\n<p>Mais si Monaco veut se m\u00ealer \u00e0 la lutte pour attirer le buteur montpelli\u00e9rain de 20 ans (17 buts en Ligue 1 cette saison), il faudra composer avec une concurrence f\u00e9roce. Le Borussia Dortmund, Arsenal, le RB Leipzig, l&rsquo;Eintracht Francfort ou encore Newcastle sont sur les rangs. Et cette concurrence pourrait donc profiter \u00e0 Montpellier pour en tirer un bon prix. Les dirigeants h\u00e9raultais esp\u00e9reraient pouvoir toucher 40 millions d&rsquo;euros sur ce dossier, et il n&rsquo;est pas certain que l&rsquo;ASM soit en mesure de suivre financi\u00e8rement, surtout sans Ligue des champions. <\/p>\n","protected":false},"excerpt":{"rendered":"<p>Il semble \u00e9crit qu&rsquo;Elye Wahi quittera Montpellier en fin de saison. L&rsquo;international Espoirs fran\u00e7ais est sous contrat avec le club pailladin jusqu&rsquo;en juin 2025 mais il attire de nombreux clubs, dont l&rsquo;AS Monaco, et sa derni\u00e8re prestation contre Lyon dimanche, avec un quadrupl\u00e9 \u00e0 la cl\u00e9, a crev\u00e9 l&rsquo;\u00e9cran. D&rsquo;apr\u00e8s Foot Mercato, l&rsquo;ASM pourrait penser [&#8230;]\n","protected":false},"author":2,"featured_media":0,"comment_status":"open","ping_status":"open","sticky":false,"template":"","format":"standard","meta":[],"categories":[6],"tags":[86,376,111,110],"yoast_head":"<!-- This site is optimized with the Yoast SEO plugin v19.8 - https:\/\/yoast.com\/wordpress\/plugins\/seo\/ -->\n<title>Wahi comme rempla\u00e7ant de Ben Yedder ? - La Diagonale<\/title>\n<meta name=\"robots\" content=\"index, follow, max-snippet:-1, max-image-preview:large, max-video-preview:-1\" \/>\n<link rel=\"canonical\" href=\"https:\/\/www.ladiagonale.net\/index.php\/2023\/05\/08\/wahi-comme-remplacant-de-ben-yedder\/\" \/>\n<meta property=\"og:locale\" content=\"fr_FR\" \/>\n<meta property=\"og:type\" content=\"article\" \/>\n<meta property=\"og:title\" content=\"Wahi comme rempla\u00e7ant de Ben Yedder ? - La Diagonale\" \/>\n<meta property=\"og:description\" content=\"Il semble \u00e9crit qu&rsquo;Elye Wahi quittera Montpellier en fin de saison. L&rsquo;international Espoirs fran\u00e7ais est sous contrat avec le club pailladin jusqu&rsquo;en juin 2025 mais il attire de nombreux clubs, dont l&rsquo;AS Monaco, et sa derni\u00e8re prestation contre Lyon dimanche, avec un quadrupl\u00e9 \u00e0 la cl\u00e9, a crev\u00e9 l&rsquo;\u00e9cran. D&rsquo;apr\u00e8s Foot Mercato, l&rsquo;ASM pourrait penser [...]\" \/>\n<meta property=\"og:url\" content=\"https:\/\/www.ladiagonale.net\/index.php\/2023\/05\/08\/wahi-comme-remplacant-de-ben-yedder\/\" \/>\n<meta property=\"og:site_name\" content=\"La Diagonale\" \/>\n<meta property=\"article:published_time\" content=\"2023-05-08T17:50:31+00:00\" \/>\n<meta property=\"article:modified_time\" content=\"2023-05-08T17:50:35+00:00\" \/>\n<meta property=\"og:image\" content=\"https:\/\/www.ladiagonale.net\/wp-content\/uploads\/2023\/01\/wahi.png\" \/>\n\t<meta property=\"og:image:width\" content=\"1160\" \/>\n\t<meta property=\"og:image:height\" content=\"650\" \/>\n\t<meta property=\"og:image:type\" content=\"image\/png\" \/>\n<meta name=\"author\" content=\"Damien Dellerba\" \/>\n<meta name=\"twitter:card\" content=\"summary_large_image\" \/>\n<meta name=\"twitter:image\" content=\"https:\/\/www.ladiagonale.net\/wp-content\/uploads\/2023\/01\/wahi.png\" \/>\n<meta name=\"twitter:label1\" content=\"\u00c9crit par\" \/>\n\t<meta name=\"twitter:data1\" content=\"Damien Dellerba\" \/>\n\t<meta name=\"twitter:label2\" content=\"Dur\u00e9e de lecture estim\u00e9e\" \/>\n\t<meta name=\"twitter:data2\" content=\"1 minute\" \/>\n<script type=\"application\/ld+json\" class=\"yoast-schema-graph\">{\"@context\":\"https:\/\/schema.org\",\"@graph\":[{\"@type\":\"WebPage\",\"@id\":\"https:\/\/www.ladiagonale.net\/index.php\/2023\/05\/08\/wahi-comme-remplacant-de-ben-yedder\/\",\"url\":\"https:\/\/www.ladiagonale.net\/index.php\/2023\/05\/08\/wahi-comme-remplacant-de-ben-yedder\/\",\"name\":\"Wahi comme rempla\u00e7ant de Ben Yedder ? - La Diagonale\",\"isPartOf\":{\"@id\":\"https:\/\/www.ladiagonale.net\/#website\"},\"datePublished\":\"2023-05-08T17:50:31+00:00\",\"dateModified\":\"2023-05-08T17:50:35+00:00\",\"author\":{\"@id\":\"https:\/\/www.ladiagonale.net\/#\/schema\/person\/79ff1e7b0853ed01b2aa26e64ad300bf\"},\"breadcrumb\":{\"@id\":\"https:\/\/www.ladiagonale.net\/index.php\/2023\/05\/08\/wahi-comme-remplacant-de-ben-yedder\/#breadcrumb\"},\"inLanguage\":\"fr-FR\",\"potentialAction\":[{\"@type\":\"ReadAction\",\"target\":[\"https:\/\/www.ladiagonale.net\/index.php\/2023\/05\/08\/wahi-comme-remplacant-de-ben-yedder\/\"]}]},{\"@type\":\"BreadcrumbList\",\"@id\":\"https:\/\/www.ladiagonale.net\/index.php\/2023\/05\/08\/wahi-comme-remplacant-de-ben-yedder\/#breadcrumb\",\"itemListElement\":[{\"@type\":\"ListItem\",\"position\":1,\"name\":\"Accueil\",\"item\":\"https:\/\/www.ladiagonale.net\/\"},{\"@type\":\"ListItem\",\"position\":2,\"name\":\"Wahi comme rempla\u00e7ant de Ben Yedder ?\"}]},{\"@type\":\"WebSite\",\"@id\":\"https:\/\/www.ladiagonale.net\/#website\",\"url\":\"https:\/\/www.ladiagonale.net\/\",\"name\":\"La Diagonale\",\"description\":\"Le site des supporters de l&#039;AS Monaco FC\",\"potentialAction\":[{\"@type\":\"SearchAction\",\"target\":{\"@type\":\"EntryPoint\",\"urlTemplate\":\"https:\/\/www.ladiagonale.net\/?s={search_term_string}\"},\"query-input\":\"required name=search_term_string\"}],\"inLanguage\":\"fr-FR\"},{\"@type\":\"Person\",\"@id\":\"https:\/\/www.ladiagonale.net\/#\/schema\/person\/79ff1e7b0853ed01b2aa26e64ad300bf\",\"name\":\"Damien Dellerba\",\"image\":{\"@type\":\"ImageObject\",\"inLanguage\":\"fr-FR\",\"@id\":\"https:\/\/www.ladiagonale.net\/#\/schema\/person\/image\/\",\"url\":\"https:\/\/secure.gravatar.com\/avatar\/c7850e06d3ff63cdbaee88b7fc16e2f0?s=96&d=mm&r=g\",\"contentUrl\":\"https:\/\/secure.gravatar.com\/avatar\/c7850e06d3ff63cdbaee88b7fc16e2f0?s=96&d=mm&r=g\",\"caption\":\"Damien Dellerba\"},\"url\":\"https:\/\/www.ladiagonale.net\/index.php\/author\/damien\/\"}]}<\/script>\n<!-- \/ Yoast SEO plugin. -->","yoast_head_json":{"title":"Wahi comme rempla\u00e7ant de Ben Yedder ? - La Diagonale","robots":{"index":"index","follow":"follow","max-snippet":"max-snippet:-1","max-image-preview":"max-image-preview:large","max-video-preview":"max-video-preview:-1"},"canonical":"https:\/\/www.ladiagonale.net\/index.php\/2023\/05\/08\/wahi-comme-remplacant-de-ben-yedder\/","og_locale":"fr_FR","og_type":"article","og_title":"Wahi comme rempla\u00e7ant de Ben Yedder ? - La Diagonale","og_description":"Il semble \u00e9crit qu&rsquo;Elye Wahi quittera Montpellier en fin de saison. L&rsquo;international Espoirs fran\u00e7ais est sous contrat avec le club pailladin jusqu&rsquo;en juin 2025 mais il attire de nombreux clubs, dont l&rsquo;AS Monaco, et sa derni\u00e8re prestation contre Lyon dimanche, avec un quadrupl\u00e9 \u00e0 la cl\u00e9, a crev\u00e9 l&rsquo;\u00e9cran. D&rsquo;apr\u00e8s Foot Mercato, l&rsquo;ASM pourrait penser [...]","og_url":"https:\/\/www.ladiagonale.net\/index.php\/2023\/05\/08\/wahi-comme-remplacant-de-ben-yedder\/","og_site_name":"La Diagonale","article_published_time":"2023-05-08T17:50:31+00:00","article_modified_time":"2023-05-08T17:50:35+00:00","og_image":[{"width":1160,"height":650,"url":"https:\/\/www.ladiagonale.net\/wp-content\/uploads\/2023\/01\/wahi.png","type":"image\/png"}],"author":"Damien Dellerba","twitter_card":"summary_large_image","twitter_image":"https:\/\/www.ladiagonale.net\/wp-content\/uploads\/2023\/01\/wahi.png","twitter_misc":{"\u00c9crit par":"Damien Dellerba","Dur\u00e9e de lecture estim\u00e9e":"1 minute"},"schema":{"@context":"https:\/\/schema.org","@graph":[{"@type":"WebPage","@id":"https:\/\/www.ladiagonale.net\/index.php\/2023\/05\/08\/wahi-comme-remplacant-de-ben-yedder\/","url":"https:\/\/www.ladiagonale.net\/index.php\/2023\/05\/08\/wahi-comme-remplacant-de-ben-yedder\/","name":"Wahi comme rempla\u00e7ant de Ben Yedder ? - La Diagonale","isPartOf":{"@id":"https:\/\/www.ladiagonale.net\/#website"},"datePublished":"2023-05-08T17:50:31+00:00","dateModified":"2023-05-08T17:50:35+00:00","author":{"@id":"https:\/\/www.ladiagonale.net\/#\/schema\/person\/79ff1e7b0853ed01b2aa26e64ad300bf"},"breadcrumb":{"@id":"https:\/\/www.ladiagonale.net\/index.php\/2023\/05\/08\/wahi-comme-remplacant-de-ben-yedder\/#breadcrumb"},"inLanguage":"fr-FR","potentialAction":[{"@type":"ReadAction","target":["https:\/\/www.ladiagonale.net\/index.php\/2023\/05\/08\/wahi-comme-remplacant-de-ben-yedder\/"]}]},{"@type":"BreadcrumbList","@id":"https:\/\/www.ladiagonale.net\/index.php\/2023\/05\/08\/wahi-comme-remplacant-de-ben-yedder\/#breadcrumb","itemListElement":[{"@type":"ListItem","position":1,"name":"Accueil","item":"https:\/\/www.ladiagonale.net\/"},{"@type":"ListItem","position":2,"name":"Wahi comme rempla\u00e7ant de Ben Yedder ?"}]},{"@type":"WebSite","@id":"https:\/\/www.ladiagonale.net\/#website","url":"https:\/\/www.ladiagonale.net\/","name":"La Diagonale","description":"Le site des supporters de l&#039;AS Monaco FC","potentialAction":[{"@type":"SearchAction","target":{"@type":"EntryPoint","urlTemplate":"https:\/\/www.ladiagonale.net\/?s={search_term_string}"},"query-input":"required name=search_term_string"}],"inLanguage":"fr-FR"},{"@type":"Person","@id":"https:\/\/www.ladiagonale.net\/#\/schema\/person\/79ff1e7b0853ed01b2aa26e64ad300bf","name":"Damien Dellerba","image":{"@type":"ImageObject","inLanguage":"fr-FR","@id":"https:\/\/www.ladiagonale.net\/#\/schema\/person\/image\/","url":"https:\/\/secure.gravatar.com\/avatar\/c7850e06d3ff63cdbaee88b7fc16e2f0?s=96&d=mm&r=g","contentUrl":"https:\/\/secure.gravatar.com\/avatar\/c7850e06d3ff63cdbaee88b7fc16e2f0?s=96&d=mm&r=g","caption":"Damien Dellerba"},"url":"https:\/\/www.ladiagonale.net\/index.php\/author\/damien\/"}]}},"_links":{"self":[{"href":"https:\/\/www.ladiagonale.net\/index.php\/wp-json\/wp\/v2\/posts\/12266"}],"collection":[{"href":"https:\/\/www.ladiagonale.net\/index.php\/wp-json\/wp\/v2\/posts"}],"about":[{"href":"https:\/\/www.ladiagonale.net\/index.php\/wp-json\/wp\/v2\/types\/post"}],"author":[{"embeddable":true,"href":"https:\/\/www.ladiagonale.net\/index.php\/wp-json\/wp\/v2\/users\/2"}],"replies":[{"embeddable":true,"href":"https:\/\/www.ladiagonale.net\/index.php\/wp-json\/wp\/v2\/comments?post=12266"}],"version-history":[{"count":1,"href":"https:\/\/www.ladiagonale.net\/index.php\/wp-json\/wp\/v2\/posts\/12266\/revisions"}],"predecessor-version":[{"id":12267,"href":"https:\/\/www.ladiagonale.net\/index.php\/wp-json\/wp\/v2\/posts\/12266\/revisions\/12267"}],"wp:attachment":[{"href":"https:\/\/www.ladiagonale.net\/index.php\/wp-json\/wp\/v2\/media?parent=12266"}],"wp:term":[{"taxonomy":"category","embeddable":true,"href":"https:\/\/www.ladiagonale.net\/index.php\/wp-json\/wp\/v2\/categories?post=12266"},{"taxonomy":"post_tag","embeddable":true,"href":"https:\/\/www.ladiagonale.net\/index.php\/wp-json\/wp\/v2\/tags?post=12266"}],"curies":[{"name":"wp","href":"https:\/\/api.w.org\/{rel}","templated":true}]}}