{"id":12268,"date":"2023-05-08T20:38:00","date_gmt":"2023-05-08T18:38:00","guid":{"rendered":"https:\/\/www.ladiagonale.net\/?p=12268"},"modified":"2023-05-08T20:38:04","modified_gmt":"2023-05-08T18:38:04","slug":"le-sprint-final-monaco-reprend-un-peu-de-marge-avant-lille","status":"publish","type":"post","link":"https:\/\/www.ladiagonale.net\/index.php\/2023\/05\/08\/le-sprint-final-monaco-reprend-un-peu-de-marge-avant-lille\/","title":{"rendered":"Le sprint final : Monaco reprend un peu de marge avant Lille"},"content":{"rendered":"\n\n\n<p>Avant les difficiles trois prochaines rencontres qui attendent l\u2019AS Monaco, il fallait se relancer face \u00e0 la lanterne rouge, Angers, et c\u2019est ce que Monaco a fait, sur la pelouse du stade Raymond-Kopa (1-2) gr\u00e2ce \u00e0 des r\u00e9alisations de Golovin et Boadu. Les As\u00e9mistes ont \u00e9t\u00e9 bien inspir\u00e9s de s\u2019imposer car leurs deux poursuivants les plus proches sont partis \u00e0 la faute. Menac\u00e9s par Lille, \u00e0 deux points avant le d\u00e9but de cette 34<sup>e<\/sup> journ\u00e9e, les Rouge et Blanc ont reconstitu\u00e9 un petit matelas d\u2019avance de cinq points, qui leur permet de renforcer leur quatri\u00e8me place avant les prochaines \u00e9ch\u00e9ances.<\/p>\n\n\n\n<p>Comme Monaco en mars, les Lillois se sont inclin\u00e9s face \u00e0 Reims sur le m\u00eame score (1-0), incapables de d\u00e9jouer le plan tactique mis en place par Will Still, l\u2019entra\u00eeneur du Stade de Reims, et ce m\u00eame si le milieu de terrain du LOSC, R\u00e9mi Cabella, a manqu\u00e9 l\u2019immanquable \u00e0 quelques centim\u00e8tres du but adverse. Lille reste cinqui\u00e8me mais se pr\u00e9sentera en Principaut\u00e9 le mors aux dents dimanche (17h05). \u00c0 l\u2019aller, les Dogues \u00e9taient venus \u00e0 bout de l\u2019ASM (4-3) et la rencontre promet d\u2019\u00eatre aussi ouverte, avec deux \u00e9quipes qui ont du mal \u00e0 fermer le jeu. Mais si cela venait \u00e0 mal tourner pour Monaco, il n\u2019y aurait pas de place perdue apr\u00e8s cette rencontre.<\/p>\n\n\n\n<p>Le Stade rennais, que Monaco affrontera \u00e0 la 37<sup>e<\/sup> et avant-derni\u00e8re journ\u00e9e de Ligue 1, s\u2019est aussi fait pi\u00e9ger par Nice (2-1). Si les Bretons ont domin\u00e9 la rencontre, il se sont non seulement fait avoir par les transitions ni\u00e7oises, mais ils ont surtout eu beaucoup de mal \u00e0 \u00eatre r\u00e9ellement dangereux sur le but de Schmeichel. Les Rennais se trouvent \u00e0 huit points et l\u2019\u00e9cart sera sans doute difficile \u00e0 combler. Idem pour Lyon, qui a r\u00e9ussi \u00e0 renverser Montpellier (5-4) apr\u00e8s avoir pourtant \u00e9t\u00e9 men\u00e9 (1-4). L&rsquo;OL revient \u00e0 hauteur de Rennes et doit aussi jouer Monaco \u00e0 la 36<sup>e<\/sup> journ\u00e9e.<\/p>\n\n\n\n<p>Sur le podium, Lens a r\u00e9serv\u00e9 le m\u00eame sort aux Marseillais qu\u2019\u00e0 l\u2019ASM il y a quinze jours en s\u2019imposant \u00e0 Bollaert (2-1), m\u00eame si l\u2019OM leur a offert une r\u00e9sistance bien plus \u00e9lev\u00e9e. Les Sang et Or reprennent la place de dauphin. Marseille est troisi\u00e8me, six points devant le club de la Principaut\u00e9. Mais il ne s\u2019agit plus pour Monaco de regarder devant. L\u2019avenir se joue derri\u00e8re.<\/p>\n\n\n\n<h4 class=\"has-vivid-red-color has-text-color\" style=\"font-style:normal;font-weight:400;text-transform:uppercase\">Les r\u00e9sultats complets de la 34e journ\u00e9e<\/h4>\n\n\n\n<ul><li>Nice 2-1 Rennes<\/li><li>Reims 1-0 Lille<\/li><li>Lens 2-1 Marseille<\/li><li>Angers 1-2 Monaco<\/li><li>Ajaccio 0-0 Toulouse<\/li><li>Auxerre 1-1 Clermont<\/li><li>Lorient 2-1 Brest<\/li><li>Nantes 0-2 Strasbourg<\/li><li>Lyon 5-4 Montpellier<\/li><li>Troyes 1-3 Paris<\/li><\/ul>\n","protected":false},"excerpt":{"rendered":"<p>Avant les difficiles trois prochaines rencontres qui attendent l\u2019AS Monaco, il fallait se relancer face \u00e0 la lanterne rouge, Angers, et c\u2019est ce que Monaco a fait, sur la pelouse du stade Raymond-Kopa (1-2) gr\u00e2ce \u00e0 des r\u00e9alisations de Golovin et Boadu. Les As\u00e9mistes ont \u00e9t\u00e9 bien inspir\u00e9s de s\u2019imposer car leurs deux poursuivants les [&#8230;]\n","protected":false},"author":2,"featured_media":0,"comment_status":"open","ping_status":"open","sticky":false,"template":"","format":"standard","meta":[],"categories":[6],"tags":[475,86,528,94],"yoast_head":"<!-- This site is optimized with the Yoast SEO plugin v19.8 - https:\/\/yoast.com\/wordpress\/plugins\/seo\/ -->\n<title>Le sprint final : Monaco reprend un peu de marge avant Lille - La Diagonale<\/title>\n<meta name=\"robots\" content=\"index, follow, max-snippet:-1, max-image-preview:large, max-video-preview:-1\" \/>\n<link rel=\"canonical\" href=\"https:\/\/www.ladiagonale.net\/index.php\/2023\/05\/08\/le-sprint-final-monaco-reprend-un-peu-de-marge-avant-lille\/\" \/>\n<meta property=\"og:locale\" content=\"fr_FR\" \/>\n<meta property=\"og:type\" content=\"article\" \/>\n<meta property=\"og:title\" content=\"Le sprint final : Monaco reprend un peu de marge avant Lille - La Diagonale\" \/>\n<meta property=\"og:description\" content=\"Avant les difficiles trois prochaines rencontres qui attendent l\u2019AS Monaco, il fallait se relancer face \u00e0 la lanterne rouge, Angers, et c\u2019est ce que Monaco a fait, sur la pelouse du stade Raymond-Kopa (1-2) gr\u00e2ce \u00e0 des r\u00e9alisations de Golovin et Boadu. Les As\u00e9mistes ont \u00e9t\u00e9 bien inspir\u00e9s de s\u2019imposer car leurs deux poursuivants les [...]\" \/>\n<meta property=\"og:url\" content=\"https:\/\/www.ladiagonale.net\/index.php\/2023\/05\/08\/le-sprint-final-monaco-reprend-un-peu-de-marge-avant-lille\/\" \/>\n<meta property=\"og:site_name\" content=\"La Diagonale\" \/>\n<meta property=\"article:published_time\" content=\"2023-05-08T18:38:00+00:00\" \/>\n<meta property=\"article:modified_time\" content=\"2023-05-08T18:38:04+00:00\" \/>\n<meta property=\"og:image\" content=\"https:\/\/www.ladiagonale.net\/wp-content\/uploads\/2022\/10\/ligue1.png\" \/>\n\t<meta property=\"og:image:width\" content=\"1160\" \/>\n\t<meta property=\"og:image:height\" content=\"650\" \/>\n\t<meta property=\"og:image:type\" content=\"image\/png\" \/>\n<meta name=\"author\" content=\"Damien Dellerba\" \/>\n<meta name=\"twitter:card\" content=\"summary_large_image\" \/>\n<meta name=\"twitter:image\" content=\"https:\/\/www.ladiagonale.net\/wp-content\/uploads\/2022\/10\/ligue1.png\" \/>\n<meta name=\"twitter:label1\" content=\"\u00c9crit par\" \/>\n\t<meta name=\"twitter:data1\" content=\"Damien Dellerba\" \/>\n\t<meta name=\"twitter:label2\" content=\"Dur\u00e9e de lecture estim\u00e9e\" \/>\n\t<meta name=\"twitter:data2\" content=\"3 minutes\" \/>\n<script type=\"application\/ld+json\" class=\"yoast-schema-graph\">{\"@context\":\"https:\/\/schema.org\",\"@graph\":[{\"@type\":\"WebPage\",\"@id\":\"https:\/\/www.ladiagonale.net\/index.php\/2023\/05\/08\/le-sprint-final-monaco-reprend-un-peu-de-marge-avant-lille\/\",\"url\":\"https:\/\/www.ladiagonale.net\/index.php\/2023\/05\/08\/le-sprint-final-monaco-reprend-un-peu-de-marge-avant-lille\/\",\"name\":\"Le sprint final : Monaco reprend un peu de marge avant Lille - La Diagonale\",\"isPartOf\":{\"@id\":\"https:\/\/www.ladiagonale.net\/#website\"},\"datePublished\":\"2023-05-08T18:38:00+00:00\",\"dateModified\":\"2023-05-08T18:38:04+00:00\",\"author\":{\"@id\":\"https:\/\/www.ladiagonale.net\/#\/schema\/person\/79ff1e7b0853ed01b2aa26e64ad300bf\"},\"breadcrumb\":{\"@id\":\"https:\/\/www.ladiagonale.net\/index.php\/2023\/05\/08\/le-sprint-final-monaco-reprend-un-peu-de-marge-avant-lille\/#breadcrumb\"},\"inLanguage\":\"fr-FR\",\"potentialAction\":[{\"@type\":\"ReadAction\",\"target\":[\"https:\/\/www.ladiagonale.net\/index.php\/2023\/05\/08\/le-sprint-final-monaco-reprend-un-peu-de-marge-avant-lille\/\"]}]},{\"@type\":\"BreadcrumbList\",\"@id\":\"https:\/\/www.ladiagonale.net\/index.php\/2023\/05\/08\/le-sprint-final-monaco-reprend-un-peu-de-marge-avant-lille\/#breadcrumb\",\"itemListElement\":[{\"@type\":\"ListItem\",\"position\":1,\"name\":\"Accueil\",\"item\":\"https:\/\/www.ladiagonale.net\/\"},{\"@type\":\"ListItem\",\"position\":2,\"name\":\"Le sprint final : Monaco reprend un peu de marge avant Lille\"}]},{\"@type\":\"WebSite\",\"@id\":\"https:\/\/www.ladiagonale.net\/#website\",\"url\":\"https:\/\/www.ladiagonale.net\/\",\"name\":\"La Diagonale\",\"description\":\"Le site des supporters de l&#039;AS Monaco FC\",\"potentialAction\":[{\"@type\":\"SearchAction\",\"target\":{\"@type\":\"EntryPoint\",\"urlTemplate\":\"https:\/\/www.ladiagonale.net\/?s={search_term_string}\"},\"query-input\":\"required name=search_term_string\"}],\"inLanguage\":\"fr-FR\"},{\"@type\":\"Person\",\"@id\":\"https:\/\/www.ladiagonale.net\/#\/schema\/person\/79ff1e7b0853ed01b2aa26e64ad300bf\",\"name\":\"Damien Dellerba\",\"image\":{\"@type\":\"ImageObject\",\"inLanguage\":\"fr-FR\",\"@id\":\"https:\/\/www.ladiagonale.net\/#\/schema\/person\/image\/\",\"url\":\"https:\/\/secure.gravatar.com\/avatar\/c7850e06d3ff63cdbaee88b7fc16e2f0?s=96&d=mm&r=g\",\"contentUrl\":\"https:\/\/secure.gravatar.com\/avatar\/c7850e06d3ff63cdbaee88b7fc16e2f0?s=96&d=mm&r=g\",\"caption\":\"Damien Dellerba\"},\"url\":\"https:\/\/www.ladiagonale.net\/index.php\/author\/damien\/\"}]}<\/script>\n<!-- \/ Yoast SEO plugin. -->","yoast_head_json":{"title":"Le sprint final : Monaco reprend un peu de marge avant Lille - La Diagonale","robots":{"index":"index","follow":"follow","max-snippet":"max-snippet:-1","max-image-preview":"max-image-preview:large","max-video-preview":"max-video-preview:-1"},"canonical":"https:\/\/www.ladiagonale.net\/index.php\/2023\/05\/08\/le-sprint-final-monaco-reprend-un-peu-de-marge-avant-lille\/","og_locale":"fr_FR","og_type":"article","og_title":"Le sprint final : Monaco reprend un peu de marge avant Lille - La Diagonale","og_description":"Avant les difficiles trois prochaines rencontres qui attendent l\u2019AS Monaco, il fallait se relancer face \u00e0 la lanterne rouge, Angers, et c\u2019est ce que Monaco a fait, sur la pelouse du stade Raymond-Kopa (1-2) gr\u00e2ce \u00e0 des r\u00e9alisations de Golovin et Boadu. Les As\u00e9mistes ont \u00e9t\u00e9 bien inspir\u00e9s de s\u2019imposer car leurs deux poursuivants les [...]","og_url":"https:\/\/www.ladiagonale.net\/index.php\/2023\/05\/08\/le-sprint-final-monaco-reprend-un-peu-de-marge-avant-lille\/","og_site_name":"La Diagonale","article_published_time":"2023-05-08T18:38:00+00:00","article_modified_time":"2023-05-08T18:38:04+00:00","og_image":[{"width":1160,"height":650,"url":"https:\/\/www.ladiagonale.net\/wp-content\/uploads\/2022\/10\/ligue1.png","type":"image\/png"}],"author":"Damien Dellerba","twitter_card":"summary_large_image","twitter_image":"https:\/\/www.ladiagonale.net\/wp-content\/uploads\/2022\/10\/ligue1.png","twitter_misc":{"\u00c9crit par":"Damien Dellerba","Dur\u00e9e de lecture estim\u00e9e":"3 minutes"},"schema":{"@context":"https:\/\/schema.org","@graph":[{"@type":"WebPage","@id":"https:\/\/www.ladiagonale.net\/index.php\/2023\/05\/08\/le-sprint-final-monaco-reprend-un-peu-de-marge-avant-lille\/","url":"https:\/\/www.ladiagonale.net\/index.php\/2023\/05\/08\/le-sprint-final-monaco-reprend-un-peu-de-marge-avant-lille\/","name":"Le sprint final : Monaco reprend un peu de marge avant Lille - La Diagonale","isPartOf":{"@id":"https:\/\/www.ladiagonale.net\/#website"},"datePublished":"2023-05-08T18:38:00+00:00","dateModified":"2023-05-08T18:38:04+00:00","author":{"@id":"https:\/\/www.ladiagonale.net\/#\/schema\/person\/79ff1e7b0853ed01b2aa26e64ad300bf"},"breadcrumb":{"@id":"https:\/\/www.ladiagonale.net\/index.php\/2023\/05\/08\/le-sprint-final-monaco-reprend-un-peu-de-marge-avant-lille\/#breadcrumb"},"inLanguage":"fr-FR","potentialAction":[{"@type":"ReadAction","target":["https:\/\/www.ladiagonale.net\/index.php\/2023\/05\/08\/le-sprint-final-monaco-reprend-un-peu-de-marge-avant-lille\/"]}]},{"@type":"BreadcrumbList","@id":"https:\/\/www.ladiagonale.net\/index.php\/2023\/05\/08\/le-sprint-final-monaco-reprend-un-peu-de-marge-avant-lille\/#breadcrumb","itemListElement":[{"@type":"ListItem","position":1,"name":"Accueil","item":"https:\/\/www.ladiagonale.net\/"},{"@type":"ListItem","position":2,"name":"Le sprint final : Monaco reprend un peu de marge avant Lille"}]},{"@type":"WebSite","@id":"https:\/\/www.ladiagonale.net\/#website","url":"https:\/\/www.ladiagonale.net\/","name":"La Diagonale","description":"Le site des supporters de l&#039;AS Monaco FC","potentialAction":[{"@type":"SearchAction","target":{"@type":"EntryPoint","urlTemplate":"https:\/\/www.ladiagonale.net\/?s={search_term_string}"},"query-input":"required name=search_term_string"}],"inLanguage":"fr-FR"},{"@type":"Person","@id":"https:\/\/www.ladiagonale.net\/#\/schema\/person\/79ff1e7b0853ed01b2aa26e64ad300bf","name":"Damien Dellerba","image":{"@type":"ImageObject","inLanguage":"fr-FR","@id":"https:\/\/www.ladiagonale.net\/#\/schema\/person\/image\/","url":"https:\/\/secure.gravatar.com\/avatar\/c7850e06d3ff63cdbaee88b7fc16e2f0?s=96&d=mm&r=g","contentUrl":"https:\/\/secure.gravatar.com\/avatar\/c7850e06d3ff63cdbaee88b7fc16e2f0?s=96&d=mm&r=g","caption":"Damien Dellerba"},"url":"https:\/\/www.ladiagonale.net\/index.php\/author\/damien\/"}]}},"_links":{"self":[{"href":"https:\/\/www.ladiagonale.net\/index.php\/wp-json\/wp\/v2\/posts\/12268"}],"collection":[{"href":"https:\/\/www.ladiagonale.net\/index.php\/wp-json\/wp\/v2\/posts"}],"about":[{"href":"https:\/\/www.ladiagonale.net\/index.php\/wp-json\/wp\/v2\/types\/post"}],"author":[{"embeddable":true,"href":"https:\/\/www.ladiagonale.net\/index.php\/wp-json\/wp\/v2\/users\/2"}],"replies":[{"embeddable":true,"href":"https:\/\/www.ladiagonale.net\/index.php\/wp-json\/wp\/v2\/comments?post=12268"}],"version-history":[{"count":2,"href":"https:\/\/www.ladiagonale.net\/index.php\/wp-json\/wp\/v2\/posts\/12268\/revisions"}],"predecessor-version":[{"id":12270,"href":"https:\/\/www.ladiagonale.net\/index.php\/wp-json\/wp\/v2\/posts\/12268\/revisions\/12270"}],"wp:attachment":[{"href":"https:\/\/www.ladiagonale.net\/index.php\/wp-json\/wp\/v2\/media?parent=12268"}],"wp:term":[{"taxonomy":"category","embeddable":true,"href":"https:\/\/www.ladiagonale.net\/index.php\/wp-json\/wp\/v2\/categories?post=12268"},{"taxonomy":"post_tag","embeddable":true,"href":"https:\/\/www.ladiagonale.net\/index.php\/wp-json\/wp\/v2\/tags?post=12268"}],"curies":[{"name":"wp","href":"https:\/\/api.w.org\/{rel}","templated":true}]}}