{"id":12273,"date":"2023-05-09T16:07:56","date_gmt":"2023-05-09T14:07:56","guid":{"rendered":"https:\/\/www.ladiagonale.net\/?p=12273"},"modified":"2023-05-09T16:07:58","modified_gmt":"2023-05-09T14:07:58","slug":"monaco-na-pas-encore-gagne-avec-benoit-bastien-cette-saison","status":"publish","type":"post","link":"https:\/\/www.ladiagonale.net\/index.php\/2023\/05\/09\/monaco-na-pas-encore-gagne-avec-benoit-bastien-cette-saison\/","title":{"rendered":"Monaco n&rsquo;a pas encore gagn\u00e9 avec Beno\u00eet Bastien cette saison"},"content":{"rendered":"\n\n\n<p>Dimanche (17h05), c&rsquo;est un choc pour la 4e place qui attendra l&rsquo;AS Monaco au stade Louis-II, contre Lille. \u00c0 cette occasion Beno\u00eet Bastien a \u00e9t\u00e9 d\u00e9sign\u00e9 comme arbitre central pour cette rencontre. Il sera assist\u00e9 d&rsquo;Hicham Zakrani et Aur\u00e9lien Berthomieu. Bastien Dechepy et Thierry Bouille seront les assistants vid\u00e9o.<\/p>\n\n\n\n<p>Cette saison, Monaco ne s&rsquo;est jamais impos\u00e9 lorsque Beno\u00eet Bastien \u00e9tait au sifflet. L&rsquo;ASM a r\u00e9alis\u00e9 un nul contre le PSG (1-1, le 28 ao\u00fbt), mais a perdu \u00e0 deux reprises \u00e0 chaque fois \u00e0 domicile, contre Marseille (2-3, le 13 novembre) et contre Nice (0-3, le 26 f\u00e9vrier).<\/p>\n","protected":false},"excerpt":{"rendered":"<p>Dimanche (17h05), c&rsquo;est un choc pour la 4e place qui attendra l&rsquo;AS Monaco au stade Louis-II, contre Lille. \u00c0 cette occasion Beno\u00eet Bastien a \u00e9t\u00e9 d\u00e9sign\u00e9 comme arbitre central pour cette rencontre. Il sera assist\u00e9 d&rsquo;Hicham Zakrani et Aur\u00e9lien Berthomieu. Bastien Dechepy et Thierry Bouille seront les assistants vid\u00e9o. Cette saison, Monaco ne s&rsquo;est jamais [&#8230;]\n","protected":false},"author":2,"featured_media":0,"comment_status":"open","ping_status":"open","sticky":false,"template":"","format":"standard","meta":[],"categories":[6],"tags":[156,86,302,94,511],"yoast_head":"<!-- This site is optimized with the Yoast SEO plugin v19.8 - https:\/\/yoast.com\/wordpress\/plugins\/seo\/ -->\n<title>Monaco n&#039;a pas encore gagn\u00e9 avec Beno\u00eet Bastien cette saison - La Diagonale<\/title>\n<meta name=\"robots\" content=\"index, follow, max-snippet:-1, max-image-preview:large, max-video-preview:-1\" \/>\n<link rel=\"canonical\" href=\"https:\/\/www.ladiagonale.net\/index.php\/2023\/05\/09\/monaco-na-pas-encore-gagne-avec-benoit-bastien-cette-saison\/\" \/>\n<meta property=\"og:locale\" content=\"fr_FR\" \/>\n<meta property=\"og:type\" content=\"article\" \/>\n<meta property=\"og:title\" content=\"Monaco n&#039;a pas encore gagn\u00e9 avec Beno\u00eet Bastien cette saison - La Diagonale\" \/>\n<meta property=\"og:description\" content=\"Dimanche (17h05), c&rsquo;est un choc pour la 4e place qui attendra l&rsquo;AS Monaco au stade Louis-II, contre Lille. \u00c0 cette occasion Beno\u00eet Bastien a \u00e9t\u00e9 d\u00e9sign\u00e9 comme arbitre central pour cette rencontre. Il sera assist\u00e9 d&rsquo;Hicham Zakrani et Aur\u00e9lien Berthomieu. Bastien Dechepy et Thierry Bouille seront les assistants vid\u00e9o. Cette saison, Monaco ne s&rsquo;est jamais [...]\" \/>\n<meta property=\"og:url\" content=\"https:\/\/www.ladiagonale.net\/index.php\/2023\/05\/09\/monaco-na-pas-encore-gagne-avec-benoit-bastien-cette-saison\/\" \/>\n<meta property=\"og:site_name\" content=\"La Diagonale\" \/>\n<meta property=\"article:published_time\" content=\"2023-05-09T14:07:56+00:00\" \/>\n<meta property=\"article:modified_time\" content=\"2023-05-09T14:07:58+00:00\" \/>\n<meta property=\"og:image\" content=\"https:\/\/www.ladiagonale.net\/wp-content\/uploads\/2022\/11\/bastien.png\" \/>\n\t<meta property=\"og:image:width\" content=\"1160\" \/>\n\t<meta property=\"og:image:height\" content=\"650\" \/>\n\t<meta property=\"og:image:type\" content=\"image\/png\" \/>\n<meta name=\"author\" content=\"Damien Dellerba\" \/>\n<meta name=\"twitter:card\" content=\"summary_large_image\" \/>\n<meta name=\"twitter:image\" content=\"https:\/\/www.ladiagonale.net\/wp-content\/uploads\/2022\/11\/bastien.png\" \/>\n<meta name=\"twitter:label1\" content=\"\u00c9crit par\" \/>\n\t<meta name=\"twitter:data1\" content=\"Damien Dellerba\" \/>\n\t<meta name=\"twitter:label2\" content=\"Dur\u00e9e de lecture estim\u00e9e\" \/>\n\t<meta name=\"twitter:data2\" content=\"1 minute\" \/>\n<script type=\"application\/ld+json\" class=\"yoast-schema-graph\">{\"@context\":\"https:\/\/schema.org\",\"@graph\":[{\"@type\":\"WebPage\",\"@id\":\"https:\/\/www.ladiagonale.net\/index.php\/2023\/05\/09\/monaco-na-pas-encore-gagne-avec-benoit-bastien-cette-saison\/\",\"url\":\"https:\/\/www.ladiagonale.net\/index.php\/2023\/05\/09\/monaco-na-pas-encore-gagne-avec-benoit-bastien-cette-saison\/\",\"name\":\"Monaco n'a pas encore gagn\u00e9 avec Beno\u00eet Bastien cette saison - La Diagonale\",\"isPartOf\":{\"@id\":\"https:\/\/www.ladiagonale.net\/#website\"},\"datePublished\":\"2023-05-09T14:07:56+00:00\",\"dateModified\":\"2023-05-09T14:07:58+00:00\",\"author\":{\"@id\":\"https:\/\/www.ladiagonale.net\/#\/schema\/person\/79ff1e7b0853ed01b2aa26e64ad300bf\"},\"breadcrumb\":{\"@id\":\"https:\/\/www.ladiagonale.net\/index.php\/2023\/05\/09\/monaco-na-pas-encore-gagne-avec-benoit-bastien-cette-saison\/#breadcrumb\"},\"inLanguage\":\"fr-FR\",\"potentialAction\":[{\"@type\":\"ReadAction\",\"target\":[\"https:\/\/www.ladiagonale.net\/index.php\/2023\/05\/09\/monaco-na-pas-encore-gagne-avec-benoit-bastien-cette-saison\/\"]}]},{\"@type\":\"BreadcrumbList\",\"@id\":\"https:\/\/www.ladiagonale.net\/index.php\/2023\/05\/09\/monaco-na-pas-encore-gagne-avec-benoit-bastien-cette-saison\/#breadcrumb\",\"itemListElement\":[{\"@type\":\"ListItem\",\"position\":1,\"name\":\"Accueil\",\"item\":\"https:\/\/www.ladiagonale.net\/\"},{\"@type\":\"ListItem\",\"position\":2,\"name\":\"Monaco n&rsquo;a pas encore gagn\u00e9 avec Beno\u00eet Bastien cette saison\"}]},{\"@type\":\"WebSite\",\"@id\":\"https:\/\/www.ladiagonale.net\/#website\",\"url\":\"https:\/\/www.ladiagonale.net\/\",\"name\":\"La Diagonale\",\"description\":\"Le site des supporters de l&#039;AS Monaco FC\",\"potentialAction\":[{\"@type\":\"SearchAction\",\"target\":{\"@type\":\"EntryPoint\",\"urlTemplate\":\"https:\/\/www.ladiagonale.net\/?s={search_term_string}\"},\"query-input\":\"required name=search_term_string\"}],\"inLanguage\":\"fr-FR\"},{\"@type\":\"Person\",\"@id\":\"https:\/\/www.ladiagonale.net\/#\/schema\/person\/79ff1e7b0853ed01b2aa26e64ad300bf\",\"name\":\"Damien Dellerba\",\"image\":{\"@type\":\"ImageObject\",\"inLanguage\":\"fr-FR\",\"@id\":\"https:\/\/www.ladiagonale.net\/#\/schema\/person\/image\/\",\"url\":\"https:\/\/secure.gravatar.com\/avatar\/c7850e06d3ff63cdbaee88b7fc16e2f0?s=96&d=mm&r=g\",\"contentUrl\":\"https:\/\/secure.gravatar.com\/avatar\/c7850e06d3ff63cdbaee88b7fc16e2f0?s=96&d=mm&r=g\",\"caption\":\"Damien Dellerba\"},\"url\":\"https:\/\/www.ladiagonale.net\/index.php\/author\/damien\/\"}]}<\/script>\n<!-- \/ Yoast SEO plugin. -->","yoast_head_json":{"title":"Monaco n'a pas encore gagn\u00e9 avec Beno\u00eet Bastien cette saison - La Diagonale","robots":{"index":"index","follow":"follow","max-snippet":"max-snippet:-1","max-image-preview":"max-image-preview:large","max-video-preview":"max-video-preview:-1"},"canonical":"https:\/\/www.ladiagonale.net\/index.php\/2023\/05\/09\/monaco-na-pas-encore-gagne-avec-benoit-bastien-cette-saison\/","og_locale":"fr_FR","og_type":"article","og_title":"Monaco n'a pas encore gagn\u00e9 avec Beno\u00eet Bastien cette saison - La Diagonale","og_description":"Dimanche (17h05), c&rsquo;est un choc pour la 4e place qui attendra l&rsquo;AS Monaco au stade Louis-II, contre Lille. \u00c0 cette occasion Beno\u00eet Bastien a \u00e9t\u00e9 d\u00e9sign\u00e9 comme arbitre central pour cette rencontre. Il sera assist\u00e9 d&rsquo;Hicham Zakrani et Aur\u00e9lien Berthomieu. Bastien Dechepy et Thierry Bouille seront les assistants vid\u00e9o. Cette saison, Monaco ne s&rsquo;est jamais [...]","og_url":"https:\/\/www.ladiagonale.net\/index.php\/2023\/05\/09\/monaco-na-pas-encore-gagne-avec-benoit-bastien-cette-saison\/","og_site_name":"La Diagonale","article_published_time":"2023-05-09T14:07:56+00:00","article_modified_time":"2023-05-09T14:07:58+00:00","og_image":[{"width":1160,"height":650,"url":"https:\/\/www.ladiagonale.net\/wp-content\/uploads\/2022\/11\/bastien.png","type":"image\/png"}],"author":"Damien Dellerba","twitter_card":"summary_large_image","twitter_image":"https:\/\/www.ladiagonale.net\/wp-content\/uploads\/2022\/11\/bastien.png","twitter_misc":{"\u00c9crit par":"Damien Dellerba","Dur\u00e9e de lecture estim\u00e9e":"1 minute"},"schema":{"@context":"https:\/\/schema.org","@graph":[{"@type":"WebPage","@id":"https:\/\/www.ladiagonale.net\/index.php\/2023\/05\/09\/monaco-na-pas-encore-gagne-avec-benoit-bastien-cette-saison\/","url":"https:\/\/www.ladiagonale.net\/index.php\/2023\/05\/09\/monaco-na-pas-encore-gagne-avec-benoit-bastien-cette-saison\/","name":"Monaco n'a pas encore gagn\u00e9 avec Beno\u00eet Bastien cette saison - La Diagonale","isPartOf":{"@id":"https:\/\/www.ladiagonale.net\/#website"},"datePublished":"2023-05-09T14:07:56+00:00","dateModified":"2023-05-09T14:07:58+00:00","author":{"@id":"https:\/\/www.ladiagonale.net\/#\/schema\/person\/79ff1e7b0853ed01b2aa26e64ad300bf"},"breadcrumb":{"@id":"https:\/\/www.ladiagonale.net\/index.php\/2023\/05\/09\/monaco-na-pas-encore-gagne-avec-benoit-bastien-cette-saison\/#breadcrumb"},"inLanguage":"fr-FR","potentialAction":[{"@type":"ReadAction","target":["https:\/\/www.ladiagonale.net\/index.php\/2023\/05\/09\/monaco-na-pas-encore-gagne-avec-benoit-bastien-cette-saison\/"]}]},{"@type":"BreadcrumbList","@id":"https:\/\/www.ladiagonale.net\/index.php\/2023\/05\/09\/monaco-na-pas-encore-gagne-avec-benoit-bastien-cette-saison\/#breadcrumb","itemListElement":[{"@type":"ListItem","position":1,"name":"Accueil","item":"https:\/\/www.ladiagonale.net\/"},{"@type":"ListItem","position":2,"name":"Monaco n&rsquo;a pas encore gagn\u00e9 avec Beno\u00eet Bastien cette saison"}]},{"@type":"WebSite","@id":"https:\/\/www.ladiagonale.net\/#website","url":"https:\/\/www.ladiagonale.net\/","name":"La Diagonale","description":"Le site des supporters de l&#039;AS Monaco FC","potentialAction":[{"@type":"SearchAction","target":{"@type":"EntryPoint","urlTemplate":"https:\/\/www.ladiagonale.net\/?s={search_term_string}"},"query-input":"required name=search_term_string"}],"inLanguage":"fr-FR"},{"@type":"Person","@id":"https:\/\/www.ladiagonale.net\/#\/schema\/person\/79ff1e7b0853ed01b2aa26e64ad300bf","name":"Damien Dellerba","image":{"@type":"ImageObject","inLanguage":"fr-FR","@id":"https:\/\/www.ladiagonale.net\/#\/schema\/person\/image\/","url":"https:\/\/secure.gravatar.com\/avatar\/c7850e06d3ff63cdbaee88b7fc16e2f0?s=96&d=mm&r=g","contentUrl":"https:\/\/secure.gravatar.com\/avatar\/c7850e06d3ff63cdbaee88b7fc16e2f0?s=96&d=mm&r=g","caption":"Damien Dellerba"},"url":"https:\/\/www.ladiagonale.net\/index.php\/author\/damien\/"}]}},"_links":{"self":[{"href":"https:\/\/www.ladiagonale.net\/index.php\/wp-json\/wp\/v2\/posts\/12273"}],"collection":[{"href":"https:\/\/www.ladiagonale.net\/index.php\/wp-json\/wp\/v2\/posts"}],"about":[{"href":"https:\/\/www.ladiagonale.net\/index.php\/wp-json\/wp\/v2\/types\/post"}],"author":[{"embeddable":true,"href":"https:\/\/www.ladiagonale.net\/index.php\/wp-json\/wp\/v2\/users\/2"}],"replies":[{"embeddable":true,"href":"https:\/\/www.ladiagonale.net\/index.php\/wp-json\/wp\/v2\/comments?post=12273"}],"version-history":[{"count":1,"href":"https:\/\/www.ladiagonale.net\/index.php\/wp-json\/wp\/v2\/posts\/12273\/revisions"}],"predecessor-version":[{"id":12274,"href":"https:\/\/www.ladiagonale.net\/index.php\/wp-json\/wp\/v2\/posts\/12273\/revisions\/12274"}],"wp:attachment":[{"href":"https:\/\/www.ladiagonale.net\/index.php\/wp-json\/wp\/v2\/media?parent=12273"}],"wp:term":[{"taxonomy":"category","embeddable":true,"href":"https:\/\/www.ladiagonale.net\/index.php\/wp-json\/wp\/v2\/categories?post=12273"},{"taxonomy":"post_tag","embeddable":true,"href":"https:\/\/www.ladiagonale.net\/index.php\/wp-json\/wp\/v2\/tags?post=12273"}],"curies":[{"name":"wp","href":"https:\/\/api.w.org\/{rel}","templated":true}]}}