{"id":12279,"date":"2023-05-09T17:46:31","date_gmt":"2023-05-09T15:46:31","guid":{"rendered":"https:\/\/www.ladiagonale.net\/?p=12279"},"modified":"2023-05-09T17:46:35","modified_gmt":"2023-05-09T15:46:35","slug":"nonda-au-debut-on-ma-demande-de-faire-du-trezeguet","status":"publish","type":"post","link":"https:\/\/www.ladiagonale.net\/index.php\/2023\/05\/09\/nonda-au-debut-on-ma-demande-de-faire-du-trezeguet\/","title":{"rendered":"Nonda : \u00ab\u00a0Au d\u00e9but, on m\u2019a demand\u00e9 de faire du Trezeguet\u00a0\u00bb"},"content":{"rendered":"\n\n\n<p>Shabani Nonda fait partie des attaquants marquants des vingt derni\u00e8res ann\u00e9es \u00e0 l\u2019AS Monaco. Arriv\u00e9 \u00e0 l\u2019\u00e9t\u00e9 2000 pour remplacer David Trezeguet, pour une somme record pour l&rsquo;\u00e9poque (entre 130 et 140 millions de francs, <em>ndlr<\/em>), l\u2019attaquant congolais a pourtant eu du mal \u00e0 s\u2019adapter la premi\u00e8re saison, comme il l\u2019a conc\u00e9d\u00e9 dans un entretien fleuve accord\u00e9 au site <em><a href=\"https:\/\/www.ligue1.fr\/Articles\/Interviews\/2023\/04\/04\/itw-nonda-retro-saison-0203\">ligue1.fr<\/a><\/em> : \u00ab&nbsp;<em>Avoir cette chance de remplacer un champion du monde et d\u2019Europe en arrivant \u00e0 Monaco, je l\u2019ai pris comme une reconnaissance de mes progr\u00e8s depuis la Suisse. D\u2019un autre c\u00f4t\u00e9, c\u2019\u00e9tait aussi une pression d\u2019arriver dans une \u00e9quipe qui tournait tr\u00e8s bien. Il me fallait montrer que j\u2019\u00e9tais \u00e0 la hauteur. Car Monaco comptait beaucoup d\u2019internationaux. En arrivant tout de m\u00eame de Rennes, j\u2019ai rapidement vu le niveau de joueurs comme Simone, qui a connu le grand AC Milan, de Gallardo ou encore Giuly\u2026&nbsp;<\/em>\u00bb<\/p>\n\n\n\n<p>Pour l\u2019ancien mon\u00e9gasque, les raisons sont simples \u00e0 comprendre : \u00ab&nbsp;<em>\u00c0 mon arriv\u00e9e, on m\u2019a demand\u00e9 de faire du copier-coller. C\u2019est-\u00e0-dire de rester fix\u00e9 devant pour faire du Trezeguet. C\u2019\u00e9tait la premi\u00e8re fois de ma carri\u00e8re que l\u2019on me demandait d\u2019\u00eatre un point fixe. De ne pas trop bouger. Car jusque-l\u00e0, je me consid\u00e9rais plus comme un deuxi\u00e8me attaquant. J\u2019\u00e9tais libre de m\u2019exprimer, de redescendre, d\u2019aller sur les c\u00f4t\u00e9s\u2026sans doute parce que plus jeune je n\u2019ai pas toujours \u00e9volu\u00e9 \u00e0 ce poste. Donc on me disait&nbsp;:<\/em> \u00ab Tu ne bouges pas, les autres joueurs vont t\u2019alimenter&nbsp;\u00bb. <em>Au fond de moi, je ne voulais pas attendre qu\u2019on m\u2019alimente&nbsp;! Cela me perturbait. C\u2019est certainement la raison pour laquelle ma premi\u00e8re saison a \u00e9t\u00e9 un peu difficile (12 buts en 2001-2002).<\/em>&nbsp;\u00bb<\/p>\n\n\n\n<h4 class=\"has-vivid-red-color has-text-color\" style=\"font-style:normal;font-weight:400;text-transform:uppercase\">Deschamps en a fait un \u00ab&nbsp;<em>killer<\/em>&nbsp;\u00bb<\/h4>\n\n\n\n<p>Les choses vont s\u2019am\u00e9liorer notamment gr\u00e2ce \u00e0 Didier Deschamps, arriv\u00e9 lors de la saison 2001-2002 pour sa toute premi\u00e8re saison en tant qu\u2019entra\u00eeneur, m\u00eame si celle-ci sera tr\u00e8s mauvaise d\u2019un point de vue collectif : \u00ab&nbsp;<em>Didier avait compris quel \u00e9tait mon style et comment je pouvais m\u2019exprimer le mieux. Dans son syst\u00e8me en 4-4-2, il y avait donc deux attaquants, ce qui me donnait la possibilit\u00e9 de redescendre, de servir d\u2019appui sans \u00eatre oblig\u00e9 de rester immobile devant. L\u2019association avec Dado Prso \u00e9tait bonne. Lui aussi aimait bien sa libert\u00e9. Avec des joueurs de couloirs comme Giuly et Rothen, je pouvais prendre la profondeur, \u00e7a fonctionnait tr\u00e8s bien avec beaucoup de complicit\u00e9.<\/em>&nbsp;\u00bb<\/p>\n\n\n\n<p>La deuxi\u00e8me (2002-2003, <em>ndlr<\/em>) sera heureusement bien meilleure : \u00ab&nbsp;<em>Didier Deschamps y est pour beaucoup. Il entamait sa deuxi\u00e8me saison de jeune entra\u00eeneur. Il savait galvaniser l\u2019\u00e9quipe, nous faire travailler. Il a transmis cet \u00e9tat d\u2019esprit du haut niveau<\/em>&nbsp;\u00bb. Et pour Nonda, la transformation ne se fait pas attendre : \u00ab&nbsp;<em>Je savais que j\u2019avais des qualit\u00e9s de buteur mais si je suis devenu en quelque sorte un \u00ab&nbsp;killer&nbsp;\u00bb devant le but, c\u2019est clairement gr\u00e2ce \u00e0 lui. Ses conseils ont r\u00e9v\u00e9l\u00e9 \u00e7a en moi. Gr\u00e2ce \u00e0 notre travail ensemble, une ou deux occasions me suffisaient pour r\u00e9ussir \u00e0 marquer. Avant, je n\u2019avais pas cette qualit\u00e9, cette hargne de vouloir toujours marquer.<\/em>&nbsp;\u00bb<\/p>\n\n\n\n<p class=\"has-white-color has-text-color has-background\" style=\"background-color:#303030\">Lire aussi : <a href=\"https:\/\/www.ladiagonale.net\/index.php\/2022\/08\/13\/shaba-le-dernier-roi\/\">Shaba, le dernier roi<\/a><\/p>\n\n\n\n<p>Il sera d\u2019ailleurs r\u00e9compens\u00e9 du titre de meilleur buteur cette saison l\u00e0, avec 26 unit\u00e9s, devant Pauleta, l\u2019attaquant phare du PSG, bien aid\u00e9 par ses co\u00e9quipiers, comme il l\u2019a reconnu : \u00ab&nbsp;<em>J\u2019avais toute l\u2019\u00e9quipe derri\u00e8re moi pour m\u2019aider \u00e0 marquer et battre Pauleta. Cela m\u2019a facilit\u00e9 la t\u00e2che dans ce duel (Nonda a inscrit 9 buts lors des 6 derniers matchs). Nous n\u2019en avons jamais parl\u00e9, mais je le sentais sur le terrain. Certaines fois, je voyais que les gars me cherchaient au lieu de tirer directement.<\/em>&nbsp;\u00bb<\/p>\n\n\n\n<blockquote class=\"wp-block-quote\" style=\"font-size:15px\"><p>\u00ab Je consid\u00e8re que l&rsquo;AS Monaco \u00e9tait meilleure que l&rsquo;OL \u00bb<\/p><cite><strong>Shabani Nonda, \u00e0 propos du duel face \u00e0 Lyon au d\u00e9but des ann\u00e9es 2000<\/strong><\/cite><\/blockquote>\n\n\n\n<p>Si Shabani Nonda a pu finir meilleur buteur de Ligue 1 sur cette saison 2002-2003, il n&rsquo;aura pas eu le plaisir de c\u00e9l\u00e9brer un titre de champion de France, et il en conserve des regrets : \u00ab\u00a0<em>Ce n\u2019\u00e9tait pas juste\u00a0! Dans nos t\u00eates, nous \u00e9tions nous aussi un peu les champions. C\u2019\u00e9tait dur \u00e0 accepter\u2026D\u2019autant plus que nous avions gagn\u00e9 les deux confrontations directes face \u00e0 Lyon (1-3, 2-0). Mais la d\u00e9faite \u00e0 Guingamp nous a fait du mal (3-1 en J37)\u2026 Elle avait eu lieu trois jours apr\u00e8s la finale de la Coupe de la Ligue gagn\u00e9e contre Sochaux (4-1). Nous ne l\u2019avions pas vraiment f\u00eat\u00e9, mais nous ne pouvions pas nous emp\u00eacher de la savourer\u2026<\/em>\u00a0\u00bb<\/p>\n\n\n\n<p>Si l\u2019OL a pu lancer sa s\u00e9rie de titres au d\u00e9but des ann\u00e9es 2000, Nonda consid\u00e8re que la meilleure \u00e9quipe de France \u00e9tait bien l\u2019ASM : \u00a0\u00ab\u00a0<em>D\u00e9j\u00e0, la saison pr\u00e9c\u00e9dente (en r\u00e9alit\u00e9 en 2000\/01), l\u2019OL nous avait piqu\u00e9 la Coupe de la Ligue (2-1, a.p.). Sonny Anderson nous avait remis \u00e0 notre place, car on se voyait d\u00e9j\u00e0 avec la Coupe. Alors cette saison (02\/03), nous \u00e9tions d\u00e9termin\u00e9s pour leur prendre le titre. Nous n\u2019avions pas dig\u00e9r\u00e9 cette d\u00e9faite en finale. Je ne sais pas pourquoi, mais sur ces saisons je consid\u00e8re que l\u2019AS Monaco \u00e9tait meilleur que l\u2019OL. Que l\u2019on avait un meilleur groupe.<\/em>\u00a0\u00bb<\/p>\n","protected":false},"excerpt":{"rendered":"<p>Shabani Nonda fait partie des attaquants marquants des vingt derni\u00e8res ann\u00e9es \u00e0 l\u2019AS Monaco. Arriv\u00e9 \u00e0 l\u2019\u00e9t\u00e9 2000 pour remplacer David Trezeguet, pour une somme record pour l&rsquo;\u00e9poque (entre 130 et 140 millions de francs, ndlr), l\u2019attaquant congolais a pourtant eu du mal \u00e0 s\u2019adapter la premi\u00e8re saison, comme il l\u2019a conc\u00e9d\u00e9 dans un entretien [&#8230;]\n","protected":false},"author":2,"featured_media":0,"comment_status":"open","ping_status":"open","sticky":false,"template":"","format":"standard","meta":[],"categories":[6],"tags":[255,86,247,530],"yoast_head":"<!-- This site is optimized with the Yoast SEO plugin v19.8 - https:\/\/yoast.com\/wordpress\/plugins\/seo\/ -->\n<title>Nonda : \u00ab\u00a0Au d\u00e9but, on m\u2019a demand\u00e9 de faire du Trezeguet\u00a0\u00bb - La Diagonale<\/title>\n<meta name=\"robots\" content=\"index, follow, max-snippet:-1, max-image-preview:large, max-video-preview:-1\" \/>\n<link rel=\"canonical\" href=\"https:\/\/www.ladiagonale.net\/index.php\/2023\/05\/09\/nonda-au-debut-on-ma-demande-de-faire-du-trezeguet\/\" \/>\n<meta property=\"og:locale\" content=\"fr_FR\" \/>\n<meta property=\"og:type\" content=\"article\" \/>\n<meta property=\"og:title\" content=\"Nonda : \u00ab\u00a0Au d\u00e9but, on m\u2019a demand\u00e9 de faire du Trezeguet\u00a0\u00bb - La Diagonale\" \/>\n<meta property=\"og:description\" content=\"Shabani Nonda fait partie des attaquants marquants des vingt derni\u00e8res ann\u00e9es \u00e0 l\u2019AS Monaco. Arriv\u00e9 \u00e0 l\u2019\u00e9t\u00e9 2000 pour remplacer David Trezeguet, pour une somme record pour l&rsquo;\u00e9poque (entre 130 et 140 millions de francs, ndlr), l\u2019attaquant congolais a pourtant eu du mal \u00e0 s\u2019adapter la premi\u00e8re saison, comme il l\u2019a conc\u00e9d\u00e9 dans un entretien [...]\" \/>\n<meta property=\"og:url\" content=\"https:\/\/www.ladiagonale.net\/index.php\/2023\/05\/09\/nonda-au-debut-on-ma-demande-de-faire-du-trezeguet\/\" \/>\n<meta property=\"og:site_name\" content=\"La Diagonale\" \/>\n<meta property=\"article:published_time\" content=\"2023-05-09T15:46:31+00:00\" \/>\n<meta property=\"article:modified_time\" content=\"2023-05-09T15:46:35+00:00\" \/>\n<meta property=\"og:image\" content=\"https:\/\/www.ladiagonale.net\/wp-content\/uploads\/2022\/08\/nonda.png\" \/>\n\t<meta property=\"og:image:width\" content=\"1160\" \/>\n\t<meta property=\"og:image:height\" content=\"650\" \/>\n\t<meta property=\"og:image:type\" content=\"image\/png\" \/>\n<meta name=\"author\" content=\"Damien Dellerba\" \/>\n<meta name=\"twitter:card\" content=\"summary_large_image\" \/>\n<meta name=\"twitter:image\" content=\"https:\/\/www.ladiagonale.net\/wp-content\/uploads\/2022\/08\/nonda.png\" \/>\n<meta name=\"twitter:label1\" content=\"\u00c9crit par\" \/>\n\t<meta name=\"twitter:data1\" content=\"Damien Dellerba\" \/>\n\t<meta name=\"twitter:label2\" content=\"Dur\u00e9e de lecture estim\u00e9e\" \/>\n\t<meta name=\"twitter:data2\" content=\"5 minutes\" \/>\n<script type=\"application\/ld+json\" class=\"yoast-schema-graph\">{\"@context\":\"https:\/\/schema.org\",\"@graph\":[{\"@type\":\"WebPage\",\"@id\":\"https:\/\/www.ladiagonale.net\/index.php\/2023\/05\/09\/nonda-au-debut-on-ma-demande-de-faire-du-trezeguet\/\",\"url\":\"https:\/\/www.ladiagonale.net\/index.php\/2023\/05\/09\/nonda-au-debut-on-ma-demande-de-faire-du-trezeguet\/\",\"name\":\"Nonda : \u00ab\u00a0Au d\u00e9but, on m\u2019a demand\u00e9 de faire du Trezeguet\u00a0\u00bb - La Diagonale\",\"isPartOf\":{\"@id\":\"https:\/\/www.ladiagonale.net\/#website\"},\"datePublished\":\"2023-05-09T15:46:31+00:00\",\"dateModified\":\"2023-05-09T15:46:35+00:00\",\"author\":{\"@id\":\"https:\/\/www.ladiagonale.net\/#\/schema\/person\/79ff1e7b0853ed01b2aa26e64ad300bf\"},\"breadcrumb\":{\"@id\":\"https:\/\/www.ladiagonale.net\/index.php\/2023\/05\/09\/nonda-au-debut-on-ma-demande-de-faire-du-trezeguet\/#breadcrumb\"},\"inLanguage\":\"fr-FR\",\"potentialAction\":[{\"@type\":\"ReadAction\",\"target\":[\"https:\/\/www.ladiagonale.net\/index.php\/2023\/05\/09\/nonda-au-debut-on-ma-demande-de-faire-du-trezeguet\/\"]}]},{\"@type\":\"BreadcrumbList\",\"@id\":\"https:\/\/www.ladiagonale.net\/index.php\/2023\/05\/09\/nonda-au-debut-on-ma-demande-de-faire-du-trezeguet\/#breadcrumb\",\"itemListElement\":[{\"@type\":\"ListItem\",\"position\":1,\"name\":\"Accueil\",\"item\":\"https:\/\/www.ladiagonale.net\/\"},{\"@type\":\"ListItem\",\"position\":2,\"name\":\"Nonda : \u00ab\u00a0Au d\u00e9but, on m\u2019a demand\u00e9 de faire du Trezeguet\u00a0\u00bb\"}]},{\"@type\":\"WebSite\",\"@id\":\"https:\/\/www.ladiagonale.net\/#website\",\"url\":\"https:\/\/www.ladiagonale.net\/\",\"name\":\"La Diagonale\",\"description\":\"Le site des supporters de l&#039;AS Monaco FC\",\"potentialAction\":[{\"@type\":\"SearchAction\",\"target\":{\"@type\":\"EntryPoint\",\"urlTemplate\":\"https:\/\/www.ladiagonale.net\/?s={search_term_string}\"},\"query-input\":\"required name=search_term_string\"}],\"inLanguage\":\"fr-FR\"},{\"@type\":\"Person\",\"@id\":\"https:\/\/www.ladiagonale.net\/#\/schema\/person\/79ff1e7b0853ed01b2aa26e64ad300bf\",\"name\":\"Damien Dellerba\",\"image\":{\"@type\":\"ImageObject\",\"inLanguage\":\"fr-FR\",\"@id\":\"https:\/\/www.ladiagonale.net\/#\/schema\/person\/image\/\",\"url\":\"https:\/\/secure.gravatar.com\/avatar\/c7850e06d3ff63cdbaee88b7fc16e2f0?s=96&d=mm&r=g\",\"contentUrl\":\"https:\/\/secure.gravatar.com\/avatar\/c7850e06d3ff63cdbaee88b7fc16e2f0?s=96&d=mm&r=g\",\"caption\":\"Damien Dellerba\"},\"url\":\"https:\/\/www.ladiagonale.net\/index.php\/author\/damien\/\"}]}<\/script>\n<!-- \/ Yoast SEO plugin. -->","yoast_head_json":{"title":"Nonda : \u00ab\u00a0Au d\u00e9but, on m\u2019a demand\u00e9 de faire du Trezeguet\u00a0\u00bb - La Diagonale","robots":{"index":"index","follow":"follow","max-snippet":"max-snippet:-1","max-image-preview":"max-image-preview:large","max-video-preview":"max-video-preview:-1"},"canonical":"https:\/\/www.ladiagonale.net\/index.php\/2023\/05\/09\/nonda-au-debut-on-ma-demande-de-faire-du-trezeguet\/","og_locale":"fr_FR","og_type":"article","og_title":"Nonda : \u00ab\u00a0Au d\u00e9but, on m\u2019a demand\u00e9 de faire du Trezeguet\u00a0\u00bb - La Diagonale","og_description":"Shabani Nonda fait partie des attaquants marquants des vingt derni\u00e8res ann\u00e9es \u00e0 l\u2019AS Monaco. Arriv\u00e9 \u00e0 l\u2019\u00e9t\u00e9 2000 pour remplacer David Trezeguet, pour une somme record pour l&rsquo;\u00e9poque (entre 130 et 140 millions de francs, ndlr), l\u2019attaquant congolais a pourtant eu du mal \u00e0 s\u2019adapter la premi\u00e8re saison, comme il l\u2019a conc\u00e9d\u00e9 dans un entretien [...]","og_url":"https:\/\/www.ladiagonale.net\/index.php\/2023\/05\/09\/nonda-au-debut-on-ma-demande-de-faire-du-trezeguet\/","og_site_name":"La Diagonale","article_published_time":"2023-05-09T15:46:31+00:00","article_modified_time":"2023-05-09T15:46:35+00:00","og_image":[{"width":1160,"height":650,"url":"https:\/\/www.ladiagonale.net\/wp-content\/uploads\/2022\/08\/nonda.png","type":"image\/png"}],"author":"Damien Dellerba","twitter_card":"summary_large_image","twitter_image":"https:\/\/www.ladiagonale.net\/wp-content\/uploads\/2022\/08\/nonda.png","twitter_misc":{"\u00c9crit par":"Damien Dellerba","Dur\u00e9e de lecture estim\u00e9e":"5 minutes"},"schema":{"@context":"https:\/\/schema.org","@graph":[{"@type":"WebPage","@id":"https:\/\/www.ladiagonale.net\/index.php\/2023\/05\/09\/nonda-au-debut-on-ma-demande-de-faire-du-trezeguet\/","url":"https:\/\/www.ladiagonale.net\/index.php\/2023\/05\/09\/nonda-au-debut-on-ma-demande-de-faire-du-trezeguet\/","name":"Nonda : \u00ab\u00a0Au d\u00e9but, on m\u2019a demand\u00e9 de faire du Trezeguet\u00a0\u00bb - La Diagonale","isPartOf":{"@id":"https:\/\/www.ladiagonale.net\/#website"},"datePublished":"2023-05-09T15:46:31+00:00","dateModified":"2023-05-09T15:46:35+00:00","author":{"@id":"https:\/\/www.ladiagonale.net\/#\/schema\/person\/79ff1e7b0853ed01b2aa26e64ad300bf"},"breadcrumb":{"@id":"https:\/\/www.ladiagonale.net\/index.php\/2023\/05\/09\/nonda-au-debut-on-ma-demande-de-faire-du-trezeguet\/#breadcrumb"},"inLanguage":"fr-FR","potentialAction":[{"@type":"ReadAction","target":["https:\/\/www.ladiagonale.net\/index.php\/2023\/05\/09\/nonda-au-debut-on-ma-demande-de-faire-du-trezeguet\/"]}]},{"@type":"BreadcrumbList","@id":"https:\/\/www.ladiagonale.net\/index.php\/2023\/05\/09\/nonda-au-debut-on-ma-demande-de-faire-du-trezeguet\/#breadcrumb","itemListElement":[{"@type":"ListItem","position":1,"name":"Accueil","item":"https:\/\/www.ladiagonale.net\/"},{"@type":"ListItem","position":2,"name":"Nonda : \u00ab\u00a0Au d\u00e9but, on m\u2019a demand\u00e9 de faire du Trezeguet\u00a0\u00bb"}]},{"@type":"WebSite","@id":"https:\/\/www.ladiagonale.net\/#website","url":"https:\/\/www.ladiagonale.net\/","name":"La Diagonale","description":"Le site des supporters de l&#039;AS Monaco FC","potentialAction":[{"@type":"SearchAction","target":{"@type":"EntryPoint","urlTemplate":"https:\/\/www.ladiagonale.net\/?s={search_term_string}"},"query-input":"required name=search_term_string"}],"inLanguage":"fr-FR"},{"@type":"Person","@id":"https:\/\/www.ladiagonale.net\/#\/schema\/person\/79ff1e7b0853ed01b2aa26e64ad300bf","name":"Damien Dellerba","image":{"@type":"ImageObject","inLanguage":"fr-FR","@id":"https:\/\/www.ladiagonale.net\/#\/schema\/person\/image\/","url":"https:\/\/secure.gravatar.com\/avatar\/c7850e06d3ff63cdbaee88b7fc16e2f0?s=96&d=mm&r=g","contentUrl":"https:\/\/secure.gravatar.com\/avatar\/c7850e06d3ff63cdbaee88b7fc16e2f0?s=96&d=mm&r=g","caption":"Damien Dellerba"},"url":"https:\/\/www.ladiagonale.net\/index.php\/author\/damien\/"}]}},"_links":{"self":[{"href":"https:\/\/www.ladiagonale.net\/index.php\/wp-json\/wp\/v2\/posts\/12279"}],"collection":[{"href":"https:\/\/www.ladiagonale.net\/index.php\/wp-json\/wp\/v2\/posts"}],"about":[{"href":"https:\/\/www.ladiagonale.net\/index.php\/wp-json\/wp\/v2\/types\/post"}],"author":[{"embeddable":true,"href":"https:\/\/www.ladiagonale.net\/index.php\/wp-json\/wp\/v2\/users\/2"}],"replies":[{"embeddable":true,"href":"https:\/\/www.ladiagonale.net\/index.php\/wp-json\/wp\/v2\/comments?post=12279"}],"version-history":[{"count":4,"href":"https:\/\/www.ladiagonale.net\/index.php\/wp-json\/wp\/v2\/posts\/12279\/revisions"}],"predecessor-version":[{"id":12283,"href":"https:\/\/www.ladiagonale.net\/index.php\/wp-json\/wp\/v2\/posts\/12279\/revisions\/12283"}],"wp:attachment":[{"href":"https:\/\/www.ladiagonale.net\/index.php\/wp-json\/wp\/v2\/media?parent=12279"}],"wp:term":[{"taxonomy":"category","embeddable":true,"href":"https:\/\/www.ladiagonale.net\/index.php\/wp-json\/wp\/v2\/categories?post=12279"},{"taxonomy":"post_tag","embeddable":true,"href":"https:\/\/www.ladiagonale.net\/index.php\/wp-json\/wp\/v2\/tags?post=12279"}],"curies":[{"name":"wp","href":"https:\/\/api.w.org\/{rel}","templated":true}]}}