{"id":12300,"date":"2023-05-11T18:53:49","date_gmt":"2023-05-11T16:53:49","guid":{"rendered":"https:\/\/www.ladiagonale.net\/?p=12300"},"modified":"2023-05-11T18:53:51","modified_gmt":"2023-05-11T16:53:51","slug":"de-maesschalck-nous-avons-un-projet-de-plus-en-plus-clair","status":"publish","type":"post","link":"https:\/\/www.ladiagonale.net\/index.php\/2023\/05\/11\/de-maesschalck-nous-avons-un-projet-de-plus-en-plus-clair\/","title":{"rendered":"De Maesschalck : \u00ab\u00a0Nous avons un projet de plus en plus clair\u00a0\u00bb"},"content":{"rendered":"\n\n\n<p>Apr\u00e8s la victoire de l\u2019AS Monaco en Coupe Gambardella contre Clermont (4-2, le 29 avril), Pascal de Maesschalck, le directeur du d\u00e9veloppement des jeunes joueurs de l\u2019AS Monaco, a accord\u00e9 un entretien au site <em>foot-national.com<\/em>. Il est notamment revenu sur cette victoire qui fait la fiert\u00e9 des \u00e9quipes \u00e0 l\u2019ASM : \u00ab\u00a0<em>Tout le personnel est tr\u00e8s fier de cette victoire et de tout le travail r\u00e9alis\u00e9 par les jeunes. \u00c7a a \u00e9t\u00e9 un grand parcours, avec des matchs compliqu\u00e9s dans des stades pleins \u00e0 Nantes, \u00e0 Rouen, \u00e0 Pau, \u2026 C\u2019\u00e9tait vraiment un beau parcours, bien guid\u00e9 par deux personnes tr\u00e8s exp\u00e9riment\u00e9es et qui connaissent tr\u00e8s bien la maison.<\/em>\u00a0\u00bb<\/p>\n\n\n\n<p>Le Belge a notamment \u00e9voqu\u00e9 les deux formateurs, Fr\u00e9d\u00e9ric Barilaro et Manu Dos Santos, qui ont men\u00e9 cette \u00e9quipe au succ\u00e8s : \u00ab\u00a0<em>Les deux sont compl\u00e9mentaires, m\u00eame dans la formation. Par exemple pour les jeunes joueurs qui arrivent d\u2019un club amateur ou d\u2019un p\u00f4le espoir, avoir quelqu\u2019un comme Manu, tr\u00e8s bon dans la tactique et qui sait bien s\u2019exprimer pour aider les jeunes \u00e0 jouer avec nos principes de jeu, c\u2019est top. Et puis il y a \u00ab\u00a0Bari\u00a0\u00bb (Fr\u00e9d\u00e9ric Barilaro, ndlr), qui prolonge le travail tactiquement mais aussi mentalement, qui se montre tr\u00e8s juste dans les valeurs. Lui exprime encore plus Monaco, parce qu\u2019il est Mon\u00e9gasque, qu\u2019il conna\u00eet le jeu et le club par c\u0153ur, dans tous les d\u00e9tails. Il a \u00e9galement connu et construit le succ\u00e8s de cette Academy. C\u2019est tr\u00e8s important d\u2019avoir des ic\u00f4nes de notre club.<\/em>\u00a0\u00bb<\/p>\n\n\n\n<p>Si De Maesschalck reconna\u00eet ne pas faire de la Coupe Gambardella une priorit\u00e9 pour l\u2019Academy, il a cependant remarqu\u00e9 l\u2019importance de cette comp\u00e9tition dans l\u2019esprit des jeunes joueurs mon\u00e9gasques : \u00ab\u00a0<em>Non, ce n\u2019est pas un objectif. Mais depuis mon arriv\u00e9e au club il y a deux ans, je ressens l\u2019importance de cette comp\u00e9tition ici. Tout le monde veut jouer la Gambardella\u00a0! \u00c0 chaque d\u00e9but de semaine qui pr\u00e9c\u00e8de un match de Gambardella, les joueurs sont encore plus motiv\u00e9s. On n\u2019a m\u00eame pas besoin de motiver les joueurs, on n\u2019a rien \u00e0 dire. Un joueur de l\u2019AS Monaco veut remporter tous les matchs, mais encore plus une rencontre de Gambardella, \u00e7a c\u2019est clair.<\/em>\u00a0\u00bb<\/p>\n\n\n\n<h4 class=\"has-vivid-red-color has-text-color\" style=\"font-style:normal;font-weight:400;text-transform:uppercase\">\u00catre pr\u00eat \u00e0 jouer en pro de plus en plus t\u00f4t<\/h4>\n\n\n\n<p>Si gagner la Coupe Gambardella n\u2019\u00e9tait pas un objectif, le dirigeant mon\u00e9gasque est heureux de voir le projet de formation de l\u2019AS Monaco prendre de plus en plus de poids : \u00ab\u00a0<em>L\u2019important est de former des joueurs pour \u00e9voluer avec l\u2019\u00e9quipe professionnelle. C\u2019est ce qu\u2019on a fait avec Eliesse Ben Seghir, Edan Diop, Soungoutou Magassa, \u2026 Nous avons un projet de plus en plus clair. Je pense que nous avons \u00e0 la fois le talent, un staff comp\u00e9tent et une politique qui favorise la transition entre l\u2019Academy et les pros. Tout est en place pour perdurer l&rsquo;histoire que l\u2019AS Monaco a d\u00e9j\u00e0 su cr\u00e9er par le pass\u00e9. L\u2019ASM a toujours \u00e9t\u00e9 un club formateur. En vue de la saison 2023-2024, nous avons les moyens de nous adapter au contexte de cette \u00e9poque.<\/em>\u00a0\u00bb<\/p>\n\n\n\n<p>Et dans cette adaptation \u00e0 l\u2019\u00e9poque, cela implique d\u2019avoir des jeunes joueurs pr\u00eats de plus en plus t\u00f4t : \u00ab\u00a0<em>En France aujourd\u2019hui, les joueurs sont de plus en plus jeunes lorsqu\u2019ils d\u00e9marrent en professionnel, que ce soit en Ligue 1 ou en Ligue 2. Compar\u00e9 \u00e0 ce qui se faisait il y a cinq ou dix saisons, nous avons d\u00e9sormais moins le temps. C\u2019est-\u00e0-dire que le jeune doit \u00eatre tr\u00e8s pr\u00e9cis dans tous les choix qu\u2019il fait. Ils sont plus rapidement adultes qu\u2019auparavant. S\u2019ils sont capables de prendre les choix qui leur permettent de devenir professionnels, plus vite ils seront capables de le devenir. Aujourd\u2019hui \u00e0 18-19 ans, il faut \u00eatre pr\u00eat \u00e0 jouer en \u00e9quipe premi\u00e8re. \u00c7a va vite, hein\u00a0\u2026<\/em>\u00a0\u00bb<\/p>\n","protected":false},"excerpt":{"rendered":"<p>Apr\u00e8s la victoire de l\u2019AS Monaco en Coupe Gambardella contre Clermont (4-2, le 29 avril), Pascal de Maesschalck, le directeur du d\u00e9veloppement des jeunes joueurs de l\u2019AS Monaco, a accord\u00e9 un entretien au site foot-national.com. Il est notamment revenu sur cette victoire qui fait la fiert\u00e9 des \u00e9quipes \u00e0 l\u2019ASM : \u00ab\u00a0Tout le personnel est [&#8230;]\n","protected":false},"author":2,"featured_media":0,"comment_status":"open","ping_status":"open","sticky":false,"template":"","format":"standard","meta":[],"categories":[6],"tags":[76,86,310],"yoast_head":"<!-- This site is optimized with the Yoast SEO plugin v19.8 - https:\/\/yoast.com\/wordpress\/plugins\/seo\/ -->\n<title>De Maesschalck : \u00ab\u00a0Nous avons un projet de plus en plus clair\u00a0\u00bb - La Diagonale<\/title>\n<meta name=\"robots\" content=\"index, follow, max-snippet:-1, max-image-preview:large, max-video-preview:-1\" \/>\n<link rel=\"canonical\" href=\"https:\/\/www.ladiagonale.net\/index.php\/2023\/05\/11\/de-maesschalck-nous-avons-un-projet-de-plus-en-plus-clair\/\" \/>\n<meta property=\"og:locale\" content=\"fr_FR\" \/>\n<meta property=\"og:type\" content=\"article\" \/>\n<meta property=\"og:title\" content=\"De Maesschalck : \u00ab\u00a0Nous avons un projet de plus en plus clair\u00a0\u00bb - La Diagonale\" \/>\n<meta property=\"og:description\" content=\"Apr\u00e8s la victoire de l\u2019AS Monaco en Coupe Gambardella contre Clermont (4-2, le 29 avril), Pascal de Maesschalck, le directeur du d\u00e9veloppement des jeunes joueurs de l\u2019AS Monaco, a accord\u00e9 un entretien au site foot-national.com. Il est notamment revenu sur cette victoire qui fait la fiert\u00e9 des \u00e9quipes \u00e0 l\u2019ASM : \u00ab\u00a0Tout le personnel est [...]\" \/>\n<meta property=\"og:url\" content=\"https:\/\/www.ladiagonale.net\/index.php\/2023\/05\/11\/de-maesschalck-nous-avons-un-projet-de-plus-en-plus-clair\/\" \/>\n<meta property=\"og:site_name\" content=\"La Diagonale\" \/>\n<meta property=\"article:published_time\" content=\"2023-05-11T16:53:49+00:00\" \/>\n<meta property=\"article:modified_time\" content=\"2023-05-11T16:53:51+00:00\" \/>\n<meta property=\"og:image\" content=\"https:\/\/www.ladiagonale.net\/wp-content\/uploads\/2022\/11\/demaesschalck.png\" \/>\n\t<meta property=\"og:image:width\" content=\"1160\" \/>\n\t<meta property=\"og:image:height\" content=\"650\" \/>\n\t<meta property=\"og:image:type\" content=\"image\/png\" \/>\n<meta name=\"author\" content=\"Damien Dellerba\" \/>\n<meta name=\"twitter:card\" content=\"summary_large_image\" \/>\n<meta name=\"twitter:image\" content=\"https:\/\/www.ladiagonale.net\/wp-content\/uploads\/2022\/11\/demaesschalck.png\" \/>\n<meta name=\"twitter:label1\" content=\"\u00c9crit par\" \/>\n\t<meta name=\"twitter:data1\" content=\"Damien Dellerba\" \/>\n\t<meta name=\"twitter:label2\" content=\"Dur\u00e9e de lecture estim\u00e9e\" \/>\n\t<meta name=\"twitter:data2\" content=\"4 minutes\" \/>\n<script type=\"application\/ld+json\" class=\"yoast-schema-graph\">{\"@context\":\"https:\/\/schema.org\",\"@graph\":[{\"@type\":\"WebPage\",\"@id\":\"https:\/\/www.ladiagonale.net\/index.php\/2023\/05\/11\/de-maesschalck-nous-avons-un-projet-de-plus-en-plus-clair\/\",\"url\":\"https:\/\/www.ladiagonale.net\/index.php\/2023\/05\/11\/de-maesschalck-nous-avons-un-projet-de-plus-en-plus-clair\/\",\"name\":\"De Maesschalck : \u00ab\u00a0Nous avons un projet de plus en plus clair\u00a0\u00bb - La Diagonale\",\"isPartOf\":{\"@id\":\"https:\/\/www.ladiagonale.net\/#website\"},\"datePublished\":\"2023-05-11T16:53:49+00:00\",\"dateModified\":\"2023-05-11T16:53:51+00:00\",\"author\":{\"@id\":\"https:\/\/www.ladiagonale.net\/#\/schema\/person\/79ff1e7b0853ed01b2aa26e64ad300bf\"},\"breadcrumb\":{\"@id\":\"https:\/\/www.ladiagonale.net\/index.php\/2023\/05\/11\/de-maesschalck-nous-avons-un-projet-de-plus-en-plus-clair\/#breadcrumb\"},\"inLanguage\":\"fr-FR\",\"potentialAction\":[{\"@type\":\"ReadAction\",\"target\":[\"https:\/\/www.ladiagonale.net\/index.php\/2023\/05\/11\/de-maesschalck-nous-avons-un-projet-de-plus-en-plus-clair\/\"]}]},{\"@type\":\"BreadcrumbList\",\"@id\":\"https:\/\/www.ladiagonale.net\/index.php\/2023\/05\/11\/de-maesschalck-nous-avons-un-projet-de-plus-en-plus-clair\/#breadcrumb\",\"itemListElement\":[{\"@type\":\"ListItem\",\"position\":1,\"name\":\"Accueil\",\"item\":\"https:\/\/www.ladiagonale.net\/\"},{\"@type\":\"ListItem\",\"position\":2,\"name\":\"De Maesschalck : \u00ab\u00a0Nous avons un projet de plus en plus clair\u00a0\u00bb\"}]},{\"@type\":\"WebSite\",\"@id\":\"https:\/\/www.ladiagonale.net\/#website\",\"url\":\"https:\/\/www.ladiagonale.net\/\",\"name\":\"La Diagonale\",\"description\":\"Le site des supporters de l&#039;AS Monaco FC\",\"potentialAction\":[{\"@type\":\"SearchAction\",\"target\":{\"@type\":\"EntryPoint\",\"urlTemplate\":\"https:\/\/www.ladiagonale.net\/?s={search_term_string}\"},\"query-input\":\"required name=search_term_string\"}],\"inLanguage\":\"fr-FR\"},{\"@type\":\"Person\",\"@id\":\"https:\/\/www.ladiagonale.net\/#\/schema\/person\/79ff1e7b0853ed01b2aa26e64ad300bf\",\"name\":\"Damien Dellerba\",\"image\":{\"@type\":\"ImageObject\",\"inLanguage\":\"fr-FR\",\"@id\":\"https:\/\/www.ladiagonale.net\/#\/schema\/person\/image\/\",\"url\":\"https:\/\/secure.gravatar.com\/avatar\/c7850e06d3ff63cdbaee88b7fc16e2f0?s=96&d=mm&r=g\",\"contentUrl\":\"https:\/\/secure.gravatar.com\/avatar\/c7850e06d3ff63cdbaee88b7fc16e2f0?s=96&d=mm&r=g\",\"caption\":\"Damien Dellerba\"},\"url\":\"https:\/\/www.ladiagonale.net\/index.php\/author\/damien\/\"}]}<\/script>\n<!-- \/ Yoast SEO plugin. -->","yoast_head_json":{"title":"De Maesschalck : \u00ab\u00a0Nous avons un projet de plus en plus clair\u00a0\u00bb - La Diagonale","robots":{"index":"index","follow":"follow","max-snippet":"max-snippet:-1","max-image-preview":"max-image-preview:large","max-video-preview":"max-video-preview:-1"},"canonical":"https:\/\/www.ladiagonale.net\/index.php\/2023\/05\/11\/de-maesschalck-nous-avons-un-projet-de-plus-en-plus-clair\/","og_locale":"fr_FR","og_type":"article","og_title":"De Maesschalck : \u00ab\u00a0Nous avons un projet de plus en plus clair\u00a0\u00bb - La Diagonale","og_description":"Apr\u00e8s la victoire de l\u2019AS Monaco en Coupe Gambardella contre Clermont (4-2, le 29 avril), Pascal de Maesschalck, le directeur du d\u00e9veloppement des jeunes joueurs de l\u2019AS Monaco, a accord\u00e9 un entretien au site foot-national.com. Il est notamment revenu sur cette victoire qui fait la fiert\u00e9 des \u00e9quipes \u00e0 l\u2019ASM : \u00ab\u00a0Tout le personnel est [...]","og_url":"https:\/\/www.ladiagonale.net\/index.php\/2023\/05\/11\/de-maesschalck-nous-avons-un-projet-de-plus-en-plus-clair\/","og_site_name":"La Diagonale","article_published_time":"2023-05-11T16:53:49+00:00","article_modified_time":"2023-05-11T16:53:51+00:00","og_image":[{"width":1160,"height":650,"url":"https:\/\/www.ladiagonale.net\/wp-content\/uploads\/2022\/11\/demaesschalck.png","type":"image\/png"}],"author":"Damien Dellerba","twitter_card":"summary_large_image","twitter_image":"https:\/\/www.ladiagonale.net\/wp-content\/uploads\/2022\/11\/demaesschalck.png","twitter_misc":{"\u00c9crit par":"Damien Dellerba","Dur\u00e9e de lecture estim\u00e9e":"4 minutes"},"schema":{"@context":"https:\/\/schema.org","@graph":[{"@type":"WebPage","@id":"https:\/\/www.ladiagonale.net\/index.php\/2023\/05\/11\/de-maesschalck-nous-avons-un-projet-de-plus-en-plus-clair\/","url":"https:\/\/www.ladiagonale.net\/index.php\/2023\/05\/11\/de-maesschalck-nous-avons-un-projet-de-plus-en-plus-clair\/","name":"De Maesschalck : \u00ab\u00a0Nous avons un projet de plus en plus clair\u00a0\u00bb - La Diagonale","isPartOf":{"@id":"https:\/\/www.ladiagonale.net\/#website"},"datePublished":"2023-05-11T16:53:49+00:00","dateModified":"2023-05-11T16:53:51+00:00","author":{"@id":"https:\/\/www.ladiagonale.net\/#\/schema\/person\/79ff1e7b0853ed01b2aa26e64ad300bf"},"breadcrumb":{"@id":"https:\/\/www.ladiagonale.net\/index.php\/2023\/05\/11\/de-maesschalck-nous-avons-un-projet-de-plus-en-plus-clair\/#breadcrumb"},"inLanguage":"fr-FR","potentialAction":[{"@type":"ReadAction","target":["https:\/\/www.ladiagonale.net\/index.php\/2023\/05\/11\/de-maesschalck-nous-avons-un-projet-de-plus-en-plus-clair\/"]}]},{"@type":"BreadcrumbList","@id":"https:\/\/www.ladiagonale.net\/index.php\/2023\/05\/11\/de-maesschalck-nous-avons-un-projet-de-plus-en-plus-clair\/#breadcrumb","itemListElement":[{"@type":"ListItem","position":1,"name":"Accueil","item":"https:\/\/www.ladiagonale.net\/"},{"@type":"ListItem","position":2,"name":"De Maesschalck : \u00ab\u00a0Nous avons un projet de plus en plus clair\u00a0\u00bb"}]},{"@type":"WebSite","@id":"https:\/\/www.ladiagonale.net\/#website","url":"https:\/\/www.ladiagonale.net\/","name":"La Diagonale","description":"Le site des supporters de l&#039;AS Monaco FC","potentialAction":[{"@type":"SearchAction","target":{"@type":"EntryPoint","urlTemplate":"https:\/\/www.ladiagonale.net\/?s={search_term_string}"},"query-input":"required name=search_term_string"}],"inLanguage":"fr-FR"},{"@type":"Person","@id":"https:\/\/www.ladiagonale.net\/#\/schema\/person\/79ff1e7b0853ed01b2aa26e64ad300bf","name":"Damien Dellerba","image":{"@type":"ImageObject","inLanguage":"fr-FR","@id":"https:\/\/www.ladiagonale.net\/#\/schema\/person\/image\/","url":"https:\/\/secure.gravatar.com\/avatar\/c7850e06d3ff63cdbaee88b7fc16e2f0?s=96&d=mm&r=g","contentUrl":"https:\/\/secure.gravatar.com\/avatar\/c7850e06d3ff63cdbaee88b7fc16e2f0?s=96&d=mm&r=g","caption":"Damien Dellerba"},"url":"https:\/\/www.ladiagonale.net\/index.php\/author\/damien\/"}]}},"_links":{"self":[{"href":"https:\/\/www.ladiagonale.net\/index.php\/wp-json\/wp\/v2\/posts\/12300"}],"collection":[{"href":"https:\/\/www.ladiagonale.net\/index.php\/wp-json\/wp\/v2\/posts"}],"about":[{"href":"https:\/\/www.ladiagonale.net\/index.php\/wp-json\/wp\/v2\/types\/post"}],"author":[{"embeddable":true,"href":"https:\/\/www.ladiagonale.net\/index.php\/wp-json\/wp\/v2\/users\/2"}],"replies":[{"embeddable":true,"href":"https:\/\/www.ladiagonale.net\/index.php\/wp-json\/wp\/v2\/comments?post=12300"}],"version-history":[{"count":1,"href":"https:\/\/www.ladiagonale.net\/index.php\/wp-json\/wp\/v2\/posts\/12300\/revisions"}],"predecessor-version":[{"id":12301,"href":"https:\/\/www.ladiagonale.net\/index.php\/wp-json\/wp\/v2\/posts\/12300\/revisions\/12301"}],"wp:attachment":[{"href":"https:\/\/www.ladiagonale.net\/index.php\/wp-json\/wp\/v2\/media?parent=12300"}],"wp:term":[{"taxonomy":"category","embeddable":true,"href":"https:\/\/www.ladiagonale.net\/index.php\/wp-json\/wp\/v2\/categories?post=12300"},{"taxonomy":"post_tag","embeddable":true,"href":"https:\/\/www.ladiagonale.net\/index.php\/wp-json\/wp\/v2\/tags?post=12300"}],"curies":[{"name":"wp","href":"https:\/\/api.w.org\/{rel}","templated":true}]}}