{"id":12303,"date":"2023-05-12T13:13:38","date_gmt":"2023-05-12T11:13:38","guid":{"rendered":"https:\/\/www.ladiagonale.net\/?p=12303"},"modified":"2023-05-12T13:13:42","modified_gmt":"2023-05-12T11:13:42","slug":"volland-veut-honorer-son-contrat-avec-monaco-jusquau-bout","status":"publish","type":"post","link":"https:\/\/www.ladiagonale.net\/index.php\/2023\/05\/12\/volland-veut-honorer-son-contrat-avec-monaco-jusquau-bout\/","title":{"rendered":"Volland veut honorer son contrat avec Monaco jusqu&rsquo;au bout"},"content":{"rendered":"\n\n\n<p>Arriv\u00e9 \u00e0 l&rsquo;\u00e9t\u00e9 2020 sur le Rocher, Kevin Volland a fait part, au m\u00e9dia allemand <em>Ran<\/em>, de son intention d&rsquo;aller au bout du contrat qui le lie \u00e0 l&rsquo;AS Monaco jusqu&rsquo;en juin 2024. \u00ab\u00a0<em>La situation actuelle est que je reste \u00e0 Monaco jusqu&rsquo;en 2024<\/em>\u00a0\u00bb, a-t-il d\u00e9clar\u00e9. L&rsquo;attaquant de 31 ans ne sait toutefois pas s&rsquo;il pourra \u00e9tendre son bail : \u00ab\u00a0<em>On doit voir si on prolonge ici, si on signe autre part en Bundesliga ou ce dont on a encore envie.<\/em>\u00a0\u00bb<\/p>\n\n\n\n<p>L&rsquo;ancien joueur du Bayer Leverkusen a toutefois admis se sentir \u00ab <em>tr\u00e8s bien en Principaut\u00e9, y compris sur le plan personnel<\/em> \u00bb, mais a d\u00e9j\u00e0 pr\u00e9vu de revenir un jour en Allemagne : \u00ab <em>Ma famille et moi sommes de toute fa\u00e7on attir\u00e9s par l&rsquo;Allemagne, dans notre pays d&rsquo;origine, et nous voulons vivre \u00e0 nouveau dans l&rsquo;Allg\u00e4u (l&rsquo;extr\u00eame-sud de la Bavi\u00e8re, ndlr) apr\u00e8s notre carri\u00e8re.<\/em> \u00bb<\/p>\n","protected":false},"excerpt":{"rendered":"<p>Arriv\u00e9 \u00e0 l&rsquo;\u00e9t\u00e9 2020 sur le Rocher, Kevin Volland a fait part, au m\u00e9dia allemand Ran, de son intention d&rsquo;aller au bout du contrat qui le lie \u00e0 l&rsquo;AS Monaco jusqu&rsquo;en juin 2024. \u00ab\u00a0La situation actuelle est que je reste \u00e0 Monaco jusqu&rsquo;en 2024\u00a0\u00bb, a-t-il d\u00e9clar\u00e9. L&rsquo;attaquant de 31 ans ne sait toutefois pas s&rsquo;il [&#8230;]\n","protected":false},"author":2,"featured_media":0,"comment_status":"open","ping_status":"open","sticky":false,"template":"","format":"standard","meta":[],"categories":[6],"tags":[86,493,179,186],"yoast_head":"<!-- This site is optimized with the Yoast SEO plugin v19.8 - https:\/\/yoast.com\/wordpress\/plugins\/seo\/ -->\n<title>Volland veut honorer son contrat avec Monaco jusqu&#039;au bout - La Diagonale<\/title>\n<meta name=\"robots\" content=\"index, follow, max-snippet:-1, max-image-preview:large, max-video-preview:-1\" \/>\n<link rel=\"canonical\" href=\"https:\/\/www.ladiagonale.net\/index.php\/2023\/05\/12\/volland-veut-honorer-son-contrat-avec-monaco-jusquau-bout\/\" \/>\n<meta property=\"og:locale\" content=\"fr_FR\" \/>\n<meta property=\"og:type\" content=\"article\" \/>\n<meta property=\"og:title\" content=\"Volland veut honorer son contrat avec Monaco jusqu&#039;au bout - La Diagonale\" \/>\n<meta property=\"og:description\" content=\"Arriv\u00e9 \u00e0 l&rsquo;\u00e9t\u00e9 2020 sur le Rocher, Kevin Volland a fait part, au m\u00e9dia allemand Ran, de son intention d&rsquo;aller au bout du contrat qui le lie \u00e0 l&rsquo;AS Monaco jusqu&rsquo;en juin 2024. \u00ab\u00a0La situation actuelle est que je reste \u00e0 Monaco jusqu&rsquo;en 2024\u00a0\u00bb, a-t-il d\u00e9clar\u00e9. L&rsquo;attaquant de 31 ans ne sait toutefois pas s&rsquo;il [...]\" \/>\n<meta property=\"og:url\" content=\"https:\/\/www.ladiagonale.net\/index.php\/2023\/05\/12\/volland-veut-honorer-son-contrat-avec-monaco-jusquau-bout\/\" \/>\n<meta property=\"og:site_name\" content=\"La Diagonale\" \/>\n<meta property=\"article:published_time\" content=\"2023-05-12T11:13:38+00:00\" \/>\n<meta property=\"article:modified_time\" content=\"2023-05-12T11:13:42+00:00\" \/>\n<meta property=\"og:image\" content=\"https:\/\/www.ladiagonale.net\/wp-content\/uploads\/2023\/04\/volland.png\" \/>\n\t<meta property=\"og:image:width\" content=\"1160\" \/>\n\t<meta property=\"og:image:height\" content=\"650\" \/>\n\t<meta property=\"og:image:type\" content=\"image\/png\" \/>\n<meta name=\"author\" content=\"Damien Dellerba\" \/>\n<meta name=\"twitter:card\" content=\"summary_large_image\" \/>\n<meta name=\"twitter:image\" content=\"https:\/\/www.ladiagonale.net\/wp-content\/uploads\/2023\/04\/volland.png\" \/>\n<meta name=\"twitter:label1\" content=\"\u00c9crit par\" \/>\n\t<meta name=\"twitter:data1\" content=\"Damien Dellerba\" \/>\n\t<meta name=\"twitter:label2\" content=\"Dur\u00e9e de lecture estim\u00e9e\" \/>\n\t<meta name=\"twitter:data2\" content=\"1 minute\" \/>\n<script type=\"application\/ld+json\" class=\"yoast-schema-graph\">{\"@context\":\"https:\/\/schema.org\",\"@graph\":[{\"@type\":\"WebPage\",\"@id\":\"https:\/\/www.ladiagonale.net\/index.php\/2023\/05\/12\/volland-veut-honorer-son-contrat-avec-monaco-jusquau-bout\/\",\"url\":\"https:\/\/www.ladiagonale.net\/index.php\/2023\/05\/12\/volland-veut-honorer-son-contrat-avec-monaco-jusquau-bout\/\",\"name\":\"Volland veut honorer son contrat avec Monaco jusqu'au bout - La Diagonale\",\"isPartOf\":{\"@id\":\"https:\/\/www.ladiagonale.net\/#website\"},\"datePublished\":\"2023-05-12T11:13:38+00:00\",\"dateModified\":\"2023-05-12T11:13:42+00:00\",\"author\":{\"@id\":\"https:\/\/www.ladiagonale.net\/#\/schema\/person\/79ff1e7b0853ed01b2aa26e64ad300bf\"},\"breadcrumb\":{\"@id\":\"https:\/\/www.ladiagonale.net\/index.php\/2023\/05\/12\/volland-veut-honorer-son-contrat-avec-monaco-jusquau-bout\/#breadcrumb\"},\"inLanguage\":\"fr-FR\",\"potentialAction\":[{\"@type\":\"ReadAction\",\"target\":[\"https:\/\/www.ladiagonale.net\/index.php\/2023\/05\/12\/volland-veut-honorer-son-contrat-avec-monaco-jusquau-bout\/\"]}]},{\"@type\":\"BreadcrumbList\",\"@id\":\"https:\/\/www.ladiagonale.net\/index.php\/2023\/05\/12\/volland-veut-honorer-son-contrat-avec-monaco-jusquau-bout\/#breadcrumb\",\"itemListElement\":[{\"@type\":\"ListItem\",\"position\":1,\"name\":\"Accueil\",\"item\":\"https:\/\/www.ladiagonale.net\/\"},{\"@type\":\"ListItem\",\"position\":2,\"name\":\"Volland veut honorer son contrat avec Monaco jusqu&rsquo;au bout\"}]},{\"@type\":\"WebSite\",\"@id\":\"https:\/\/www.ladiagonale.net\/#website\",\"url\":\"https:\/\/www.ladiagonale.net\/\",\"name\":\"La Diagonale\",\"description\":\"Le site des supporters de l&#039;AS Monaco FC\",\"potentialAction\":[{\"@type\":\"SearchAction\",\"target\":{\"@type\":\"EntryPoint\",\"urlTemplate\":\"https:\/\/www.ladiagonale.net\/?s={search_term_string}\"},\"query-input\":\"required name=search_term_string\"}],\"inLanguage\":\"fr-FR\"},{\"@type\":\"Person\",\"@id\":\"https:\/\/www.ladiagonale.net\/#\/schema\/person\/79ff1e7b0853ed01b2aa26e64ad300bf\",\"name\":\"Damien Dellerba\",\"image\":{\"@type\":\"ImageObject\",\"inLanguage\":\"fr-FR\",\"@id\":\"https:\/\/www.ladiagonale.net\/#\/schema\/person\/image\/\",\"url\":\"https:\/\/secure.gravatar.com\/avatar\/c7850e06d3ff63cdbaee88b7fc16e2f0?s=96&d=mm&r=g\",\"contentUrl\":\"https:\/\/secure.gravatar.com\/avatar\/c7850e06d3ff63cdbaee88b7fc16e2f0?s=96&d=mm&r=g\",\"caption\":\"Damien Dellerba\"},\"url\":\"https:\/\/www.ladiagonale.net\/index.php\/author\/damien\/\"}]}<\/script>\n<!-- \/ Yoast SEO plugin. -->","yoast_head_json":{"title":"Volland veut honorer son contrat avec Monaco jusqu'au bout - La Diagonale","robots":{"index":"index","follow":"follow","max-snippet":"max-snippet:-1","max-image-preview":"max-image-preview:large","max-video-preview":"max-video-preview:-1"},"canonical":"https:\/\/www.ladiagonale.net\/index.php\/2023\/05\/12\/volland-veut-honorer-son-contrat-avec-monaco-jusquau-bout\/","og_locale":"fr_FR","og_type":"article","og_title":"Volland veut honorer son contrat avec Monaco jusqu'au bout - La Diagonale","og_description":"Arriv\u00e9 \u00e0 l&rsquo;\u00e9t\u00e9 2020 sur le Rocher, Kevin Volland a fait part, au m\u00e9dia allemand Ran, de son intention d&rsquo;aller au bout du contrat qui le lie \u00e0 l&rsquo;AS Monaco jusqu&rsquo;en juin 2024. \u00ab\u00a0La situation actuelle est que je reste \u00e0 Monaco jusqu&rsquo;en 2024\u00a0\u00bb, a-t-il d\u00e9clar\u00e9. L&rsquo;attaquant de 31 ans ne sait toutefois pas s&rsquo;il [...]","og_url":"https:\/\/www.ladiagonale.net\/index.php\/2023\/05\/12\/volland-veut-honorer-son-contrat-avec-monaco-jusquau-bout\/","og_site_name":"La Diagonale","article_published_time":"2023-05-12T11:13:38+00:00","article_modified_time":"2023-05-12T11:13:42+00:00","og_image":[{"width":1160,"height":650,"url":"https:\/\/www.ladiagonale.net\/wp-content\/uploads\/2023\/04\/volland.png","type":"image\/png"}],"author":"Damien Dellerba","twitter_card":"summary_large_image","twitter_image":"https:\/\/www.ladiagonale.net\/wp-content\/uploads\/2023\/04\/volland.png","twitter_misc":{"\u00c9crit par":"Damien Dellerba","Dur\u00e9e de lecture estim\u00e9e":"1 minute"},"schema":{"@context":"https:\/\/schema.org","@graph":[{"@type":"WebPage","@id":"https:\/\/www.ladiagonale.net\/index.php\/2023\/05\/12\/volland-veut-honorer-son-contrat-avec-monaco-jusquau-bout\/","url":"https:\/\/www.ladiagonale.net\/index.php\/2023\/05\/12\/volland-veut-honorer-son-contrat-avec-monaco-jusquau-bout\/","name":"Volland veut honorer son contrat avec Monaco jusqu'au bout - La Diagonale","isPartOf":{"@id":"https:\/\/www.ladiagonale.net\/#website"},"datePublished":"2023-05-12T11:13:38+00:00","dateModified":"2023-05-12T11:13:42+00:00","author":{"@id":"https:\/\/www.ladiagonale.net\/#\/schema\/person\/79ff1e7b0853ed01b2aa26e64ad300bf"},"breadcrumb":{"@id":"https:\/\/www.ladiagonale.net\/index.php\/2023\/05\/12\/volland-veut-honorer-son-contrat-avec-monaco-jusquau-bout\/#breadcrumb"},"inLanguage":"fr-FR","potentialAction":[{"@type":"ReadAction","target":["https:\/\/www.ladiagonale.net\/index.php\/2023\/05\/12\/volland-veut-honorer-son-contrat-avec-monaco-jusquau-bout\/"]}]},{"@type":"BreadcrumbList","@id":"https:\/\/www.ladiagonale.net\/index.php\/2023\/05\/12\/volland-veut-honorer-son-contrat-avec-monaco-jusquau-bout\/#breadcrumb","itemListElement":[{"@type":"ListItem","position":1,"name":"Accueil","item":"https:\/\/www.ladiagonale.net\/"},{"@type":"ListItem","position":2,"name":"Volland veut honorer son contrat avec Monaco jusqu&rsquo;au bout"}]},{"@type":"WebSite","@id":"https:\/\/www.ladiagonale.net\/#website","url":"https:\/\/www.ladiagonale.net\/","name":"La Diagonale","description":"Le site des supporters de l&#039;AS Monaco FC","potentialAction":[{"@type":"SearchAction","target":{"@type":"EntryPoint","urlTemplate":"https:\/\/www.ladiagonale.net\/?s={search_term_string}"},"query-input":"required name=search_term_string"}],"inLanguage":"fr-FR"},{"@type":"Person","@id":"https:\/\/www.ladiagonale.net\/#\/schema\/person\/79ff1e7b0853ed01b2aa26e64ad300bf","name":"Damien Dellerba","image":{"@type":"ImageObject","inLanguage":"fr-FR","@id":"https:\/\/www.ladiagonale.net\/#\/schema\/person\/image\/","url":"https:\/\/secure.gravatar.com\/avatar\/c7850e06d3ff63cdbaee88b7fc16e2f0?s=96&d=mm&r=g","contentUrl":"https:\/\/secure.gravatar.com\/avatar\/c7850e06d3ff63cdbaee88b7fc16e2f0?s=96&d=mm&r=g","caption":"Damien Dellerba"},"url":"https:\/\/www.ladiagonale.net\/index.php\/author\/damien\/"}]}},"_links":{"self":[{"href":"https:\/\/www.ladiagonale.net\/index.php\/wp-json\/wp\/v2\/posts\/12303"}],"collection":[{"href":"https:\/\/www.ladiagonale.net\/index.php\/wp-json\/wp\/v2\/posts"}],"about":[{"href":"https:\/\/www.ladiagonale.net\/index.php\/wp-json\/wp\/v2\/types\/post"}],"author":[{"embeddable":true,"href":"https:\/\/www.ladiagonale.net\/index.php\/wp-json\/wp\/v2\/users\/2"}],"replies":[{"embeddable":true,"href":"https:\/\/www.ladiagonale.net\/index.php\/wp-json\/wp\/v2\/comments?post=12303"}],"version-history":[{"count":1,"href":"https:\/\/www.ladiagonale.net\/index.php\/wp-json\/wp\/v2\/posts\/12303\/revisions"}],"predecessor-version":[{"id":12304,"href":"https:\/\/www.ladiagonale.net\/index.php\/wp-json\/wp\/v2\/posts\/12303\/revisions\/12304"}],"wp:attachment":[{"href":"https:\/\/www.ladiagonale.net\/index.php\/wp-json\/wp\/v2\/media?parent=12303"}],"wp:term":[{"taxonomy":"category","embeddable":true,"href":"https:\/\/www.ladiagonale.net\/index.php\/wp-json\/wp\/v2\/categories?post=12303"},{"taxonomy":"post_tag","embeddable":true,"href":"https:\/\/www.ladiagonale.net\/index.php\/wp-json\/wp\/v2\/tags?post=12303"}],"curies":[{"name":"wp","href":"https:\/\/api.w.org\/{rel}","templated":true}]}}