{"id":12317,"date":"2023-05-12T16:29:58","date_gmt":"2023-05-12T14:29:58","guid":{"rendered":"https:\/\/www.ladiagonale.net\/?p=12317"},"modified":"2023-05-12T16:30:01","modified_gmt":"2023-05-12T14:30:01","slug":"pas-de-mondial-u20-pour-ben-seghir-et-diop-clement-explique-la-position-du-club","status":"publish","type":"post","link":"https:\/\/www.ladiagonale.net\/index.php\/2023\/05\/12\/pas-de-mondial-u20-pour-ben-seghir-et-diop-clement-explique-la-position-du-club\/","title":{"rendered":"Pas de Mondial U20 pour Ben Seghir et Diop : Clement explique la position du club"},"content":{"rendered":"\n\n\n<p><a href=\"https:\/\/www.ladiagonale.net\/index.php\/2023\/05\/08\/bechir-yacoub-a-la-coupe-du-monde-u20-avec-la-tunisie\/\">Cinq Mon\u00e9gasques<\/a> seront en Argentine pour la Coupe du monde U20, dont <a href=\"https:\/\/www.ladiagonale.net\/index.php\/2023\/05\/10\/quatre-monegasques-avec-la-france-a-la-coupe-du-monde-u20\/\">quatre avec l&rsquo;\u00e9quipe de France<\/a>. Si la FFF a esp\u00e9r\u00e9 pouvoir convoquer Eliesse Ben Seghir, l&rsquo;AS Monaco n&rsquo;a pas souhait\u00e9 lib\u00e9rer sa jeune p\u00e9pite de 18 ans, et il semble qu&rsquo;il en a \u00e9t\u00e9 de m\u00eame pour Edan Diop. Une situation loin d&rsquo;\u00eatre un cas isol\u00e9 puisque de nombreux clubs ont fait de m\u00eame, comme l&rsquo;a d&rsquo;ailleurs fait remarquer Philippe Clement : \u00ab\u00a0<em>Il ne s&rsquo;agit pas uniquement d&rsquo;un choix fait par Monaco. Il y a beaucoup de joueurs qui ont \u00e9t\u00e9 dans la m\u00eame situation<\/em> \u00bb, a-t-il comment\u00e9.<\/p>\n\n\n\n<p>L&rsquo;entra\u00eeneur de l&rsquo;ASM a trouv\u00e9 \u00e9trange le choix de la FIFA d&rsquo;organiser cette Coupe du monde U20 du 20 mai au 11 juin, soit hors de dates internationales et a clarifi\u00e9 la position du club pour des joueurs sur qui il compte en cette fin de saison : \u00ab <em>C\u2019est bizarre d\u2019organiser un tournoi comme \u00e7a lorsqu\u2019il y a encore des championnats, y compris dans d\u2019autres pays. C\u2019est malheureux pour les jeunes joueurs car cela aurait \u00e9t\u00e9 une bonne exp\u00e9rience pour eux, mais c\u2019est important qu\u2019ils soient ici pour travailler, se montrer et atteindre les objectifs du club. Car ils sont pay\u00e9s par le club.<\/em>\u00a0\u00bb<\/p>\n","protected":false},"excerpt":{"rendered":"<p>Cinq Mon\u00e9gasques seront en Argentine pour la Coupe du monde U20, dont quatre avec l&rsquo;\u00e9quipe de France. Si la FFF a esp\u00e9r\u00e9 pouvoir convoquer Eliesse Ben Seghir, l&rsquo;AS Monaco n&rsquo;a pas souhait\u00e9 lib\u00e9rer sa jeune p\u00e9pite de 18 ans, et il semble qu&rsquo;il en a \u00e9t\u00e9 de m\u00eame pour Edan Diop. Une situation loin d&rsquo;\u00eatre [&#8230;]\n","protected":false},"author":2,"featured_media":0,"comment_status":"open","ping_status":"open","sticky":false,"template":"","format":"standard","meta":[],"categories":[6],"tags":[86,80,286,71,191],"yoast_head":"<!-- This site is optimized with the Yoast SEO plugin v19.8 - https:\/\/yoast.com\/wordpress\/plugins\/seo\/ -->\n<title>Pas de Mondial U20 pour Ben Seghir et Diop : Clement explique la position du club - La Diagonale<\/title>\n<meta name=\"robots\" content=\"index, follow, max-snippet:-1, max-image-preview:large, max-video-preview:-1\" \/>\n<link rel=\"canonical\" href=\"https:\/\/www.ladiagonale.net\/index.php\/2023\/05\/12\/pas-de-mondial-u20-pour-ben-seghir-et-diop-clement-explique-la-position-du-club\/\" \/>\n<meta property=\"og:locale\" content=\"fr_FR\" \/>\n<meta property=\"og:type\" content=\"article\" \/>\n<meta property=\"og:title\" content=\"Pas de Mondial U20 pour Ben Seghir et Diop : Clement explique la position du club - La Diagonale\" \/>\n<meta property=\"og:description\" content=\"Cinq Mon\u00e9gasques seront en Argentine pour la Coupe du monde U20, dont quatre avec l&rsquo;\u00e9quipe de France. Si la FFF a esp\u00e9r\u00e9 pouvoir convoquer Eliesse Ben Seghir, l&rsquo;AS Monaco n&rsquo;a pas souhait\u00e9 lib\u00e9rer sa jeune p\u00e9pite de 18 ans, et il semble qu&rsquo;il en a \u00e9t\u00e9 de m\u00eame pour Edan Diop. Une situation loin d&rsquo;\u00eatre [...]\" \/>\n<meta property=\"og:url\" content=\"https:\/\/www.ladiagonale.net\/index.php\/2023\/05\/12\/pas-de-mondial-u20-pour-ben-seghir-et-diop-clement-explique-la-position-du-club\/\" \/>\n<meta property=\"og:site_name\" content=\"La Diagonale\" \/>\n<meta property=\"article:published_time\" content=\"2023-05-12T14:29:58+00:00\" \/>\n<meta property=\"article:modified_time\" content=\"2023-05-12T14:30:01+00:00\" \/>\n<meta property=\"og:image\" content=\"https:\/\/www.ladiagonale.net\/wp-content\/uploads\/2023\/03\/ben-seghir-france.png\" \/>\n\t<meta property=\"og:image:width\" content=\"1160\" \/>\n\t<meta property=\"og:image:height\" content=\"650\" \/>\n\t<meta property=\"og:image:type\" content=\"image\/png\" \/>\n<meta name=\"author\" content=\"Damien Dellerba\" \/>\n<meta name=\"twitter:card\" content=\"summary_large_image\" \/>\n<meta name=\"twitter:image\" content=\"https:\/\/www.ladiagonale.net\/wp-content\/uploads\/2023\/03\/ben-seghir-france.png\" \/>\n<meta name=\"twitter:label1\" content=\"\u00c9crit par\" \/>\n\t<meta name=\"twitter:data1\" content=\"Damien Dellerba\" \/>\n\t<meta name=\"twitter:label2\" content=\"Dur\u00e9e de lecture estim\u00e9e\" \/>\n\t<meta name=\"twitter:data2\" content=\"2 minutes\" \/>\n<script type=\"application\/ld+json\" class=\"yoast-schema-graph\">{\"@context\":\"https:\/\/schema.org\",\"@graph\":[{\"@type\":\"WebPage\",\"@id\":\"https:\/\/www.ladiagonale.net\/index.php\/2023\/05\/12\/pas-de-mondial-u20-pour-ben-seghir-et-diop-clement-explique-la-position-du-club\/\",\"url\":\"https:\/\/www.ladiagonale.net\/index.php\/2023\/05\/12\/pas-de-mondial-u20-pour-ben-seghir-et-diop-clement-explique-la-position-du-club\/\",\"name\":\"Pas de Mondial U20 pour Ben Seghir et Diop : Clement explique la position du club - La Diagonale\",\"isPartOf\":{\"@id\":\"https:\/\/www.ladiagonale.net\/#website\"},\"datePublished\":\"2023-05-12T14:29:58+00:00\",\"dateModified\":\"2023-05-12T14:30:01+00:00\",\"author\":{\"@id\":\"https:\/\/www.ladiagonale.net\/#\/schema\/person\/79ff1e7b0853ed01b2aa26e64ad300bf\"},\"breadcrumb\":{\"@id\":\"https:\/\/www.ladiagonale.net\/index.php\/2023\/05\/12\/pas-de-mondial-u20-pour-ben-seghir-et-diop-clement-explique-la-position-du-club\/#breadcrumb\"},\"inLanguage\":\"fr-FR\",\"potentialAction\":[{\"@type\":\"ReadAction\",\"target\":[\"https:\/\/www.ladiagonale.net\/index.php\/2023\/05\/12\/pas-de-mondial-u20-pour-ben-seghir-et-diop-clement-explique-la-position-du-club\/\"]}]},{\"@type\":\"BreadcrumbList\",\"@id\":\"https:\/\/www.ladiagonale.net\/index.php\/2023\/05\/12\/pas-de-mondial-u20-pour-ben-seghir-et-diop-clement-explique-la-position-du-club\/#breadcrumb\",\"itemListElement\":[{\"@type\":\"ListItem\",\"position\":1,\"name\":\"Accueil\",\"item\":\"https:\/\/www.ladiagonale.net\/\"},{\"@type\":\"ListItem\",\"position\":2,\"name\":\"Pas de Mondial U20 pour Ben Seghir et Diop : Clement explique la position du club\"}]},{\"@type\":\"WebSite\",\"@id\":\"https:\/\/www.ladiagonale.net\/#website\",\"url\":\"https:\/\/www.ladiagonale.net\/\",\"name\":\"La Diagonale\",\"description\":\"Le site des supporters de l&#039;AS Monaco FC\",\"potentialAction\":[{\"@type\":\"SearchAction\",\"target\":{\"@type\":\"EntryPoint\",\"urlTemplate\":\"https:\/\/www.ladiagonale.net\/?s={search_term_string}\"},\"query-input\":\"required name=search_term_string\"}],\"inLanguage\":\"fr-FR\"},{\"@type\":\"Person\",\"@id\":\"https:\/\/www.ladiagonale.net\/#\/schema\/person\/79ff1e7b0853ed01b2aa26e64ad300bf\",\"name\":\"Damien Dellerba\",\"image\":{\"@type\":\"ImageObject\",\"inLanguage\":\"fr-FR\",\"@id\":\"https:\/\/www.ladiagonale.net\/#\/schema\/person\/image\/\",\"url\":\"https:\/\/secure.gravatar.com\/avatar\/c7850e06d3ff63cdbaee88b7fc16e2f0?s=96&d=mm&r=g\",\"contentUrl\":\"https:\/\/secure.gravatar.com\/avatar\/c7850e06d3ff63cdbaee88b7fc16e2f0?s=96&d=mm&r=g\",\"caption\":\"Damien Dellerba\"},\"url\":\"https:\/\/www.ladiagonale.net\/index.php\/author\/damien\/\"}]}<\/script>\n<!-- \/ Yoast SEO plugin. -->","yoast_head_json":{"title":"Pas de Mondial U20 pour Ben Seghir et Diop : Clement explique la position du club - La Diagonale","robots":{"index":"index","follow":"follow","max-snippet":"max-snippet:-1","max-image-preview":"max-image-preview:large","max-video-preview":"max-video-preview:-1"},"canonical":"https:\/\/www.ladiagonale.net\/index.php\/2023\/05\/12\/pas-de-mondial-u20-pour-ben-seghir-et-diop-clement-explique-la-position-du-club\/","og_locale":"fr_FR","og_type":"article","og_title":"Pas de Mondial U20 pour Ben Seghir et Diop : Clement explique la position du club - La Diagonale","og_description":"Cinq Mon\u00e9gasques seront en Argentine pour la Coupe du monde U20, dont quatre avec l&rsquo;\u00e9quipe de France. Si la FFF a esp\u00e9r\u00e9 pouvoir convoquer Eliesse Ben Seghir, l&rsquo;AS Monaco n&rsquo;a pas souhait\u00e9 lib\u00e9rer sa jeune p\u00e9pite de 18 ans, et il semble qu&rsquo;il en a \u00e9t\u00e9 de m\u00eame pour Edan Diop. Une situation loin d&rsquo;\u00eatre [...]","og_url":"https:\/\/www.ladiagonale.net\/index.php\/2023\/05\/12\/pas-de-mondial-u20-pour-ben-seghir-et-diop-clement-explique-la-position-du-club\/","og_site_name":"La Diagonale","article_published_time":"2023-05-12T14:29:58+00:00","article_modified_time":"2023-05-12T14:30:01+00:00","og_image":[{"width":1160,"height":650,"url":"https:\/\/www.ladiagonale.net\/wp-content\/uploads\/2023\/03\/ben-seghir-france.png","type":"image\/png"}],"author":"Damien Dellerba","twitter_card":"summary_large_image","twitter_image":"https:\/\/www.ladiagonale.net\/wp-content\/uploads\/2023\/03\/ben-seghir-france.png","twitter_misc":{"\u00c9crit par":"Damien Dellerba","Dur\u00e9e de lecture estim\u00e9e":"2 minutes"},"schema":{"@context":"https:\/\/schema.org","@graph":[{"@type":"WebPage","@id":"https:\/\/www.ladiagonale.net\/index.php\/2023\/05\/12\/pas-de-mondial-u20-pour-ben-seghir-et-diop-clement-explique-la-position-du-club\/","url":"https:\/\/www.ladiagonale.net\/index.php\/2023\/05\/12\/pas-de-mondial-u20-pour-ben-seghir-et-diop-clement-explique-la-position-du-club\/","name":"Pas de Mondial U20 pour Ben Seghir et Diop : Clement explique la position du club - La Diagonale","isPartOf":{"@id":"https:\/\/www.ladiagonale.net\/#website"},"datePublished":"2023-05-12T14:29:58+00:00","dateModified":"2023-05-12T14:30:01+00:00","author":{"@id":"https:\/\/www.ladiagonale.net\/#\/schema\/person\/79ff1e7b0853ed01b2aa26e64ad300bf"},"breadcrumb":{"@id":"https:\/\/www.ladiagonale.net\/index.php\/2023\/05\/12\/pas-de-mondial-u20-pour-ben-seghir-et-diop-clement-explique-la-position-du-club\/#breadcrumb"},"inLanguage":"fr-FR","potentialAction":[{"@type":"ReadAction","target":["https:\/\/www.ladiagonale.net\/index.php\/2023\/05\/12\/pas-de-mondial-u20-pour-ben-seghir-et-diop-clement-explique-la-position-du-club\/"]}]},{"@type":"BreadcrumbList","@id":"https:\/\/www.ladiagonale.net\/index.php\/2023\/05\/12\/pas-de-mondial-u20-pour-ben-seghir-et-diop-clement-explique-la-position-du-club\/#breadcrumb","itemListElement":[{"@type":"ListItem","position":1,"name":"Accueil","item":"https:\/\/www.ladiagonale.net\/"},{"@type":"ListItem","position":2,"name":"Pas de Mondial U20 pour Ben Seghir et Diop : Clement explique la position du club"}]},{"@type":"WebSite","@id":"https:\/\/www.ladiagonale.net\/#website","url":"https:\/\/www.ladiagonale.net\/","name":"La Diagonale","description":"Le site des supporters de l&#039;AS Monaco FC","potentialAction":[{"@type":"SearchAction","target":{"@type":"EntryPoint","urlTemplate":"https:\/\/www.ladiagonale.net\/?s={search_term_string}"},"query-input":"required name=search_term_string"}],"inLanguage":"fr-FR"},{"@type":"Person","@id":"https:\/\/www.ladiagonale.net\/#\/schema\/person\/79ff1e7b0853ed01b2aa26e64ad300bf","name":"Damien Dellerba","image":{"@type":"ImageObject","inLanguage":"fr-FR","@id":"https:\/\/www.ladiagonale.net\/#\/schema\/person\/image\/","url":"https:\/\/secure.gravatar.com\/avatar\/c7850e06d3ff63cdbaee88b7fc16e2f0?s=96&d=mm&r=g","contentUrl":"https:\/\/secure.gravatar.com\/avatar\/c7850e06d3ff63cdbaee88b7fc16e2f0?s=96&d=mm&r=g","caption":"Damien Dellerba"},"url":"https:\/\/www.ladiagonale.net\/index.php\/author\/damien\/"}]}},"_links":{"self":[{"href":"https:\/\/www.ladiagonale.net\/index.php\/wp-json\/wp\/v2\/posts\/12317"}],"collection":[{"href":"https:\/\/www.ladiagonale.net\/index.php\/wp-json\/wp\/v2\/posts"}],"about":[{"href":"https:\/\/www.ladiagonale.net\/index.php\/wp-json\/wp\/v2\/types\/post"}],"author":[{"embeddable":true,"href":"https:\/\/www.ladiagonale.net\/index.php\/wp-json\/wp\/v2\/users\/2"}],"replies":[{"embeddable":true,"href":"https:\/\/www.ladiagonale.net\/index.php\/wp-json\/wp\/v2\/comments?post=12317"}],"version-history":[{"count":1,"href":"https:\/\/www.ladiagonale.net\/index.php\/wp-json\/wp\/v2\/posts\/12317\/revisions"}],"predecessor-version":[{"id":12318,"href":"https:\/\/www.ladiagonale.net\/index.php\/wp-json\/wp\/v2\/posts\/12317\/revisions\/12318"}],"wp:attachment":[{"href":"https:\/\/www.ladiagonale.net\/index.php\/wp-json\/wp\/v2\/media?parent=12317"}],"wp:term":[{"taxonomy":"category","embeddable":true,"href":"https:\/\/www.ladiagonale.net\/index.php\/wp-json\/wp\/v2\/categories?post=12317"},{"taxonomy":"post_tag","embeddable":true,"href":"https:\/\/www.ladiagonale.net\/index.php\/wp-json\/wp\/v2\/tags?post=12317"}],"curies":[{"name":"wp","href":"https:\/\/api.w.org\/{rel}","templated":true}]}}