{"id":1232,"date":"2022-06-07T12:26:29","date_gmt":"2022-06-07T10:26:29","guid":{"rendered":"https:\/\/www.ladiagonale.net\/index.php\/2022\/06\/07\/monaco-suivrait-levolution-du-dossier-kluivert\/"},"modified":"2022-07-26T14:19:06","modified_gmt":"2022-07-26T12:19:06","slug":"monaco-suivrait-levolution-du-dossier-kluivert","status":"publish","type":"post","link":"https:\/\/www.ladiagonale.net\/index.php\/2022\/06\/07\/monaco-suivrait-levolution-du-dossier-kluivert\/","title":{"rendered":"Monaco suivrait l&rsquo;\u00e9volution du dossier Kluivert"},"content":{"rendered":"<p>Selon les informations du journal *Il Tempo*, l&rsquo;AS Monaco garderait un \u0153il attentif sur la situation de Justin Kluivert. L&rsquo;OGC Nice, qui l&rsquo;a accueilli en pr\u00eat cette saison, ne voudrait pas payer l&rsquo;option d&rsquo;achat estim\u00e9e \u00e0 14 millions d&rsquo;euros et tenterait de n\u00e9gocier avec l&rsquo;AS Roma pour la faire baisser. Selon le quotidien italien, Marseille serait \u00e9galement sur les rangs.<\/p>\n<p>L&rsquo;attaquant hollandais, qui ne s&rsquo;est jamais vraiment impos\u00e9 en Italie, arrivera en fin de contrat avec le club romain en juin 2023. Pour la Louve, la prochaine fen\u00eatre estivale pourrait bien \u00eatre la derni\u00e8re chance dans le but revendre sans trop de perte celui qu&rsquo;elle avait chip\u00e9 \u00e0 l&rsquo;Ajax Amsterdam pour environ 17 millions d&rsquo;euros.<\/p>\n","protected":false},"excerpt":{"rendered":"<p>Selon les informations du journal *Il Tempo*, l&rsquo;AS Monaco garderait un \u0153il attentif sur la situation de Justin Kluivert. L&rsquo;OGC Nice, qui l&rsquo;a accueilli en pr\u00eat cette saison, ne voudrait pas payer l&rsquo;option d&rsquo;achat estim\u00e9e \u00e0 14 millions d&rsquo;euros et tenterait de n\u00e9gocier avec l&rsquo;AS Roma pour la faire baisser. Selon le quotidien italien, Marseille [&#8230;]\n","protected":false},"author":2,"featured_media":0,"comment_status":"open","ping_status":"open","sticky":false,"template":"","format":"standard","meta":[],"categories":[6],"tags":[],"yoast_head":"<!-- This site is optimized with the Yoast SEO plugin v19.8 - https:\/\/yoast.com\/wordpress\/plugins\/seo\/ -->\n<title>Monaco suivrait l&#039;\u00e9volution du dossier Kluivert - La Diagonale<\/title>\n<meta name=\"robots\" content=\"index, follow, max-snippet:-1, max-image-preview:large, max-video-preview:-1\" \/>\n<link rel=\"canonical\" href=\"https:\/\/www.ladiagonale.net\/index.php\/2022\/06\/07\/monaco-suivrait-levolution-du-dossier-kluivert\/\" \/>\n<meta property=\"og:locale\" content=\"fr_FR\" \/>\n<meta property=\"og:type\" content=\"article\" \/>\n<meta property=\"og:title\" content=\"Monaco suivrait l&#039;\u00e9volution du dossier Kluivert - La Diagonale\" \/>\n<meta property=\"og:description\" content=\"Selon les informations du journal *Il Tempo*, l&rsquo;AS Monaco garderait un \u0153il attentif sur la situation de Justin Kluivert. L&rsquo;OGC Nice, qui l&rsquo;a accueilli en pr\u00eat cette saison, ne voudrait pas payer l&rsquo;option d&rsquo;achat estim\u00e9e \u00e0 14 millions d&rsquo;euros et tenterait de n\u00e9gocier avec l&rsquo;AS Roma pour la faire baisser. Selon le quotidien italien, Marseille [...]\" \/>\n<meta property=\"og:url\" content=\"https:\/\/www.ladiagonale.net\/index.php\/2022\/06\/07\/monaco-suivrait-levolution-du-dossier-kluivert\/\" \/>\n<meta property=\"og:site_name\" content=\"La Diagonale\" \/>\n<meta property=\"article:published_time\" content=\"2022-06-07T10:26:29+00:00\" \/>\n<meta property=\"article:modified_time\" content=\"2022-07-26T12:19:06+00:00\" \/>\n<meta name=\"author\" content=\"Damien Dellerba\" \/>\n<meta name=\"twitter:card\" content=\"summary_large_image\" \/>\n<meta name=\"twitter:label1\" content=\"\u00c9crit par\" \/>\n\t<meta name=\"twitter:data1\" content=\"Damien Dellerba\" \/>\n\t<meta name=\"twitter:label2\" content=\"Dur\u00e9e de lecture estim\u00e9e\" \/>\n\t<meta name=\"twitter:data2\" content=\"1 minute\" \/>\n<script type=\"application\/ld+json\" class=\"yoast-schema-graph\">{\"@context\":\"https:\/\/schema.org\",\"@graph\":[{\"@type\":\"WebPage\",\"@id\":\"https:\/\/www.ladiagonale.net\/index.php\/2022\/06\/07\/monaco-suivrait-levolution-du-dossier-kluivert\/\",\"url\":\"https:\/\/www.ladiagonale.net\/index.php\/2022\/06\/07\/monaco-suivrait-levolution-du-dossier-kluivert\/\",\"name\":\"Monaco suivrait l'\u00e9volution du dossier Kluivert - La Diagonale\",\"isPartOf\":{\"@id\":\"https:\/\/www.ladiagonale.net\/#website\"},\"datePublished\":\"2022-06-07T10:26:29+00:00\",\"dateModified\":\"2022-07-26T12:19:06+00:00\",\"author\":{\"@id\":\"https:\/\/www.ladiagonale.net\/#\/schema\/person\/79ff1e7b0853ed01b2aa26e64ad300bf\"},\"breadcrumb\":{\"@id\":\"https:\/\/www.ladiagonale.net\/index.php\/2022\/06\/07\/monaco-suivrait-levolution-du-dossier-kluivert\/#breadcrumb\"},\"inLanguage\":\"fr-FR\",\"potentialAction\":[{\"@type\":\"ReadAction\",\"target\":[\"https:\/\/www.ladiagonale.net\/index.php\/2022\/06\/07\/monaco-suivrait-levolution-du-dossier-kluivert\/\"]}]},{\"@type\":\"BreadcrumbList\",\"@id\":\"https:\/\/www.ladiagonale.net\/index.php\/2022\/06\/07\/monaco-suivrait-levolution-du-dossier-kluivert\/#breadcrumb\",\"itemListElement\":[{\"@type\":\"ListItem\",\"position\":1,\"name\":\"Accueil\",\"item\":\"https:\/\/www.ladiagonale.net\/\"},{\"@type\":\"ListItem\",\"position\":2,\"name\":\"Monaco suivrait l&rsquo;\u00e9volution du dossier Kluivert\"}]},{\"@type\":\"WebSite\",\"@id\":\"https:\/\/www.ladiagonale.net\/#website\",\"url\":\"https:\/\/www.ladiagonale.net\/\",\"name\":\"La Diagonale\",\"description\":\"Le site des supporters de l&#039;AS Monaco FC\",\"potentialAction\":[{\"@type\":\"SearchAction\",\"target\":{\"@type\":\"EntryPoint\",\"urlTemplate\":\"https:\/\/www.ladiagonale.net\/?s={search_term_string}\"},\"query-input\":\"required name=search_term_string\"}],\"inLanguage\":\"fr-FR\"},{\"@type\":\"Person\",\"@id\":\"https:\/\/www.ladiagonale.net\/#\/schema\/person\/79ff1e7b0853ed01b2aa26e64ad300bf\",\"name\":\"Damien Dellerba\",\"image\":{\"@type\":\"ImageObject\",\"inLanguage\":\"fr-FR\",\"@id\":\"https:\/\/www.ladiagonale.net\/#\/schema\/person\/image\/\",\"url\":\"https:\/\/secure.gravatar.com\/avatar\/c7850e06d3ff63cdbaee88b7fc16e2f0?s=96&d=mm&r=g\",\"contentUrl\":\"https:\/\/secure.gravatar.com\/avatar\/c7850e06d3ff63cdbaee88b7fc16e2f0?s=96&d=mm&r=g\",\"caption\":\"Damien Dellerba\"},\"url\":\"https:\/\/www.ladiagonale.net\/index.php\/author\/damien\/\"}]}<\/script>\n<!-- \/ Yoast SEO plugin. -->","yoast_head_json":{"title":"Monaco suivrait l'\u00e9volution du dossier Kluivert - La Diagonale","robots":{"index":"index","follow":"follow","max-snippet":"max-snippet:-1","max-image-preview":"max-image-preview:large","max-video-preview":"max-video-preview:-1"},"canonical":"https:\/\/www.ladiagonale.net\/index.php\/2022\/06\/07\/monaco-suivrait-levolution-du-dossier-kluivert\/","og_locale":"fr_FR","og_type":"article","og_title":"Monaco suivrait l'\u00e9volution du dossier Kluivert - La Diagonale","og_description":"Selon les informations du journal *Il Tempo*, l&rsquo;AS Monaco garderait un \u0153il attentif sur la situation de Justin Kluivert. L&rsquo;OGC Nice, qui l&rsquo;a accueilli en pr\u00eat cette saison, ne voudrait pas payer l&rsquo;option d&rsquo;achat estim\u00e9e \u00e0 14 millions d&rsquo;euros et tenterait de n\u00e9gocier avec l&rsquo;AS Roma pour la faire baisser. Selon le quotidien italien, Marseille [...]","og_url":"https:\/\/www.ladiagonale.net\/index.php\/2022\/06\/07\/monaco-suivrait-levolution-du-dossier-kluivert\/","og_site_name":"La Diagonale","article_published_time":"2022-06-07T10:26:29+00:00","article_modified_time":"2022-07-26T12:19:06+00:00","author":"Damien Dellerba","twitter_card":"summary_large_image","twitter_misc":{"\u00c9crit par":"Damien Dellerba","Dur\u00e9e de lecture estim\u00e9e":"1 minute"},"schema":{"@context":"https:\/\/schema.org","@graph":[{"@type":"WebPage","@id":"https:\/\/www.ladiagonale.net\/index.php\/2022\/06\/07\/monaco-suivrait-levolution-du-dossier-kluivert\/","url":"https:\/\/www.ladiagonale.net\/index.php\/2022\/06\/07\/monaco-suivrait-levolution-du-dossier-kluivert\/","name":"Monaco suivrait l'\u00e9volution du dossier Kluivert - La Diagonale","isPartOf":{"@id":"https:\/\/www.ladiagonale.net\/#website"},"datePublished":"2022-06-07T10:26:29+00:00","dateModified":"2022-07-26T12:19:06+00:00","author":{"@id":"https:\/\/www.ladiagonale.net\/#\/schema\/person\/79ff1e7b0853ed01b2aa26e64ad300bf"},"breadcrumb":{"@id":"https:\/\/www.ladiagonale.net\/index.php\/2022\/06\/07\/monaco-suivrait-levolution-du-dossier-kluivert\/#breadcrumb"},"inLanguage":"fr-FR","potentialAction":[{"@type":"ReadAction","target":["https:\/\/www.ladiagonale.net\/index.php\/2022\/06\/07\/monaco-suivrait-levolution-du-dossier-kluivert\/"]}]},{"@type":"BreadcrumbList","@id":"https:\/\/www.ladiagonale.net\/index.php\/2022\/06\/07\/monaco-suivrait-levolution-du-dossier-kluivert\/#breadcrumb","itemListElement":[{"@type":"ListItem","position":1,"name":"Accueil","item":"https:\/\/www.ladiagonale.net\/"},{"@type":"ListItem","position":2,"name":"Monaco suivrait l&rsquo;\u00e9volution du dossier Kluivert"}]},{"@type":"WebSite","@id":"https:\/\/www.ladiagonale.net\/#website","url":"https:\/\/www.ladiagonale.net\/","name":"La Diagonale","description":"Le site des supporters de l&#039;AS Monaco FC","potentialAction":[{"@type":"SearchAction","target":{"@type":"EntryPoint","urlTemplate":"https:\/\/www.ladiagonale.net\/?s={search_term_string}"},"query-input":"required name=search_term_string"}],"inLanguage":"fr-FR"},{"@type":"Person","@id":"https:\/\/www.ladiagonale.net\/#\/schema\/person\/79ff1e7b0853ed01b2aa26e64ad300bf","name":"Damien Dellerba","image":{"@type":"ImageObject","inLanguage":"fr-FR","@id":"https:\/\/www.ladiagonale.net\/#\/schema\/person\/image\/","url":"https:\/\/secure.gravatar.com\/avatar\/c7850e06d3ff63cdbaee88b7fc16e2f0?s=96&d=mm&r=g","contentUrl":"https:\/\/secure.gravatar.com\/avatar\/c7850e06d3ff63cdbaee88b7fc16e2f0?s=96&d=mm&r=g","caption":"Damien Dellerba"},"url":"https:\/\/www.ladiagonale.net\/index.php\/author\/damien\/"}]}},"_links":{"self":[{"href":"https:\/\/www.ladiagonale.net\/index.php\/wp-json\/wp\/v2\/posts\/1232"}],"collection":[{"href":"https:\/\/www.ladiagonale.net\/index.php\/wp-json\/wp\/v2\/posts"}],"about":[{"href":"https:\/\/www.ladiagonale.net\/index.php\/wp-json\/wp\/v2\/types\/post"}],"author":[{"embeddable":true,"href":"https:\/\/www.ladiagonale.net\/index.php\/wp-json\/wp\/v2\/users\/2"}],"replies":[{"embeddable":true,"href":"https:\/\/www.ladiagonale.net\/index.php\/wp-json\/wp\/v2\/comments?post=1232"}],"version-history":[{"count":1,"href":"https:\/\/www.ladiagonale.net\/index.php\/wp-json\/wp\/v2\/posts\/1232\/revisions"}],"predecessor-version":[{"id":1582,"href":"https:\/\/www.ladiagonale.net\/index.php\/wp-json\/wp\/v2\/posts\/1232\/revisions\/1582"}],"wp:attachment":[{"href":"https:\/\/www.ladiagonale.net\/index.php\/wp-json\/wp\/v2\/media?parent=1232"}],"wp:term":[{"taxonomy":"category","embeddable":true,"href":"https:\/\/www.ladiagonale.net\/index.php\/wp-json\/wp\/v2\/categories?post=1232"},{"taxonomy":"post_tag","embeddable":true,"href":"https:\/\/www.ladiagonale.net\/index.php\/wp-json\/wp\/v2\/tags?post=1232"}],"curies":[{"name":"wp","href":"https:\/\/api.w.org\/{rel}","templated":true}]}}