{"id":1235,"date":"2022-06-09T00:16:21","date_gmt":"2022-06-08T22:16:21","guid":{"rendered":"https:\/\/www.ladiagonale.net\/index.php\/2022\/06\/09\/deux-pistes-prioritaires-pour-remplacer-tchouameni\/"},"modified":"2022-11-22T23:09:20","modified_gmt":"2022-11-22T22:09:20","slug":"deux-pistes-prioritaires-pour-remplacer-tchouameni","status":"publish","type":"post","link":"https:\/\/www.ladiagonale.net\/index.php\/2022\/06\/09\/deux-pistes-prioritaires-pour-remplacer-tchouameni\/","title":{"rendered":"Deux pistes prioritaires pour remplacer Tchouam\u00e9ni"},"content":{"rendered":"\n\n\n<p>Avec le d\u00e9nouement tout proche du dossier Tchouam\u00e9ni, Monaco peut d\u00e9sormais avancer plus concr\u00e8tement sur les joueurs qui pourront venir remplacer l&rsquo;international Fran\u00e7ais. D&rsquo;apr\u00e8s <em>L&rsquo;\u00c9quipe<\/em>, deux joueurs tiendraient la corde et seraient consid\u00e9r\u00e9s comme des priorit\u00e9s pour le club de la Principaut\u00e9. Amadou Onana, dont on sait que Philippe Clement appr\u00e9cie suffisamment le joueur pour avoir tent\u00e9 de l&rsquo;engager avec Bruges, est l&rsquo;une des deux pistes au remplacement de Tchouam\u00e9ni (<a href=\"https:\/\/www.ladiagonale.net\/news-1426-monaco-aurait-supervise-onana\">voir par ailleurs<\/a>).<\/p>\n\n\n\n<p>L&rsquo;autre option se trouve au Br\u00e9sil et a \u00e9t\u00e9 supervis\u00e9e par le directeur technique de l&rsquo;AS Monaco, Laurence Stewart. Il s&rsquo;agit de Danilo, qui \u00e9volue actuellement \u00e0 Palmeiras. \u00c2g\u00e9 de 21 ans, le milieu de terrain br\u00e9silien vient de conna\u00eetre sa premi\u00e8re convocation avec la <em>Sele\u00e7\u00e3o<\/em>. Il int\u00e9resserait \u00e9galement l&rsquo;OM et son prix pourrait se situer autour de 20 millions d&rsquo;euros, ce qui serait plus on\u00e9reux qu&rsquo;Onana. Le quotidien pr\u00e9cise toutefois que Palmeiras n&rsquo;aurait pas l&rsquo;intention de s&rsquo;en s\u00e9parer au cours de ce mercato estival.<\/p>\n","protected":false},"excerpt":{"rendered":"<p>Avec le d\u00e9nouement tout proche du dossier Tchouam\u00e9ni, Monaco peut d\u00e9sormais avancer plus concr\u00e8tement sur les joueurs qui pourront venir remplacer l&rsquo;international Fran\u00e7ais. D&rsquo;apr\u00e8s L&rsquo;\u00c9quipe, deux joueurs tiendraient la corde et seraient consid\u00e9r\u00e9s comme des priorit\u00e9s pour le club de la Principaut\u00e9. Amadou Onana, dont on sait que Philippe Clement appr\u00e9cie suffisamment le joueur pour [&#8230;]\n","protected":false},"author":2,"featured_media":0,"comment_status":"open","ping_status":"open","sticky":false,"template":"","format":"standard","meta":[],"categories":[6],"tags":[],"yoast_head":"<!-- This site is optimized with the Yoast SEO plugin v19.8 - https:\/\/yoast.com\/wordpress\/plugins\/seo\/ -->\n<title>Deux pistes prioritaires pour remplacer Tchouam\u00e9ni - La Diagonale<\/title>\n<meta name=\"robots\" content=\"index, follow, max-snippet:-1, max-image-preview:large, max-video-preview:-1\" \/>\n<link rel=\"canonical\" href=\"https:\/\/www.ladiagonale.net\/index.php\/2022\/06\/09\/deux-pistes-prioritaires-pour-remplacer-tchouameni\/\" \/>\n<meta property=\"og:locale\" content=\"fr_FR\" \/>\n<meta property=\"og:type\" content=\"article\" \/>\n<meta property=\"og:title\" content=\"Deux pistes prioritaires pour remplacer Tchouam\u00e9ni - La Diagonale\" \/>\n<meta property=\"og:description\" content=\"Avec le d\u00e9nouement tout proche du dossier Tchouam\u00e9ni, Monaco peut d\u00e9sormais avancer plus concr\u00e8tement sur les joueurs qui pourront venir remplacer l&rsquo;international Fran\u00e7ais. D&rsquo;apr\u00e8s L&rsquo;\u00c9quipe, deux joueurs tiendraient la corde et seraient consid\u00e9r\u00e9s comme des priorit\u00e9s pour le club de la Principaut\u00e9. Amadou Onana, dont on sait que Philippe Clement appr\u00e9cie suffisamment le joueur pour [...]\" \/>\n<meta property=\"og:url\" content=\"https:\/\/www.ladiagonale.net\/index.php\/2022\/06\/09\/deux-pistes-prioritaires-pour-remplacer-tchouameni\/\" \/>\n<meta property=\"og:site_name\" content=\"La Diagonale\" \/>\n<meta property=\"article:published_time\" content=\"2022-06-08T22:16:21+00:00\" \/>\n<meta property=\"article:modified_time\" content=\"2022-11-22T22:09:20+00:00\" \/>\n<meta name=\"author\" content=\"Damien Dellerba\" \/>\n<meta name=\"twitter:card\" content=\"summary_large_image\" \/>\n<meta name=\"twitter:label1\" content=\"\u00c9crit par\" \/>\n\t<meta name=\"twitter:data1\" content=\"Damien Dellerba\" \/>\n\t<meta name=\"twitter:label2\" content=\"Dur\u00e9e de lecture estim\u00e9e\" \/>\n\t<meta name=\"twitter:data2\" content=\"1 minute\" \/>\n<script type=\"application\/ld+json\" class=\"yoast-schema-graph\">{\"@context\":\"https:\/\/schema.org\",\"@graph\":[{\"@type\":\"WebPage\",\"@id\":\"https:\/\/www.ladiagonale.net\/index.php\/2022\/06\/09\/deux-pistes-prioritaires-pour-remplacer-tchouameni\/\",\"url\":\"https:\/\/www.ladiagonale.net\/index.php\/2022\/06\/09\/deux-pistes-prioritaires-pour-remplacer-tchouameni\/\",\"name\":\"Deux pistes prioritaires pour remplacer Tchouam\u00e9ni - La Diagonale\",\"isPartOf\":{\"@id\":\"https:\/\/www.ladiagonale.net\/#website\"},\"datePublished\":\"2022-06-08T22:16:21+00:00\",\"dateModified\":\"2022-11-22T22:09:20+00:00\",\"author\":{\"@id\":\"https:\/\/www.ladiagonale.net\/#\/schema\/person\/79ff1e7b0853ed01b2aa26e64ad300bf\"},\"breadcrumb\":{\"@id\":\"https:\/\/www.ladiagonale.net\/index.php\/2022\/06\/09\/deux-pistes-prioritaires-pour-remplacer-tchouameni\/#breadcrumb\"},\"inLanguage\":\"fr-FR\",\"potentialAction\":[{\"@type\":\"ReadAction\",\"target\":[\"https:\/\/www.ladiagonale.net\/index.php\/2022\/06\/09\/deux-pistes-prioritaires-pour-remplacer-tchouameni\/\"]}]},{\"@type\":\"BreadcrumbList\",\"@id\":\"https:\/\/www.ladiagonale.net\/index.php\/2022\/06\/09\/deux-pistes-prioritaires-pour-remplacer-tchouameni\/#breadcrumb\",\"itemListElement\":[{\"@type\":\"ListItem\",\"position\":1,\"name\":\"Accueil\",\"item\":\"https:\/\/www.ladiagonale.net\/\"},{\"@type\":\"ListItem\",\"position\":2,\"name\":\"Deux pistes prioritaires pour remplacer Tchouam\u00e9ni\"}]},{\"@type\":\"WebSite\",\"@id\":\"https:\/\/www.ladiagonale.net\/#website\",\"url\":\"https:\/\/www.ladiagonale.net\/\",\"name\":\"La Diagonale\",\"description\":\"Le site des supporters de l&#039;AS Monaco FC\",\"potentialAction\":[{\"@type\":\"SearchAction\",\"target\":{\"@type\":\"EntryPoint\",\"urlTemplate\":\"https:\/\/www.ladiagonale.net\/?s={search_term_string}\"},\"query-input\":\"required name=search_term_string\"}],\"inLanguage\":\"fr-FR\"},{\"@type\":\"Person\",\"@id\":\"https:\/\/www.ladiagonale.net\/#\/schema\/person\/79ff1e7b0853ed01b2aa26e64ad300bf\",\"name\":\"Damien Dellerba\",\"image\":{\"@type\":\"ImageObject\",\"inLanguage\":\"fr-FR\",\"@id\":\"https:\/\/www.ladiagonale.net\/#\/schema\/person\/image\/\",\"url\":\"https:\/\/secure.gravatar.com\/avatar\/c7850e06d3ff63cdbaee88b7fc16e2f0?s=96&d=mm&r=g\",\"contentUrl\":\"https:\/\/secure.gravatar.com\/avatar\/c7850e06d3ff63cdbaee88b7fc16e2f0?s=96&d=mm&r=g\",\"caption\":\"Damien Dellerba\"},\"url\":\"https:\/\/www.ladiagonale.net\/index.php\/author\/damien\/\"}]}<\/script>\n<!-- \/ Yoast SEO plugin. -->","yoast_head_json":{"title":"Deux pistes prioritaires pour remplacer Tchouam\u00e9ni - La Diagonale","robots":{"index":"index","follow":"follow","max-snippet":"max-snippet:-1","max-image-preview":"max-image-preview:large","max-video-preview":"max-video-preview:-1"},"canonical":"https:\/\/www.ladiagonale.net\/index.php\/2022\/06\/09\/deux-pistes-prioritaires-pour-remplacer-tchouameni\/","og_locale":"fr_FR","og_type":"article","og_title":"Deux pistes prioritaires pour remplacer Tchouam\u00e9ni - La Diagonale","og_description":"Avec le d\u00e9nouement tout proche du dossier Tchouam\u00e9ni, Monaco peut d\u00e9sormais avancer plus concr\u00e8tement sur les joueurs qui pourront venir remplacer l&rsquo;international Fran\u00e7ais. D&rsquo;apr\u00e8s L&rsquo;\u00c9quipe, deux joueurs tiendraient la corde et seraient consid\u00e9r\u00e9s comme des priorit\u00e9s pour le club de la Principaut\u00e9. Amadou Onana, dont on sait que Philippe Clement appr\u00e9cie suffisamment le joueur pour [...]","og_url":"https:\/\/www.ladiagonale.net\/index.php\/2022\/06\/09\/deux-pistes-prioritaires-pour-remplacer-tchouameni\/","og_site_name":"La Diagonale","article_published_time":"2022-06-08T22:16:21+00:00","article_modified_time":"2022-11-22T22:09:20+00:00","author":"Damien Dellerba","twitter_card":"summary_large_image","twitter_misc":{"\u00c9crit par":"Damien Dellerba","Dur\u00e9e de lecture estim\u00e9e":"1 minute"},"schema":{"@context":"https:\/\/schema.org","@graph":[{"@type":"WebPage","@id":"https:\/\/www.ladiagonale.net\/index.php\/2022\/06\/09\/deux-pistes-prioritaires-pour-remplacer-tchouameni\/","url":"https:\/\/www.ladiagonale.net\/index.php\/2022\/06\/09\/deux-pistes-prioritaires-pour-remplacer-tchouameni\/","name":"Deux pistes prioritaires pour remplacer Tchouam\u00e9ni - La Diagonale","isPartOf":{"@id":"https:\/\/www.ladiagonale.net\/#website"},"datePublished":"2022-06-08T22:16:21+00:00","dateModified":"2022-11-22T22:09:20+00:00","author":{"@id":"https:\/\/www.ladiagonale.net\/#\/schema\/person\/79ff1e7b0853ed01b2aa26e64ad300bf"},"breadcrumb":{"@id":"https:\/\/www.ladiagonale.net\/index.php\/2022\/06\/09\/deux-pistes-prioritaires-pour-remplacer-tchouameni\/#breadcrumb"},"inLanguage":"fr-FR","potentialAction":[{"@type":"ReadAction","target":["https:\/\/www.ladiagonale.net\/index.php\/2022\/06\/09\/deux-pistes-prioritaires-pour-remplacer-tchouameni\/"]}]},{"@type":"BreadcrumbList","@id":"https:\/\/www.ladiagonale.net\/index.php\/2022\/06\/09\/deux-pistes-prioritaires-pour-remplacer-tchouameni\/#breadcrumb","itemListElement":[{"@type":"ListItem","position":1,"name":"Accueil","item":"https:\/\/www.ladiagonale.net\/"},{"@type":"ListItem","position":2,"name":"Deux pistes prioritaires pour remplacer Tchouam\u00e9ni"}]},{"@type":"WebSite","@id":"https:\/\/www.ladiagonale.net\/#website","url":"https:\/\/www.ladiagonale.net\/","name":"La Diagonale","description":"Le site des supporters de l&#039;AS Monaco FC","potentialAction":[{"@type":"SearchAction","target":{"@type":"EntryPoint","urlTemplate":"https:\/\/www.ladiagonale.net\/?s={search_term_string}"},"query-input":"required name=search_term_string"}],"inLanguage":"fr-FR"},{"@type":"Person","@id":"https:\/\/www.ladiagonale.net\/#\/schema\/person\/79ff1e7b0853ed01b2aa26e64ad300bf","name":"Damien Dellerba","image":{"@type":"ImageObject","inLanguage":"fr-FR","@id":"https:\/\/www.ladiagonale.net\/#\/schema\/person\/image\/","url":"https:\/\/secure.gravatar.com\/avatar\/c7850e06d3ff63cdbaee88b7fc16e2f0?s=96&d=mm&r=g","contentUrl":"https:\/\/secure.gravatar.com\/avatar\/c7850e06d3ff63cdbaee88b7fc16e2f0?s=96&d=mm&r=g","caption":"Damien Dellerba"},"url":"https:\/\/www.ladiagonale.net\/index.php\/author\/damien\/"}]}},"_links":{"self":[{"href":"https:\/\/www.ladiagonale.net\/index.php\/wp-json\/wp\/v2\/posts\/1235"}],"collection":[{"href":"https:\/\/www.ladiagonale.net\/index.php\/wp-json\/wp\/v2\/posts"}],"about":[{"href":"https:\/\/www.ladiagonale.net\/index.php\/wp-json\/wp\/v2\/types\/post"}],"author":[{"embeddable":true,"href":"https:\/\/www.ladiagonale.net\/index.php\/wp-json\/wp\/v2\/users\/2"}],"replies":[{"embeddable":true,"href":"https:\/\/www.ladiagonale.net\/index.php\/wp-json\/wp\/v2\/comments?post=1235"}],"version-history":[{"count":2,"href":"https:\/\/www.ladiagonale.net\/index.php\/wp-json\/wp\/v2\/posts\/1235\/revisions"}],"predecessor-version":[{"id":7109,"href":"https:\/\/www.ladiagonale.net\/index.php\/wp-json\/wp\/v2\/posts\/1235\/revisions\/7109"}],"wp:attachment":[{"href":"https:\/\/www.ladiagonale.net\/index.php\/wp-json\/wp\/v2\/media?parent=1235"}],"wp:term":[{"taxonomy":"category","embeddable":true,"href":"https:\/\/www.ladiagonale.net\/index.php\/wp-json\/wp\/v2\/categories?post=1235"},{"taxonomy":"post_tag","embeddable":true,"href":"https:\/\/www.ladiagonale.net\/index.php\/wp-json\/wp\/v2\/tags?post=1235"}],"curies":[{"name":"wp","href":"https:\/\/api.w.org\/{rel}","templated":true}]}}