{"id":12354,"date":"2023-05-14T08:59:00","date_gmt":"2023-05-14T06:59:00","guid":{"rendered":"https:\/\/www.ladiagonale.net\/?p=12354"},"modified":"2023-05-14T03:23:43","modified_gmt":"2023-05-14T01:23:43","slug":"monaco-serait-bien-place-dans-le-dossier-wahi","status":"publish","type":"post","link":"https:\/\/www.ladiagonale.net\/index.php\/2023\/05\/14\/monaco-serait-bien-place-dans-le-dossier-wahi\/","title":{"rendered":"Monaco serait bien plac\u00e9 dans le dossier Wahi"},"content":{"rendered":"\n\n\n<p>La prochaine destination d&rsquo;Elye Wahi n&rsquo;a pas fini de faire couler de l&rsquo;encre et le dossier de l&rsquo;attaquant montpelli\u00e9rain devrait animer le prochaine mercato. Si <em>Foot Mercato<\/em> avait confirm\u00e9 <a href=\"https:\/\/www.ladiagonale.net\/index.php\/2023\/05\/08\/wahi-comme-remplacant-de-ben-yedder\/#\">que l&rsquo;AS Monaco \u00e9tait toujours attentive au cas de l&rsquo;international Espoirs fran\u00e7ais<\/a>, <em>L&rsquo;\u00c9quipe<\/em> va un peu plus loin en indiquant que le club de la Principaut\u00e9 serait en r\u00e9alit\u00e9 <em>\u00ab bien plac\u00e9 \u00bb<\/em> et le club <em>\u00ab le plus pr\u00e9sent \u00bb<\/em> dans ce dossier, malgr\u00e9 une concurrence qui s&rsquo;annonce f\u00e9roce. Avec comme argument principal la volont\u00e9 du joueur de proc\u00e9der par \u00e9tapes et de privil\u00e9gier un plus grand club fran\u00e7ais avant de tenter l&rsquo;aventure \u00e0 l&rsquo;\u00e9tranger. <\/p>\n\n\n\n<p>Reste que pour attirer l&rsquo;attaquant de 20 ans, sous contrat avec le club h\u00e9raultais jusqu&rsquo;en juin 2025 et hauteur de 17 buts cette saison en Ligue 1, il faudra y mettre le prix. Cit\u00e9 par le quotidien, le pr\u00e9sident de Montpellier Laurent Nicollin a d\u00e9j\u00e0 fait passer le message qu&rsquo;il ne comptait pas brader son joueur : <em>\u00ab&nbsp;En janvier, j&rsquo;ai refus\u00e9 25&nbsp;millions d&rsquo;euros plus des bonus d&rsquo;un club anglais<\/em>. <em>Il y a beaucoup de clubs int\u00e9ress\u00e9s. Je pense que, si Elye Wahi \u00e9tait l&rsquo;attaquant de l&rsquo;Olympique de Marseille, il vaudrait 60&nbsp;millions d&rsquo;euros.&nbsp;\u00bb<\/em> Selon <em>L&rsquo;\u00c9quipe<\/em>, le club pailladin attendrait au moins 30 millions d&rsquo;euros pour Wahi.<\/p>\n","protected":false},"excerpt":{"rendered":"<p>La prochaine destination d&rsquo;Elye Wahi n&rsquo;a pas fini de faire couler de l&rsquo;encre et le dossier de l&rsquo;attaquant montpelli\u00e9rain devrait animer le prochaine mercato. Si Foot Mercato avait confirm\u00e9 que l&rsquo;AS Monaco \u00e9tait toujours attentive au cas de l&rsquo;international Espoirs fran\u00e7ais, L&rsquo;\u00c9quipe va un peu plus loin en indiquant que le club de la Principaut\u00e9 [&#8230;]\n","protected":false},"author":2,"featured_media":0,"comment_status":"open","ping_status":"open","sticky":false,"template":"","format":"standard","meta":[],"categories":[6],"tags":[86,376,111,110],"yoast_head":"<!-- This site is optimized with the Yoast SEO plugin v19.8 - https:\/\/yoast.com\/wordpress\/plugins\/seo\/ -->\n<title>Monaco serait bien plac\u00e9 dans le dossier Wahi - La Diagonale<\/title>\n<meta name=\"robots\" content=\"index, follow, max-snippet:-1, max-image-preview:large, max-video-preview:-1\" \/>\n<link rel=\"canonical\" href=\"https:\/\/www.ladiagonale.net\/index.php\/2023\/05\/14\/monaco-serait-bien-place-dans-le-dossier-wahi\/\" \/>\n<meta property=\"og:locale\" content=\"fr_FR\" \/>\n<meta property=\"og:type\" content=\"article\" \/>\n<meta property=\"og:title\" content=\"Monaco serait bien plac\u00e9 dans le dossier Wahi - La Diagonale\" \/>\n<meta property=\"og:description\" content=\"La prochaine destination d&rsquo;Elye Wahi n&rsquo;a pas fini de faire couler de l&rsquo;encre et le dossier de l&rsquo;attaquant montpelli\u00e9rain devrait animer le prochaine mercato. Si Foot Mercato avait confirm\u00e9 que l&rsquo;AS Monaco \u00e9tait toujours attentive au cas de l&rsquo;international Espoirs fran\u00e7ais, L&rsquo;\u00c9quipe va un peu plus loin en indiquant que le club de la Principaut\u00e9 [...]\" \/>\n<meta property=\"og:url\" content=\"https:\/\/www.ladiagonale.net\/index.php\/2023\/05\/14\/monaco-serait-bien-place-dans-le-dossier-wahi\/\" \/>\n<meta property=\"og:site_name\" content=\"La Diagonale\" \/>\n<meta property=\"article:published_time\" content=\"2023-05-14T06:59:00+00:00\" \/>\n<meta property=\"article:modified_time\" content=\"2023-05-14T01:23:43+00:00\" \/>\n<meta property=\"og:image\" content=\"https:\/\/www.ladiagonale.net\/wp-content\/uploads\/2023\/01\/wahi.png\" \/>\n\t<meta property=\"og:image:width\" content=\"1160\" \/>\n\t<meta property=\"og:image:height\" content=\"650\" \/>\n\t<meta property=\"og:image:type\" content=\"image\/png\" \/>\n<meta name=\"author\" content=\"Damien Dellerba\" \/>\n<meta name=\"twitter:card\" content=\"summary_large_image\" \/>\n<meta name=\"twitter:image\" content=\"https:\/\/www.ladiagonale.net\/wp-content\/uploads\/2023\/01\/wahi.png\" \/>\n<meta name=\"twitter:label1\" content=\"\u00c9crit par\" \/>\n\t<meta name=\"twitter:data1\" content=\"Damien Dellerba\" \/>\n\t<meta name=\"twitter:label2\" content=\"Dur\u00e9e de lecture estim\u00e9e\" \/>\n\t<meta name=\"twitter:data2\" content=\"2 minutes\" \/>\n<script type=\"application\/ld+json\" class=\"yoast-schema-graph\">{\"@context\":\"https:\/\/schema.org\",\"@graph\":[{\"@type\":\"WebPage\",\"@id\":\"https:\/\/www.ladiagonale.net\/index.php\/2023\/05\/14\/monaco-serait-bien-place-dans-le-dossier-wahi\/\",\"url\":\"https:\/\/www.ladiagonale.net\/index.php\/2023\/05\/14\/monaco-serait-bien-place-dans-le-dossier-wahi\/\",\"name\":\"Monaco serait bien plac\u00e9 dans le dossier Wahi - La Diagonale\",\"isPartOf\":{\"@id\":\"https:\/\/www.ladiagonale.net\/#website\"},\"datePublished\":\"2023-05-14T06:59:00+00:00\",\"dateModified\":\"2023-05-14T01:23:43+00:00\",\"author\":{\"@id\":\"https:\/\/www.ladiagonale.net\/#\/schema\/person\/79ff1e7b0853ed01b2aa26e64ad300bf\"},\"breadcrumb\":{\"@id\":\"https:\/\/www.ladiagonale.net\/index.php\/2023\/05\/14\/monaco-serait-bien-place-dans-le-dossier-wahi\/#breadcrumb\"},\"inLanguage\":\"fr-FR\",\"potentialAction\":[{\"@type\":\"ReadAction\",\"target\":[\"https:\/\/www.ladiagonale.net\/index.php\/2023\/05\/14\/monaco-serait-bien-place-dans-le-dossier-wahi\/\"]}]},{\"@type\":\"BreadcrumbList\",\"@id\":\"https:\/\/www.ladiagonale.net\/index.php\/2023\/05\/14\/monaco-serait-bien-place-dans-le-dossier-wahi\/#breadcrumb\",\"itemListElement\":[{\"@type\":\"ListItem\",\"position\":1,\"name\":\"Accueil\",\"item\":\"https:\/\/www.ladiagonale.net\/\"},{\"@type\":\"ListItem\",\"position\":2,\"name\":\"Monaco serait bien plac\u00e9 dans le dossier Wahi\"}]},{\"@type\":\"WebSite\",\"@id\":\"https:\/\/www.ladiagonale.net\/#website\",\"url\":\"https:\/\/www.ladiagonale.net\/\",\"name\":\"La Diagonale\",\"description\":\"Le site des supporters de l&#039;AS Monaco FC\",\"potentialAction\":[{\"@type\":\"SearchAction\",\"target\":{\"@type\":\"EntryPoint\",\"urlTemplate\":\"https:\/\/www.ladiagonale.net\/?s={search_term_string}\"},\"query-input\":\"required name=search_term_string\"}],\"inLanguage\":\"fr-FR\"},{\"@type\":\"Person\",\"@id\":\"https:\/\/www.ladiagonale.net\/#\/schema\/person\/79ff1e7b0853ed01b2aa26e64ad300bf\",\"name\":\"Damien Dellerba\",\"image\":{\"@type\":\"ImageObject\",\"inLanguage\":\"fr-FR\",\"@id\":\"https:\/\/www.ladiagonale.net\/#\/schema\/person\/image\/\",\"url\":\"https:\/\/secure.gravatar.com\/avatar\/c7850e06d3ff63cdbaee88b7fc16e2f0?s=96&d=mm&r=g\",\"contentUrl\":\"https:\/\/secure.gravatar.com\/avatar\/c7850e06d3ff63cdbaee88b7fc16e2f0?s=96&d=mm&r=g\",\"caption\":\"Damien Dellerba\"},\"url\":\"https:\/\/www.ladiagonale.net\/index.php\/author\/damien\/\"}]}<\/script>\n<!-- \/ Yoast SEO plugin. -->","yoast_head_json":{"title":"Monaco serait bien plac\u00e9 dans le dossier Wahi - La Diagonale","robots":{"index":"index","follow":"follow","max-snippet":"max-snippet:-1","max-image-preview":"max-image-preview:large","max-video-preview":"max-video-preview:-1"},"canonical":"https:\/\/www.ladiagonale.net\/index.php\/2023\/05\/14\/monaco-serait-bien-place-dans-le-dossier-wahi\/","og_locale":"fr_FR","og_type":"article","og_title":"Monaco serait bien plac\u00e9 dans le dossier Wahi - La Diagonale","og_description":"La prochaine destination d&rsquo;Elye Wahi n&rsquo;a pas fini de faire couler de l&rsquo;encre et le dossier de l&rsquo;attaquant montpelli\u00e9rain devrait animer le prochaine mercato. Si Foot Mercato avait confirm\u00e9 que l&rsquo;AS Monaco \u00e9tait toujours attentive au cas de l&rsquo;international Espoirs fran\u00e7ais, L&rsquo;\u00c9quipe va un peu plus loin en indiquant que le club de la Principaut\u00e9 [...]","og_url":"https:\/\/www.ladiagonale.net\/index.php\/2023\/05\/14\/monaco-serait-bien-place-dans-le-dossier-wahi\/","og_site_name":"La Diagonale","article_published_time":"2023-05-14T06:59:00+00:00","article_modified_time":"2023-05-14T01:23:43+00:00","og_image":[{"width":1160,"height":650,"url":"https:\/\/www.ladiagonale.net\/wp-content\/uploads\/2023\/01\/wahi.png","type":"image\/png"}],"author":"Damien Dellerba","twitter_card":"summary_large_image","twitter_image":"https:\/\/www.ladiagonale.net\/wp-content\/uploads\/2023\/01\/wahi.png","twitter_misc":{"\u00c9crit par":"Damien Dellerba","Dur\u00e9e de lecture estim\u00e9e":"2 minutes"},"schema":{"@context":"https:\/\/schema.org","@graph":[{"@type":"WebPage","@id":"https:\/\/www.ladiagonale.net\/index.php\/2023\/05\/14\/monaco-serait-bien-place-dans-le-dossier-wahi\/","url":"https:\/\/www.ladiagonale.net\/index.php\/2023\/05\/14\/monaco-serait-bien-place-dans-le-dossier-wahi\/","name":"Monaco serait bien plac\u00e9 dans le dossier Wahi - La Diagonale","isPartOf":{"@id":"https:\/\/www.ladiagonale.net\/#website"},"datePublished":"2023-05-14T06:59:00+00:00","dateModified":"2023-05-14T01:23:43+00:00","author":{"@id":"https:\/\/www.ladiagonale.net\/#\/schema\/person\/79ff1e7b0853ed01b2aa26e64ad300bf"},"breadcrumb":{"@id":"https:\/\/www.ladiagonale.net\/index.php\/2023\/05\/14\/monaco-serait-bien-place-dans-le-dossier-wahi\/#breadcrumb"},"inLanguage":"fr-FR","potentialAction":[{"@type":"ReadAction","target":["https:\/\/www.ladiagonale.net\/index.php\/2023\/05\/14\/monaco-serait-bien-place-dans-le-dossier-wahi\/"]}]},{"@type":"BreadcrumbList","@id":"https:\/\/www.ladiagonale.net\/index.php\/2023\/05\/14\/monaco-serait-bien-place-dans-le-dossier-wahi\/#breadcrumb","itemListElement":[{"@type":"ListItem","position":1,"name":"Accueil","item":"https:\/\/www.ladiagonale.net\/"},{"@type":"ListItem","position":2,"name":"Monaco serait bien plac\u00e9 dans le dossier Wahi"}]},{"@type":"WebSite","@id":"https:\/\/www.ladiagonale.net\/#website","url":"https:\/\/www.ladiagonale.net\/","name":"La Diagonale","description":"Le site des supporters de l&#039;AS Monaco FC","potentialAction":[{"@type":"SearchAction","target":{"@type":"EntryPoint","urlTemplate":"https:\/\/www.ladiagonale.net\/?s={search_term_string}"},"query-input":"required name=search_term_string"}],"inLanguage":"fr-FR"},{"@type":"Person","@id":"https:\/\/www.ladiagonale.net\/#\/schema\/person\/79ff1e7b0853ed01b2aa26e64ad300bf","name":"Damien Dellerba","image":{"@type":"ImageObject","inLanguage":"fr-FR","@id":"https:\/\/www.ladiagonale.net\/#\/schema\/person\/image\/","url":"https:\/\/secure.gravatar.com\/avatar\/c7850e06d3ff63cdbaee88b7fc16e2f0?s=96&d=mm&r=g","contentUrl":"https:\/\/secure.gravatar.com\/avatar\/c7850e06d3ff63cdbaee88b7fc16e2f0?s=96&d=mm&r=g","caption":"Damien Dellerba"},"url":"https:\/\/www.ladiagonale.net\/index.php\/author\/damien\/"}]}},"_links":{"self":[{"href":"https:\/\/www.ladiagonale.net\/index.php\/wp-json\/wp\/v2\/posts\/12354"}],"collection":[{"href":"https:\/\/www.ladiagonale.net\/index.php\/wp-json\/wp\/v2\/posts"}],"about":[{"href":"https:\/\/www.ladiagonale.net\/index.php\/wp-json\/wp\/v2\/types\/post"}],"author":[{"embeddable":true,"href":"https:\/\/www.ladiagonale.net\/index.php\/wp-json\/wp\/v2\/users\/2"}],"replies":[{"embeddable":true,"href":"https:\/\/www.ladiagonale.net\/index.php\/wp-json\/wp\/v2\/comments?post=12354"}],"version-history":[{"count":2,"href":"https:\/\/www.ladiagonale.net\/index.php\/wp-json\/wp\/v2\/posts\/12354\/revisions"}],"predecessor-version":[{"id":12356,"href":"https:\/\/www.ladiagonale.net\/index.php\/wp-json\/wp\/v2\/posts\/12354\/revisions\/12356"}],"wp:attachment":[{"href":"https:\/\/www.ladiagonale.net\/index.php\/wp-json\/wp\/v2\/media?parent=12354"}],"wp:term":[{"taxonomy":"category","embeddable":true,"href":"https:\/\/www.ladiagonale.net\/index.php\/wp-json\/wp\/v2\/categories?post=12354"},{"taxonomy":"post_tag","embeddable":true,"href":"https:\/\/www.ladiagonale.net\/index.php\/wp-json\/wp\/v2\/tags?post=12354"}],"curies":[{"name":"wp","href":"https:\/\/api.w.org\/{rel}","templated":true}]}}