{"id":12365,"date":"2023-05-14T16:16:20","date_gmt":"2023-05-14T14:16:20","guid":{"rendered":"https:\/\/www.ladiagonale.net\/?p=12365"},"modified":"2023-05-14T17:57:44","modified_gmt":"2023-05-14T15:57:44","slug":"les-compositions-jakobs-titulaire-volland-absent","status":"publish","type":"post","link":"https:\/\/www.ladiagonale.net\/index.php\/2023\/05\/14\/les-compositions-jakobs-titulaire-volland-absent\/","title":{"rendered":"Les compositions : Jakobs titulaire, Volland et Diatta absents"},"content":{"rendered":"\n\n\n<p>Philippe Clement semble avoir fait le choix de reconduire le 3-4-2-1 align\u00e9 contre Angers la semaine pr\u00e9c\u00e9dente. Seul changement notable avec la pr\u00e9sence de Jakobs sur le terrain, probablement en lieu et place de piston gauche. Kr\u00e9pin Diatta est sur le banc, avec Embolo.<\/p>\n\n\n\n<p>Kevin Volland et Kr\u00e9pin Diatta ne sont pas inscrits sur la feuille de match en raison de g\u00eanes au genou. Coulibaly est donc sur le banc des rempla\u00e7ants. <\/p>\n\n\n\n<p><strong>AS Monaco (3-4-2-1) :<\/strong> N\u00fcbel &#8211; Disasi (cap.), Matsima, C. Henrique &#8211; Vanderson, Fofana, Matazo, Jakobs &#8211; Minamino, Golovin &#8211; Boadu.<\/p>\n\n\n\n<p><em>Rempla\u00e7ants :<\/em> Didillon (g.), Aguilar, Okou, Magassa, Coulibaly, Akliouche, Diop, Ben Seghir, Embolo<\/p>\n\n\n\n<p><strong>LOSC Lille (4-2-3-1) :<\/strong> Chevalier &#8211; Diakit\u00e9, Fonte (cap.), Alexsandro, Ismaily &#8211; Andr\u00e9, Ang. Gomes &#8211; Weah, Cabella, Bamba &#8211; David. <\/p>\n\n\n\n<p><em>Rempla\u00e7ants :<\/em> Costil, Gudmundsson, Yoro, Martin, Baleba, And. Gomes, Ounas, Virginius, Bayo.<\/p>\n","protected":false},"excerpt":{"rendered":"<p>Philippe Clement semble avoir fait le choix de reconduire le 3-4-2-1 align\u00e9 contre Angers la semaine pr\u00e9c\u00e9dente. Seul changement notable avec la pr\u00e9sence de Jakobs sur le terrain, probablement en lieu et place de piston gauche. Kr\u00e9pin Diatta est sur le banc, avec Embolo. Kevin Volland et Kr\u00e9pin Diatta ne sont pas inscrits sur la [&#8230;]\n","protected":false},"author":2,"featured_media":0,"comment_status":"open","ping_status":"open","sticky":false,"template":"","format":"standard","meta":[],"categories":[4,6],"tags":[86,213,94,511],"yoast_head":"<!-- This site is optimized with the Yoast SEO plugin v19.8 - https:\/\/yoast.com\/wordpress\/plugins\/seo\/ -->\n<title>Les compositions : Jakobs titulaire, Volland et Diatta absents - La Diagonale<\/title>\n<meta name=\"robots\" content=\"index, follow, max-snippet:-1, max-image-preview:large, max-video-preview:-1\" \/>\n<link rel=\"canonical\" href=\"https:\/\/www.ladiagonale.net\/index.php\/2023\/05\/14\/les-compositions-jakobs-titulaire-volland-absent\/\" \/>\n<meta property=\"og:locale\" content=\"fr_FR\" \/>\n<meta property=\"og:type\" content=\"article\" \/>\n<meta property=\"og:title\" content=\"Les compositions : Jakobs titulaire, Volland et Diatta absents - La Diagonale\" \/>\n<meta property=\"og:description\" content=\"Philippe Clement semble avoir fait le choix de reconduire le 3-4-2-1 align\u00e9 contre Angers la semaine pr\u00e9c\u00e9dente. Seul changement notable avec la pr\u00e9sence de Jakobs sur le terrain, probablement en lieu et place de piston gauche. Kr\u00e9pin Diatta est sur le banc, avec Embolo. Kevin Volland et Kr\u00e9pin Diatta ne sont pas inscrits sur la [...]\" \/>\n<meta property=\"og:url\" content=\"https:\/\/www.ladiagonale.net\/index.php\/2023\/05\/14\/les-compositions-jakobs-titulaire-volland-absent\/\" \/>\n<meta property=\"og:site_name\" content=\"La Diagonale\" \/>\n<meta property=\"article:published_time\" content=\"2023-05-14T14:16:20+00:00\" \/>\n<meta property=\"article:modified_time\" content=\"2023-05-14T15:57:44+00:00\" \/>\n<meta property=\"og:image\" content=\"https:\/\/www.ladiagonale.net\/wp-content\/uploads\/2023\/05\/jakobs.png\" \/>\n\t<meta property=\"og:image:width\" content=\"1160\" \/>\n\t<meta property=\"og:image:height\" content=\"650\" \/>\n\t<meta property=\"og:image:type\" content=\"image\/png\" \/>\n<meta name=\"author\" content=\"Damien Dellerba\" \/>\n<meta name=\"twitter:card\" content=\"summary_large_image\" \/>\n<meta name=\"twitter:image\" content=\"https:\/\/www.ladiagonale.net\/wp-content\/uploads\/2023\/05\/jakobs.png\" \/>\n<meta name=\"twitter:label1\" content=\"\u00c9crit par\" \/>\n\t<meta name=\"twitter:data1\" content=\"Damien Dellerba\" \/>\n\t<meta name=\"twitter:label2\" content=\"Dur\u00e9e de lecture estim\u00e9e\" \/>\n\t<meta name=\"twitter:data2\" content=\"1 minute\" \/>\n<script type=\"application\/ld+json\" class=\"yoast-schema-graph\">{\"@context\":\"https:\/\/schema.org\",\"@graph\":[{\"@type\":\"WebPage\",\"@id\":\"https:\/\/www.ladiagonale.net\/index.php\/2023\/05\/14\/les-compositions-jakobs-titulaire-volland-absent\/\",\"url\":\"https:\/\/www.ladiagonale.net\/index.php\/2023\/05\/14\/les-compositions-jakobs-titulaire-volland-absent\/\",\"name\":\"Les compositions : Jakobs titulaire, Volland et Diatta absents - La Diagonale\",\"isPartOf\":{\"@id\":\"https:\/\/www.ladiagonale.net\/#website\"},\"datePublished\":\"2023-05-14T14:16:20+00:00\",\"dateModified\":\"2023-05-14T15:57:44+00:00\",\"author\":{\"@id\":\"https:\/\/www.ladiagonale.net\/#\/schema\/person\/79ff1e7b0853ed01b2aa26e64ad300bf\"},\"breadcrumb\":{\"@id\":\"https:\/\/www.ladiagonale.net\/index.php\/2023\/05\/14\/les-compositions-jakobs-titulaire-volland-absent\/#breadcrumb\"},\"inLanguage\":\"fr-FR\",\"potentialAction\":[{\"@type\":\"ReadAction\",\"target\":[\"https:\/\/www.ladiagonale.net\/index.php\/2023\/05\/14\/les-compositions-jakobs-titulaire-volland-absent\/\"]}]},{\"@type\":\"BreadcrumbList\",\"@id\":\"https:\/\/www.ladiagonale.net\/index.php\/2023\/05\/14\/les-compositions-jakobs-titulaire-volland-absent\/#breadcrumb\",\"itemListElement\":[{\"@type\":\"ListItem\",\"position\":1,\"name\":\"Accueil\",\"item\":\"https:\/\/www.ladiagonale.net\/\"},{\"@type\":\"ListItem\",\"position\":2,\"name\":\"Les compositions : Jakobs titulaire, Volland et Diatta absents\"}]},{\"@type\":\"WebSite\",\"@id\":\"https:\/\/www.ladiagonale.net\/#website\",\"url\":\"https:\/\/www.ladiagonale.net\/\",\"name\":\"La Diagonale\",\"description\":\"Le site des supporters de l&#039;AS Monaco FC\",\"potentialAction\":[{\"@type\":\"SearchAction\",\"target\":{\"@type\":\"EntryPoint\",\"urlTemplate\":\"https:\/\/www.ladiagonale.net\/?s={search_term_string}\"},\"query-input\":\"required name=search_term_string\"}],\"inLanguage\":\"fr-FR\"},{\"@type\":\"Person\",\"@id\":\"https:\/\/www.ladiagonale.net\/#\/schema\/person\/79ff1e7b0853ed01b2aa26e64ad300bf\",\"name\":\"Damien Dellerba\",\"image\":{\"@type\":\"ImageObject\",\"inLanguage\":\"fr-FR\",\"@id\":\"https:\/\/www.ladiagonale.net\/#\/schema\/person\/image\/\",\"url\":\"https:\/\/secure.gravatar.com\/avatar\/c7850e06d3ff63cdbaee88b7fc16e2f0?s=96&d=mm&r=g\",\"contentUrl\":\"https:\/\/secure.gravatar.com\/avatar\/c7850e06d3ff63cdbaee88b7fc16e2f0?s=96&d=mm&r=g\",\"caption\":\"Damien Dellerba\"},\"url\":\"https:\/\/www.ladiagonale.net\/index.php\/author\/damien\/\"}]}<\/script>\n<!-- \/ Yoast SEO plugin. -->","yoast_head_json":{"title":"Les compositions : Jakobs titulaire, Volland et Diatta absents - La Diagonale","robots":{"index":"index","follow":"follow","max-snippet":"max-snippet:-1","max-image-preview":"max-image-preview:large","max-video-preview":"max-video-preview:-1"},"canonical":"https:\/\/www.ladiagonale.net\/index.php\/2023\/05\/14\/les-compositions-jakobs-titulaire-volland-absent\/","og_locale":"fr_FR","og_type":"article","og_title":"Les compositions : Jakobs titulaire, Volland et Diatta absents - La Diagonale","og_description":"Philippe Clement semble avoir fait le choix de reconduire le 3-4-2-1 align\u00e9 contre Angers la semaine pr\u00e9c\u00e9dente. Seul changement notable avec la pr\u00e9sence de Jakobs sur le terrain, probablement en lieu et place de piston gauche. Kr\u00e9pin Diatta est sur le banc, avec Embolo. Kevin Volland et Kr\u00e9pin Diatta ne sont pas inscrits sur la [...]","og_url":"https:\/\/www.ladiagonale.net\/index.php\/2023\/05\/14\/les-compositions-jakobs-titulaire-volland-absent\/","og_site_name":"La Diagonale","article_published_time":"2023-05-14T14:16:20+00:00","article_modified_time":"2023-05-14T15:57:44+00:00","og_image":[{"width":1160,"height":650,"url":"https:\/\/www.ladiagonale.net\/wp-content\/uploads\/2023\/05\/jakobs.png","type":"image\/png"}],"author":"Damien Dellerba","twitter_card":"summary_large_image","twitter_image":"https:\/\/www.ladiagonale.net\/wp-content\/uploads\/2023\/05\/jakobs.png","twitter_misc":{"\u00c9crit par":"Damien Dellerba","Dur\u00e9e de lecture estim\u00e9e":"1 minute"},"schema":{"@context":"https:\/\/schema.org","@graph":[{"@type":"WebPage","@id":"https:\/\/www.ladiagonale.net\/index.php\/2023\/05\/14\/les-compositions-jakobs-titulaire-volland-absent\/","url":"https:\/\/www.ladiagonale.net\/index.php\/2023\/05\/14\/les-compositions-jakobs-titulaire-volland-absent\/","name":"Les compositions : Jakobs titulaire, Volland et Diatta absents - La Diagonale","isPartOf":{"@id":"https:\/\/www.ladiagonale.net\/#website"},"datePublished":"2023-05-14T14:16:20+00:00","dateModified":"2023-05-14T15:57:44+00:00","author":{"@id":"https:\/\/www.ladiagonale.net\/#\/schema\/person\/79ff1e7b0853ed01b2aa26e64ad300bf"},"breadcrumb":{"@id":"https:\/\/www.ladiagonale.net\/index.php\/2023\/05\/14\/les-compositions-jakobs-titulaire-volland-absent\/#breadcrumb"},"inLanguage":"fr-FR","potentialAction":[{"@type":"ReadAction","target":["https:\/\/www.ladiagonale.net\/index.php\/2023\/05\/14\/les-compositions-jakobs-titulaire-volland-absent\/"]}]},{"@type":"BreadcrumbList","@id":"https:\/\/www.ladiagonale.net\/index.php\/2023\/05\/14\/les-compositions-jakobs-titulaire-volland-absent\/#breadcrumb","itemListElement":[{"@type":"ListItem","position":1,"name":"Accueil","item":"https:\/\/www.ladiagonale.net\/"},{"@type":"ListItem","position":2,"name":"Les compositions : Jakobs titulaire, Volland et Diatta absents"}]},{"@type":"WebSite","@id":"https:\/\/www.ladiagonale.net\/#website","url":"https:\/\/www.ladiagonale.net\/","name":"La Diagonale","description":"Le site des supporters de l&#039;AS Monaco FC","potentialAction":[{"@type":"SearchAction","target":{"@type":"EntryPoint","urlTemplate":"https:\/\/www.ladiagonale.net\/?s={search_term_string}"},"query-input":"required name=search_term_string"}],"inLanguage":"fr-FR"},{"@type":"Person","@id":"https:\/\/www.ladiagonale.net\/#\/schema\/person\/79ff1e7b0853ed01b2aa26e64ad300bf","name":"Damien Dellerba","image":{"@type":"ImageObject","inLanguage":"fr-FR","@id":"https:\/\/www.ladiagonale.net\/#\/schema\/person\/image\/","url":"https:\/\/secure.gravatar.com\/avatar\/c7850e06d3ff63cdbaee88b7fc16e2f0?s=96&d=mm&r=g","contentUrl":"https:\/\/secure.gravatar.com\/avatar\/c7850e06d3ff63cdbaee88b7fc16e2f0?s=96&d=mm&r=g","caption":"Damien Dellerba"},"url":"https:\/\/www.ladiagonale.net\/index.php\/author\/damien\/"}]}},"_links":{"self":[{"href":"https:\/\/www.ladiagonale.net\/index.php\/wp-json\/wp\/v2\/posts\/12365"}],"collection":[{"href":"https:\/\/www.ladiagonale.net\/index.php\/wp-json\/wp\/v2\/posts"}],"about":[{"href":"https:\/\/www.ladiagonale.net\/index.php\/wp-json\/wp\/v2\/types\/post"}],"author":[{"embeddable":true,"href":"https:\/\/www.ladiagonale.net\/index.php\/wp-json\/wp\/v2\/users\/2"}],"replies":[{"embeddable":true,"href":"https:\/\/www.ladiagonale.net\/index.php\/wp-json\/wp\/v2\/comments?post=12365"}],"version-history":[{"count":2,"href":"https:\/\/www.ladiagonale.net\/index.php\/wp-json\/wp\/v2\/posts\/12365\/revisions"}],"predecessor-version":[{"id":12371,"href":"https:\/\/www.ladiagonale.net\/index.php\/wp-json\/wp\/v2\/posts\/12365\/revisions\/12371"}],"wp:attachment":[{"href":"https:\/\/www.ladiagonale.net\/index.php\/wp-json\/wp\/v2\/media?parent=12365"}],"wp:term":[{"taxonomy":"category","embeddable":true,"href":"https:\/\/www.ladiagonale.net\/index.php\/wp-json\/wp\/v2\/categories?post=12365"},{"taxonomy":"post_tag","embeddable":true,"href":"https:\/\/www.ladiagonale.net\/index.php\/wp-json\/wp\/v2\/tags?post=12365"}],"curies":[{"name":"wp","href":"https:\/\/api.w.org\/{rel}","templated":true}]}}