{"id":12372,"date":"2023-05-15T00:37:22","date_gmt":"2023-05-14T22:37:22","guid":{"rendered":"https:\/\/www.ladiagonale.net\/?p=12372"},"modified":"2023-05-15T00:37:44","modified_gmt":"2023-05-14T22:37:44","slug":"les-perfs-nubel-enfin-decisif","status":"publish","type":"post","link":"https:\/\/www.ladiagonale.net\/index.php\/2023\/05\/15\/les-perfs-nubel-enfin-decisif\/","title":{"rendered":"Les perfs : N\u00fcbel enfin d\u00e9cisif"},"content":{"rendered":"\n<p><strong>Si Monaco a pu empocher un point contre Lille, c&rsquo;est en grande partie gr\u00e2ce \u00e0 Alexander N\u00fcbel, qui a fait les arr\u00eats qu&rsquo;il fallait. <\/strong><\/p>\n\n\n\n<h4 class=\"wp-block-heading has-white-color has-text-color has-background\" style=\"background-color:#14902d\">Top : Alexander N\u00dcBEL<\/h4>\n\n\n\n<div class=\"wp-block-media-text alignwide is-stacked-on-mobile\" style=\"grid-template-columns:20% auto\"><figure class=\"wp-block-media-text__media\"><img loading=\"lazy\" width=\"256\" height=\"256\" src=\"https:\/\/www.ladiagonale.net\/wp-content\/uploads\/2023\/02\/top-nubel.png\" alt=\"\" class=\"wp-image-9526 size-full\"\/><\/figure><div class=\"wp-block-media-text__content\">\n<p style=\"font-size:16px\">Il a eu son premier v\u00e9ritable arr\u00eat \u00e0 faire \u00e0 la 64<sup>e<\/sup>, minute, lorsque Weah s&rsquo;est gliss\u00e9 dans le dos de Matsima et a tent\u00e9 de marquer d&rsquo;un ext\u00e9rieur du pied, mais il s&rsquo;est parfaitement interpos\u00e9. Tout s&rsquo;est encha\u00een\u00e9 en quelques minutes, lorsqu&rsquo;il a devanc\u00e9 Bamba sur sa sortie (68<sup>e<\/sup>) et lorsqu&rsquo;il s&rsquo;est montr\u00e9 autoritaire devant lui une fois de plus (69<sup>e<\/sup>). Il a arr\u00eat\u00e9 une t\u00eate de Bamba, encore lui, en fin de rencontre (83<sup>e<\/sup>). <\/p>\n<\/div><\/div>\n\n\n\n<div style=\"height:20px\" aria-hidden=\"true\" class=\"wp-block-spacer\"><\/div>\n\n\n\n<h4 class=\"wp-block-heading has-white-color has-text-color has-background\" style=\"background-color:#c00501\">Flop : Myron BOADU<\/h4>\n\n\n\n<div class=\"wp-block-media-text alignwide is-stacked-on-mobile\" style=\"grid-template-columns:20% auto\"><figure class=\"wp-block-media-text__media\"><img loading=\"lazy\" width=\"256\" height=\"256\" src=\"https:\/\/www.ladiagonale.net\/wp-content\/uploads\/2023\/02\/flop-boadu.png\" alt=\"\" class=\"wp-image-10239 size-full\"\/><\/figure><div class=\"wp-block-media-text__content\">\n<p style=\"font-size:16px\">Il a \u00e9t\u00e9 assez peu trouv\u00e9 par ses partenaires dans la zone de v\u00e9rit\u00e9, \u00e0 l&rsquo;exception d&rsquo;une super passe de Fofana dans la profondeur, qui lui a permis d&rsquo;avoir un face-\u00e0-face perdu devant Chevalier (32<sup>e<\/sup>). Pour le reste il a \u00e9t\u00e9 assez brouillon, avant de sortir sur blessure apr\u00e8s avoir tent\u00e9 d&rsquo;acc\u00e9l\u00e9rer (59<sup>e<\/sup>), remplac\u00e9 par <strong>BEN SEGHIR<\/strong> qui a essay\u00e9 d&rsquo;apporter de la vitesse dans les \u00e9changes mais a manqu\u00e9 de pr\u00e9cision.<\/p>\n<\/div><\/div>\n\n\n\n<div style=\"height:20px\" aria-hidden=\"true\" class=\"wp-block-spacer\"><\/div>\n\n\n\n<h4 class=\"wp-block-heading has-vivid-red-color has-white-background-color has-text-color has-background\" style=\"font-style:normal;font-weight:500;text-transform:uppercase\">les autres Joueurs<\/h4>\n\n\n\n<p><strong>DISASI :<\/strong> le vice-champion du monde a r\u00e9alis\u00e9 un match s\u00e9rieux mais pas extraordinaire. Il tacle notamment Bamba dans le vide lors de la plus grosse occasion lilloise de la partie (69<sup>e<\/sup>) mais \u00e0 part \u00e7a, il n&rsquo;a pas \u00e9t\u00e9 trop mis en difficult\u00e9. Il a peu cherch\u00e9 \u00e0 avancer balle au pied, ce qu&rsquo;il essaie de faire habituellement, mais il est l&rsquo;un des joueurs \u00e0 avoir le plus essay\u00e9 de jouer vers le dernier tiers du terrain<\/p>\n\n\n\n<p><strong>MATSIMA :<\/strong> il se fait prendre dans le dos par Weah sur la premi\u00e8re v\u00e9ritable occasion lilloise mais il avait pris le dessus sur le Lillois juste avant (62<sup>e<\/sup>), avec un tacle plein d&rsquo;autorit\u00e9. Une prestation consistante et mature, avec beaucoup de duels gagn\u00e9s (7\/10) et notamment dans le domaine a\u00e9rien (5\/6).<\/p>\n\n\n\n<p class=\"has-white-color has-text-color has-background\" style=\"background-color:#929292;font-size:16px\"><a href=\"https:\/\/www.ladiagonale.net\/index.php\/2023\/05\/14\/un-nul-sans-saveur\/\">Lire le compte-rendu de la rencontre<\/a><\/p>\n\n\n\n<p><strong>C. HENRIQUE : <\/strong>c&rsquo;est la deuxi\u00e8me fois que Philippe Clement lui confie le poste d&rsquo;axial gauche de sa d\u00e9fense \u00e0 trois et il a \u00e9t\u00e9 encore une fois globalement s\u00e9rieux, comme contre Angers. Il a plut\u00f4t bien g\u00e9r\u00e9 la vitesse des ailiers lillois, m\u00eame s&rsquo;il a connu quelques pertes de balles dangereuses. Et il a \u00e9t\u00e9 moins inspir\u00e9 sur les coups de pied arr\u00eat\u00e9s.<\/p>\n\n\n\n<p><strong>VANDERSON :<\/strong> le lat\u00e9ral droit a \u00e9t\u00e9 globalement peu en vue sur cette rencontre. Ni offensivement, ni d\u00e9fensivement. Les d\u00e9calages lillois, qui ont donn\u00e9 les meilleures occasions en seconde p\u00e9riode, se sont souvent op\u00e9r\u00e9s de son c\u00f4t\u00e9.<\/p>\n\n\n\n<p class=\"has-white-color has-text-color has-background\" style=\"background-color:#929292;font-size:16px\">Voir aussi : <a href=\"https:\/\/www.ladiagonale.net\/index.php\/event\/monaco-lille\/\">la feuille de match<\/a><\/p>\n\n\n\n<p><strong>MATAZO :<\/strong> c&rsquo;est le mon\u00e9gasque qui a r\u00e9cup\u00e9r\u00e9 le plus de ballons sur cette partie (11) ce qui d\u00e9montre qu&rsquo;il a \u00e9t\u00e9 capable d&rsquo;\u00e9lever son niveau de jeu. Il n&rsquo;a pas laiss\u00e9 beaucoup d&rsquo;occasions de s&rsquo;exprimer \u00e0 Cabella.<\/p>\n\n\n\n<p><strong>FOFANA :<\/strong> sa prestation a \u00e9t\u00e9 marqu\u00e9e du sceau de l&rsquo;inconstance. Capable de trouver de bonnes, voire de tr\u00e8s bonnes passes, comme son ouverture pour Boadu en premi\u00e8re p\u00e9riode, mais aussi de maladresses d\u00e9routantes. Il a moins pes\u00e9 dans le duel et dans l&rsquo;impact physique.<\/p>\n\n\n\n<p><strong>JAKOBS :<\/strong> il n&rsquo;\u00e9tait peut-\u00eatre destin\u00e9 \u00e0 \u00eatre titulaire dans ce r\u00f4le de piston gauche, mais l&rsquo;absence de derni\u00e8re minute de Diatta a sans doute forc\u00e9 les choses en sa faveur. D\u00e9fensivement, il n&rsquo;a pas m\u00e9nag\u00e9 ses efforts et s&rsquo;est montr\u00e9 plut\u00f4t \u00e0 l&rsquo;aise dans les duels. Offensivement, en revanche, il a fait parler sa vitesse tout en montrant des grosses lacunes techniques. <\/p>\n\n\n\n<p class=\"has-white-color has-text-color has-background\" style=\"background-color:#929292;font-size:16px\">Voir aussi : <a href=\"https:\/\/www.ladiagonale.net\/index.php\/2023\/05\/14\/monaco-lille-le-match-en-chiffres\/\">le match en chiffres<\/a><\/p>\n\n\n\n<p><strong>MINAMINO :<\/strong> il avait fait une premi\u00e8re p\u00e9riode int\u00e9ressante et positive contre Angers avant de s&rsquo;\u00e9teindre au cours du deuxi\u00e8me acte. Cette fois, contre Lille, le Japonais n&rsquo;a jamais trouv\u00e9 l&rsquo;\u00e9tincelle. Il a certes fait de nombreux efforts dans le pressing et le jeu sans ballon mais avec, il a \u00e9t\u00e9 tr\u00e8s impr\u00e9cis et ne s&rsquo;est jamais mis en \u00e9vidence, ni n&rsquo;a jamais mis ses partenaires en \u00e9vidence. Remplac\u00e9 par <strong>AKLIOUCHE<\/strong> (74<sup>e<\/sup>), tr\u00e8s remuant et qui a mis du punch balle au pied.<\/p>\n\n\n\n<p><strong>GOLOVIN :<\/strong> le meneur russe sortait d&rsquo;une prestation aboutie contre Angers mais il n&rsquo;a pas su le reproduire face au 5e du championnat. Il n&rsquo;a pas l\u00e9sin\u00e9 pour gratter des ballons et emp\u00eacher la relance lilloise mais dans l&rsquo;animation offensive, ses orientations de jeu n&rsquo;ont pas toujours \u00e9t\u00e9 tr\u00e8s bien senties, m\u00eame si sa capacit\u00e9 \u00e0 garder le ballon ont parfois fait du bien \u00e0 une \u00e9quipe qui le perdait trop rapidement. Sorti au profit d&rsquo;<strong>EMBOLO<\/strong> (73<sup>e<\/sup>) qui a eu un impact imm\u00e9diat.<\/p>\n\n\n\n<p class=\"has-cyan-bluish-gray-background-color has-background\"><strong>Philippe CLEMENT :<\/strong> la formule employ\u00e9e contre Angers a convaincu le technicien flamand de la reconduire contre Lille. Son \u00e9quipe a plut\u00f4t bien d\u00e9fendu mais elle n&rsquo;a pas propos\u00e9 grand-chose d&rsquo;int\u00e9ressant sur le plan offensif.  <\/p>\n\n\n\n<p>Photo : <em>AS Monaco<\/em><\/p>\n","protected":false},"excerpt":{"rendered":"<p>Si Monaco a pu empocher un point contre Lille, c&rsquo;est en grande partie gr\u00e2ce \u00e0 Alexander N\u00fcbel, qui a fait les arr\u00eats qu&rsquo;il fallait. Top : Alexander N\u00dcBEL Il a eu son premier v\u00e9ritable arr\u00eat \u00e0 faire \u00e0 la 64e, minute, lorsque Weah s&rsquo;est gliss\u00e9 dans le dos de Matsima et a tent\u00e9 de marquer [&#8230;]\n","protected":false},"author":2,"featured_media":12394,"comment_status":"open","ping_status":"open","sticky":false,"template":"","format":"standard","meta":[],"categories":[5,6],"tags":[86,94,511,217],"yoast_head":"<!-- This site is optimized with the Yoast SEO plugin v19.8 - https:\/\/yoast.com\/wordpress\/plugins\/seo\/ -->\n<title>Les perfs : N\u00fcbel enfin d\u00e9cisif - La Diagonale<\/title>\n<meta name=\"robots\" content=\"index, follow, max-snippet:-1, max-image-preview:large, max-video-preview:-1\" \/>\n<link rel=\"canonical\" href=\"https:\/\/www.ladiagonale.net\/index.php\/2023\/05\/15\/les-perfs-nubel-enfin-decisif\/\" \/>\n<meta property=\"og:locale\" content=\"fr_FR\" \/>\n<meta property=\"og:type\" content=\"article\" \/>\n<meta property=\"og:title\" content=\"Les perfs : N\u00fcbel enfin d\u00e9cisif - La Diagonale\" \/>\n<meta property=\"og:description\" content=\"Si Monaco a pu empocher un point contre Lille, c&rsquo;est en grande partie gr\u00e2ce \u00e0 Alexander N\u00fcbel, qui a fait les arr\u00eats qu&rsquo;il fallait. Top : Alexander N\u00dcBEL Il a eu son premier v\u00e9ritable arr\u00eat \u00e0 faire \u00e0 la 64e, minute, lorsque Weah s&rsquo;est gliss\u00e9 dans le dos de Matsima et a tent\u00e9 de marquer [...]\" \/>\n<meta property=\"og:url\" content=\"https:\/\/www.ladiagonale.net\/index.php\/2023\/05\/15\/les-perfs-nubel-enfin-decisif\/\" \/>\n<meta property=\"og:site_name\" content=\"La Diagonale\" \/>\n<meta property=\"article:published_time\" content=\"2023-05-14T22:37:22+00:00\" \/>\n<meta property=\"article:modified_time\" content=\"2023-05-14T22:37:44+00:00\" \/>\n<meta property=\"og:image\" content=\"https:\/\/www.ladiagonale.net\/wp-content\/uploads\/2023\/05\/nubel.png\" \/>\n\t<meta property=\"og:image:width\" content=\"1160\" \/>\n\t<meta property=\"og:image:height\" content=\"650\" \/>\n\t<meta property=\"og:image:type\" content=\"image\/png\" \/>\n<meta name=\"author\" content=\"Damien Dellerba\" \/>\n<meta name=\"twitter:card\" content=\"summary_large_image\" \/>\n<meta name=\"twitter:image\" content=\"https:\/\/www.ladiagonale.net\/wp-content\/uploads\/2023\/05\/nubel.png\" \/>\n<meta name=\"twitter:label1\" content=\"\u00c9crit par\" \/>\n\t<meta name=\"twitter:data1\" content=\"Damien Dellerba\" \/>\n\t<meta name=\"twitter:label2\" content=\"Dur\u00e9e de lecture estim\u00e9e\" \/>\n\t<meta name=\"twitter:data2\" content=\"5 minutes\" \/>\n<script type=\"application\/ld+json\" class=\"yoast-schema-graph\">{\"@context\":\"https:\/\/schema.org\",\"@graph\":[{\"@type\":\"WebPage\",\"@id\":\"https:\/\/www.ladiagonale.net\/index.php\/2023\/05\/15\/les-perfs-nubel-enfin-decisif\/\",\"url\":\"https:\/\/www.ladiagonale.net\/index.php\/2023\/05\/15\/les-perfs-nubel-enfin-decisif\/\",\"name\":\"Les perfs : N\u00fcbel enfin d\u00e9cisif - La Diagonale\",\"isPartOf\":{\"@id\":\"https:\/\/www.ladiagonale.net\/#website\"},\"datePublished\":\"2023-05-14T22:37:22+00:00\",\"dateModified\":\"2023-05-14T22:37:44+00:00\",\"author\":{\"@id\":\"https:\/\/www.ladiagonale.net\/#\/schema\/person\/79ff1e7b0853ed01b2aa26e64ad300bf\"},\"breadcrumb\":{\"@id\":\"https:\/\/www.ladiagonale.net\/index.php\/2023\/05\/15\/les-perfs-nubel-enfin-decisif\/#breadcrumb\"},\"inLanguage\":\"fr-FR\",\"potentialAction\":[{\"@type\":\"ReadAction\",\"target\":[\"https:\/\/www.ladiagonale.net\/index.php\/2023\/05\/15\/les-perfs-nubel-enfin-decisif\/\"]}]},{\"@type\":\"BreadcrumbList\",\"@id\":\"https:\/\/www.ladiagonale.net\/index.php\/2023\/05\/15\/les-perfs-nubel-enfin-decisif\/#breadcrumb\",\"itemListElement\":[{\"@type\":\"ListItem\",\"position\":1,\"name\":\"Accueil\",\"item\":\"https:\/\/www.ladiagonale.net\/\"},{\"@type\":\"ListItem\",\"position\":2,\"name\":\"Les perfs : N\u00fcbel enfin d\u00e9cisif\"}]},{\"@type\":\"WebSite\",\"@id\":\"https:\/\/www.ladiagonale.net\/#website\",\"url\":\"https:\/\/www.ladiagonale.net\/\",\"name\":\"La Diagonale\",\"description\":\"Le site des supporters de l&#039;AS Monaco FC\",\"potentialAction\":[{\"@type\":\"SearchAction\",\"target\":{\"@type\":\"EntryPoint\",\"urlTemplate\":\"https:\/\/www.ladiagonale.net\/?s={search_term_string}\"},\"query-input\":\"required name=search_term_string\"}],\"inLanguage\":\"fr-FR\"},{\"@type\":\"Person\",\"@id\":\"https:\/\/www.ladiagonale.net\/#\/schema\/person\/79ff1e7b0853ed01b2aa26e64ad300bf\",\"name\":\"Damien Dellerba\",\"image\":{\"@type\":\"ImageObject\",\"inLanguage\":\"fr-FR\",\"@id\":\"https:\/\/www.ladiagonale.net\/#\/schema\/person\/image\/\",\"url\":\"https:\/\/secure.gravatar.com\/avatar\/c7850e06d3ff63cdbaee88b7fc16e2f0?s=96&d=mm&r=g\",\"contentUrl\":\"https:\/\/secure.gravatar.com\/avatar\/c7850e06d3ff63cdbaee88b7fc16e2f0?s=96&d=mm&r=g\",\"caption\":\"Damien Dellerba\"},\"url\":\"https:\/\/www.ladiagonale.net\/index.php\/author\/damien\/\"}]}<\/script>\n<!-- \/ Yoast SEO plugin. -->","yoast_head_json":{"title":"Les perfs : N\u00fcbel enfin d\u00e9cisif - La Diagonale","robots":{"index":"index","follow":"follow","max-snippet":"max-snippet:-1","max-image-preview":"max-image-preview:large","max-video-preview":"max-video-preview:-1"},"canonical":"https:\/\/www.ladiagonale.net\/index.php\/2023\/05\/15\/les-perfs-nubel-enfin-decisif\/","og_locale":"fr_FR","og_type":"article","og_title":"Les perfs : N\u00fcbel enfin d\u00e9cisif - La Diagonale","og_description":"Si Monaco a pu empocher un point contre Lille, c&rsquo;est en grande partie gr\u00e2ce \u00e0 Alexander N\u00fcbel, qui a fait les arr\u00eats qu&rsquo;il fallait. Top : Alexander N\u00dcBEL Il a eu son premier v\u00e9ritable arr\u00eat \u00e0 faire \u00e0 la 64e, minute, lorsque Weah s&rsquo;est gliss\u00e9 dans le dos de Matsima et a tent\u00e9 de marquer [...]","og_url":"https:\/\/www.ladiagonale.net\/index.php\/2023\/05\/15\/les-perfs-nubel-enfin-decisif\/","og_site_name":"La Diagonale","article_published_time":"2023-05-14T22:37:22+00:00","article_modified_time":"2023-05-14T22:37:44+00:00","og_image":[{"width":1160,"height":650,"url":"https:\/\/www.ladiagonale.net\/wp-content\/uploads\/2023\/05\/nubel.png","type":"image\/png"}],"author":"Damien Dellerba","twitter_card":"summary_large_image","twitter_image":"https:\/\/www.ladiagonale.net\/wp-content\/uploads\/2023\/05\/nubel.png","twitter_misc":{"\u00c9crit par":"Damien Dellerba","Dur\u00e9e de lecture estim\u00e9e":"5 minutes"},"schema":{"@context":"https:\/\/schema.org","@graph":[{"@type":"WebPage","@id":"https:\/\/www.ladiagonale.net\/index.php\/2023\/05\/15\/les-perfs-nubel-enfin-decisif\/","url":"https:\/\/www.ladiagonale.net\/index.php\/2023\/05\/15\/les-perfs-nubel-enfin-decisif\/","name":"Les perfs : N\u00fcbel enfin d\u00e9cisif - La Diagonale","isPartOf":{"@id":"https:\/\/www.ladiagonale.net\/#website"},"datePublished":"2023-05-14T22:37:22+00:00","dateModified":"2023-05-14T22:37:44+00:00","author":{"@id":"https:\/\/www.ladiagonale.net\/#\/schema\/person\/79ff1e7b0853ed01b2aa26e64ad300bf"},"breadcrumb":{"@id":"https:\/\/www.ladiagonale.net\/index.php\/2023\/05\/15\/les-perfs-nubel-enfin-decisif\/#breadcrumb"},"inLanguage":"fr-FR","potentialAction":[{"@type":"ReadAction","target":["https:\/\/www.ladiagonale.net\/index.php\/2023\/05\/15\/les-perfs-nubel-enfin-decisif\/"]}]},{"@type":"BreadcrumbList","@id":"https:\/\/www.ladiagonale.net\/index.php\/2023\/05\/15\/les-perfs-nubel-enfin-decisif\/#breadcrumb","itemListElement":[{"@type":"ListItem","position":1,"name":"Accueil","item":"https:\/\/www.ladiagonale.net\/"},{"@type":"ListItem","position":2,"name":"Les perfs : N\u00fcbel enfin d\u00e9cisif"}]},{"@type":"WebSite","@id":"https:\/\/www.ladiagonale.net\/#website","url":"https:\/\/www.ladiagonale.net\/","name":"La Diagonale","description":"Le site des supporters de l&#039;AS Monaco FC","potentialAction":[{"@type":"SearchAction","target":{"@type":"EntryPoint","urlTemplate":"https:\/\/www.ladiagonale.net\/?s={search_term_string}"},"query-input":"required name=search_term_string"}],"inLanguage":"fr-FR"},{"@type":"Person","@id":"https:\/\/www.ladiagonale.net\/#\/schema\/person\/79ff1e7b0853ed01b2aa26e64ad300bf","name":"Damien Dellerba","image":{"@type":"ImageObject","inLanguage":"fr-FR","@id":"https:\/\/www.ladiagonale.net\/#\/schema\/person\/image\/","url":"https:\/\/secure.gravatar.com\/avatar\/c7850e06d3ff63cdbaee88b7fc16e2f0?s=96&d=mm&r=g","contentUrl":"https:\/\/secure.gravatar.com\/avatar\/c7850e06d3ff63cdbaee88b7fc16e2f0?s=96&d=mm&r=g","caption":"Damien Dellerba"},"url":"https:\/\/www.ladiagonale.net\/index.php\/author\/damien\/"}]}},"_links":{"self":[{"href":"https:\/\/www.ladiagonale.net\/index.php\/wp-json\/wp\/v2\/posts\/12372"}],"collection":[{"href":"https:\/\/www.ladiagonale.net\/index.php\/wp-json\/wp\/v2\/posts"}],"about":[{"href":"https:\/\/www.ladiagonale.net\/index.php\/wp-json\/wp\/v2\/types\/post"}],"author":[{"embeddable":true,"href":"https:\/\/www.ladiagonale.net\/index.php\/wp-json\/wp\/v2\/users\/2"}],"replies":[{"embeddable":true,"href":"https:\/\/www.ladiagonale.net\/index.php\/wp-json\/wp\/v2\/comments?post=12372"}],"version-history":[{"count":4,"href":"https:\/\/www.ladiagonale.net\/index.php\/wp-json\/wp\/v2\/posts\/12372\/revisions"}],"predecessor-version":[{"id":12395,"href":"https:\/\/www.ladiagonale.net\/index.php\/wp-json\/wp\/v2\/posts\/12372\/revisions\/12395"}],"wp:featuredmedia":[{"embeddable":true,"href":"https:\/\/www.ladiagonale.net\/index.php\/wp-json\/wp\/v2\/media\/12394"}],"wp:attachment":[{"href":"https:\/\/www.ladiagonale.net\/index.php\/wp-json\/wp\/v2\/media?parent=12372"}],"wp:term":[{"taxonomy":"category","embeddable":true,"href":"https:\/\/www.ladiagonale.net\/index.php\/wp-json\/wp\/v2\/categories?post=12372"},{"taxonomy":"post_tag","embeddable":true,"href":"https:\/\/www.ladiagonale.net\/index.php\/wp-json\/wp\/v2\/tags?post=12372"}],"curies":[{"name":"wp","href":"https:\/\/api.w.org\/{rel}","templated":true}]}}