{"id":12385,"date":"2023-05-14T21:58:39","date_gmt":"2023-05-14T19:58:39","guid":{"rendered":"https:\/\/www.ladiagonale.net\/?p=12385"},"modified":"2023-05-15T15:43:44","modified_gmt":"2023-05-15T13:43:44","slug":"clement-plutot-une-bonne-affaire","status":"publish","type":"post","link":"https:\/\/www.ladiagonale.net\/index.php\/2023\/05\/14\/clement-plutot-une-bonne-affaire\/","title":{"rendered":"Clement : \u00ab\u00a0Plut\u00f4t une bonne affaire\u00a0\u00bb"},"content":{"rendered":"\n\n\n<p>En conf\u00e9rence de presse, Philippe Clement s\u2019est montr\u00e9 satisfait de ce point du nul pris contre Lille dimanche (0-0) : \u00ab&nbsp;<em>Au classement je dirais que c\u2019est plut\u00f4t une bonne affaire. Nous avons jou\u00e9 ce match pour le gagner, mais il \u00e9tait aussi crucial de ne pas perdre. Il y avait beaucoup de joueurs indisponibles aujourd\u2019hui. Malgr\u00e9 tout, mes joueurs ont disput\u00e9 un match tr\u00e8s s\u00e9rieux, en restant concentr\u00e9s du d\u00e9but \u00e0 la fin, contre une \u00e9quipe qui donne beaucoup de difficult\u00e9s \u00e0 ses adversaires en cr\u00e9ant de nombreuses occasions. Pour cette raison, je suis satisfait de la performance de mes joueurs.<\/em>&nbsp;\u00bb<\/p>\n\n\n\n<p>L\u2019entra\u00eeneur de l\u2019AS Monaco est soulag\u00e9 d\u2019avoir vu le retour de Breel Embolo apr\u00e8s six semaines d\u2019absence : \u00ab&nbsp;<em>Avec l\u2019impact que Breel Embolo a sur le jeu, il est certain que son absence nous a beaucoup impact\u00e9. (\u2026) C\u2019\u00e9tait un risque de le faire jouer aujourd\u2019hui, mais c\u2019\u00e9tait d\u00e9cid\u00e9 en concertation avec lui et le staff m\u00e9dical. Je ne voulais pas lui donner plus de minutes qu\u2019il n\u2019\u00e9tait possible. Mais quand tu vois l\u2019impact physique qu\u2019il donne \u00e0 l\u2019\u00e9quipe, c\u2019est impressionnant ! On oublie parfois que son absence \u00e9tait cruciale dans nos performances ces deux derniers mois.<\/em>&nbsp;\u00bb<\/p>\n\n\n\n<h4 class=\"has-vivid-red-color has-text-color\" style=\"font-style:normal;font-weight:400;text-transform:uppercase\">Clement pointe l\u2019absence d\u2019arrosage<\/h4>\n\n\n\n<p>Enfin Clement a \u00e9t\u00e9 content de la performance d\u2019Alexander N\u00fcbel, qui permet \u00e0 l\u2019ASM de prendre un point : \u00ab&nbsp;<em>Alex a fait un tr\u00e8s bon match effectivement aujourd\u2019hui, mais m\u00eame contre Montpellier, malgr\u00e9 le score (0-4), il avait fait une tr\u00e8s bonne prestation. On l\u2019a vu \u00e0 l\u2019entra\u00eenement cette semaine, Alex a repris confiance, et c\u2019est important car tu as besoin d\u2019avoir un gardien d\u00e9cisif dans les grands matchs. C\u2019est important de terminer avec un clean sheet, m\u00eame si nous n\u2019avons pas jou\u00e9 pour faire match nul. Mais comme pour Lille, c\u2019\u00e9tait plus compliqu\u00e9 de pratiquer un beau jeu aujourd\u2019hui.<\/em>&nbsp;\u00bb<\/p>\n\n\n\n<p>En cause, une absence d\u2019arrosage de la pelouse en raison d\u2019un arr\u00eat\u00e9 minist\u00e9riel, ce qui n\u2019a pas facilit\u00e9 la fluidit\u00e9 du jeu selon le technicien belge : \u00ab&nbsp;<em>J\u2019\u00e9tais aussi surpris que le coach adverse d\u2019apprendre que la pelouse ne serait pas arros\u00e9e. On ne pouvait pas le faire malheureusement, pourtant j\u2019aurais pr\u00e9f\u00e9r\u00e9 pouvoir jouer notre jeu normal, avec plus de rapidit\u00e9. Mais il y a un gros probl\u00e8me d\u2019approvisionnement en eau dans la r\u00e9gion en ce moment, il \u00e9tait impossible d\u2019arroser par rapport \u00e0 un arr\u00eat\u00e9 minist\u00e9riel.<\/em>&nbsp;\u00bb<\/p>\n","protected":false},"excerpt":{"rendered":"<p>En conf\u00e9rence de presse, Philippe Clement s\u2019est montr\u00e9 satisfait de ce point du nul pris contre Lille dimanche (0-0) : \u00ab&nbsp;Au classement je dirais que c\u2019est plut\u00f4t une bonne affaire. Nous avons jou\u00e9 ce match pour le gagner, mais il \u00e9tait aussi crucial de ne pas perdre. Il y avait beaucoup de joueurs indisponibles aujourd\u2019hui. [&#8230;]\n","protected":false},"author":2,"featured_media":0,"comment_status":"open","ping_status":"open","sticky":false,"template":"","format":"standard","meta":[],"categories":[6],"tags":[86,94,511,191],"yoast_head":"<!-- This site is optimized with the Yoast SEO plugin v19.8 - https:\/\/yoast.com\/wordpress\/plugins\/seo\/ -->\n<title>Clement : \u00ab\u00a0Plut\u00f4t une bonne affaire\u00a0\u00bb - La Diagonale<\/title>\n<meta name=\"robots\" content=\"index, follow, max-snippet:-1, max-image-preview:large, max-video-preview:-1\" \/>\n<link rel=\"canonical\" href=\"https:\/\/www.ladiagonale.net\/index.php\/2023\/05\/14\/clement-plutot-une-bonne-affaire\/\" \/>\n<meta property=\"og:locale\" content=\"fr_FR\" \/>\n<meta property=\"og:type\" content=\"article\" \/>\n<meta property=\"og:title\" content=\"Clement : \u00ab\u00a0Plut\u00f4t une bonne affaire\u00a0\u00bb - La Diagonale\" \/>\n<meta property=\"og:description\" content=\"En conf\u00e9rence de presse, Philippe Clement s\u2019est montr\u00e9 satisfait de ce point du nul pris contre Lille dimanche (0-0) : \u00ab&nbsp;Au classement je dirais que c\u2019est plut\u00f4t une bonne affaire. Nous avons jou\u00e9 ce match pour le gagner, mais il \u00e9tait aussi crucial de ne pas perdre. Il y avait beaucoup de joueurs indisponibles aujourd\u2019hui. [...]\" \/>\n<meta property=\"og:url\" content=\"https:\/\/www.ladiagonale.net\/index.php\/2023\/05\/14\/clement-plutot-une-bonne-affaire\/\" \/>\n<meta property=\"og:site_name\" content=\"La Diagonale\" \/>\n<meta property=\"article:published_time\" content=\"2023-05-14T19:58:39+00:00\" \/>\n<meta property=\"article:modified_time\" content=\"2023-05-15T13:43:44+00:00\" \/>\n<meta property=\"og:image\" content=\"https:\/\/www.ladiagonale.net\/wp-content\/uploads\/2022\/10\/clement.png\" \/>\n\t<meta property=\"og:image:width\" content=\"1160\" \/>\n\t<meta property=\"og:image:height\" content=\"650\" \/>\n\t<meta property=\"og:image:type\" content=\"image\/png\" \/>\n<meta name=\"author\" content=\"Damien Dellerba\" \/>\n<meta name=\"twitter:card\" content=\"summary_large_image\" \/>\n<meta name=\"twitter:image\" content=\"https:\/\/www.ladiagonale.net\/wp-content\/uploads\/2022\/10\/clement.png\" \/>\n<meta name=\"twitter:label1\" content=\"\u00c9crit par\" \/>\n\t<meta name=\"twitter:data1\" content=\"Damien Dellerba\" \/>\n\t<meta name=\"twitter:label2\" content=\"Dur\u00e9e de lecture estim\u00e9e\" \/>\n\t<meta name=\"twitter:data2\" content=\"2 minutes\" \/>\n<script type=\"application\/ld+json\" class=\"yoast-schema-graph\">{\"@context\":\"https:\/\/schema.org\",\"@graph\":[{\"@type\":\"WebPage\",\"@id\":\"https:\/\/www.ladiagonale.net\/index.php\/2023\/05\/14\/clement-plutot-une-bonne-affaire\/\",\"url\":\"https:\/\/www.ladiagonale.net\/index.php\/2023\/05\/14\/clement-plutot-une-bonne-affaire\/\",\"name\":\"Clement : \u00ab\u00a0Plut\u00f4t une bonne affaire\u00a0\u00bb - La Diagonale\",\"isPartOf\":{\"@id\":\"https:\/\/www.ladiagonale.net\/#website\"},\"datePublished\":\"2023-05-14T19:58:39+00:00\",\"dateModified\":\"2023-05-15T13:43:44+00:00\",\"author\":{\"@id\":\"https:\/\/www.ladiagonale.net\/#\/schema\/person\/79ff1e7b0853ed01b2aa26e64ad300bf\"},\"breadcrumb\":{\"@id\":\"https:\/\/www.ladiagonale.net\/index.php\/2023\/05\/14\/clement-plutot-une-bonne-affaire\/#breadcrumb\"},\"inLanguage\":\"fr-FR\",\"potentialAction\":[{\"@type\":\"ReadAction\",\"target\":[\"https:\/\/www.ladiagonale.net\/index.php\/2023\/05\/14\/clement-plutot-une-bonne-affaire\/\"]}]},{\"@type\":\"BreadcrumbList\",\"@id\":\"https:\/\/www.ladiagonale.net\/index.php\/2023\/05\/14\/clement-plutot-une-bonne-affaire\/#breadcrumb\",\"itemListElement\":[{\"@type\":\"ListItem\",\"position\":1,\"name\":\"Accueil\",\"item\":\"https:\/\/www.ladiagonale.net\/\"},{\"@type\":\"ListItem\",\"position\":2,\"name\":\"Clement : \u00ab\u00a0Plut\u00f4t une bonne affaire\u00a0\u00bb\"}]},{\"@type\":\"WebSite\",\"@id\":\"https:\/\/www.ladiagonale.net\/#website\",\"url\":\"https:\/\/www.ladiagonale.net\/\",\"name\":\"La Diagonale\",\"description\":\"Le site des supporters de l&#039;AS Monaco FC\",\"potentialAction\":[{\"@type\":\"SearchAction\",\"target\":{\"@type\":\"EntryPoint\",\"urlTemplate\":\"https:\/\/www.ladiagonale.net\/?s={search_term_string}\"},\"query-input\":\"required name=search_term_string\"}],\"inLanguage\":\"fr-FR\"},{\"@type\":\"Person\",\"@id\":\"https:\/\/www.ladiagonale.net\/#\/schema\/person\/79ff1e7b0853ed01b2aa26e64ad300bf\",\"name\":\"Damien Dellerba\",\"image\":{\"@type\":\"ImageObject\",\"inLanguage\":\"fr-FR\",\"@id\":\"https:\/\/www.ladiagonale.net\/#\/schema\/person\/image\/\",\"url\":\"https:\/\/secure.gravatar.com\/avatar\/c7850e06d3ff63cdbaee88b7fc16e2f0?s=96&d=mm&r=g\",\"contentUrl\":\"https:\/\/secure.gravatar.com\/avatar\/c7850e06d3ff63cdbaee88b7fc16e2f0?s=96&d=mm&r=g\",\"caption\":\"Damien Dellerba\"},\"url\":\"https:\/\/www.ladiagonale.net\/index.php\/author\/damien\/\"}]}<\/script>\n<!-- \/ Yoast SEO plugin. -->","yoast_head_json":{"title":"Clement : \u00ab\u00a0Plut\u00f4t une bonne affaire\u00a0\u00bb - La Diagonale","robots":{"index":"index","follow":"follow","max-snippet":"max-snippet:-1","max-image-preview":"max-image-preview:large","max-video-preview":"max-video-preview:-1"},"canonical":"https:\/\/www.ladiagonale.net\/index.php\/2023\/05\/14\/clement-plutot-une-bonne-affaire\/","og_locale":"fr_FR","og_type":"article","og_title":"Clement : \u00ab\u00a0Plut\u00f4t une bonne affaire\u00a0\u00bb - La Diagonale","og_description":"En conf\u00e9rence de presse, Philippe Clement s\u2019est montr\u00e9 satisfait de ce point du nul pris contre Lille dimanche (0-0) : \u00ab&nbsp;Au classement je dirais que c\u2019est plut\u00f4t une bonne affaire. Nous avons jou\u00e9 ce match pour le gagner, mais il \u00e9tait aussi crucial de ne pas perdre. Il y avait beaucoup de joueurs indisponibles aujourd\u2019hui. [...]","og_url":"https:\/\/www.ladiagonale.net\/index.php\/2023\/05\/14\/clement-plutot-une-bonne-affaire\/","og_site_name":"La Diagonale","article_published_time":"2023-05-14T19:58:39+00:00","article_modified_time":"2023-05-15T13:43:44+00:00","og_image":[{"width":1160,"height":650,"url":"https:\/\/www.ladiagonale.net\/wp-content\/uploads\/2022\/10\/clement.png","type":"image\/png"}],"author":"Damien Dellerba","twitter_card":"summary_large_image","twitter_image":"https:\/\/www.ladiagonale.net\/wp-content\/uploads\/2022\/10\/clement.png","twitter_misc":{"\u00c9crit par":"Damien Dellerba","Dur\u00e9e de lecture estim\u00e9e":"2 minutes"},"schema":{"@context":"https:\/\/schema.org","@graph":[{"@type":"WebPage","@id":"https:\/\/www.ladiagonale.net\/index.php\/2023\/05\/14\/clement-plutot-une-bonne-affaire\/","url":"https:\/\/www.ladiagonale.net\/index.php\/2023\/05\/14\/clement-plutot-une-bonne-affaire\/","name":"Clement : \u00ab\u00a0Plut\u00f4t une bonne affaire\u00a0\u00bb - La Diagonale","isPartOf":{"@id":"https:\/\/www.ladiagonale.net\/#website"},"datePublished":"2023-05-14T19:58:39+00:00","dateModified":"2023-05-15T13:43:44+00:00","author":{"@id":"https:\/\/www.ladiagonale.net\/#\/schema\/person\/79ff1e7b0853ed01b2aa26e64ad300bf"},"breadcrumb":{"@id":"https:\/\/www.ladiagonale.net\/index.php\/2023\/05\/14\/clement-plutot-une-bonne-affaire\/#breadcrumb"},"inLanguage":"fr-FR","potentialAction":[{"@type":"ReadAction","target":["https:\/\/www.ladiagonale.net\/index.php\/2023\/05\/14\/clement-plutot-une-bonne-affaire\/"]}]},{"@type":"BreadcrumbList","@id":"https:\/\/www.ladiagonale.net\/index.php\/2023\/05\/14\/clement-plutot-une-bonne-affaire\/#breadcrumb","itemListElement":[{"@type":"ListItem","position":1,"name":"Accueil","item":"https:\/\/www.ladiagonale.net\/"},{"@type":"ListItem","position":2,"name":"Clement : \u00ab\u00a0Plut\u00f4t une bonne affaire\u00a0\u00bb"}]},{"@type":"WebSite","@id":"https:\/\/www.ladiagonale.net\/#website","url":"https:\/\/www.ladiagonale.net\/","name":"La Diagonale","description":"Le site des supporters de l&#039;AS Monaco FC","potentialAction":[{"@type":"SearchAction","target":{"@type":"EntryPoint","urlTemplate":"https:\/\/www.ladiagonale.net\/?s={search_term_string}"},"query-input":"required name=search_term_string"}],"inLanguage":"fr-FR"},{"@type":"Person","@id":"https:\/\/www.ladiagonale.net\/#\/schema\/person\/79ff1e7b0853ed01b2aa26e64ad300bf","name":"Damien Dellerba","image":{"@type":"ImageObject","inLanguage":"fr-FR","@id":"https:\/\/www.ladiagonale.net\/#\/schema\/person\/image\/","url":"https:\/\/secure.gravatar.com\/avatar\/c7850e06d3ff63cdbaee88b7fc16e2f0?s=96&d=mm&r=g","contentUrl":"https:\/\/secure.gravatar.com\/avatar\/c7850e06d3ff63cdbaee88b7fc16e2f0?s=96&d=mm&r=g","caption":"Damien Dellerba"},"url":"https:\/\/www.ladiagonale.net\/index.php\/author\/damien\/"}]}},"_links":{"self":[{"href":"https:\/\/www.ladiagonale.net\/index.php\/wp-json\/wp\/v2\/posts\/12385"}],"collection":[{"href":"https:\/\/www.ladiagonale.net\/index.php\/wp-json\/wp\/v2\/posts"}],"about":[{"href":"https:\/\/www.ladiagonale.net\/index.php\/wp-json\/wp\/v2\/types\/post"}],"author":[{"embeddable":true,"href":"https:\/\/www.ladiagonale.net\/index.php\/wp-json\/wp\/v2\/users\/2"}],"replies":[{"embeddable":true,"href":"https:\/\/www.ladiagonale.net\/index.php\/wp-json\/wp\/v2\/comments?post=12385"}],"version-history":[{"count":2,"href":"https:\/\/www.ladiagonale.net\/index.php\/wp-json\/wp\/v2\/posts\/12385\/revisions"}],"predecessor-version":[{"id":12424,"href":"https:\/\/www.ladiagonale.net\/index.php\/wp-json\/wp\/v2\/posts\/12385\/revisions\/12424"}],"wp:attachment":[{"href":"https:\/\/www.ladiagonale.net\/index.php\/wp-json\/wp\/v2\/media?parent=12385"}],"wp:term":[{"taxonomy":"category","embeddable":true,"href":"https:\/\/www.ladiagonale.net\/index.php\/wp-json\/wp\/v2\/categories?post=12385"},{"taxonomy":"post_tag","embeddable":true,"href":"https:\/\/www.ladiagonale.net\/index.php\/wp-json\/wp\/v2\/tags?post=12385"}],"curies":[{"name":"wp","href":"https:\/\/api.w.org\/{rel}","templated":true}]}}