{"id":12388,"date":"2023-05-14T22:07:37","date_gmt":"2023-05-14T20:07:37","guid":{"rendered":"https:\/\/www.ladiagonale.net\/?p=12388"},"modified":"2023-05-14T22:08:03","modified_gmt":"2023-05-14T20:08:03","slug":"volland-et-diatta-touches-a-un-genou","status":"publish","type":"post","link":"https:\/\/www.ladiagonale.net\/index.php\/2023\/05\/14\/volland-et-diatta-touches-a-un-genou\/","title":{"rendered":"Volland et Diatta touch\u00e9s \u00e0 un genou"},"content":{"rendered":"\n\n\n<p>Pr\u00e9sents dans le groupe, Kevin Volland et Kr\u00e9pin Diatta n&rsquo;ont finalement pas \u00e9t\u00e9 retenus sur la feuille de match en raison de douleurs \u00e0 un genou pour les deux hommes, <a href=\"https:\/\/www.ladiagonale.net\/index.php\/2023\/05\/14\/les-compositions-jakobs-titulaire-volland-absent\/\">comme indiqu\u00e9 un peu plus t\u00f4t sur <em>La Diagonale<\/em><\/a>. Une information qui a ensuite \u00e9t\u00e9 confirm\u00e9e par Philippe Clement lors de la conf\u00e9rence de presse d&rsquo;apr\u00e8s-match.<\/p>\n\n\n\n<p>\u00ab <em>Kevin (Volland) et Kr\u00e9pin (Diatta) \u00e9taient touch\u00e9s au genou, on a fait un test ce matin, mais ce n\u2019\u00e9tait pas possible de jouer aujourd\u2019hui. J\u2019esp\u00e8re les r\u00e9cup\u00e9rer la semaine prochaine<\/em> \u00bb, a indiqu\u00e9 l&rsquo;entra\u00eeneur de l&rsquo;AS Monaco, qui \u00e9tait d\u00e9j\u00e0 priv\u00e9 de Ben Yedder, Maripan et Camara pour ce choc face \u00e0 Lille. <\/p>\n","protected":false},"excerpt":{"rendered":"<p>Pr\u00e9sents dans le groupe, Kevin Volland et Kr\u00e9pin Diatta n&rsquo;ont finalement pas \u00e9t\u00e9 retenus sur la feuille de match en raison de douleurs \u00e0 un genou pour les deux hommes, comme indiqu\u00e9 un peu plus t\u00f4t sur La Diagonale. Une information qui a ensuite \u00e9t\u00e9 confirm\u00e9e par Philippe Clement lors de la conf\u00e9rence de presse [&#8230;]\n","protected":false},"author":2,"featured_media":0,"comment_status":"open","ping_status":"open","sticky":false,"template":"","format":"standard","meta":[],"categories":[6],"tags":[86,179,163,94,511],"yoast_head":"<!-- This site is optimized with the Yoast SEO plugin v19.8 - https:\/\/yoast.com\/wordpress\/plugins\/seo\/ -->\n<title>Volland et Diatta touch\u00e9s \u00e0 un genou - La Diagonale<\/title>\n<meta name=\"robots\" content=\"index, follow, max-snippet:-1, max-image-preview:large, max-video-preview:-1\" \/>\n<link rel=\"canonical\" href=\"https:\/\/www.ladiagonale.net\/index.php\/2023\/05\/14\/volland-et-diatta-touches-a-un-genou\/\" \/>\n<meta property=\"og:locale\" content=\"fr_FR\" \/>\n<meta property=\"og:type\" content=\"article\" \/>\n<meta property=\"og:title\" content=\"Volland et Diatta touch\u00e9s \u00e0 un genou - La Diagonale\" \/>\n<meta property=\"og:description\" content=\"Pr\u00e9sents dans le groupe, Kevin Volland et Kr\u00e9pin Diatta n&rsquo;ont finalement pas \u00e9t\u00e9 retenus sur la feuille de match en raison de douleurs \u00e0 un genou pour les deux hommes, comme indiqu\u00e9 un peu plus t\u00f4t sur La Diagonale. Une information qui a ensuite \u00e9t\u00e9 confirm\u00e9e par Philippe Clement lors de la conf\u00e9rence de presse [...]\" \/>\n<meta property=\"og:url\" content=\"https:\/\/www.ladiagonale.net\/index.php\/2023\/05\/14\/volland-et-diatta-touches-a-un-genou\/\" \/>\n<meta property=\"og:site_name\" content=\"La Diagonale\" \/>\n<meta property=\"article:published_time\" content=\"2023-05-14T20:07:37+00:00\" \/>\n<meta property=\"article:modified_time\" content=\"2023-05-14T20:08:03+00:00\" \/>\n<meta property=\"og:image\" content=\"https:\/\/www.ladiagonale.net\/wp-content\/uploads\/2023\/04\/volland.png\" \/>\n\t<meta property=\"og:image:width\" content=\"1160\" \/>\n\t<meta property=\"og:image:height\" content=\"650\" \/>\n\t<meta property=\"og:image:type\" content=\"image\/png\" \/>\n<meta name=\"author\" content=\"Damien Dellerba\" \/>\n<meta name=\"twitter:card\" content=\"summary_large_image\" \/>\n<meta name=\"twitter:image\" content=\"https:\/\/www.ladiagonale.net\/wp-content\/uploads\/2023\/04\/volland.png\" \/>\n<meta name=\"twitter:label1\" content=\"\u00c9crit par\" \/>\n\t<meta name=\"twitter:data1\" content=\"Damien Dellerba\" \/>\n\t<meta name=\"twitter:label2\" content=\"Dur\u00e9e de lecture estim\u00e9e\" \/>\n\t<meta name=\"twitter:data2\" content=\"1 minute\" \/>\n<script type=\"application\/ld+json\" class=\"yoast-schema-graph\">{\"@context\":\"https:\/\/schema.org\",\"@graph\":[{\"@type\":\"WebPage\",\"@id\":\"https:\/\/www.ladiagonale.net\/index.php\/2023\/05\/14\/volland-et-diatta-touches-a-un-genou\/\",\"url\":\"https:\/\/www.ladiagonale.net\/index.php\/2023\/05\/14\/volland-et-diatta-touches-a-un-genou\/\",\"name\":\"Volland et Diatta touch\u00e9s \u00e0 un genou - La Diagonale\",\"isPartOf\":{\"@id\":\"https:\/\/www.ladiagonale.net\/#website\"},\"datePublished\":\"2023-05-14T20:07:37+00:00\",\"dateModified\":\"2023-05-14T20:08:03+00:00\",\"author\":{\"@id\":\"https:\/\/www.ladiagonale.net\/#\/schema\/person\/79ff1e7b0853ed01b2aa26e64ad300bf\"},\"breadcrumb\":{\"@id\":\"https:\/\/www.ladiagonale.net\/index.php\/2023\/05\/14\/volland-et-diatta-touches-a-un-genou\/#breadcrumb\"},\"inLanguage\":\"fr-FR\",\"potentialAction\":[{\"@type\":\"ReadAction\",\"target\":[\"https:\/\/www.ladiagonale.net\/index.php\/2023\/05\/14\/volland-et-diatta-touches-a-un-genou\/\"]}]},{\"@type\":\"BreadcrumbList\",\"@id\":\"https:\/\/www.ladiagonale.net\/index.php\/2023\/05\/14\/volland-et-diatta-touches-a-un-genou\/#breadcrumb\",\"itemListElement\":[{\"@type\":\"ListItem\",\"position\":1,\"name\":\"Accueil\",\"item\":\"https:\/\/www.ladiagonale.net\/\"},{\"@type\":\"ListItem\",\"position\":2,\"name\":\"Volland et Diatta touch\u00e9s \u00e0 un genou\"}]},{\"@type\":\"WebSite\",\"@id\":\"https:\/\/www.ladiagonale.net\/#website\",\"url\":\"https:\/\/www.ladiagonale.net\/\",\"name\":\"La Diagonale\",\"description\":\"Le site des supporters de l&#039;AS Monaco FC\",\"potentialAction\":[{\"@type\":\"SearchAction\",\"target\":{\"@type\":\"EntryPoint\",\"urlTemplate\":\"https:\/\/www.ladiagonale.net\/?s={search_term_string}\"},\"query-input\":\"required name=search_term_string\"}],\"inLanguage\":\"fr-FR\"},{\"@type\":\"Person\",\"@id\":\"https:\/\/www.ladiagonale.net\/#\/schema\/person\/79ff1e7b0853ed01b2aa26e64ad300bf\",\"name\":\"Damien Dellerba\",\"image\":{\"@type\":\"ImageObject\",\"inLanguage\":\"fr-FR\",\"@id\":\"https:\/\/www.ladiagonale.net\/#\/schema\/person\/image\/\",\"url\":\"https:\/\/secure.gravatar.com\/avatar\/c7850e06d3ff63cdbaee88b7fc16e2f0?s=96&d=mm&r=g\",\"contentUrl\":\"https:\/\/secure.gravatar.com\/avatar\/c7850e06d3ff63cdbaee88b7fc16e2f0?s=96&d=mm&r=g\",\"caption\":\"Damien Dellerba\"},\"url\":\"https:\/\/www.ladiagonale.net\/index.php\/author\/damien\/\"}]}<\/script>\n<!-- \/ Yoast SEO plugin. -->","yoast_head_json":{"title":"Volland et Diatta touch\u00e9s \u00e0 un genou - La Diagonale","robots":{"index":"index","follow":"follow","max-snippet":"max-snippet:-1","max-image-preview":"max-image-preview:large","max-video-preview":"max-video-preview:-1"},"canonical":"https:\/\/www.ladiagonale.net\/index.php\/2023\/05\/14\/volland-et-diatta-touches-a-un-genou\/","og_locale":"fr_FR","og_type":"article","og_title":"Volland et Diatta touch\u00e9s \u00e0 un genou - La Diagonale","og_description":"Pr\u00e9sents dans le groupe, Kevin Volland et Kr\u00e9pin Diatta n&rsquo;ont finalement pas \u00e9t\u00e9 retenus sur la feuille de match en raison de douleurs \u00e0 un genou pour les deux hommes, comme indiqu\u00e9 un peu plus t\u00f4t sur La Diagonale. Une information qui a ensuite \u00e9t\u00e9 confirm\u00e9e par Philippe Clement lors de la conf\u00e9rence de presse [...]","og_url":"https:\/\/www.ladiagonale.net\/index.php\/2023\/05\/14\/volland-et-diatta-touches-a-un-genou\/","og_site_name":"La Diagonale","article_published_time":"2023-05-14T20:07:37+00:00","article_modified_time":"2023-05-14T20:08:03+00:00","og_image":[{"width":1160,"height":650,"url":"https:\/\/www.ladiagonale.net\/wp-content\/uploads\/2023\/04\/volland.png","type":"image\/png"}],"author":"Damien Dellerba","twitter_card":"summary_large_image","twitter_image":"https:\/\/www.ladiagonale.net\/wp-content\/uploads\/2023\/04\/volland.png","twitter_misc":{"\u00c9crit par":"Damien Dellerba","Dur\u00e9e de lecture estim\u00e9e":"1 minute"},"schema":{"@context":"https:\/\/schema.org","@graph":[{"@type":"WebPage","@id":"https:\/\/www.ladiagonale.net\/index.php\/2023\/05\/14\/volland-et-diatta-touches-a-un-genou\/","url":"https:\/\/www.ladiagonale.net\/index.php\/2023\/05\/14\/volland-et-diatta-touches-a-un-genou\/","name":"Volland et Diatta touch\u00e9s \u00e0 un genou - La Diagonale","isPartOf":{"@id":"https:\/\/www.ladiagonale.net\/#website"},"datePublished":"2023-05-14T20:07:37+00:00","dateModified":"2023-05-14T20:08:03+00:00","author":{"@id":"https:\/\/www.ladiagonale.net\/#\/schema\/person\/79ff1e7b0853ed01b2aa26e64ad300bf"},"breadcrumb":{"@id":"https:\/\/www.ladiagonale.net\/index.php\/2023\/05\/14\/volland-et-diatta-touches-a-un-genou\/#breadcrumb"},"inLanguage":"fr-FR","potentialAction":[{"@type":"ReadAction","target":["https:\/\/www.ladiagonale.net\/index.php\/2023\/05\/14\/volland-et-diatta-touches-a-un-genou\/"]}]},{"@type":"BreadcrumbList","@id":"https:\/\/www.ladiagonale.net\/index.php\/2023\/05\/14\/volland-et-diatta-touches-a-un-genou\/#breadcrumb","itemListElement":[{"@type":"ListItem","position":1,"name":"Accueil","item":"https:\/\/www.ladiagonale.net\/"},{"@type":"ListItem","position":2,"name":"Volland et Diatta touch\u00e9s \u00e0 un genou"}]},{"@type":"WebSite","@id":"https:\/\/www.ladiagonale.net\/#website","url":"https:\/\/www.ladiagonale.net\/","name":"La Diagonale","description":"Le site des supporters de l&#039;AS Monaco FC","potentialAction":[{"@type":"SearchAction","target":{"@type":"EntryPoint","urlTemplate":"https:\/\/www.ladiagonale.net\/?s={search_term_string}"},"query-input":"required name=search_term_string"}],"inLanguage":"fr-FR"},{"@type":"Person","@id":"https:\/\/www.ladiagonale.net\/#\/schema\/person\/79ff1e7b0853ed01b2aa26e64ad300bf","name":"Damien Dellerba","image":{"@type":"ImageObject","inLanguage":"fr-FR","@id":"https:\/\/www.ladiagonale.net\/#\/schema\/person\/image\/","url":"https:\/\/secure.gravatar.com\/avatar\/c7850e06d3ff63cdbaee88b7fc16e2f0?s=96&d=mm&r=g","contentUrl":"https:\/\/secure.gravatar.com\/avatar\/c7850e06d3ff63cdbaee88b7fc16e2f0?s=96&d=mm&r=g","caption":"Damien Dellerba"},"url":"https:\/\/www.ladiagonale.net\/index.php\/author\/damien\/"}]}},"_links":{"self":[{"href":"https:\/\/www.ladiagonale.net\/index.php\/wp-json\/wp\/v2\/posts\/12388"}],"collection":[{"href":"https:\/\/www.ladiagonale.net\/index.php\/wp-json\/wp\/v2\/posts"}],"about":[{"href":"https:\/\/www.ladiagonale.net\/index.php\/wp-json\/wp\/v2\/types\/post"}],"author":[{"embeddable":true,"href":"https:\/\/www.ladiagonale.net\/index.php\/wp-json\/wp\/v2\/users\/2"}],"replies":[{"embeddable":true,"href":"https:\/\/www.ladiagonale.net\/index.php\/wp-json\/wp\/v2\/comments?post=12388"}],"version-history":[{"count":2,"href":"https:\/\/www.ladiagonale.net\/index.php\/wp-json\/wp\/v2\/posts\/12388\/revisions"}],"predecessor-version":[{"id":12390,"href":"https:\/\/www.ladiagonale.net\/index.php\/wp-json\/wp\/v2\/posts\/12388\/revisions\/12390"}],"wp:attachment":[{"href":"https:\/\/www.ladiagonale.net\/index.php\/wp-json\/wp\/v2\/media?parent=12388"}],"wp:term":[{"taxonomy":"category","embeddable":true,"href":"https:\/\/www.ladiagonale.net\/index.php\/wp-json\/wp\/v2\/categories?post=12388"},{"taxonomy":"post_tag","embeddable":true,"href":"https:\/\/www.ladiagonale.net\/index.php\/wp-json\/wp\/v2\/tags?post=12388"}],"curies":[{"name":"wp","href":"https:\/\/api.w.org\/{rel}","templated":true}]}}