{"id":12392,"date":"2023-05-14T22:30:56","date_gmt":"2023-05-14T20:30:56","guid":{"rendered":"https:\/\/www.ladiagonale.net\/?p=12392"},"modified":"2023-05-14T22:30:59","modified_gmt":"2023-05-14T20:30:59","slug":"fonseca-fustige-la-mauvaise-pelouse-du-louis-ii","status":"publish","type":"post","link":"https:\/\/www.ladiagonale.net\/index.php\/2023\/05\/14\/fonseca-fustige-la-mauvaise-pelouse-du-louis-ii\/","title":{"rendered":"Fonseca fustige la mauvaise pelouse du Louis-II"},"content":{"rendered":"\n\n\n<p>La terne rencontre entre Monaco et Lille (0-0) est peut-\u00eatre en partie du fait de sa surface de jeu. Comme l&rsquo;a <a href=\"https:\/\/www.ladiagonale.net\/index.php\/2023\/05\/14\/clement-plutot-une-bonne-affaire\/\">rappel\u00e9 Philippe Clement en conf\u00e9rence de presse<\/a>, un arr\u00eat\u00e9 minist\u00e9riel n&rsquo;a pas permis d&rsquo;arroser la pelouse du stade Louis-II, ce qui n&rsquo;a franchement pas plu \u00e0 Paulo Fonseca, l&rsquo;entra\u00eeneur du LOSC : \u00ab <em>Les conditions de jeu n\u2019\u00e9taient pas bonnes. Toute la saison, on a jou\u00e9 sur de belles pelouses. Je ne comprends pas qu\u2019elle n\u2019ait pas \u00e9t\u00e9 arros\u00e9e. C\u2019est impossible de jouer rapidement sur un terrain comme \u00e7a. La LFP devrait revoir ses r\u00e8gles si elle veut du spectacle. Dans de telles conditions, c\u2019est plus facile pour l&rsquo;\u00e9quipe qui d\u00e9fend.<\/em> \u00bb<\/p>\n\n\n\n<p>Le Portugais a estim\u00e9 que son \u00e9quipe aurait d\u00fb ramener les trois points apr\u00e8s s&rsquo;\u00eatre procur\u00e9e les meilleures occasions de la partie en seconde p\u00e9riode : \u00ab <em>Je pense que nous devons gagner ce match. La premi\u00e8re p\u00e9riode a \u00e9t\u00e9 tr\u00e8s \u00e9quilibr\u00e9e avec peu d\u2019occasions. En seconde p\u00e9riode, nous avons trois occasions nettes. Nous \u00e9tions venus pour gagner. Je ne cherche pas d\u2019excuses.<\/em> \u00bb Pour les Lillois, l&rsquo;objectif de venir concurrencer Monaco pour la quatri\u00e8me place s&rsquo;\u00e9loigne : \u00ab<em> Il nous reste trois matchs et ils sont tous importants.<\/em> \u00bb<\/p>\n\n\n\n<p>De son c\u00f4t\u00e9, le milieu de terrain de Lille, Benjamin Andr\u00e9, a reconnu au micro de <em>Canal+<\/em> que Monaco avait bien travaill\u00e9 d\u00e9fensivement : \u00ab\u00a0<em>C\u2019est un match assez ferm\u00e9. Ils n\u2019ont pas voulu arroser de la pelouse et c\u2019\u00e9tait difficile de mettre de la vitesse. Il fallait s\u2019adapter, le match \u00e9tait un peu lent. C\u2019\u00e9tait difficile pour trouver les d\u00e9calages. Encore une fois, on a eu quelques occasions, et on aurait d\u00fb les mettre au fond. (&#8230;) Monaco a bien ferm\u00e9 le jeu, ne s\u2019est pas trop livr\u00e9. Il n\u2019y avait pas beaucoup d\u2019espaces. C\u2019est compliqu\u00e9. C\u2019est une bonne \u00e9quipe.<\/em>\u00a0\u00bb<\/p>\n","protected":false},"excerpt":{"rendered":"<p>La terne rencontre entre Monaco et Lille (0-0) est peut-\u00eatre en partie du fait de sa surface de jeu. Comme l&rsquo;a rappel\u00e9 Philippe Clement en conf\u00e9rence de presse, un arr\u00eat\u00e9 minist\u00e9riel n&rsquo;a pas permis d&rsquo;arroser la pelouse du stade Louis-II, ce qui n&rsquo;a franchement pas plu \u00e0 Paulo Fonseca, l&rsquo;entra\u00eeneur du LOSC : \u00ab Les [&#8230;]\n","protected":false},"author":2,"featured_media":0,"comment_status":"open","ping_status":"open","sticky":false,"template":"","format":"standard","meta":[],"categories":[6],"tags":[86,532,94,511,263],"yoast_head":"<!-- This site is optimized with the Yoast SEO plugin v19.8 - https:\/\/yoast.com\/wordpress\/plugins\/seo\/ -->\n<title>Fonseca fustige la mauvaise pelouse du Louis-II - La Diagonale<\/title>\n<meta name=\"robots\" content=\"index, follow, max-snippet:-1, max-image-preview:large, max-video-preview:-1\" \/>\n<link rel=\"canonical\" href=\"https:\/\/www.ladiagonale.net\/index.php\/2023\/05\/14\/fonseca-fustige-la-mauvaise-pelouse-du-louis-ii\/\" \/>\n<meta property=\"og:locale\" content=\"fr_FR\" \/>\n<meta property=\"og:type\" content=\"article\" \/>\n<meta property=\"og:title\" content=\"Fonseca fustige la mauvaise pelouse du Louis-II - La Diagonale\" \/>\n<meta property=\"og:description\" content=\"La terne rencontre entre Monaco et Lille (0-0) est peut-\u00eatre en partie du fait de sa surface de jeu. Comme l&rsquo;a rappel\u00e9 Philippe Clement en conf\u00e9rence de presse, un arr\u00eat\u00e9 minist\u00e9riel n&rsquo;a pas permis d&rsquo;arroser la pelouse du stade Louis-II, ce qui n&rsquo;a franchement pas plu \u00e0 Paulo Fonseca, l&rsquo;entra\u00eeneur du LOSC : \u00ab Les [...]\" \/>\n<meta property=\"og:url\" content=\"https:\/\/www.ladiagonale.net\/index.php\/2023\/05\/14\/fonseca-fustige-la-mauvaise-pelouse-du-louis-ii\/\" \/>\n<meta property=\"og:site_name\" content=\"La Diagonale\" \/>\n<meta property=\"article:published_time\" content=\"2023-05-14T20:30:56+00:00\" \/>\n<meta property=\"article:modified_time\" content=\"2023-05-14T20:30:59+00:00\" \/>\n<meta property=\"og:image\" content=\"https:\/\/www.ladiagonale.net\/wp-content\/uploads\/2023\/05\/fonseca.png\" \/>\n\t<meta property=\"og:image:width\" content=\"1160\" \/>\n\t<meta property=\"og:image:height\" content=\"650\" \/>\n\t<meta property=\"og:image:type\" content=\"image\/png\" \/>\n<meta name=\"author\" content=\"Damien Dellerba\" \/>\n<meta name=\"twitter:card\" content=\"summary_large_image\" \/>\n<meta name=\"twitter:image\" content=\"https:\/\/www.ladiagonale.net\/wp-content\/uploads\/2023\/05\/fonseca.png\" \/>\n<meta name=\"twitter:label1\" content=\"\u00c9crit par\" \/>\n\t<meta name=\"twitter:data1\" content=\"Damien Dellerba\" \/>\n\t<meta name=\"twitter:label2\" content=\"Dur\u00e9e de lecture estim\u00e9e\" \/>\n\t<meta name=\"twitter:data2\" content=\"2 minutes\" \/>\n<script type=\"application\/ld+json\" class=\"yoast-schema-graph\">{\"@context\":\"https:\/\/schema.org\",\"@graph\":[{\"@type\":\"WebPage\",\"@id\":\"https:\/\/www.ladiagonale.net\/index.php\/2023\/05\/14\/fonseca-fustige-la-mauvaise-pelouse-du-louis-ii\/\",\"url\":\"https:\/\/www.ladiagonale.net\/index.php\/2023\/05\/14\/fonseca-fustige-la-mauvaise-pelouse-du-louis-ii\/\",\"name\":\"Fonseca fustige la mauvaise pelouse du Louis-II - La Diagonale\",\"isPartOf\":{\"@id\":\"https:\/\/www.ladiagonale.net\/#website\"},\"datePublished\":\"2023-05-14T20:30:56+00:00\",\"dateModified\":\"2023-05-14T20:30:59+00:00\",\"author\":{\"@id\":\"https:\/\/www.ladiagonale.net\/#\/schema\/person\/79ff1e7b0853ed01b2aa26e64ad300bf\"},\"breadcrumb\":{\"@id\":\"https:\/\/www.ladiagonale.net\/index.php\/2023\/05\/14\/fonseca-fustige-la-mauvaise-pelouse-du-louis-ii\/#breadcrumb\"},\"inLanguage\":\"fr-FR\",\"potentialAction\":[{\"@type\":\"ReadAction\",\"target\":[\"https:\/\/www.ladiagonale.net\/index.php\/2023\/05\/14\/fonseca-fustige-la-mauvaise-pelouse-du-louis-ii\/\"]}]},{\"@type\":\"BreadcrumbList\",\"@id\":\"https:\/\/www.ladiagonale.net\/index.php\/2023\/05\/14\/fonseca-fustige-la-mauvaise-pelouse-du-louis-ii\/#breadcrumb\",\"itemListElement\":[{\"@type\":\"ListItem\",\"position\":1,\"name\":\"Accueil\",\"item\":\"https:\/\/www.ladiagonale.net\/\"},{\"@type\":\"ListItem\",\"position\":2,\"name\":\"Fonseca fustige la mauvaise pelouse du Louis-II\"}]},{\"@type\":\"WebSite\",\"@id\":\"https:\/\/www.ladiagonale.net\/#website\",\"url\":\"https:\/\/www.ladiagonale.net\/\",\"name\":\"La Diagonale\",\"description\":\"Le site des supporters de l&#039;AS Monaco FC\",\"potentialAction\":[{\"@type\":\"SearchAction\",\"target\":{\"@type\":\"EntryPoint\",\"urlTemplate\":\"https:\/\/www.ladiagonale.net\/?s={search_term_string}\"},\"query-input\":\"required name=search_term_string\"}],\"inLanguage\":\"fr-FR\"},{\"@type\":\"Person\",\"@id\":\"https:\/\/www.ladiagonale.net\/#\/schema\/person\/79ff1e7b0853ed01b2aa26e64ad300bf\",\"name\":\"Damien Dellerba\",\"image\":{\"@type\":\"ImageObject\",\"inLanguage\":\"fr-FR\",\"@id\":\"https:\/\/www.ladiagonale.net\/#\/schema\/person\/image\/\",\"url\":\"https:\/\/secure.gravatar.com\/avatar\/c7850e06d3ff63cdbaee88b7fc16e2f0?s=96&d=mm&r=g\",\"contentUrl\":\"https:\/\/secure.gravatar.com\/avatar\/c7850e06d3ff63cdbaee88b7fc16e2f0?s=96&d=mm&r=g\",\"caption\":\"Damien Dellerba\"},\"url\":\"https:\/\/www.ladiagonale.net\/index.php\/author\/damien\/\"}]}<\/script>\n<!-- \/ Yoast SEO plugin. -->","yoast_head_json":{"title":"Fonseca fustige la mauvaise pelouse du Louis-II - La Diagonale","robots":{"index":"index","follow":"follow","max-snippet":"max-snippet:-1","max-image-preview":"max-image-preview:large","max-video-preview":"max-video-preview:-1"},"canonical":"https:\/\/www.ladiagonale.net\/index.php\/2023\/05\/14\/fonseca-fustige-la-mauvaise-pelouse-du-louis-ii\/","og_locale":"fr_FR","og_type":"article","og_title":"Fonseca fustige la mauvaise pelouse du Louis-II - La Diagonale","og_description":"La terne rencontre entre Monaco et Lille (0-0) est peut-\u00eatre en partie du fait de sa surface de jeu. Comme l&rsquo;a rappel\u00e9 Philippe Clement en conf\u00e9rence de presse, un arr\u00eat\u00e9 minist\u00e9riel n&rsquo;a pas permis d&rsquo;arroser la pelouse du stade Louis-II, ce qui n&rsquo;a franchement pas plu \u00e0 Paulo Fonseca, l&rsquo;entra\u00eeneur du LOSC : \u00ab Les [...]","og_url":"https:\/\/www.ladiagonale.net\/index.php\/2023\/05\/14\/fonseca-fustige-la-mauvaise-pelouse-du-louis-ii\/","og_site_name":"La Diagonale","article_published_time":"2023-05-14T20:30:56+00:00","article_modified_time":"2023-05-14T20:30:59+00:00","og_image":[{"width":1160,"height":650,"url":"https:\/\/www.ladiagonale.net\/wp-content\/uploads\/2023\/05\/fonseca.png","type":"image\/png"}],"author":"Damien Dellerba","twitter_card":"summary_large_image","twitter_image":"https:\/\/www.ladiagonale.net\/wp-content\/uploads\/2023\/05\/fonseca.png","twitter_misc":{"\u00c9crit par":"Damien Dellerba","Dur\u00e9e de lecture estim\u00e9e":"2 minutes"},"schema":{"@context":"https:\/\/schema.org","@graph":[{"@type":"WebPage","@id":"https:\/\/www.ladiagonale.net\/index.php\/2023\/05\/14\/fonseca-fustige-la-mauvaise-pelouse-du-louis-ii\/","url":"https:\/\/www.ladiagonale.net\/index.php\/2023\/05\/14\/fonseca-fustige-la-mauvaise-pelouse-du-louis-ii\/","name":"Fonseca fustige la mauvaise pelouse du Louis-II - La Diagonale","isPartOf":{"@id":"https:\/\/www.ladiagonale.net\/#website"},"datePublished":"2023-05-14T20:30:56+00:00","dateModified":"2023-05-14T20:30:59+00:00","author":{"@id":"https:\/\/www.ladiagonale.net\/#\/schema\/person\/79ff1e7b0853ed01b2aa26e64ad300bf"},"breadcrumb":{"@id":"https:\/\/www.ladiagonale.net\/index.php\/2023\/05\/14\/fonseca-fustige-la-mauvaise-pelouse-du-louis-ii\/#breadcrumb"},"inLanguage":"fr-FR","potentialAction":[{"@type":"ReadAction","target":["https:\/\/www.ladiagonale.net\/index.php\/2023\/05\/14\/fonseca-fustige-la-mauvaise-pelouse-du-louis-ii\/"]}]},{"@type":"BreadcrumbList","@id":"https:\/\/www.ladiagonale.net\/index.php\/2023\/05\/14\/fonseca-fustige-la-mauvaise-pelouse-du-louis-ii\/#breadcrumb","itemListElement":[{"@type":"ListItem","position":1,"name":"Accueil","item":"https:\/\/www.ladiagonale.net\/"},{"@type":"ListItem","position":2,"name":"Fonseca fustige la mauvaise pelouse du Louis-II"}]},{"@type":"WebSite","@id":"https:\/\/www.ladiagonale.net\/#website","url":"https:\/\/www.ladiagonale.net\/","name":"La Diagonale","description":"Le site des supporters de l&#039;AS Monaco FC","potentialAction":[{"@type":"SearchAction","target":{"@type":"EntryPoint","urlTemplate":"https:\/\/www.ladiagonale.net\/?s={search_term_string}"},"query-input":"required name=search_term_string"}],"inLanguage":"fr-FR"},{"@type":"Person","@id":"https:\/\/www.ladiagonale.net\/#\/schema\/person\/79ff1e7b0853ed01b2aa26e64ad300bf","name":"Damien Dellerba","image":{"@type":"ImageObject","inLanguage":"fr-FR","@id":"https:\/\/www.ladiagonale.net\/#\/schema\/person\/image\/","url":"https:\/\/secure.gravatar.com\/avatar\/c7850e06d3ff63cdbaee88b7fc16e2f0?s=96&d=mm&r=g","contentUrl":"https:\/\/secure.gravatar.com\/avatar\/c7850e06d3ff63cdbaee88b7fc16e2f0?s=96&d=mm&r=g","caption":"Damien Dellerba"},"url":"https:\/\/www.ladiagonale.net\/index.php\/author\/damien\/"}]}},"_links":{"self":[{"href":"https:\/\/www.ladiagonale.net\/index.php\/wp-json\/wp\/v2\/posts\/12392"}],"collection":[{"href":"https:\/\/www.ladiagonale.net\/index.php\/wp-json\/wp\/v2\/posts"}],"about":[{"href":"https:\/\/www.ladiagonale.net\/index.php\/wp-json\/wp\/v2\/types\/post"}],"author":[{"embeddable":true,"href":"https:\/\/www.ladiagonale.net\/index.php\/wp-json\/wp\/v2\/users\/2"}],"replies":[{"embeddable":true,"href":"https:\/\/www.ladiagonale.net\/index.php\/wp-json\/wp\/v2\/comments?post=12392"}],"version-history":[{"count":1,"href":"https:\/\/www.ladiagonale.net\/index.php\/wp-json\/wp\/v2\/posts\/12392\/revisions"}],"predecessor-version":[{"id":12393,"href":"https:\/\/www.ladiagonale.net\/index.php\/wp-json\/wp\/v2\/posts\/12392\/revisions\/12393"}],"wp:attachment":[{"href":"https:\/\/www.ladiagonale.net\/index.php\/wp-json\/wp\/v2\/media?parent=12392"}],"wp:term":[{"taxonomy":"category","embeddable":true,"href":"https:\/\/www.ladiagonale.net\/index.php\/wp-json\/wp\/v2\/categories?post=12392"},{"taxonomy":"post_tag","embeddable":true,"href":"https:\/\/www.ladiagonale.net\/index.php\/wp-json\/wp\/v2\/tags?post=12392"}],"curies":[{"name":"wp","href":"https:\/\/api.w.org\/{rel}","templated":true}]}}