{"id":12409,"date":"2023-05-15T08:09:00","date_gmt":"2023-05-15T06:09:00","guid":{"rendered":"https:\/\/www.ladiagonale.net\/?p=12409"},"modified":"2023-05-15T03:01:38","modified_gmt":"2023-05-15T01:01:38","slug":"chevalier-reconnait-avoir-fait-faute-sur-embolo","status":"publish","type":"post","link":"https:\/\/www.ladiagonale.net\/index.php\/2023\/05\/15\/chevalier-reconnait-avoir-fait-faute-sur-embolo\/","title":{"rendered":"Chevalier avoue avoir fait faute sur Embolo"},"content":{"rendered":"\n\n\n<p>\u00c0 la 84<sup>e<\/sup> minute de la rencontre entre Monaco et Lille, Lucas Chevalier, le gardien lillois, a percut\u00e9 Breel Embolo en pleine surface, qui a re\u00e7u le poing du portier dans le visage. Si cette action aurait sans doute pu m\u00e9riter un p\u00e9nalty, Beno\u00eet Bastien, l&rsquo;arbitre de la rencontre, en a d\u00e9cid\u00e9 autrement, en revenant \u00e0 la position de hors-jeu de l&rsquo;attaquant suisse, bien que celle-ci semblait peu \u00e9vidente. Et la VAR n&rsquo;a visiblement pas remis en cause la d\u00e9cision prise sur le terrain. <\/p>\n\n\n\n<p>Au micro de <em>Canal+<\/em>, Chevalier a cependant reconnu \u00e0 l&rsquo;issue de la rencontre qu&rsquo;il avait bien commis une faute sur l&rsquo;attaquant mon\u00e9gasque mais a aussi justifi\u00e9 son geste par le contexte de la fin de match : <em>\u00ab\u00a0Je prends la balle, il y a contact, puis l\u2019arbitre siffle hors jeu. J\u2019ai voulu aussi m&rsquo;imposer dans cette fin de match. Je suis sorti de mes cages, il y a contact. Pour moi, il y a faute, mais c\u2019\u00e9tait pour montrer que j\u2019\u00e9tais encore pr\u00e9sent dans cette fin de match. (&#8230;) Le nul reste plus ou moins logique, j\u2019ai envie de dire. C\u2019\u00e9tait un match plut\u00f4t tendu. <em>\u00bb<\/em><\/em><\/p>\n","protected":false},"excerpt":{"rendered":"<p>\u00c0 la 84e minute de la rencontre entre Monaco et Lille, Lucas Chevalier, le gardien lillois, a percut\u00e9 Breel Embolo en pleine surface, qui a re\u00e7u le poing du portier dans le visage. Si cette action aurait sans doute pu m\u00e9riter un p\u00e9nalty, Beno\u00eet Bastien, l&rsquo;arbitre de la rencontre, en a d\u00e9cid\u00e9 autrement, en revenant [&#8230;]\n","protected":false},"author":2,"featured_media":0,"comment_status":"open","ping_status":"open","sticky":false,"template":"","format":"standard","meta":[],"categories":[6],"tags":[86,94,533,511],"yoast_head":"<!-- This site is optimized with the Yoast SEO plugin v19.8 - https:\/\/yoast.com\/wordpress\/plugins\/seo\/ -->\n<title>Chevalier avoue avoir fait faute sur Embolo - La Diagonale<\/title>\n<meta name=\"robots\" content=\"index, follow, max-snippet:-1, max-image-preview:large, max-video-preview:-1\" \/>\n<link rel=\"canonical\" href=\"https:\/\/www.ladiagonale.net\/index.php\/2023\/05\/15\/chevalier-reconnait-avoir-fait-faute-sur-embolo\/\" \/>\n<meta property=\"og:locale\" content=\"fr_FR\" \/>\n<meta property=\"og:type\" content=\"article\" \/>\n<meta property=\"og:title\" content=\"Chevalier avoue avoir fait faute sur Embolo - La Diagonale\" \/>\n<meta property=\"og:description\" content=\"\u00c0 la 84e minute de la rencontre entre Monaco et Lille, Lucas Chevalier, le gardien lillois, a percut\u00e9 Breel Embolo en pleine surface, qui a re\u00e7u le poing du portier dans le visage. Si cette action aurait sans doute pu m\u00e9riter un p\u00e9nalty, Beno\u00eet Bastien, l&rsquo;arbitre de la rencontre, en a d\u00e9cid\u00e9 autrement, en revenant [...]\" \/>\n<meta property=\"og:url\" content=\"https:\/\/www.ladiagonale.net\/index.php\/2023\/05\/15\/chevalier-reconnait-avoir-fait-faute-sur-embolo\/\" \/>\n<meta property=\"og:site_name\" content=\"La Diagonale\" \/>\n<meta property=\"article:published_time\" content=\"2023-05-15T06:09:00+00:00\" \/>\n<meta property=\"article:modified_time\" content=\"2023-05-15T01:01:38+00:00\" \/>\n<meta property=\"og:image\" content=\"https:\/\/www.ladiagonale.net\/wp-content\/uploads\/2023\/05\/chevalier.png\" \/>\n\t<meta property=\"og:image:width\" content=\"1160\" \/>\n\t<meta property=\"og:image:height\" content=\"650\" \/>\n\t<meta property=\"og:image:type\" content=\"image\/png\" \/>\n<meta name=\"author\" content=\"Damien Dellerba\" \/>\n<meta name=\"twitter:card\" content=\"summary_large_image\" \/>\n<meta name=\"twitter:image\" content=\"https:\/\/www.ladiagonale.net\/wp-content\/uploads\/2023\/05\/chevalier.png\" \/>\n<meta name=\"twitter:label1\" content=\"\u00c9crit par\" \/>\n\t<meta name=\"twitter:data1\" content=\"Damien Dellerba\" \/>\n\t<meta name=\"twitter:label2\" content=\"Dur\u00e9e de lecture estim\u00e9e\" \/>\n\t<meta name=\"twitter:data2\" content=\"1 minute\" \/>\n<script type=\"application\/ld+json\" class=\"yoast-schema-graph\">{\"@context\":\"https:\/\/schema.org\",\"@graph\":[{\"@type\":\"WebPage\",\"@id\":\"https:\/\/www.ladiagonale.net\/index.php\/2023\/05\/15\/chevalier-reconnait-avoir-fait-faute-sur-embolo\/\",\"url\":\"https:\/\/www.ladiagonale.net\/index.php\/2023\/05\/15\/chevalier-reconnait-avoir-fait-faute-sur-embolo\/\",\"name\":\"Chevalier avoue avoir fait faute sur Embolo - La Diagonale\",\"isPartOf\":{\"@id\":\"https:\/\/www.ladiagonale.net\/#website\"},\"datePublished\":\"2023-05-15T06:09:00+00:00\",\"dateModified\":\"2023-05-15T01:01:38+00:00\",\"author\":{\"@id\":\"https:\/\/www.ladiagonale.net\/#\/schema\/person\/79ff1e7b0853ed01b2aa26e64ad300bf\"},\"breadcrumb\":{\"@id\":\"https:\/\/www.ladiagonale.net\/index.php\/2023\/05\/15\/chevalier-reconnait-avoir-fait-faute-sur-embolo\/#breadcrumb\"},\"inLanguage\":\"fr-FR\",\"potentialAction\":[{\"@type\":\"ReadAction\",\"target\":[\"https:\/\/www.ladiagonale.net\/index.php\/2023\/05\/15\/chevalier-reconnait-avoir-fait-faute-sur-embolo\/\"]}]},{\"@type\":\"BreadcrumbList\",\"@id\":\"https:\/\/www.ladiagonale.net\/index.php\/2023\/05\/15\/chevalier-reconnait-avoir-fait-faute-sur-embolo\/#breadcrumb\",\"itemListElement\":[{\"@type\":\"ListItem\",\"position\":1,\"name\":\"Accueil\",\"item\":\"https:\/\/www.ladiagonale.net\/\"},{\"@type\":\"ListItem\",\"position\":2,\"name\":\"Chevalier avoue avoir fait faute sur Embolo\"}]},{\"@type\":\"WebSite\",\"@id\":\"https:\/\/www.ladiagonale.net\/#website\",\"url\":\"https:\/\/www.ladiagonale.net\/\",\"name\":\"La Diagonale\",\"description\":\"Le site des supporters de l&#039;AS Monaco FC\",\"potentialAction\":[{\"@type\":\"SearchAction\",\"target\":{\"@type\":\"EntryPoint\",\"urlTemplate\":\"https:\/\/www.ladiagonale.net\/?s={search_term_string}\"},\"query-input\":\"required name=search_term_string\"}],\"inLanguage\":\"fr-FR\"},{\"@type\":\"Person\",\"@id\":\"https:\/\/www.ladiagonale.net\/#\/schema\/person\/79ff1e7b0853ed01b2aa26e64ad300bf\",\"name\":\"Damien Dellerba\",\"image\":{\"@type\":\"ImageObject\",\"inLanguage\":\"fr-FR\",\"@id\":\"https:\/\/www.ladiagonale.net\/#\/schema\/person\/image\/\",\"url\":\"https:\/\/secure.gravatar.com\/avatar\/c7850e06d3ff63cdbaee88b7fc16e2f0?s=96&d=mm&r=g\",\"contentUrl\":\"https:\/\/secure.gravatar.com\/avatar\/c7850e06d3ff63cdbaee88b7fc16e2f0?s=96&d=mm&r=g\",\"caption\":\"Damien Dellerba\"},\"url\":\"https:\/\/www.ladiagonale.net\/index.php\/author\/damien\/\"}]}<\/script>\n<!-- \/ Yoast SEO plugin. -->","yoast_head_json":{"title":"Chevalier avoue avoir fait faute sur Embolo - La Diagonale","robots":{"index":"index","follow":"follow","max-snippet":"max-snippet:-1","max-image-preview":"max-image-preview:large","max-video-preview":"max-video-preview:-1"},"canonical":"https:\/\/www.ladiagonale.net\/index.php\/2023\/05\/15\/chevalier-reconnait-avoir-fait-faute-sur-embolo\/","og_locale":"fr_FR","og_type":"article","og_title":"Chevalier avoue avoir fait faute sur Embolo - La Diagonale","og_description":"\u00c0 la 84e minute de la rencontre entre Monaco et Lille, Lucas Chevalier, le gardien lillois, a percut\u00e9 Breel Embolo en pleine surface, qui a re\u00e7u le poing du portier dans le visage. Si cette action aurait sans doute pu m\u00e9riter un p\u00e9nalty, Beno\u00eet Bastien, l&rsquo;arbitre de la rencontre, en a d\u00e9cid\u00e9 autrement, en revenant [...]","og_url":"https:\/\/www.ladiagonale.net\/index.php\/2023\/05\/15\/chevalier-reconnait-avoir-fait-faute-sur-embolo\/","og_site_name":"La Diagonale","article_published_time":"2023-05-15T06:09:00+00:00","article_modified_time":"2023-05-15T01:01:38+00:00","og_image":[{"width":1160,"height":650,"url":"https:\/\/www.ladiagonale.net\/wp-content\/uploads\/2023\/05\/chevalier.png","type":"image\/png"}],"author":"Damien Dellerba","twitter_card":"summary_large_image","twitter_image":"https:\/\/www.ladiagonale.net\/wp-content\/uploads\/2023\/05\/chevalier.png","twitter_misc":{"\u00c9crit par":"Damien Dellerba","Dur\u00e9e de lecture estim\u00e9e":"1 minute"},"schema":{"@context":"https:\/\/schema.org","@graph":[{"@type":"WebPage","@id":"https:\/\/www.ladiagonale.net\/index.php\/2023\/05\/15\/chevalier-reconnait-avoir-fait-faute-sur-embolo\/","url":"https:\/\/www.ladiagonale.net\/index.php\/2023\/05\/15\/chevalier-reconnait-avoir-fait-faute-sur-embolo\/","name":"Chevalier avoue avoir fait faute sur Embolo - La Diagonale","isPartOf":{"@id":"https:\/\/www.ladiagonale.net\/#website"},"datePublished":"2023-05-15T06:09:00+00:00","dateModified":"2023-05-15T01:01:38+00:00","author":{"@id":"https:\/\/www.ladiagonale.net\/#\/schema\/person\/79ff1e7b0853ed01b2aa26e64ad300bf"},"breadcrumb":{"@id":"https:\/\/www.ladiagonale.net\/index.php\/2023\/05\/15\/chevalier-reconnait-avoir-fait-faute-sur-embolo\/#breadcrumb"},"inLanguage":"fr-FR","potentialAction":[{"@type":"ReadAction","target":["https:\/\/www.ladiagonale.net\/index.php\/2023\/05\/15\/chevalier-reconnait-avoir-fait-faute-sur-embolo\/"]}]},{"@type":"BreadcrumbList","@id":"https:\/\/www.ladiagonale.net\/index.php\/2023\/05\/15\/chevalier-reconnait-avoir-fait-faute-sur-embolo\/#breadcrumb","itemListElement":[{"@type":"ListItem","position":1,"name":"Accueil","item":"https:\/\/www.ladiagonale.net\/"},{"@type":"ListItem","position":2,"name":"Chevalier avoue avoir fait faute sur Embolo"}]},{"@type":"WebSite","@id":"https:\/\/www.ladiagonale.net\/#website","url":"https:\/\/www.ladiagonale.net\/","name":"La Diagonale","description":"Le site des supporters de l&#039;AS Monaco FC","potentialAction":[{"@type":"SearchAction","target":{"@type":"EntryPoint","urlTemplate":"https:\/\/www.ladiagonale.net\/?s={search_term_string}"},"query-input":"required name=search_term_string"}],"inLanguage":"fr-FR"},{"@type":"Person","@id":"https:\/\/www.ladiagonale.net\/#\/schema\/person\/79ff1e7b0853ed01b2aa26e64ad300bf","name":"Damien Dellerba","image":{"@type":"ImageObject","inLanguage":"fr-FR","@id":"https:\/\/www.ladiagonale.net\/#\/schema\/person\/image\/","url":"https:\/\/secure.gravatar.com\/avatar\/c7850e06d3ff63cdbaee88b7fc16e2f0?s=96&d=mm&r=g","contentUrl":"https:\/\/secure.gravatar.com\/avatar\/c7850e06d3ff63cdbaee88b7fc16e2f0?s=96&d=mm&r=g","caption":"Damien Dellerba"},"url":"https:\/\/www.ladiagonale.net\/index.php\/author\/damien\/"}]}},"_links":{"self":[{"href":"https:\/\/www.ladiagonale.net\/index.php\/wp-json\/wp\/v2\/posts\/12409"}],"collection":[{"href":"https:\/\/www.ladiagonale.net\/index.php\/wp-json\/wp\/v2\/posts"}],"about":[{"href":"https:\/\/www.ladiagonale.net\/index.php\/wp-json\/wp\/v2\/types\/post"}],"author":[{"embeddable":true,"href":"https:\/\/www.ladiagonale.net\/index.php\/wp-json\/wp\/v2\/users\/2"}],"replies":[{"embeddable":true,"href":"https:\/\/www.ladiagonale.net\/index.php\/wp-json\/wp\/v2\/comments?post=12409"}],"version-history":[{"count":3,"href":"https:\/\/www.ladiagonale.net\/index.php\/wp-json\/wp\/v2\/posts\/12409\/revisions"}],"predecessor-version":[{"id":12415,"href":"https:\/\/www.ladiagonale.net\/index.php\/wp-json\/wp\/v2\/posts\/12409\/revisions\/12415"}],"wp:attachment":[{"href":"https:\/\/www.ladiagonale.net\/index.php\/wp-json\/wp\/v2\/media?parent=12409"}],"wp:term":[{"taxonomy":"category","embeddable":true,"href":"https:\/\/www.ladiagonale.net\/index.php\/wp-json\/wp\/v2\/categories?post=12409"},{"taxonomy":"post_tag","embeddable":true,"href":"https:\/\/www.ladiagonale.net\/index.php\/wp-json\/wp\/v2\/tags?post=12409"}],"curies":[{"name":"wp","href":"https:\/\/api.w.org\/{rel}","templated":true}]}}