{"id":12417,"date":"2023-05-15T13:37:07","date_gmt":"2023-05-15T11:37:07","guid":{"rendered":"https:\/\/www.ladiagonale.net\/?p=12417"},"modified":"2023-05-15T13:37:10","modified_gmt":"2023-05-15T11:37:10","slug":"les-u19-finissent-fort-contre-air-bel","status":"publish","type":"post","link":"https:\/\/www.ladiagonale.net\/index.php\/2023\/05\/15\/les-u19-finissent-fort-contre-air-bel\/","title":{"rendered":"Les U19 finissent fort contre Air Bel"},"content":{"rendered":"\n\n\n<p>Pour la 26<sup>e<\/sup> et derni\u00e8re journ\u00e9e de championnat, les U19 de l&rsquo;AS Monaco ont termin\u00e9 leur saison par un bon succ\u00e8s contre le SC Air Bel (1-4), avec une \u00e9quipe quelque peu remani\u00e9e. Sandro Bertolucci a ouvert le score pour les Mon\u00e9gasques (0-1, 34<sup>e<\/sup>) mais les Phoc\u00e9ens ont \u00e9galis\u00e9 seulement quelques minutes plus tard (1-1, 40<sup>e<\/sup>). C&rsquo;est en seconde p\u00e9riode que les Rouge et Blanc ont fait la diff\u00e9rence. Tohouli a redonn\u00e9 l&rsquo;avantage \u00e0 Monaco (1-2, 63<sup>e<\/sup>) avant que Bertolucci, par un doubl\u00e9 (1-3, 80<sup>e<\/sup>), n&rsquo;accentue l&rsquo;\u00e9cart. Lucas Michal, entr\u00e9 en cours de jeu, a port\u00e9 le coup de gr\u00e2ce \u00e0 la toute fin de la rencontre (1-4, 89<sup>e<\/sup>).<\/p>\n\n\n\n<p class=\"has-white-color has-text-color has-background\" style=\"background-color:#303030\"><a href=\"https:\/\/www.ladiagonale.net\/index.php\/event\/air-bel-u19-monaco-u19\/\">Voir la feuille de match<\/a><\/p>\n\n\n\n<p>Cette saison, les joueurs de Fr\u00e9d\u00e9ric Barilaro sont pass\u00e9s par toutes les \u00e9motions. Apr\u00e8s un tr\u00e8s bon d\u00e9but de saison, qui les a vus s&rsquo;installer dans le peloton de t\u00eate, les jeunes pousses as\u00e9mistes ont perdu pied \u00e0 la fin de l&rsquo;automne, au moment o\u00f9 a d\u00e9but\u00e9 la Coupe Gambardella. La faute notamment \u00e0 un groupe tr\u00e8s rajeuni. Les U19 ont m\u00eame flirt\u00e9 pendant quelques temps avec la zone rouge, faisant surgir le spectre d&rsquo;une rel\u00e9gation. Mais les renforts de joueurs plus \u00e2g\u00e9s et plus exp\u00e9riment\u00e9s ont finalement permis \u00e0 l&rsquo;ASM de terminer la saison avec trois succ\u00e8s de rang et d&rsquo;effectuer une belle remont\u00e9e \u00e0 la cinqui\u00e8me place, avec 40 points. <\/p>\n\n\n\n<p class=\"has-white-color has-text-color has-background\" style=\"background-color:#303030\"><a href=\"https:\/\/www.ladiagonale.net\/index.php\/u19-classement\/\">Voir le classement final des U19<\/a><\/p>\n","protected":false},"excerpt":{"rendered":"<p>Pour la 26e et derni\u00e8re journ\u00e9e de championnat, les U19 de l&rsquo;AS Monaco ont termin\u00e9 leur saison par un bon succ\u00e8s contre le SC Air Bel (1-4), avec une \u00e9quipe quelque peu remani\u00e9e. Sandro Bertolucci a ouvert le score pour les Mon\u00e9gasques (0-1, 34e) mais les Phoc\u00e9ens ont \u00e9galis\u00e9 seulement quelques minutes plus tard (1-1, [&#8230;]\n","protected":false},"author":2,"featured_media":0,"comment_status":"open","ping_status":"open","sticky":false,"template":"","format":"standard","meta":[],"categories":[6],"tags":[76,86,112],"yoast_head":"<!-- This site is optimized with the Yoast SEO plugin v19.8 - https:\/\/yoast.com\/wordpress\/plugins\/seo\/ -->\n<title>Les U19 finissent fort contre Air Bel - La Diagonale<\/title>\n<meta name=\"robots\" content=\"index, follow, max-snippet:-1, max-image-preview:large, max-video-preview:-1\" \/>\n<link rel=\"canonical\" href=\"https:\/\/www.ladiagonale.net\/index.php\/2023\/05\/15\/les-u19-finissent-fort-contre-air-bel\/\" \/>\n<meta property=\"og:locale\" content=\"fr_FR\" \/>\n<meta property=\"og:type\" content=\"article\" \/>\n<meta property=\"og:title\" content=\"Les U19 finissent fort contre Air Bel - La Diagonale\" \/>\n<meta property=\"og:description\" content=\"Pour la 26e et derni\u00e8re journ\u00e9e de championnat, les U19 de l&rsquo;AS Monaco ont termin\u00e9 leur saison par un bon succ\u00e8s contre le SC Air Bel (1-4), avec une \u00e9quipe quelque peu remani\u00e9e. Sandro Bertolucci a ouvert le score pour les Mon\u00e9gasques (0-1, 34e) mais les Phoc\u00e9ens ont \u00e9galis\u00e9 seulement quelques minutes plus tard (1-1, [...]\" \/>\n<meta property=\"og:url\" content=\"https:\/\/www.ladiagonale.net\/index.php\/2023\/05\/15\/les-u19-finissent-fort-contre-air-bel\/\" \/>\n<meta property=\"og:site_name\" content=\"La Diagonale\" \/>\n<meta property=\"article:published_time\" content=\"2023-05-15T11:37:07+00:00\" \/>\n<meta property=\"article:modified_time\" content=\"2023-05-15T11:37:10+00:00\" \/>\n<meta property=\"og:image\" content=\"https:\/\/www.ladiagonale.net\/wp-content\/uploads\/2023\/05\/michal.png\" \/>\n\t<meta property=\"og:image:width\" content=\"1160\" \/>\n\t<meta property=\"og:image:height\" content=\"650\" \/>\n\t<meta property=\"og:image:type\" content=\"image\/png\" \/>\n<meta name=\"author\" content=\"Damien Dellerba\" \/>\n<meta name=\"twitter:card\" content=\"summary_large_image\" \/>\n<meta name=\"twitter:image\" content=\"https:\/\/www.ladiagonale.net\/wp-content\/uploads\/2023\/05\/michal.png\" \/>\n<meta name=\"twitter:label1\" content=\"\u00c9crit par\" \/>\n\t<meta name=\"twitter:data1\" content=\"Damien Dellerba\" \/>\n\t<meta name=\"twitter:label2\" content=\"Dur\u00e9e de lecture estim\u00e9e\" \/>\n\t<meta name=\"twitter:data2\" content=\"2 minutes\" \/>\n<script type=\"application\/ld+json\" class=\"yoast-schema-graph\">{\"@context\":\"https:\/\/schema.org\",\"@graph\":[{\"@type\":\"WebPage\",\"@id\":\"https:\/\/www.ladiagonale.net\/index.php\/2023\/05\/15\/les-u19-finissent-fort-contre-air-bel\/\",\"url\":\"https:\/\/www.ladiagonale.net\/index.php\/2023\/05\/15\/les-u19-finissent-fort-contre-air-bel\/\",\"name\":\"Les U19 finissent fort contre Air Bel - La Diagonale\",\"isPartOf\":{\"@id\":\"https:\/\/www.ladiagonale.net\/#website\"},\"datePublished\":\"2023-05-15T11:37:07+00:00\",\"dateModified\":\"2023-05-15T11:37:10+00:00\",\"author\":{\"@id\":\"https:\/\/www.ladiagonale.net\/#\/schema\/person\/79ff1e7b0853ed01b2aa26e64ad300bf\"},\"breadcrumb\":{\"@id\":\"https:\/\/www.ladiagonale.net\/index.php\/2023\/05\/15\/les-u19-finissent-fort-contre-air-bel\/#breadcrumb\"},\"inLanguage\":\"fr-FR\",\"potentialAction\":[{\"@type\":\"ReadAction\",\"target\":[\"https:\/\/www.ladiagonale.net\/index.php\/2023\/05\/15\/les-u19-finissent-fort-contre-air-bel\/\"]}]},{\"@type\":\"BreadcrumbList\",\"@id\":\"https:\/\/www.ladiagonale.net\/index.php\/2023\/05\/15\/les-u19-finissent-fort-contre-air-bel\/#breadcrumb\",\"itemListElement\":[{\"@type\":\"ListItem\",\"position\":1,\"name\":\"Accueil\",\"item\":\"https:\/\/www.ladiagonale.net\/\"},{\"@type\":\"ListItem\",\"position\":2,\"name\":\"Les U19 finissent fort contre Air Bel\"}]},{\"@type\":\"WebSite\",\"@id\":\"https:\/\/www.ladiagonale.net\/#website\",\"url\":\"https:\/\/www.ladiagonale.net\/\",\"name\":\"La Diagonale\",\"description\":\"Le site des supporters de l&#039;AS Monaco FC\",\"potentialAction\":[{\"@type\":\"SearchAction\",\"target\":{\"@type\":\"EntryPoint\",\"urlTemplate\":\"https:\/\/www.ladiagonale.net\/?s={search_term_string}\"},\"query-input\":\"required name=search_term_string\"}],\"inLanguage\":\"fr-FR\"},{\"@type\":\"Person\",\"@id\":\"https:\/\/www.ladiagonale.net\/#\/schema\/person\/79ff1e7b0853ed01b2aa26e64ad300bf\",\"name\":\"Damien Dellerba\",\"image\":{\"@type\":\"ImageObject\",\"inLanguage\":\"fr-FR\",\"@id\":\"https:\/\/www.ladiagonale.net\/#\/schema\/person\/image\/\",\"url\":\"https:\/\/secure.gravatar.com\/avatar\/c7850e06d3ff63cdbaee88b7fc16e2f0?s=96&d=mm&r=g\",\"contentUrl\":\"https:\/\/secure.gravatar.com\/avatar\/c7850e06d3ff63cdbaee88b7fc16e2f0?s=96&d=mm&r=g\",\"caption\":\"Damien Dellerba\"},\"url\":\"https:\/\/www.ladiagonale.net\/index.php\/author\/damien\/\"}]}<\/script>\n<!-- \/ Yoast SEO plugin. -->","yoast_head_json":{"title":"Les U19 finissent fort contre Air Bel - La Diagonale","robots":{"index":"index","follow":"follow","max-snippet":"max-snippet:-1","max-image-preview":"max-image-preview:large","max-video-preview":"max-video-preview:-1"},"canonical":"https:\/\/www.ladiagonale.net\/index.php\/2023\/05\/15\/les-u19-finissent-fort-contre-air-bel\/","og_locale":"fr_FR","og_type":"article","og_title":"Les U19 finissent fort contre Air Bel - La Diagonale","og_description":"Pour la 26e et derni\u00e8re journ\u00e9e de championnat, les U19 de l&rsquo;AS Monaco ont termin\u00e9 leur saison par un bon succ\u00e8s contre le SC Air Bel (1-4), avec une \u00e9quipe quelque peu remani\u00e9e. Sandro Bertolucci a ouvert le score pour les Mon\u00e9gasques (0-1, 34e) mais les Phoc\u00e9ens ont \u00e9galis\u00e9 seulement quelques minutes plus tard (1-1, [...]","og_url":"https:\/\/www.ladiagonale.net\/index.php\/2023\/05\/15\/les-u19-finissent-fort-contre-air-bel\/","og_site_name":"La Diagonale","article_published_time":"2023-05-15T11:37:07+00:00","article_modified_time":"2023-05-15T11:37:10+00:00","og_image":[{"width":1160,"height":650,"url":"https:\/\/www.ladiagonale.net\/wp-content\/uploads\/2023\/05\/michal.png","type":"image\/png"}],"author":"Damien Dellerba","twitter_card":"summary_large_image","twitter_image":"https:\/\/www.ladiagonale.net\/wp-content\/uploads\/2023\/05\/michal.png","twitter_misc":{"\u00c9crit par":"Damien Dellerba","Dur\u00e9e de lecture estim\u00e9e":"2 minutes"},"schema":{"@context":"https:\/\/schema.org","@graph":[{"@type":"WebPage","@id":"https:\/\/www.ladiagonale.net\/index.php\/2023\/05\/15\/les-u19-finissent-fort-contre-air-bel\/","url":"https:\/\/www.ladiagonale.net\/index.php\/2023\/05\/15\/les-u19-finissent-fort-contre-air-bel\/","name":"Les U19 finissent fort contre Air Bel - La Diagonale","isPartOf":{"@id":"https:\/\/www.ladiagonale.net\/#website"},"datePublished":"2023-05-15T11:37:07+00:00","dateModified":"2023-05-15T11:37:10+00:00","author":{"@id":"https:\/\/www.ladiagonale.net\/#\/schema\/person\/79ff1e7b0853ed01b2aa26e64ad300bf"},"breadcrumb":{"@id":"https:\/\/www.ladiagonale.net\/index.php\/2023\/05\/15\/les-u19-finissent-fort-contre-air-bel\/#breadcrumb"},"inLanguage":"fr-FR","potentialAction":[{"@type":"ReadAction","target":["https:\/\/www.ladiagonale.net\/index.php\/2023\/05\/15\/les-u19-finissent-fort-contre-air-bel\/"]}]},{"@type":"BreadcrumbList","@id":"https:\/\/www.ladiagonale.net\/index.php\/2023\/05\/15\/les-u19-finissent-fort-contre-air-bel\/#breadcrumb","itemListElement":[{"@type":"ListItem","position":1,"name":"Accueil","item":"https:\/\/www.ladiagonale.net\/"},{"@type":"ListItem","position":2,"name":"Les U19 finissent fort contre Air Bel"}]},{"@type":"WebSite","@id":"https:\/\/www.ladiagonale.net\/#website","url":"https:\/\/www.ladiagonale.net\/","name":"La Diagonale","description":"Le site des supporters de l&#039;AS Monaco FC","potentialAction":[{"@type":"SearchAction","target":{"@type":"EntryPoint","urlTemplate":"https:\/\/www.ladiagonale.net\/?s={search_term_string}"},"query-input":"required name=search_term_string"}],"inLanguage":"fr-FR"},{"@type":"Person","@id":"https:\/\/www.ladiagonale.net\/#\/schema\/person\/79ff1e7b0853ed01b2aa26e64ad300bf","name":"Damien Dellerba","image":{"@type":"ImageObject","inLanguage":"fr-FR","@id":"https:\/\/www.ladiagonale.net\/#\/schema\/person\/image\/","url":"https:\/\/secure.gravatar.com\/avatar\/c7850e06d3ff63cdbaee88b7fc16e2f0?s=96&d=mm&r=g","contentUrl":"https:\/\/secure.gravatar.com\/avatar\/c7850e06d3ff63cdbaee88b7fc16e2f0?s=96&d=mm&r=g","caption":"Damien Dellerba"},"url":"https:\/\/www.ladiagonale.net\/index.php\/author\/damien\/"}]}},"_links":{"self":[{"href":"https:\/\/www.ladiagonale.net\/index.php\/wp-json\/wp\/v2\/posts\/12417"}],"collection":[{"href":"https:\/\/www.ladiagonale.net\/index.php\/wp-json\/wp\/v2\/posts"}],"about":[{"href":"https:\/\/www.ladiagonale.net\/index.php\/wp-json\/wp\/v2\/types\/post"}],"author":[{"embeddable":true,"href":"https:\/\/www.ladiagonale.net\/index.php\/wp-json\/wp\/v2\/users\/2"}],"replies":[{"embeddable":true,"href":"https:\/\/www.ladiagonale.net\/index.php\/wp-json\/wp\/v2\/comments?post=12417"}],"version-history":[{"count":1,"href":"https:\/\/www.ladiagonale.net\/index.php\/wp-json\/wp\/v2\/posts\/12417\/revisions"}],"predecessor-version":[{"id":12419,"href":"https:\/\/www.ladiagonale.net\/index.php\/wp-json\/wp\/v2\/posts\/12417\/revisions\/12419"}],"wp:attachment":[{"href":"https:\/\/www.ladiagonale.net\/index.php\/wp-json\/wp\/v2\/media?parent=12417"}],"wp:term":[{"taxonomy":"category","embeddable":true,"href":"https:\/\/www.ladiagonale.net\/index.php\/wp-json\/wp\/v2\/categories?post=12417"},{"taxonomy":"post_tag","embeddable":true,"href":"https:\/\/www.ladiagonale.net\/index.php\/wp-json\/wp\/v2\/tags?post=12417"}],"curies":[{"name":"wp","href":"https:\/\/api.w.org\/{rel}","templated":true}]}}