{"id":12421,"date":"2023-05-15T15:42:30","date_gmt":"2023-05-15T13:42:30","guid":{"rendered":"https:\/\/www.ladiagonale.net\/?p=12421"},"modified":"2023-05-15T15:42:41","modified_gmt":"2023-05-15T13:42:41","slug":"les-u17-ratent-la-phase-finale","status":"publish","type":"post","link":"https:\/\/www.ladiagonale.net\/index.php\/2023\/05\/15\/les-u17-ratent-la-phase-finale\/","title":{"rendered":"Les U17, deuxi\u00e8mes, ratent la phase finale"},"content":{"rendered":"\n\n\n<p>Les U17 de l&rsquo;AS Monaco ont achev\u00e9 le championnat national par un match nul contre Bastia (3-3). Une rencontre o\u00f9 ils ne jouaient plus rien, ayant d\u00e9j\u00e0 assur\u00e9 leur deuxi\u00e8me place, et qui ne permettait pas d&rsquo;am\u00e9liorer leur score en vue d&rsquo;une \u00e9ventuelle participation \u00e0 la phase finale. Les As\u00e9mistes ont id\u00e9alement d\u00e9but\u00e9 la rencontre, avec un but de Lorenzo Carvalho (1-0, 4<sup>e<\/sup>) puis le but du break sign\u00e9 Pape Cabral (2-0, 16<sup>e<\/sup>). Mais au retour des vestiaires, les Rouge et Blanc se sont d\u00e9sunis et ont encaiss\u00e9 deux buts en moins de dix minutes. Th\u00e9o Lach\u00e8vre a redonn\u00e9 l&rsquo;avantage aux siens (3-2, 70<sup>e<\/sup>) mais Monaco s&rsquo;est fait rejoindre \u00e0 la toute fin de la rencontre (3-3, 88<sup>e<\/sup>).<\/p>\n\n\n\n<p class=\"has-white-color has-text-color has-background\" style=\"background-color:#303030\"><a href=\"https:\/\/www.ladiagonale.net\/index.php\/event\/monaco-u17-sc-bastia-u17\/\">Voir la feuille de match<\/a><\/p>\n\n\n\n<p>Pour les hommes de Manu Dos Santos, ce n&rsquo;est pas une mauvaise saison qui s&rsquo;ach\u00e8ve, loin de l\u00e0, m\u00eame s&rsquo;il pourra y avoir quelques regrets de rater cette phase finale, alors que les jeunes pousses as\u00e9mistes ont inscrit 57 points, soit le deuxi\u00e8me meilleur total des deuxi\u00e8mes de chaque poule. Malheureusement, ce n&rsquo;est pas ainsi que le r\u00e8glement d\u00e9finit les deux meilleurs deuxi\u00e8mes qui rejoindront la phase finale, mais avec le nombre de points pris contre les \u00e9quipes du top 6 dans chaque poule. Et \u00e0 ce niveau, le r\u00e9sultat de l&rsquo;ASM a \u00e9t\u00e9 insuffisant, avec 17 points pris. Seul Lens, dans la poule B, a fait pire, avec 14 points.<\/p>\n\n\n\n<p><strong>Classement des meilleurs deuxi\u00e8mes du CN U17<\/strong><\/p>\n\n\n\n<ol><li>Le Havre : 22 points<\/li><li>Toulouse : 21 points<\/li><li>Strasbourg : 19 points<\/li><li>Nantes : 19 points<\/li><li>Monaco : 17 points<\/li><li>Lens : 14 points<\/li><\/ol>\n\n\n\n<p> <\/p>\n","protected":false},"excerpt":{"rendered":"<p>Les U17 de l&rsquo;AS Monaco ont achev\u00e9 le championnat national par un match nul contre Bastia (3-3). Une rencontre o\u00f9 ils ne jouaient plus rien, ayant d\u00e9j\u00e0 assur\u00e9 leur deuxi\u00e8me place, et qui ne permettait pas d&rsquo;am\u00e9liorer leur score en vue d&rsquo;une \u00e9ventuelle participation \u00e0 la phase finale. Les As\u00e9mistes ont id\u00e9alement d\u00e9but\u00e9 la rencontre, [&#8230;]\n","protected":false},"author":2,"featured_media":0,"comment_status":"open","ping_status":"open","sticky":false,"template":"","format":"standard","meta":[],"categories":[6],"tags":[76,86,130],"yoast_head":"<!-- This site is optimized with the Yoast SEO plugin v19.8 - https:\/\/yoast.com\/wordpress\/plugins\/seo\/ -->\n<title>Les U17, deuxi\u00e8mes, ratent la phase finale - La Diagonale<\/title>\n<meta name=\"robots\" content=\"index, follow, max-snippet:-1, max-image-preview:large, max-video-preview:-1\" \/>\n<link rel=\"canonical\" href=\"https:\/\/www.ladiagonale.net\/index.php\/2023\/05\/15\/les-u17-ratent-la-phase-finale\/\" \/>\n<meta property=\"og:locale\" content=\"fr_FR\" \/>\n<meta property=\"og:type\" content=\"article\" \/>\n<meta property=\"og:title\" content=\"Les U17, deuxi\u00e8mes, ratent la phase finale - La Diagonale\" \/>\n<meta property=\"og:description\" content=\"Les U17 de l&rsquo;AS Monaco ont achev\u00e9 le championnat national par un match nul contre Bastia (3-3). Une rencontre o\u00f9 ils ne jouaient plus rien, ayant d\u00e9j\u00e0 assur\u00e9 leur deuxi\u00e8me place, et qui ne permettait pas d&rsquo;am\u00e9liorer leur score en vue d&rsquo;une \u00e9ventuelle participation \u00e0 la phase finale. Les As\u00e9mistes ont id\u00e9alement d\u00e9but\u00e9 la rencontre, [...]\" \/>\n<meta property=\"og:url\" content=\"https:\/\/www.ladiagonale.net\/index.php\/2023\/05\/15\/les-u17-ratent-la-phase-finale\/\" \/>\n<meta property=\"og:site_name\" content=\"La Diagonale\" \/>\n<meta property=\"article:published_time\" content=\"2023-05-15T13:42:30+00:00\" \/>\n<meta property=\"article:modified_time\" content=\"2023-05-15T13:42:41+00:00\" \/>\n<meta property=\"og:image\" content=\"https:\/\/www.ladiagonale.net\/wp-content\/uploads\/2022\/11\/cabral.png\" \/>\n\t<meta property=\"og:image:width\" content=\"1160\" \/>\n\t<meta property=\"og:image:height\" content=\"650\" \/>\n\t<meta property=\"og:image:type\" content=\"image\/png\" \/>\n<meta name=\"author\" content=\"Damien Dellerba\" \/>\n<meta name=\"twitter:card\" content=\"summary_large_image\" \/>\n<meta name=\"twitter:image\" content=\"https:\/\/www.ladiagonale.net\/wp-content\/uploads\/2022\/11\/cabral.png\" \/>\n<meta name=\"twitter:label1\" content=\"\u00c9crit par\" \/>\n\t<meta name=\"twitter:data1\" content=\"Damien Dellerba\" \/>\n\t<meta name=\"twitter:label2\" content=\"Dur\u00e9e de lecture estim\u00e9e\" \/>\n\t<meta name=\"twitter:data2\" content=\"2 minutes\" \/>\n<script type=\"application\/ld+json\" class=\"yoast-schema-graph\">{\"@context\":\"https:\/\/schema.org\",\"@graph\":[{\"@type\":\"WebPage\",\"@id\":\"https:\/\/www.ladiagonale.net\/index.php\/2023\/05\/15\/les-u17-ratent-la-phase-finale\/\",\"url\":\"https:\/\/www.ladiagonale.net\/index.php\/2023\/05\/15\/les-u17-ratent-la-phase-finale\/\",\"name\":\"Les U17, deuxi\u00e8mes, ratent la phase finale - La Diagonale\",\"isPartOf\":{\"@id\":\"https:\/\/www.ladiagonale.net\/#website\"},\"datePublished\":\"2023-05-15T13:42:30+00:00\",\"dateModified\":\"2023-05-15T13:42:41+00:00\",\"author\":{\"@id\":\"https:\/\/www.ladiagonale.net\/#\/schema\/person\/79ff1e7b0853ed01b2aa26e64ad300bf\"},\"breadcrumb\":{\"@id\":\"https:\/\/www.ladiagonale.net\/index.php\/2023\/05\/15\/les-u17-ratent-la-phase-finale\/#breadcrumb\"},\"inLanguage\":\"fr-FR\",\"potentialAction\":[{\"@type\":\"ReadAction\",\"target\":[\"https:\/\/www.ladiagonale.net\/index.php\/2023\/05\/15\/les-u17-ratent-la-phase-finale\/\"]}]},{\"@type\":\"BreadcrumbList\",\"@id\":\"https:\/\/www.ladiagonale.net\/index.php\/2023\/05\/15\/les-u17-ratent-la-phase-finale\/#breadcrumb\",\"itemListElement\":[{\"@type\":\"ListItem\",\"position\":1,\"name\":\"Accueil\",\"item\":\"https:\/\/www.ladiagonale.net\/\"},{\"@type\":\"ListItem\",\"position\":2,\"name\":\"Les U17, deuxi\u00e8mes, ratent la phase finale\"}]},{\"@type\":\"WebSite\",\"@id\":\"https:\/\/www.ladiagonale.net\/#website\",\"url\":\"https:\/\/www.ladiagonale.net\/\",\"name\":\"La Diagonale\",\"description\":\"Le site des supporters de l&#039;AS Monaco FC\",\"potentialAction\":[{\"@type\":\"SearchAction\",\"target\":{\"@type\":\"EntryPoint\",\"urlTemplate\":\"https:\/\/www.ladiagonale.net\/?s={search_term_string}\"},\"query-input\":\"required name=search_term_string\"}],\"inLanguage\":\"fr-FR\"},{\"@type\":\"Person\",\"@id\":\"https:\/\/www.ladiagonale.net\/#\/schema\/person\/79ff1e7b0853ed01b2aa26e64ad300bf\",\"name\":\"Damien Dellerba\",\"image\":{\"@type\":\"ImageObject\",\"inLanguage\":\"fr-FR\",\"@id\":\"https:\/\/www.ladiagonale.net\/#\/schema\/person\/image\/\",\"url\":\"https:\/\/secure.gravatar.com\/avatar\/c7850e06d3ff63cdbaee88b7fc16e2f0?s=96&d=mm&r=g\",\"contentUrl\":\"https:\/\/secure.gravatar.com\/avatar\/c7850e06d3ff63cdbaee88b7fc16e2f0?s=96&d=mm&r=g\",\"caption\":\"Damien Dellerba\"},\"url\":\"https:\/\/www.ladiagonale.net\/index.php\/author\/damien\/\"}]}<\/script>\n<!-- \/ Yoast SEO plugin. -->","yoast_head_json":{"title":"Les U17, deuxi\u00e8mes, ratent la phase finale - La Diagonale","robots":{"index":"index","follow":"follow","max-snippet":"max-snippet:-1","max-image-preview":"max-image-preview:large","max-video-preview":"max-video-preview:-1"},"canonical":"https:\/\/www.ladiagonale.net\/index.php\/2023\/05\/15\/les-u17-ratent-la-phase-finale\/","og_locale":"fr_FR","og_type":"article","og_title":"Les U17, deuxi\u00e8mes, ratent la phase finale - La Diagonale","og_description":"Les U17 de l&rsquo;AS Monaco ont achev\u00e9 le championnat national par un match nul contre Bastia (3-3). Une rencontre o\u00f9 ils ne jouaient plus rien, ayant d\u00e9j\u00e0 assur\u00e9 leur deuxi\u00e8me place, et qui ne permettait pas d&rsquo;am\u00e9liorer leur score en vue d&rsquo;une \u00e9ventuelle participation \u00e0 la phase finale. Les As\u00e9mistes ont id\u00e9alement d\u00e9but\u00e9 la rencontre, [...]","og_url":"https:\/\/www.ladiagonale.net\/index.php\/2023\/05\/15\/les-u17-ratent-la-phase-finale\/","og_site_name":"La Diagonale","article_published_time":"2023-05-15T13:42:30+00:00","article_modified_time":"2023-05-15T13:42:41+00:00","og_image":[{"width":1160,"height":650,"url":"https:\/\/www.ladiagonale.net\/wp-content\/uploads\/2022\/11\/cabral.png","type":"image\/png"}],"author":"Damien Dellerba","twitter_card":"summary_large_image","twitter_image":"https:\/\/www.ladiagonale.net\/wp-content\/uploads\/2022\/11\/cabral.png","twitter_misc":{"\u00c9crit par":"Damien Dellerba","Dur\u00e9e de lecture estim\u00e9e":"2 minutes"},"schema":{"@context":"https:\/\/schema.org","@graph":[{"@type":"WebPage","@id":"https:\/\/www.ladiagonale.net\/index.php\/2023\/05\/15\/les-u17-ratent-la-phase-finale\/","url":"https:\/\/www.ladiagonale.net\/index.php\/2023\/05\/15\/les-u17-ratent-la-phase-finale\/","name":"Les U17, deuxi\u00e8mes, ratent la phase finale - La Diagonale","isPartOf":{"@id":"https:\/\/www.ladiagonale.net\/#website"},"datePublished":"2023-05-15T13:42:30+00:00","dateModified":"2023-05-15T13:42:41+00:00","author":{"@id":"https:\/\/www.ladiagonale.net\/#\/schema\/person\/79ff1e7b0853ed01b2aa26e64ad300bf"},"breadcrumb":{"@id":"https:\/\/www.ladiagonale.net\/index.php\/2023\/05\/15\/les-u17-ratent-la-phase-finale\/#breadcrumb"},"inLanguage":"fr-FR","potentialAction":[{"@type":"ReadAction","target":["https:\/\/www.ladiagonale.net\/index.php\/2023\/05\/15\/les-u17-ratent-la-phase-finale\/"]}]},{"@type":"BreadcrumbList","@id":"https:\/\/www.ladiagonale.net\/index.php\/2023\/05\/15\/les-u17-ratent-la-phase-finale\/#breadcrumb","itemListElement":[{"@type":"ListItem","position":1,"name":"Accueil","item":"https:\/\/www.ladiagonale.net\/"},{"@type":"ListItem","position":2,"name":"Les U17, deuxi\u00e8mes, ratent la phase finale"}]},{"@type":"WebSite","@id":"https:\/\/www.ladiagonale.net\/#website","url":"https:\/\/www.ladiagonale.net\/","name":"La Diagonale","description":"Le site des supporters de l&#039;AS Monaco FC","potentialAction":[{"@type":"SearchAction","target":{"@type":"EntryPoint","urlTemplate":"https:\/\/www.ladiagonale.net\/?s={search_term_string}"},"query-input":"required name=search_term_string"}],"inLanguage":"fr-FR"},{"@type":"Person","@id":"https:\/\/www.ladiagonale.net\/#\/schema\/person\/79ff1e7b0853ed01b2aa26e64ad300bf","name":"Damien Dellerba","image":{"@type":"ImageObject","inLanguage":"fr-FR","@id":"https:\/\/www.ladiagonale.net\/#\/schema\/person\/image\/","url":"https:\/\/secure.gravatar.com\/avatar\/c7850e06d3ff63cdbaee88b7fc16e2f0?s=96&d=mm&r=g","contentUrl":"https:\/\/secure.gravatar.com\/avatar\/c7850e06d3ff63cdbaee88b7fc16e2f0?s=96&d=mm&r=g","caption":"Damien Dellerba"},"url":"https:\/\/www.ladiagonale.net\/index.php\/author\/damien\/"}]}},"_links":{"self":[{"href":"https:\/\/www.ladiagonale.net\/index.php\/wp-json\/wp\/v2\/posts\/12421"}],"collection":[{"href":"https:\/\/www.ladiagonale.net\/index.php\/wp-json\/wp\/v2\/posts"}],"about":[{"href":"https:\/\/www.ladiagonale.net\/index.php\/wp-json\/wp\/v2\/types\/post"}],"author":[{"embeddable":true,"href":"https:\/\/www.ladiagonale.net\/index.php\/wp-json\/wp\/v2\/users\/2"}],"replies":[{"embeddable":true,"href":"https:\/\/www.ladiagonale.net\/index.php\/wp-json\/wp\/v2\/comments?post=12421"}],"version-history":[{"count":2,"href":"https:\/\/www.ladiagonale.net\/index.php\/wp-json\/wp\/v2\/posts\/12421\/revisions"}],"predecessor-version":[{"id":12423,"href":"https:\/\/www.ladiagonale.net\/index.php\/wp-json\/wp\/v2\/posts\/12421\/revisions\/12423"}],"wp:attachment":[{"href":"https:\/\/www.ladiagonale.net\/index.php\/wp-json\/wp\/v2\/media?parent=12421"}],"wp:term":[{"taxonomy":"category","embeddable":true,"href":"https:\/\/www.ladiagonale.net\/index.php\/wp-json\/wp\/v2\/categories?post=12421"},{"taxonomy":"post_tag","embeddable":true,"href":"https:\/\/www.ladiagonale.net\/index.php\/wp-json\/wp\/v2\/tags?post=12421"}],"curies":[{"name":"wp","href":"https:\/\/api.w.org\/{rel}","templated":true}]}}