{"id":12447,"date":"2023-05-15T19:26:06","date_gmt":"2023-05-15T17:26:06","guid":{"rendered":"https:\/\/www.ladiagonale.net\/?p=12447"},"modified":"2023-05-15T19:26:09","modified_gmt":"2023-05-15T17:26:09","slug":"rennes-monaco-sur-canal-foot","status":"publish","type":"post","link":"https:\/\/www.ladiagonale.net\/index.php\/2023\/05\/15\/rennes-monaco-sur-canal-foot\/","title":{"rendered":"Rennes-Monaco sur Canal+ Foot"},"content":{"rendered":"\n\n\n<p>La LFP a d\u00e9voil\u00e9 la programmation TV pour la 37<sup>e<\/sup> journ\u00e9e de Ligue 1 qui se tiendra le 27 mai. Pour garantir l&rsquo;\u00e9quit\u00e9, toutes les rencontres se d\u00e9rouleront en m\u00eame temps, \u00e0 21 heures, et les dix matchs seront retransmis sur le Multiplex <em>Prime Video<\/em>. Mais pour voir exclusivement l&rsquo;AS Monaco affronter Rennes, ce sera sur <em>Canal+ Foot<\/em>. <\/p>\n\n\n\n<h4 class=\"has-vivid-red-color has-text-color\" style=\"font-style:normal;font-weight:400;text-transform:uppercase\">La programmation compl\u00e8te de la 37e journ\u00e9e<\/h4>\n\n\n\n<p>Samedi 27 mai 2023 \u00e0 21h00 sur <em>Prime Video<\/em><\/p>\n\n\n\n<ul><li>Angers SCO \u2013 ESTAC Troyes<\/li><li>Clermont Foot 63 \u2013 FC Lorient<\/li><li>Montpellier H\u00e9rault SC \u2013 OGC Nice<\/li><li>Toulouse FC \u2013 AJ Auxerre<\/li><li>RC Strasbourg Alsace \u2013 Paris Saint-Germain<\/li><li>LOSC Lille \u2013 FC Nantes<\/li><li>Olympique Lyonnais \u2013 Stade de Reims<\/li><li>RC Lens \u2013 AC Ajaccio<\/li><\/ul>\n\n\n\n<p>Samedi 27 mai 2023 \u00e0 21h00 sur <em>Canal+ Sport 360<\/em><\/p>\n\n\n\n<ul><li>Olympique de Marseille \u2013 Stade Brestois 29<\/li><\/ul>\n\n\n\n<p>S<strong>amedi 27 mai 2023 \u00e0 21h00 sur <em>Canal+ Foot<\/em><\/strong><\/p>\n\n\n\n<ul><li><strong>Stade Rennais FC \u2013 AS Monaco<\/strong><\/li><\/ul>\n","protected":false},"excerpt":{"rendered":"<p>La LFP a d\u00e9voil\u00e9 la programmation TV pour la 37e journ\u00e9e de Ligue 1 qui se tiendra le 27 mai. Pour garantir l&rsquo;\u00e9quit\u00e9, toutes les rencontres se d\u00e9rouleront en m\u00eame temps, \u00e0 21 heures, et les dix matchs seront retransmis sur le Multiplex Prime Video. Mais pour voir exclusivement l&rsquo;AS Monaco affronter Rennes, ce sera [&#8230;]\n","protected":false},"author":2,"featured_media":0,"comment_status":"open","ping_status":"open","sticky":false,"template":"","format":"standard","meta":[],"categories":[6],"tags":[86,461,94,172,464],"yoast_head":"<!-- This site is optimized with the Yoast SEO plugin v19.8 - https:\/\/yoast.com\/wordpress\/plugins\/seo\/ -->\n<title>Rennes-Monaco sur Canal+ Foot - La Diagonale<\/title>\n<meta name=\"robots\" content=\"index, follow, max-snippet:-1, max-image-preview:large, max-video-preview:-1\" \/>\n<link rel=\"canonical\" href=\"https:\/\/www.ladiagonale.net\/index.php\/2023\/05\/15\/rennes-monaco-sur-canal-foot\/\" \/>\n<meta property=\"og:locale\" content=\"fr_FR\" \/>\n<meta property=\"og:type\" content=\"article\" \/>\n<meta property=\"og:title\" content=\"Rennes-Monaco sur Canal+ Foot - La Diagonale\" \/>\n<meta property=\"og:description\" content=\"La LFP a d\u00e9voil\u00e9 la programmation TV pour la 37e journ\u00e9e de Ligue 1 qui se tiendra le 27 mai. Pour garantir l&rsquo;\u00e9quit\u00e9, toutes les rencontres se d\u00e9rouleront en m\u00eame temps, \u00e0 21 heures, et les dix matchs seront retransmis sur le Multiplex Prime Video. Mais pour voir exclusivement l&rsquo;AS Monaco affronter Rennes, ce sera [...]\" \/>\n<meta property=\"og:url\" content=\"https:\/\/www.ladiagonale.net\/index.php\/2023\/05\/15\/rennes-monaco-sur-canal-foot\/\" \/>\n<meta property=\"og:site_name\" content=\"La Diagonale\" \/>\n<meta property=\"article:published_time\" content=\"2023-05-15T17:26:06+00:00\" \/>\n<meta property=\"article:modified_time\" content=\"2023-05-15T17:26:09+00:00\" \/>\n<meta property=\"og:image\" content=\"https:\/\/www.ladiagonale.net\/wp-content\/uploads\/2022\/10\/ligue1.png\" \/>\n\t<meta property=\"og:image:width\" content=\"1160\" \/>\n\t<meta property=\"og:image:height\" content=\"650\" \/>\n\t<meta property=\"og:image:type\" content=\"image\/png\" \/>\n<meta name=\"author\" content=\"Damien Dellerba\" \/>\n<meta name=\"twitter:card\" content=\"summary_large_image\" \/>\n<meta name=\"twitter:image\" content=\"https:\/\/www.ladiagonale.net\/wp-content\/uploads\/2022\/10\/ligue1.png\" \/>\n<meta name=\"twitter:label1\" content=\"\u00c9crit par\" \/>\n\t<meta name=\"twitter:data1\" content=\"Damien Dellerba\" \/>\n\t<meta name=\"twitter:label2\" content=\"Dur\u00e9e de lecture estim\u00e9e\" \/>\n\t<meta name=\"twitter:data2\" content=\"1 minute\" \/>\n<script type=\"application\/ld+json\" class=\"yoast-schema-graph\">{\"@context\":\"https:\/\/schema.org\",\"@graph\":[{\"@type\":\"WebPage\",\"@id\":\"https:\/\/www.ladiagonale.net\/index.php\/2023\/05\/15\/rennes-monaco-sur-canal-foot\/\",\"url\":\"https:\/\/www.ladiagonale.net\/index.php\/2023\/05\/15\/rennes-monaco-sur-canal-foot\/\",\"name\":\"Rennes-Monaco sur Canal+ Foot - La Diagonale\",\"isPartOf\":{\"@id\":\"https:\/\/www.ladiagonale.net\/#website\"},\"datePublished\":\"2023-05-15T17:26:06+00:00\",\"dateModified\":\"2023-05-15T17:26:09+00:00\",\"author\":{\"@id\":\"https:\/\/www.ladiagonale.net\/#\/schema\/person\/79ff1e7b0853ed01b2aa26e64ad300bf\"},\"breadcrumb\":{\"@id\":\"https:\/\/www.ladiagonale.net\/index.php\/2023\/05\/15\/rennes-monaco-sur-canal-foot\/#breadcrumb\"},\"inLanguage\":\"fr-FR\",\"potentialAction\":[{\"@type\":\"ReadAction\",\"target\":[\"https:\/\/www.ladiagonale.net\/index.php\/2023\/05\/15\/rennes-monaco-sur-canal-foot\/\"]}]},{\"@type\":\"BreadcrumbList\",\"@id\":\"https:\/\/www.ladiagonale.net\/index.php\/2023\/05\/15\/rennes-monaco-sur-canal-foot\/#breadcrumb\",\"itemListElement\":[{\"@type\":\"ListItem\",\"position\":1,\"name\":\"Accueil\",\"item\":\"https:\/\/www.ladiagonale.net\/\"},{\"@type\":\"ListItem\",\"position\":2,\"name\":\"Rennes-Monaco sur Canal+ Foot\"}]},{\"@type\":\"WebSite\",\"@id\":\"https:\/\/www.ladiagonale.net\/#website\",\"url\":\"https:\/\/www.ladiagonale.net\/\",\"name\":\"La Diagonale\",\"description\":\"Le site des supporters de l&#039;AS Monaco FC\",\"potentialAction\":[{\"@type\":\"SearchAction\",\"target\":{\"@type\":\"EntryPoint\",\"urlTemplate\":\"https:\/\/www.ladiagonale.net\/?s={search_term_string}\"},\"query-input\":\"required name=search_term_string\"}],\"inLanguage\":\"fr-FR\"},{\"@type\":\"Person\",\"@id\":\"https:\/\/www.ladiagonale.net\/#\/schema\/person\/79ff1e7b0853ed01b2aa26e64ad300bf\",\"name\":\"Damien Dellerba\",\"image\":{\"@type\":\"ImageObject\",\"inLanguage\":\"fr-FR\",\"@id\":\"https:\/\/www.ladiagonale.net\/#\/schema\/person\/image\/\",\"url\":\"https:\/\/secure.gravatar.com\/avatar\/c7850e06d3ff63cdbaee88b7fc16e2f0?s=96&d=mm&r=g\",\"contentUrl\":\"https:\/\/secure.gravatar.com\/avatar\/c7850e06d3ff63cdbaee88b7fc16e2f0?s=96&d=mm&r=g\",\"caption\":\"Damien Dellerba\"},\"url\":\"https:\/\/www.ladiagonale.net\/index.php\/author\/damien\/\"}]}<\/script>\n<!-- \/ Yoast SEO plugin. -->","yoast_head_json":{"title":"Rennes-Monaco sur Canal+ Foot - La Diagonale","robots":{"index":"index","follow":"follow","max-snippet":"max-snippet:-1","max-image-preview":"max-image-preview:large","max-video-preview":"max-video-preview:-1"},"canonical":"https:\/\/www.ladiagonale.net\/index.php\/2023\/05\/15\/rennes-monaco-sur-canal-foot\/","og_locale":"fr_FR","og_type":"article","og_title":"Rennes-Monaco sur Canal+ Foot - La Diagonale","og_description":"La LFP a d\u00e9voil\u00e9 la programmation TV pour la 37e journ\u00e9e de Ligue 1 qui se tiendra le 27 mai. Pour garantir l&rsquo;\u00e9quit\u00e9, toutes les rencontres se d\u00e9rouleront en m\u00eame temps, \u00e0 21 heures, et les dix matchs seront retransmis sur le Multiplex Prime Video. Mais pour voir exclusivement l&rsquo;AS Monaco affronter Rennes, ce sera [...]","og_url":"https:\/\/www.ladiagonale.net\/index.php\/2023\/05\/15\/rennes-monaco-sur-canal-foot\/","og_site_name":"La Diagonale","article_published_time":"2023-05-15T17:26:06+00:00","article_modified_time":"2023-05-15T17:26:09+00:00","og_image":[{"width":1160,"height":650,"url":"https:\/\/www.ladiagonale.net\/wp-content\/uploads\/2022\/10\/ligue1.png","type":"image\/png"}],"author":"Damien Dellerba","twitter_card":"summary_large_image","twitter_image":"https:\/\/www.ladiagonale.net\/wp-content\/uploads\/2022\/10\/ligue1.png","twitter_misc":{"\u00c9crit par":"Damien Dellerba","Dur\u00e9e de lecture estim\u00e9e":"1 minute"},"schema":{"@context":"https:\/\/schema.org","@graph":[{"@type":"WebPage","@id":"https:\/\/www.ladiagonale.net\/index.php\/2023\/05\/15\/rennes-monaco-sur-canal-foot\/","url":"https:\/\/www.ladiagonale.net\/index.php\/2023\/05\/15\/rennes-monaco-sur-canal-foot\/","name":"Rennes-Monaco sur Canal+ Foot - La Diagonale","isPartOf":{"@id":"https:\/\/www.ladiagonale.net\/#website"},"datePublished":"2023-05-15T17:26:06+00:00","dateModified":"2023-05-15T17:26:09+00:00","author":{"@id":"https:\/\/www.ladiagonale.net\/#\/schema\/person\/79ff1e7b0853ed01b2aa26e64ad300bf"},"breadcrumb":{"@id":"https:\/\/www.ladiagonale.net\/index.php\/2023\/05\/15\/rennes-monaco-sur-canal-foot\/#breadcrumb"},"inLanguage":"fr-FR","potentialAction":[{"@type":"ReadAction","target":["https:\/\/www.ladiagonale.net\/index.php\/2023\/05\/15\/rennes-monaco-sur-canal-foot\/"]}]},{"@type":"BreadcrumbList","@id":"https:\/\/www.ladiagonale.net\/index.php\/2023\/05\/15\/rennes-monaco-sur-canal-foot\/#breadcrumb","itemListElement":[{"@type":"ListItem","position":1,"name":"Accueil","item":"https:\/\/www.ladiagonale.net\/"},{"@type":"ListItem","position":2,"name":"Rennes-Monaco sur Canal+ Foot"}]},{"@type":"WebSite","@id":"https:\/\/www.ladiagonale.net\/#website","url":"https:\/\/www.ladiagonale.net\/","name":"La Diagonale","description":"Le site des supporters de l&#039;AS Monaco FC","potentialAction":[{"@type":"SearchAction","target":{"@type":"EntryPoint","urlTemplate":"https:\/\/www.ladiagonale.net\/?s={search_term_string}"},"query-input":"required name=search_term_string"}],"inLanguage":"fr-FR"},{"@type":"Person","@id":"https:\/\/www.ladiagonale.net\/#\/schema\/person\/79ff1e7b0853ed01b2aa26e64ad300bf","name":"Damien Dellerba","image":{"@type":"ImageObject","inLanguage":"fr-FR","@id":"https:\/\/www.ladiagonale.net\/#\/schema\/person\/image\/","url":"https:\/\/secure.gravatar.com\/avatar\/c7850e06d3ff63cdbaee88b7fc16e2f0?s=96&d=mm&r=g","contentUrl":"https:\/\/secure.gravatar.com\/avatar\/c7850e06d3ff63cdbaee88b7fc16e2f0?s=96&d=mm&r=g","caption":"Damien Dellerba"},"url":"https:\/\/www.ladiagonale.net\/index.php\/author\/damien\/"}]}},"_links":{"self":[{"href":"https:\/\/www.ladiagonale.net\/index.php\/wp-json\/wp\/v2\/posts\/12447"}],"collection":[{"href":"https:\/\/www.ladiagonale.net\/index.php\/wp-json\/wp\/v2\/posts"}],"about":[{"href":"https:\/\/www.ladiagonale.net\/index.php\/wp-json\/wp\/v2\/types\/post"}],"author":[{"embeddable":true,"href":"https:\/\/www.ladiagonale.net\/index.php\/wp-json\/wp\/v2\/users\/2"}],"replies":[{"embeddable":true,"href":"https:\/\/www.ladiagonale.net\/index.php\/wp-json\/wp\/v2\/comments?post=12447"}],"version-history":[{"count":1,"href":"https:\/\/www.ladiagonale.net\/index.php\/wp-json\/wp\/v2\/posts\/12447\/revisions"}],"predecessor-version":[{"id":12448,"href":"https:\/\/www.ladiagonale.net\/index.php\/wp-json\/wp\/v2\/posts\/12447\/revisions\/12448"}],"wp:attachment":[{"href":"https:\/\/www.ladiagonale.net\/index.php\/wp-json\/wp\/v2\/media?parent=12447"}],"wp:term":[{"taxonomy":"category","embeddable":true,"href":"https:\/\/www.ladiagonale.net\/index.php\/wp-json\/wp\/v2\/categories?post=12447"},{"taxonomy":"post_tag","embeddable":true,"href":"https:\/\/www.ladiagonale.net\/index.php\/wp-json\/wp\/v2\/tags?post=12447"}],"curies":[{"name":"wp","href":"https:\/\/api.w.org\/{rel}","templated":true}]}}